{"id":1021,"date":"2022-11-29T14:35:00","date_gmt":"2022-11-29T17:35:00","guid":{"rendered":"https:\/\/lapatriafutbolera.com.ar\/?p=1021"},"modified":"2022-11-29T20:39:27","modified_gmt":"2022-11-29T23:39:27","slug":"una-derrota-que-duele","status":"publish","type":"post","link":"https:\/\/lapatriafutbolera.com.ar\/index.php\/2022\/11\/29\/una-derrota-que-duele\/","title":{"rendered":"Una derrota que duele"},"content":{"rendered":"\n<p><strong>Esta fue la mejor campa\u00f1a en primera fase de los africanos en los Mundiales<\/strong>&nbsp;ya que superaron las cinco unidades que realizaron en Corea y Jap\u00f3n 2002.<\/p>\n\n\n\n<p>La &#8220;Tri&#8221;, que tuvo al arquero rosarino Hern\u00e1n Gal\u00edndez nuevamente de titular, se despidi\u00f3 del Mundial de Qatar 2022 con una producci\u00f3n de cuatro puntos por el triunfo sobre Qatar (2-0) en el partido inaugural y el posterior empate ante Pa\u00edses Bajos (1-1).<\/p>\n\n\n\n<p>Ecuador sufri\u00f3 el partido y nunca se sinti\u00f3 c\u00f3modo pese a que el punto le serv\u00eda para acceder por segunda vez en su historia a los octavos de final como sucedi\u00f3 en Alemania 2006.<\/p>\n\n\n\n<p><strong>Luego del valioso gol de Mois\u00e9s Caicedo que le aseguraba avanzar a la fase final, el gol de Senegal lleg\u00f3 tras una accidental jugada de pelota parada que se desvi\u00f3 en Enner Valencia y qued\u00f3 en los pies del capit\u00e1n senegal\u00e9s Kalidou Koulibaly<\/strong>.&nbsp;<\/p>\n\n\n\n<p>El destino quiso que el m\u00e1ximo goleador de Ecuador en la historia de los Mundiales, con seis tantos, fuera protagonista de la jugada del tanto que signific\u00f3 la eliminaci\u00f3n del seleccionado en Qatar 2022.<\/p>\n\n\n\n<p>El equipo del &#8220;Lechuga&#8221; apur\u00f3 sobre el final y llen\u00f3 de centros el \u00e1rea del arquero Edouard Mendy pero no logr\u00f3 volver a empatar y se fue del Mundial con un sabor amargo.<\/p>\n\n\n\n<p><strong>Luego del valioso gol de Mois\u00e9s Caicedo que le aseguraba avanzar a la fase final, el gol de Senegal lleg\u00f3 tras una accidental jugada de pelota parada que se desvi\u00f3 en Enner Valencia y qued\u00f3 en los pies del capit\u00e1n senegal\u00e9s Kalidou Koulibaly<\/strong>.\u00a0<\/p>\n\n\n\n<p>El equipo del &#8220;Lechuga&#8221; apur\u00f3 sobre el final y llen\u00f3 de centros el \u00e1rea del arquero Edouard Mendy pero no logr\u00f3 volver a empatar y se fue del Mundial con un sabor amargo.<\/p>\n","protected":false},"excerpt":{"rendered":"<p>Esta fue la mejor campa\u00f1a en primera fase de los africanos en los Mundiales&nbsp;ya que&#8230;<\/p>\n","protected":false},"author":3,"featured_media":1022,"comment_status":"open","ping_status":"open","sticky":false,"template":"","format":"standard","meta":{"footnotes":""},"categories":[32,23,17,34],"tags":[],"class_list":["post-1021","post","type-post","status-publish","format-standard","has-post-thumbnail","hentry","category-ecuador","category-grupo-a","category-qatar-2022","category-senegal"],"yoast_head":"<!-- This site is optimized with the Yoast SEO plugin v19.5.1 - https:\/\/yoast.com\/wordpress\/plugins\/seo\/ -->\n<title>Una derrota que duele - LA PATRIA FUTBOLERA<\/title>\n<meta name=\"robots\" content=\"index, follow, max-snippet:-1, max-image-preview:large, max-video-preview:-1\" \/>\n<link rel=\"canonical\" href=\"https:\/\/lapatriafutbolera.com.ar\/index.php\/2022\/11\/29\/una-derrota-que-duele\/\" \/>\n<meta property=\"og:locale\" content=\"es_ES\" \/>\n<meta property=\"og:type\" content=\"article\" \/>\n<meta property=\"og:title\" content=\"Una derrota que duele - LA PATRIA FUTBOLERA\" \/>\n<meta property=\"og:description\" content=\"Esta fue la mejor campa\u00f1a en primera fase de los africanos en los Mundiales&nbsp;ya que...\" \/>\n<meta property=\"og:url\" content=\"https:\/\/lapatriafutbolera.com.ar\/index.php\/2022\/11\/29\/una-derrota-que-duele\/\" \/>\n<meta property=\"og:site_name\" content=\"LA PATRIA FUTBOLERA\" \/>\n<meta property=\"article:published_time\" content=\"2022-11-29T17:35:00+00:00\" \/>\n<meta property=\"article:modified_time\" content=\"2022-11-29T23:39:27+00:00\" \/>\n<meta property=\"og:image\" content=\"https:\/\/lapatriafutbolera.com.ar\/wp-content\/uploads\/2022\/11\/638644e858bc0_1200.jpg\" \/>\n\t<meta property=\"og:image:width\" content=\"1200\" \/>\n\t<meta property=\"og:image:height\" content=\"675\" \/>\n\t<meta property=\"og:image:type\" content=\"image\/jpeg\" \/>\n<meta name=\"author\" content=\"Mart\u00edn Ripari\" \/>\n<meta name=\"twitter:card\" content=\"summary_large_image\" \/>\n<meta name=\"twitter:label1\" content=\"Escrito por\" \/>\n\t<meta name=\"twitter:data1\" content=\"Mart\u00edn Ripari\" \/>\n\t<meta name=\"twitter:label2\" content=\"Tiempo de lectura\" \/>\n\t<meta name=\"twitter:data2\" content=\"2 minutos\" \/>\n<script type=\"application\/ld+json\" class=\"yoast-schema-graph\">{\"@context\":\"https:\/\/schema.org\",\"@graph\":[{\"@type\":\"Article\",\"@id\":\"https:\/\/lapatriafutbolera.com.ar\/index.php\/2022\/11\/29\/una-derrota-que-duele\/#article\",\"isPartOf\":{\"@id\":\"https:\/\/lapatriafutbolera.com.ar\/index.php\/2022\/11\/29\/una-derrota-que-duele\/\"},\"author\":{\"name\":\"Mart\u00edn Ripari\",\"@id\":\"https:\/\/lapatriafutbolera.com.ar\/#\/schema\/person\/dc3d1ee3d5b1b3798150a5bbc781935d\"},\"headline\":\"Una derrota que duele\",\"datePublished\":\"2022-11-29T17:35:00+00:00\",\"dateModified\":\"2022-11-29T23:39:27+00:00\",\"mainEntityOfPage\":{\"@id\":\"https:\/\/lapatriafutbolera.com.ar\/index.php\/2022\/11\/29\/una-derrota-que-duele\/\"},\"wordCount\":308,\"commentCount\":0,\"publisher\":{\"@id\":\"https:\/\/lapatriafutbolera.com.ar\/#organization\"},\"articleSection\":[\"Ecuador\",\"Grupo A\",\"Qatar 2022\",\"Senegal\"],\"inLanguage\":\"es-AR\",\"potentialAction\":[{\"@type\":\"CommentAction\",\"name\":\"Comment\",\"target\":[\"https:\/\/lapatriafutbolera.com.ar\/index.php\/2022\/11\/29\/una-derrota-que-duele\/#respond\"]}]},{\"@type\":\"WebPage\",\"@id\":\"https:\/\/lapatriafutbolera.com.ar\/index.php\/2022\/11\/29\/una-derrota-que-duele\/\",\"url\":\"https:\/\/lapatriafutbolera.com.ar\/index.php\/2022\/11\/29\/una-derrota-que-duele\/\",\"name\":\"Una derrota que duele - LA PATRIA FUTBOLERA\",\"isPartOf\":{\"@id\":\"https:\/\/lapatriafutbolera.com.ar\/#website\"},\"datePublished\":\"2022-11-29T17:35:00+00:00\",\"dateModified\":\"2022-11-29T23:39:27+00:00\",\"breadcrumb\":{\"@id\":\"https:\/\/lapatriafutbolera.com.ar\/index.php\/2022\/11\/29\/una-derrota-que-duele\/#breadcrumb\"},\"inLanguage\":\"es-AR\",\"potentialAction\":[{\"@type\":\"ReadAction\",\"target\":[\"https:\/\/lapatriafutbolera.com.ar\/index.php\/2022\/11\/29\/una-derrota-que-duele\/\"]}]},{\"@type\":\"BreadcrumbList\",\"@id\":\"https:\/\/lapatriafutbolera.com.ar\/index.php\/2022\/11\/29\/una-derrota-que-duele\/#breadcrumb\",\"itemListElement\":[{\"@type\":\"ListItem\",\"position\":1,\"name\":\"Inicio\",\"item\":\"https:\/\/lapatriafutbolera.com.ar\/\"},{\"@type\":\"ListItem\",\"position\":2,\"name\":\"Una derrota que duele\"}]},{\"@type\":\"WebSite\",\"@id\":\"https:\/\/lapatriafutbolera.com.ar\/#website\",\"url\":\"https:\/\/lapatriafutbolera.com.ar\/\",\"name\":\"LA PATRIA FUTBOLERA\",\"description\":\"\",\"publisher\":{\"@id\":\"https:\/\/lapatriafutbolera.com.ar\/#organization\"},\"potentialAction\":[{\"@type\":\"SearchAction\",\"target\":{\"@type\":\"EntryPoint\",\"urlTemplate\":\"https:\/\/lapatriafutbolera.com.ar\/?s={search_term_string}\"},\"query-input\":\"required name=search_term_string\"}],\"inLanguage\":\"es-AR\"},{\"@type\":\"Organization\",\"@id\":\"https:\/\/lapatriafutbolera.com.ar\/#organization\",\"name\":\"LA PATRIA FUTBOLERA\",\"url\":\"https:\/\/lapatriafutbolera.com.ar\/\",\"sameAs\":[],\"logo\":{\"@type\":\"ImageObject\",\"inLanguage\":\"es-AR\",\"@id\":\"https:\/\/lapatriafutbolera.com.ar\/#\/schema\/logo\/image\/\",\"url\":\"https:\/\/lapatriafutbolera.com.ar\/wp-content\/uploads\/2025\/03\/cropped-LA-PATRIA-14.jpg\",\"contentUrl\":\"https:\/\/lapatriafutbolera.com.ar\/wp-content\/uploads\/2025\/03\/cropped-LA-PATRIA-14.jpg\",\"width\":1308,\"height\":221,\"caption\":\"LA PATRIA FUTBOLERA\"},\"image\":{\"@id\":\"https:\/\/lapatriafutbolera.com.ar\/#\/schema\/logo\/image\/\"}},{\"@type\":\"Person\",\"@id\":\"https:\/\/lapatriafutbolera.com.ar\/#\/schema\/person\/dc3d1ee3d5b1b3798150a5bbc781935d\",\"name\":\"Mart\u00edn Ripari\",\"image\":{\"@type\":\"ImageObject\",\"inLanguage\":\"es-AR\",\"@id\":\"https:\/\/lapatriafutbolera.com.ar\/#\/schema\/person\/image\/\",\"url\":\"https:\/\/secure.gravatar.com\/avatar\/0db7df26707fd8adc2b24ae87259322b0aea8d9eaf092366b1d208b0b180ee7e?s=96&d=mm&r=g\",\"contentUrl\":\"https:\/\/secure.gravatar.com\/avatar\/0db7df26707fd8adc2b24ae87259322b0aea8d9eaf092366b1d208b0b180ee7e?s=96&d=mm&r=g\",\"caption\":\"Mart\u00edn Ripari\"},\"url\":\"https:\/\/lapatriafutbolera.com.ar\/index.php\/author\/martin-ripari\/\"}]}<\/script>\n<!-- \/ Yoast SEO plugin. -->","yoast_head_json":{"title":"Una derrota que duele - LA PATRIA FUTBOLERA","robots":{"index":"index","follow":"follow","max-snippet":"max-snippet:-1","max-image-preview":"max-image-preview:large","max-video-preview":"max-video-preview:-1"},"canonical":"https:\/\/lapatriafutbolera.com.ar\/index.php\/2022\/11\/29\/una-derrota-que-duele\/","og_locale":"es_ES","og_type":"article","og_title":"Una derrota que duele - LA PATRIA FUTBOLERA","og_description":"Esta fue la mejor campa\u00f1a en primera fase de los africanos en los Mundiales&nbsp;ya que...","og_url":"https:\/\/lapatriafutbolera.com.ar\/index.php\/2022\/11\/29\/una-derrota-que-duele\/","og_site_name":"LA PATRIA FUTBOLERA","article_published_time":"2022-11-29T17:35:00+00:00","article_modified_time":"2022-11-29T23:39:27+00:00","og_image":[{"width":1200,"height":675,"url":"https:\/\/lapatriafutbolera.com.ar\/wp-content\/uploads\/2022\/11\/638644e858bc0_1200.jpg","type":"image\/jpeg"}],"author":"Mart\u00edn Ripari","twitter_card":"summary_large_image","twitter_misc":{"Escrito por":"Mart\u00edn Ripari","Tiempo de lectura":"2 minutos"},"schema":{"@context":"https:\/\/schema.org","@graph":[{"@type":"Article","@id":"https:\/\/lapatriafutbolera.com.ar\/index.php\/2022\/11\/29\/una-derrota-que-duele\/#article","isPartOf":{"@id":"https:\/\/lapatriafutbolera.com.ar\/index.php\/2022\/11\/29\/una-derrota-que-duele\/"},"author":{"name":"Mart\u00edn Ripari","@id":"https:\/\/lapatriafutbolera.com.ar\/#\/schema\/person\/dc3d1ee3d5b1b3798150a5bbc781935d"},"headline":"Una derrota que duele","datePublished":"2022-11-29T17:35:00+00:00","dateModified":"2022-11-29T23:39:27+00:00","mainEntityOfPage":{"@id":"https:\/\/lapatriafutbolera.com.ar\/index.php\/2022\/11\/29\/una-derrota-que-duele\/"},"wordCount":308,"commentCount":0,"publisher":{"@id":"https:\/\/lapatriafutbolera.com.ar\/#organization"},"articleSection":["Ecuador","Grupo A","Qatar 2022","Senegal"],"inLanguage":"es-AR","potentialAction":[{"@type":"CommentAction","name":"Comment","target":["https:\/\/lapatriafutbolera.com.ar\/index.php\/2022\/11\/29\/una-derrota-que-duele\/#respond"]}]},{"@type":"WebPage","@id":"https:\/\/lapatriafutbolera.com.ar\/index.php\/2022\/11\/29\/una-derrota-que-duele\/","url":"https:\/\/lapatriafutbolera.com.ar\/index.php\/2022\/11\/29\/una-derrota-que-duele\/","name":"Una derrota que duele - LA PATRIA FUTBOLERA","isPartOf":{"@id":"https:\/\/lapatriafutbolera.com.ar\/#website"},"datePublished":"2022-11-29T17:35:00+00:00","dateModified":"2022-11-29T23:39:27+00:00","breadcrumb":{"@id":"https:\/\/lapatriafutbolera.com.ar\/index.php\/2022\/11\/29\/una-derrota-que-duele\/#breadcrumb"},"inLanguage":"es-AR","potentialAction":[{"@type":"ReadAction","target":["https:\/\/lapatriafutbolera.com.ar\/index.php\/2022\/11\/29\/una-derrota-que-duele\/"]}]},{"@type":"BreadcrumbList","@id":"https:\/\/lapatriafutbolera.com.ar\/index.php\/2022\/11\/29\/una-derrota-que-duele\/#breadcrumb","itemListElement":[{"@type":"ListItem","position":1,"name":"Inicio","item":"https:\/\/lapatriafutbolera.com.ar\/"},{"@type":"ListItem","position":2,"name":"Una derrota que duele"}]},{"@type":"WebSite","@id":"https:\/\/lapatriafutbolera.com.ar\/#website","url":"https:\/\/lapatriafutbolera.com.ar\/","name":"LA PATRIA FUTBOLERA","description":"","publisher":{"@id":"https:\/\/lapatriafutbolera.com.ar\/#organization"},"potentialAction":[{"@type":"SearchAction","target":{"@type":"EntryPoint","urlTemplate":"https:\/\/lapatriafutbolera.com.ar\/?s={search_term_string}"},"query-input":"required name=search_term_string"}],"inLanguage":"es-AR"},{"@type":"Organization","@id":"https:\/\/lapatriafutbolera.com.ar\/#organization","name":"LA PATRIA FUTBOLERA","url":"https:\/\/lapatriafutbolera.com.ar\/","sameAs":[],"logo":{"@type":"ImageObject","inLanguage":"es-AR","@id":"https:\/\/lapatriafutbolera.com.ar\/#\/schema\/logo\/image\/","url":"https:\/\/lapatriafutbolera.com.ar\/wp-content\/uploads\/2025\/03\/cropped-LA-PATRIA-14.jpg","contentUrl":"https:\/\/lapatriafutbolera.com.ar\/wp-content\/uploads\/2025\/03\/cropped-LA-PATRIA-14.jpg","width":1308,"height":221,"caption":"LA PATRIA FUTBOLERA"},"image":{"@id":"https:\/\/lapatriafutbolera.com.ar\/#\/schema\/logo\/image\/"}},{"@type":"Person","@id":"https:\/\/lapatriafutbolera.com.ar\/#\/schema\/person\/dc3d1ee3d5b1b3798150a5bbc781935d","name":"Mart\u00edn Ripari","image":{"@type":"ImageObject","inLanguage":"es-AR","@id":"https:\/\/lapatriafutbolera.com.ar\/#\/schema\/person\/image\/","url":"https:\/\/secure.gravatar.com\/avatar\/0db7df26707fd8adc2b24ae87259322b0aea8d9eaf092366b1d208b0b180ee7e?s=96&d=mm&r=g","contentUrl":"https:\/\/secure.gravatar.com\/avatar\/0db7df26707fd8adc2b24ae87259322b0aea8d9eaf092366b1d208b0b180ee7e?s=96&d=mm&r=g","caption":"Mart\u00edn Ripari"},"url":"https:\/\/lapatriafutbolera.com.ar\/index.php\/author\/martin-ripari\/"}]}},"_links":{"self":[{"href":"https:\/\/lapatriafutbolera.com.ar\/index.php\/wp-json\/wp\/v2\/posts\/1021","targetHints":{"allow":["GET"]}}],"collection":[{"href":"https:\/\/lapatriafutbolera.com.ar\/index.php\/wp-json\/wp\/v2\/posts"}],"about":[{"href":"https:\/\/lapatriafutbolera.com.ar\/index.php\/wp-json\/wp\/v2\/types\/post"}],"author":[{"embeddable":true,"href":"https:\/\/lapatriafutbolera.com.ar\/index.php\/wp-json\/wp\/v2\/users\/3"}],"replies":[{"embeddable":true,"href":"https:\/\/lapatriafutbolera.com.ar\/index.php\/wp-json\/wp\/v2\/comments?post=1021"}],"version-history":[{"count":1,"href":"https:\/\/lapatriafutbolera.com.ar\/index.php\/wp-json\/wp\/v2\/posts\/1021\/revisions"}],"predecessor-version":[{"id":1023,"href":"https:\/\/lapatriafutbolera.com.ar\/index.php\/wp-json\/wp\/v2\/posts\/1021\/revisions\/1023"}],"wp:featuredmedia":[{"embeddable":true,"href":"https:\/\/lapatriafutbolera.com.ar\/index.php\/wp-json\/wp\/v2\/media\/1022"}],"wp:attachment":[{"href":"https:\/\/lapatriafutbolera.com.ar\/index.php\/wp-json\/wp\/v2\/media?parent=1021"}],"wp:term":[{"taxonomy":"category","embeddable":true,"href":"https:\/\/lapatriafutbolera.com.ar\/index.php\/wp-json\/wp\/v2\/categories?post=1021"},{"taxonomy":"post_tag","embeddable":true,"href":"https:\/\/lapatriafutbolera.com.ar\/index.php\/wp-json\/wp\/v2\/tags?post=1021"}],"curies":[{"name":"wp","href":"https:\/\/api.w.org\/{rel}","templated":true}]}}