{"id":1050,"date":"2022-12-01T14:33:00","date_gmt":"2022-12-01T17:33:00","guid":{"rendered":"https:\/\/lapatriafutbolera.com.ar\/?p=1050"},"modified":"2022-12-01T15:38:13","modified_gmt":"2022-12-01T18:38:13","slug":"la-alegria-es-balcanica","status":"publish","type":"post","link":"https:\/\/lapatriafutbolera.com.ar\/index.php\/2022\/12\/01\/la-alegria-es-balcanica\/","title":{"rendered":"La alegr\u00eda es balc\u00e1nica"},"content":{"rendered":"\n<p>Incapaz de encontrar porter\u00eda en un vibrante partido, la generaci\u00f3n dorada belga se despidi\u00f3 del&nbsp;<a href=\"https:\/\/rpp.pe\/futbol\/qatar-2022\">Mundial de Qatar 2022<\/a>&nbsp;al no pasar del empate sin goles ante&nbsp;<a href=\"https:\/\/rpp.pe\/noticias\/seleccion-de-croacia\">Croacia<\/a>, clasificada como segunda del grupo F tras&nbsp;<strong>Marruecos<\/strong>, este jueves en Doha.<\/p>\n\n\n\n<p>El equipo norteafricano dio la sorpresa en la llave y pasa como primera tras vencer 2-1 a Canad\u00e1, mientras que&nbsp;<strong>Croacia<\/strong>&nbsp;lo hace como segunda. Candidata al t\u00edtulo, B\u00e9lgica dice adi\u00f3s.<\/p>\n\n\n\n<p>Aclamado desde el calentamiento, su compa\u00f1ero en el Real Madrid Luka Modric s\u00ed dio la talla al frente de una subcampeona mundial que promete dar batalla.<\/p>\n\n\n\n<p>B\u00e9lgica, que en Rusia-2018 hab\u00eda completado el podio, cierra de forma prematura un Mundial en el que se rompi\u00f3 la armon\u00eda entre sus l\u00edderes y su juego dej\u00f3 de fluir.<\/p>\n\n\n\n<h2 class=\"wp-block-heading\">Lukaku tuvo el pase de B\u00e9lgica<\/h2>\n\n\n<div class=\"wp-block-image\">\n<figure class=\"aligncenter size-full\"><img loading=\"lazy\" decoding=\"async\" width=\"787\" height=\"442\" src=\"https:\/\/lapatriafutbolera.com.ar\/wp-content\/uploads\/2022\/12\/TSSYVSEZ3VDGFBGYQDKXTCZM3U-1.jpg\" alt=\"\" class=\"wp-image-1054\" srcset=\"https:\/\/lapatriafutbolera.com.ar\/wp-content\/uploads\/2022\/12\/TSSYVSEZ3VDGFBGYQDKXTCZM3U-1.jpg 787w, https:\/\/lapatriafutbolera.com.ar\/wp-content\/uploads\/2022\/12\/TSSYVSEZ3VDGFBGYQDKXTCZM3U-1-300x168.jpg 300w, https:\/\/lapatriafutbolera.com.ar\/wp-content\/uploads\/2022\/12\/TSSYVSEZ3VDGFBGYQDKXTCZM3U-1-768x431.jpg 768w\" sizes=\"auto, (max-width: 787px) 100vw, 787px\" \/><figcaption class=\"wp-element-caption\"><strong>Romelu Lukaku, que entro en segundo tiempo, no pudo convertir las tres situaciones de gol que tuvo a disposicion<\/strong><\/figcaption><\/figure>\n<\/div>\n\n\n<p>El gigante belga sigui\u00f3 mostrando reflejos ante Brozovic (54) y Modric (54 y 67).<\/p>\n\n\n\n<p>En la recta final B\u00e9lgica asedi\u00f3 el \u00e1rea croata. Lukaku continu\u00f3 su calvario y fall\u00f3 lo imposible a menos de dos metros de la l\u00ednea de gol (87 y 90). Fue la sentencia de los &#8216;Diablos Rojos&#8217;.<\/p>\n","protected":false},"excerpt":{"rendered":"<p>Incapaz de encontrar porter\u00eda en un vibrante partido, la generaci\u00f3n dorada belga se despidi\u00f3 del&nbsp;Mundial&#8230;<\/p>\n","protected":false},"author":4,"featured_media":1051,"comment_status":"open","ping_status":"open","sticky":false,"template":"","format":"standard","meta":{"footnotes":""},"categories":[51,54,28,17],"tags":[],"class_list":["post-1050","post","type-post","status-publish","format-standard","has-post-thumbnail","hentry","category-belgica","category-croacia","category-grupo-f","category-qatar-2022"],"yoast_head":"<!-- This site is optimized with the Yoast SEO plugin v19.5.1 - https:\/\/yoast.com\/wordpress\/plugins\/seo\/ -->\n<title>La alegr\u00eda es balc\u00e1nica - LA PATRIA FUTBOLERA<\/title>\n<meta name=\"robots\" content=\"index, follow, max-snippet:-1, max-image-preview:large, max-video-preview:-1\" \/>\n<link rel=\"canonical\" href=\"https:\/\/lapatriafutbolera.com.ar\/index.php\/2022\/12\/01\/la-alegria-es-balcanica\/\" \/>\n<meta property=\"og:locale\" content=\"es_ES\" \/>\n<meta property=\"og:type\" content=\"article\" \/>\n<meta property=\"og:title\" content=\"La alegr\u00eda es balc\u00e1nica - LA PATRIA FUTBOLERA\" \/>\n<meta property=\"og:description\" content=\"Incapaz de encontrar porter\u00eda en un vibrante partido, la generaci\u00f3n dorada belga se despidi\u00f3 del&nbsp;Mundial...\" \/>\n<meta property=\"og:url\" content=\"https:\/\/lapatriafutbolera.com.ar\/index.php\/2022\/12\/01\/la-alegria-es-balcanica\/\" \/>\n<meta property=\"og:site_name\" content=\"LA PATRIA FUTBOLERA\" \/>\n<meta property=\"article:published_time\" content=\"2022-12-01T17:33:00+00:00\" \/>\n<meta property=\"article:modified_time\" content=\"2022-12-01T18:38:13+00:00\" \/>\n<meta property=\"og:image\" content=\"https:\/\/lapatriafutbolera.com.ar\/wp-content\/uploads\/2022\/12\/471247_1354427.jpg\" \/>\n\t<meta property=\"og:image:width\" content=\"604\" \/>\n\t<meta property=\"og:image:height\" content=\"339\" \/>\n\t<meta property=\"og:image:type\" content=\"image\/jpeg\" \/>\n<meta name=\"author\" content=\"Redacci\u00f3n LPF\" \/>\n<meta name=\"twitter:card\" content=\"summary_large_image\" \/>\n<meta name=\"twitter:label1\" content=\"Escrito por\" \/>\n\t<meta name=\"twitter:data1\" content=\"Redacci\u00f3n LPF\" \/>\n\t<meta name=\"twitter:label2\" content=\"Tiempo de lectura\" \/>\n\t<meta name=\"twitter:data2\" content=\"2 minutos\" \/>\n<script type=\"application\/ld+json\" class=\"yoast-schema-graph\">{\"@context\":\"https:\/\/schema.org\",\"@graph\":[{\"@type\":\"Article\",\"@id\":\"https:\/\/lapatriafutbolera.com.ar\/index.php\/2022\/12\/01\/la-alegria-es-balcanica\/#article\",\"isPartOf\":{\"@id\":\"https:\/\/lapatriafutbolera.com.ar\/index.php\/2022\/12\/01\/la-alegria-es-balcanica\/\"},\"author\":{\"name\":\"Redacci\u00f3n LPF\",\"@id\":\"https:\/\/lapatriafutbolera.com.ar\/#\/schema\/person\/eb56fb3a7e76133611d5b2d9f706bd97\"},\"headline\":\"La alegr\u00eda es balc\u00e1nica\",\"datePublished\":\"2022-12-01T17:33:00+00:00\",\"dateModified\":\"2022-12-01T18:38:13+00:00\",\"mainEntityOfPage\":{\"@id\":\"https:\/\/lapatriafutbolera.com.ar\/index.php\/2022\/12\/01\/la-alegria-es-balcanica\/\"},\"wordCount\":222,\"commentCount\":0,\"publisher\":{\"@id\":\"https:\/\/lapatriafutbolera.com.ar\/#organization\"},\"articleSection\":[\"B\u00e9lgica\",\"Croacia\",\"Grupo F\",\"Qatar 2022\"],\"inLanguage\":\"es-AR\",\"potentialAction\":[{\"@type\":\"CommentAction\",\"name\":\"Comment\",\"target\":[\"https:\/\/lapatriafutbolera.com.ar\/index.php\/2022\/12\/01\/la-alegria-es-balcanica\/#respond\"]}]},{\"@type\":\"WebPage\",\"@id\":\"https:\/\/lapatriafutbolera.com.ar\/index.php\/2022\/12\/01\/la-alegria-es-balcanica\/\",\"url\":\"https:\/\/lapatriafutbolera.com.ar\/index.php\/2022\/12\/01\/la-alegria-es-balcanica\/\",\"name\":\"La alegr\u00eda es balc\u00e1nica - LA PATRIA FUTBOLERA\",\"isPartOf\":{\"@id\":\"https:\/\/lapatriafutbolera.com.ar\/#website\"},\"datePublished\":\"2022-12-01T17:33:00+00:00\",\"dateModified\":\"2022-12-01T18:38:13+00:00\",\"breadcrumb\":{\"@id\":\"https:\/\/lapatriafutbolera.com.ar\/index.php\/2022\/12\/01\/la-alegria-es-balcanica\/#breadcrumb\"},\"inLanguage\":\"es-AR\",\"potentialAction\":[{\"@type\":\"ReadAction\",\"target\":[\"https:\/\/lapatriafutbolera.com.ar\/index.php\/2022\/12\/01\/la-alegria-es-balcanica\/\"]}]},{\"@type\":\"BreadcrumbList\",\"@id\":\"https:\/\/lapatriafutbolera.com.ar\/index.php\/2022\/12\/01\/la-alegria-es-balcanica\/#breadcrumb\",\"itemListElement\":[{\"@type\":\"ListItem\",\"position\":1,\"name\":\"Inicio\",\"item\":\"https:\/\/lapatriafutbolera.com.ar\/\"},{\"@type\":\"ListItem\",\"position\":2,\"name\":\"La alegr\u00eda es balc\u00e1nica\"}]},{\"@type\":\"WebSite\",\"@id\":\"https:\/\/lapatriafutbolera.com.ar\/#website\",\"url\":\"https:\/\/lapatriafutbolera.com.ar\/\",\"name\":\"LA PATRIA FUTBOLERA\",\"description\":\"\",\"publisher\":{\"@id\":\"https:\/\/lapatriafutbolera.com.ar\/#organization\"},\"potentialAction\":[{\"@type\":\"SearchAction\",\"target\":{\"@type\":\"EntryPoint\",\"urlTemplate\":\"https:\/\/lapatriafutbolera.com.ar\/?s={search_term_string}\"},\"query-input\":\"required name=search_term_string\"}],\"inLanguage\":\"es-AR\"},{\"@type\":\"Organization\",\"@id\":\"https:\/\/lapatriafutbolera.com.ar\/#organization\",\"name\":\"LA PATRIA FUTBOLERA\",\"url\":\"https:\/\/lapatriafutbolera.com.ar\/\",\"sameAs\":[],\"logo\":{\"@type\":\"ImageObject\",\"inLanguage\":\"es-AR\",\"@id\":\"https:\/\/lapatriafutbolera.com.ar\/#\/schema\/logo\/image\/\",\"url\":\"https:\/\/lapatriafutbolera.com.ar\/wp-content\/uploads\/2025\/03\/cropped-LA-PATRIA-14.jpg\",\"contentUrl\":\"https:\/\/lapatriafutbolera.com.ar\/wp-content\/uploads\/2025\/03\/cropped-LA-PATRIA-14.jpg\",\"width\":1308,\"height\":221,\"caption\":\"LA PATRIA FUTBOLERA\"},\"image\":{\"@id\":\"https:\/\/lapatriafutbolera.com.ar\/#\/schema\/logo\/image\/\"}},{\"@type\":\"Person\",\"@id\":\"https:\/\/lapatriafutbolera.com.ar\/#\/schema\/person\/eb56fb3a7e76133611d5b2d9f706bd97\",\"name\":\"Redacci\u00f3n LPF\",\"image\":{\"@type\":\"ImageObject\",\"inLanguage\":\"es-AR\",\"@id\":\"https:\/\/lapatriafutbolera.com.ar\/#\/schema\/person\/image\/\",\"url\":\"https:\/\/secure.gravatar.com\/avatar\/57dc12e3750972170624cd118ca21d4157841e9e7b211e6dfe7a00b61088d285?s=96&d=mm&r=g\",\"contentUrl\":\"https:\/\/secure.gravatar.com\/avatar\/57dc12e3750972170624cd118ca21d4157841e9e7b211e6dfe7a00b61088d285?s=96&d=mm&r=g\",\"caption\":\"Redacci\u00f3n LPF\"},\"sameAs\":[\"http:\/\/lapatriafutbolera.com.ar\"],\"url\":\"https:\/\/lapatriafutbolera.com.ar\/index.php\/author\/redaccion-lpf\/\"}]}<\/script>\n<!-- \/ Yoast SEO plugin. -->","yoast_head_json":{"title":"La alegr\u00eda es balc\u00e1nica - LA PATRIA FUTBOLERA","robots":{"index":"index","follow":"follow","max-snippet":"max-snippet:-1","max-image-preview":"max-image-preview:large","max-video-preview":"max-video-preview:-1"},"canonical":"https:\/\/lapatriafutbolera.com.ar\/index.php\/2022\/12\/01\/la-alegria-es-balcanica\/","og_locale":"es_ES","og_type":"article","og_title":"La alegr\u00eda es balc\u00e1nica - LA PATRIA FUTBOLERA","og_description":"Incapaz de encontrar porter\u00eda en un vibrante partido, la generaci\u00f3n dorada belga se despidi\u00f3 del&nbsp;Mundial...","og_url":"https:\/\/lapatriafutbolera.com.ar\/index.php\/2022\/12\/01\/la-alegria-es-balcanica\/","og_site_name":"LA PATRIA FUTBOLERA","article_published_time":"2022-12-01T17:33:00+00:00","article_modified_time":"2022-12-01T18:38:13+00:00","og_image":[{"width":604,"height":339,"url":"https:\/\/lapatriafutbolera.com.ar\/wp-content\/uploads\/2022\/12\/471247_1354427.jpg","type":"image\/jpeg"}],"author":"Redacci\u00f3n LPF","twitter_card":"summary_large_image","twitter_misc":{"Escrito por":"Redacci\u00f3n LPF","Tiempo de lectura":"2 minutos"},"schema":{"@context":"https:\/\/schema.org","@graph":[{"@type":"Article","@id":"https:\/\/lapatriafutbolera.com.ar\/index.php\/2022\/12\/01\/la-alegria-es-balcanica\/#article","isPartOf":{"@id":"https:\/\/lapatriafutbolera.com.ar\/index.php\/2022\/12\/01\/la-alegria-es-balcanica\/"},"author":{"name":"Redacci\u00f3n LPF","@id":"https:\/\/lapatriafutbolera.com.ar\/#\/schema\/person\/eb56fb3a7e76133611d5b2d9f706bd97"},"headline":"La alegr\u00eda es balc\u00e1nica","datePublished":"2022-12-01T17:33:00+00:00","dateModified":"2022-12-01T18:38:13+00:00","mainEntityOfPage":{"@id":"https:\/\/lapatriafutbolera.com.ar\/index.php\/2022\/12\/01\/la-alegria-es-balcanica\/"},"wordCount":222,"commentCount":0,"publisher":{"@id":"https:\/\/lapatriafutbolera.com.ar\/#organization"},"articleSection":["B\u00e9lgica","Croacia","Grupo F","Qatar 2022"],"inLanguage":"es-AR","potentialAction":[{"@type":"CommentAction","name":"Comment","target":["https:\/\/lapatriafutbolera.com.ar\/index.php\/2022\/12\/01\/la-alegria-es-balcanica\/#respond"]}]},{"@type":"WebPage","@id":"https:\/\/lapatriafutbolera.com.ar\/index.php\/2022\/12\/01\/la-alegria-es-balcanica\/","url":"https:\/\/lapatriafutbolera.com.ar\/index.php\/2022\/12\/01\/la-alegria-es-balcanica\/","name":"La alegr\u00eda es balc\u00e1nica - LA PATRIA FUTBOLERA","isPartOf":{"@id":"https:\/\/lapatriafutbolera.com.ar\/#website"},"datePublished":"2022-12-01T17:33:00+00:00","dateModified":"2022-12-01T18:38:13+00:00","breadcrumb":{"@id":"https:\/\/lapatriafutbolera.com.ar\/index.php\/2022\/12\/01\/la-alegria-es-balcanica\/#breadcrumb"},"inLanguage":"es-AR","potentialAction":[{"@type":"ReadAction","target":["https:\/\/lapatriafutbolera.com.ar\/index.php\/2022\/12\/01\/la-alegria-es-balcanica\/"]}]},{"@type":"BreadcrumbList","@id":"https:\/\/lapatriafutbolera.com.ar\/index.php\/2022\/12\/01\/la-alegria-es-balcanica\/#breadcrumb","itemListElement":[{"@type":"ListItem","position":1,"name":"Inicio","item":"https:\/\/lapatriafutbolera.com.ar\/"},{"@type":"ListItem","position":2,"name":"La alegr\u00eda es balc\u00e1nica"}]},{"@type":"WebSite","@id":"https:\/\/lapatriafutbolera.com.ar\/#website","url":"https:\/\/lapatriafutbolera.com.ar\/","name":"LA PATRIA FUTBOLERA","description":"","publisher":{"@id":"https:\/\/lapatriafutbolera.com.ar\/#organization"},"potentialAction":[{"@type":"SearchAction","target":{"@type":"EntryPoint","urlTemplate":"https:\/\/lapatriafutbolera.com.ar\/?s={search_term_string}"},"query-input":"required name=search_term_string"}],"inLanguage":"es-AR"},{"@type":"Organization","@id":"https:\/\/lapatriafutbolera.com.ar\/#organization","name":"LA PATRIA FUTBOLERA","url":"https:\/\/lapatriafutbolera.com.ar\/","sameAs":[],"logo":{"@type":"ImageObject","inLanguage":"es-AR","@id":"https:\/\/lapatriafutbolera.com.ar\/#\/schema\/logo\/image\/","url":"https:\/\/lapatriafutbolera.com.ar\/wp-content\/uploads\/2025\/03\/cropped-LA-PATRIA-14.jpg","contentUrl":"https:\/\/lapatriafutbolera.com.ar\/wp-content\/uploads\/2025\/03\/cropped-LA-PATRIA-14.jpg","width":1308,"height":221,"caption":"LA PATRIA FUTBOLERA"},"image":{"@id":"https:\/\/lapatriafutbolera.com.ar\/#\/schema\/logo\/image\/"}},{"@type":"Person","@id":"https:\/\/lapatriafutbolera.com.ar\/#\/schema\/person\/eb56fb3a7e76133611d5b2d9f706bd97","name":"Redacci\u00f3n LPF","image":{"@type":"ImageObject","inLanguage":"es-AR","@id":"https:\/\/lapatriafutbolera.com.ar\/#\/schema\/person\/image\/","url":"https:\/\/secure.gravatar.com\/avatar\/57dc12e3750972170624cd118ca21d4157841e9e7b211e6dfe7a00b61088d285?s=96&d=mm&r=g","contentUrl":"https:\/\/secure.gravatar.com\/avatar\/57dc12e3750972170624cd118ca21d4157841e9e7b211e6dfe7a00b61088d285?s=96&d=mm&r=g","caption":"Redacci\u00f3n LPF"},"sameAs":["http:\/\/lapatriafutbolera.com.ar"],"url":"https:\/\/lapatriafutbolera.com.ar\/index.php\/author\/redaccion-lpf\/"}]}},"_links":{"self":[{"href":"https:\/\/lapatriafutbolera.com.ar\/index.php\/wp-json\/wp\/v2\/posts\/1050","targetHints":{"allow":["GET"]}}],"collection":[{"href":"https:\/\/lapatriafutbolera.com.ar\/index.php\/wp-json\/wp\/v2\/posts"}],"about":[{"href":"https:\/\/lapatriafutbolera.com.ar\/index.php\/wp-json\/wp\/v2\/types\/post"}],"author":[{"embeddable":true,"href":"https:\/\/lapatriafutbolera.com.ar\/index.php\/wp-json\/wp\/v2\/users\/4"}],"replies":[{"embeddable":true,"href":"https:\/\/lapatriafutbolera.com.ar\/index.php\/wp-json\/wp\/v2\/comments?post=1050"}],"version-history":[{"count":2,"href":"https:\/\/lapatriafutbolera.com.ar\/index.php\/wp-json\/wp\/v2\/posts\/1050\/revisions"}],"predecessor-version":[{"id":1055,"href":"https:\/\/lapatriafutbolera.com.ar\/index.php\/wp-json\/wp\/v2\/posts\/1050\/revisions\/1055"}],"wp:featuredmedia":[{"embeddable":true,"href":"https:\/\/lapatriafutbolera.com.ar\/index.php\/wp-json\/wp\/v2\/media\/1051"}],"wp:attachment":[{"href":"https:\/\/lapatriafutbolera.com.ar\/index.php\/wp-json\/wp\/v2\/media?parent=1050"}],"wp:term":[{"taxonomy":"category","embeddable":true,"href":"https:\/\/lapatriafutbolera.com.ar\/index.php\/wp-json\/wp\/v2\/categories?post=1050"},{"taxonomy":"post_tag","embeddable":true,"href":"https:\/\/lapatriafutbolera.com.ar\/index.php\/wp-json\/wp\/v2\/tags?post=1050"}],"curies":[{"name":"wp","href":"https:\/\/api.w.org\/{rel}","templated":true}]}}