{"id":1142,"date":"2022-12-09T21:37:00","date_gmt":"2022-12-10T00:37:00","guid":{"rendered":"https:\/\/lapatriafutbolera.com.ar\/?p=1142"},"modified":"2022-12-10T11:56:54","modified_gmt":"2022-12-10T14:56:54","slug":"corazon","status":"publish","type":"post","link":"https:\/\/lapatriafutbolera.com.ar\/index.php\/2022\/12\/09\/corazon\/","title":{"rendered":"Coraz\u00f3n"},"content":{"rendered":"\n<p>1) El maestro del coraz\u00f3n Roberto Jorge Santoro, que ense\u00f1\u00f3 que la pelota es poes\u00eda, le explic\u00f3 al mundo una verdad llena de coraz\u00f3n, una verdad que se hace gloria ahora en la carita de esa muchacha que festeja en la tormenta: &#8220;El coraz\u00f3n sabe algo m\u00e1s porque me duele&#8221;.<\/p>\n\n\n\n<p>2) El maestro del coraz\u00f3n Luis Alberto Spinetta, que le puso letras y notas a canciones que parecen so\u00f1adas para la Selecci\u00f3n Argentina, le regal\u00f3 al Mundial una verdad plena de coraz\u00f3n que se torna ya en certeza en los brazos cortos de esa criatura que se cuelga conmovida de los brazos largos de su viejo: &#8220;Habr\u00e1 que seguir y seguir y seguir\/ y seguir pidiendo por siempre\/ un asilo en tu coraz\u00f3n&#8221;.<\/p>\n\n\n\n<p>3) Los maestros del coraz\u00f3n que conforman La Renga, que le hablaron de la libertad a multitudes con una energ\u00eda id\u00e9ntica a la que esas multitudes depositan en Messi, le entregaron a pibas y a pibes de unas cuantas generaciones una verdad desbordante de coraz\u00f3n que se hace carne y hueso y fiesta hoy en labios pintados en celeste y en blanco: &#8220;Y ahora solo un camino he de caminar\/ Cualquier camino que tenga coraz\u00f3n&#8221;.<\/p>\n\n\n\n<p>4) El maestro del coraz\u00f3n Manu Moretti y sus Estelares, que les dieron m\u00fasica a las tribunas porque sus temas registran la respiraci\u00f3n de la gente an\u00f3nima, pronunciaron una verdad merecedora del coraz\u00f3n que seguro suena en el alma de los futbolistas que brillan en Qatar, una verdad a la que hay que viajar mil noches cuando la ruta entrega un gui\u00f1o torcido, te embocan un gol en la jugada \u00faltima y se necesita coraje para volver a intentar, una verdad que siempre ser\u00e1 una verdad: &#8220;Y record\u00e9 todo\/ especialmente el coraz\u00f3n\/ el coraz\u00f3n sobre todo&#8221;.<\/p>\n\n\n\n<p>5) La maestra del coraz\u00f3n que es una se\u00f1ora suelta que mueve una banderita enfrente de nuestra casa, en este instante, despatarra una sonrisa dentro de la que cabe el arte de Santoro, de Spinetta, de La Renga y de Estelares y tambi\u00e9n cabe una verdad del coraz\u00f3n que abrevia lo que de tanto en tanto es el f\u00fatbol, lo que de tanto en tanto es la vida, lo que es este d\u00eda entre los d\u00edas, lo que dan ganas de repetir con ella, m\u00e1s ac\u00e1 de cualquier pasado y m\u00e1s all\u00e1 de cualquier futuro, en medio de una felicidad tan fugaz como eterna: &#8220;Gracias de coraz\u00f3n&#8221;.<\/p>\n","protected":false},"excerpt":{"rendered":"<p>1) El maestro del coraz\u00f3n Roberto Jorge Santoro, que ense\u00f1\u00f3 que la pelota es poes\u00eda,&#8230;<\/p>\n","protected":false},"author":10,"featured_media":1143,"comment_status":"open","ping_status":"open","sticky":false,"template":"","format":"standard","meta":{"footnotes":""},"categories":[85],"tags":[],"class_list":["post-1142","post","type-post","status-publish","format-standard","has-post-thumbnail","hentry","category-el-tipo-que-marca-juega-y-escribe"],"yoast_head":"<!-- This site is optimized with the Yoast SEO plugin v19.5.1 - https:\/\/yoast.com\/wordpress\/plugins\/seo\/ -->\n<title>Coraz\u00f3n - LA PATRIA FUTBOLERA<\/title>\n<meta name=\"robots\" content=\"index, follow, max-snippet:-1, max-image-preview:large, max-video-preview:-1\" \/>\n<link rel=\"canonical\" href=\"https:\/\/lapatriafutbolera.com.ar\/index.php\/2022\/12\/09\/corazon\/\" \/>\n<meta property=\"og:locale\" content=\"es_ES\" \/>\n<meta property=\"og:type\" content=\"article\" \/>\n<meta property=\"og:title\" content=\"Coraz\u00f3n - LA PATRIA FUTBOLERA\" \/>\n<meta property=\"og:description\" content=\"1) El maestro del coraz\u00f3n Roberto Jorge Santoro, que ense\u00f1\u00f3 que la pelota es poes\u00eda,...\" \/>\n<meta property=\"og:url\" content=\"https:\/\/lapatriafutbolera.com.ar\/index.php\/2022\/12\/09\/corazon\/\" \/>\n<meta property=\"og:site_name\" content=\"LA PATRIA FUTBOLERA\" \/>\n<meta property=\"article:published_time\" content=\"2022-12-10T00:37:00+00:00\" \/>\n<meta property=\"article:modified_time\" content=\"2022-12-10T14:56:54+00:00\" \/>\n<meta property=\"og:image\" content=\"https:\/\/lapatriafutbolera.com.ar\/wp-content\/uploads\/2022\/12\/318559149_2400553946766955_2497298007184693483_n.jpg\" \/>\n\t<meta property=\"og:image:width\" content=\"580\" \/>\n\t<meta property=\"og:image:height\" content=\"330\" \/>\n\t<meta property=\"og:image:type\" content=\"image\/jpeg\" \/>\n<meta name=\"author\" content=\"Ariel Scher\" \/>\n<meta name=\"twitter:card\" content=\"summary_large_image\" \/>\n<meta name=\"twitter:label1\" content=\"Escrito por\" \/>\n\t<meta name=\"twitter:data1\" content=\"Ariel Scher\" \/>\n\t<meta name=\"twitter:label2\" content=\"Tiempo de lectura\" \/>\n\t<meta name=\"twitter:data2\" content=\"2 minutos\" \/>\n<script type=\"application\/ld+json\" class=\"yoast-schema-graph\">{\"@context\":\"https:\/\/schema.org\",\"@graph\":[{\"@type\":\"Article\",\"@id\":\"https:\/\/lapatriafutbolera.com.ar\/index.php\/2022\/12\/09\/corazon\/#article\",\"isPartOf\":{\"@id\":\"https:\/\/lapatriafutbolera.com.ar\/index.php\/2022\/12\/09\/corazon\/\"},\"author\":{\"name\":\"Ariel Scher\",\"@id\":\"https:\/\/lapatriafutbolera.com.ar\/#\/schema\/person\/b678f896a0a50faecac575b8609d71aa\"},\"headline\":\"Coraz\u00f3n\",\"datePublished\":\"2022-12-10T00:37:00+00:00\",\"dateModified\":\"2022-12-10T14:56:54+00:00\",\"mainEntityOfPage\":{\"@id\":\"https:\/\/lapatriafutbolera.com.ar\/index.php\/2022\/12\/09\/corazon\/\"},\"wordCount\":431,\"commentCount\":0,\"publisher\":{\"@id\":\"https:\/\/lapatriafutbolera.com.ar\/#organization\"},\"articleSection\":[\"El Tipo que marca, juega y escribe\"],\"inLanguage\":\"es-AR\",\"potentialAction\":[{\"@type\":\"CommentAction\",\"name\":\"Comment\",\"target\":[\"https:\/\/lapatriafutbolera.com.ar\/index.php\/2022\/12\/09\/corazon\/#respond\"]}]},{\"@type\":\"WebPage\",\"@id\":\"https:\/\/lapatriafutbolera.com.ar\/index.php\/2022\/12\/09\/corazon\/\",\"url\":\"https:\/\/lapatriafutbolera.com.ar\/index.php\/2022\/12\/09\/corazon\/\",\"name\":\"Coraz\u00f3n - LA PATRIA FUTBOLERA\",\"isPartOf\":{\"@id\":\"https:\/\/lapatriafutbolera.com.ar\/#website\"},\"datePublished\":\"2022-12-10T00:37:00+00:00\",\"dateModified\":\"2022-12-10T14:56:54+00:00\",\"breadcrumb\":{\"@id\":\"https:\/\/lapatriafutbolera.com.ar\/index.php\/2022\/12\/09\/corazon\/#breadcrumb\"},\"inLanguage\":\"es-AR\",\"potentialAction\":[{\"@type\":\"ReadAction\",\"target\":[\"https:\/\/lapatriafutbolera.com.ar\/index.php\/2022\/12\/09\/corazon\/\"]}]},{\"@type\":\"BreadcrumbList\",\"@id\":\"https:\/\/lapatriafutbolera.com.ar\/index.php\/2022\/12\/09\/corazon\/#breadcrumb\",\"itemListElement\":[{\"@type\":\"ListItem\",\"position\":1,\"name\":\"Inicio\",\"item\":\"https:\/\/lapatriafutbolera.com.ar\/\"},{\"@type\":\"ListItem\",\"position\":2,\"name\":\"Coraz\u00f3n\"}]},{\"@type\":\"WebSite\",\"@id\":\"https:\/\/lapatriafutbolera.com.ar\/#website\",\"url\":\"https:\/\/lapatriafutbolera.com.ar\/\",\"name\":\"LA PATRIA FUTBOLERA\",\"description\":\"\",\"publisher\":{\"@id\":\"https:\/\/lapatriafutbolera.com.ar\/#organization\"},\"potentialAction\":[{\"@type\":\"SearchAction\",\"target\":{\"@type\":\"EntryPoint\",\"urlTemplate\":\"https:\/\/lapatriafutbolera.com.ar\/?s={search_term_string}\"},\"query-input\":\"required name=search_term_string\"}],\"inLanguage\":\"es-AR\"},{\"@type\":\"Organization\",\"@id\":\"https:\/\/lapatriafutbolera.com.ar\/#organization\",\"name\":\"LA PATRIA FUTBOLERA\",\"url\":\"https:\/\/lapatriafutbolera.com.ar\/\",\"sameAs\":[],\"logo\":{\"@type\":\"ImageObject\",\"inLanguage\":\"es-AR\",\"@id\":\"https:\/\/lapatriafutbolera.com.ar\/#\/schema\/logo\/image\/\",\"url\":\"https:\/\/lapatriafutbolera.com.ar\/wp-content\/uploads\/2025\/03\/cropped-LA-PATRIA-14.jpg\",\"contentUrl\":\"https:\/\/lapatriafutbolera.com.ar\/wp-content\/uploads\/2025\/03\/cropped-LA-PATRIA-14.jpg\",\"width\":1308,\"height\":221,\"caption\":\"LA PATRIA FUTBOLERA\"},\"image\":{\"@id\":\"https:\/\/lapatriafutbolera.com.ar\/#\/schema\/logo\/image\/\"}},{\"@type\":\"Person\",\"@id\":\"https:\/\/lapatriafutbolera.com.ar\/#\/schema\/person\/b678f896a0a50faecac575b8609d71aa\",\"name\":\"Ariel Scher\",\"image\":{\"@type\":\"ImageObject\",\"inLanguage\":\"es-AR\",\"@id\":\"https:\/\/lapatriafutbolera.com.ar\/#\/schema\/person\/image\/\",\"url\":\"https:\/\/secure.gravatar.com\/avatar\/76b3824675a40e45163a2a49107284188d784efa904c62a82e8b5cd2de313f08?s=96&d=mm&r=g\",\"contentUrl\":\"https:\/\/secure.gravatar.com\/avatar\/76b3824675a40e45163a2a49107284188d784efa904c62a82e8b5cd2de313f08?s=96&d=mm&r=g\",\"caption\":\"Ariel Scher\"},\"url\":\"https:\/\/lapatriafutbolera.com.ar\/index.php\/author\/ariel-scher\/\"}]}<\/script>\n<!-- \/ Yoast SEO plugin. -->","yoast_head_json":{"title":"Coraz\u00f3n - LA PATRIA FUTBOLERA","robots":{"index":"index","follow":"follow","max-snippet":"max-snippet:-1","max-image-preview":"max-image-preview:large","max-video-preview":"max-video-preview:-1"},"canonical":"https:\/\/lapatriafutbolera.com.ar\/index.php\/2022\/12\/09\/corazon\/","og_locale":"es_ES","og_type":"article","og_title":"Coraz\u00f3n - LA PATRIA FUTBOLERA","og_description":"1) El maestro del coraz\u00f3n Roberto Jorge Santoro, que ense\u00f1\u00f3 que la pelota es poes\u00eda,...","og_url":"https:\/\/lapatriafutbolera.com.ar\/index.php\/2022\/12\/09\/corazon\/","og_site_name":"LA PATRIA FUTBOLERA","article_published_time":"2022-12-10T00:37:00+00:00","article_modified_time":"2022-12-10T14:56:54+00:00","og_image":[{"width":580,"height":330,"url":"https:\/\/lapatriafutbolera.com.ar\/wp-content\/uploads\/2022\/12\/318559149_2400553946766955_2497298007184693483_n.jpg","type":"image\/jpeg"}],"author":"Ariel Scher","twitter_card":"summary_large_image","twitter_misc":{"Escrito por":"Ariel Scher","Tiempo de lectura":"2 minutos"},"schema":{"@context":"https:\/\/schema.org","@graph":[{"@type":"Article","@id":"https:\/\/lapatriafutbolera.com.ar\/index.php\/2022\/12\/09\/corazon\/#article","isPartOf":{"@id":"https:\/\/lapatriafutbolera.com.ar\/index.php\/2022\/12\/09\/corazon\/"},"author":{"name":"Ariel Scher","@id":"https:\/\/lapatriafutbolera.com.ar\/#\/schema\/person\/b678f896a0a50faecac575b8609d71aa"},"headline":"Coraz\u00f3n","datePublished":"2022-12-10T00:37:00+00:00","dateModified":"2022-12-10T14:56:54+00:00","mainEntityOfPage":{"@id":"https:\/\/lapatriafutbolera.com.ar\/index.php\/2022\/12\/09\/corazon\/"},"wordCount":431,"commentCount":0,"publisher":{"@id":"https:\/\/lapatriafutbolera.com.ar\/#organization"},"articleSection":["El Tipo que marca, juega y escribe"],"inLanguage":"es-AR","potentialAction":[{"@type":"CommentAction","name":"Comment","target":["https:\/\/lapatriafutbolera.com.ar\/index.php\/2022\/12\/09\/corazon\/#respond"]}]},{"@type":"WebPage","@id":"https:\/\/lapatriafutbolera.com.ar\/index.php\/2022\/12\/09\/corazon\/","url":"https:\/\/lapatriafutbolera.com.ar\/index.php\/2022\/12\/09\/corazon\/","name":"Coraz\u00f3n - LA PATRIA FUTBOLERA","isPartOf":{"@id":"https:\/\/lapatriafutbolera.com.ar\/#website"},"datePublished":"2022-12-10T00:37:00+00:00","dateModified":"2022-12-10T14:56:54+00:00","breadcrumb":{"@id":"https:\/\/lapatriafutbolera.com.ar\/index.php\/2022\/12\/09\/corazon\/#breadcrumb"},"inLanguage":"es-AR","potentialAction":[{"@type":"ReadAction","target":["https:\/\/lapatriafutbolera.com.ar\/index.php\/2022\/12\/09\/corazon\/"]}]},{"@type":"BreadcrumbList","@id":"https:\/\/lapatriafutbolera.com.ar\/index.php\/2022\/12\/09\/corazon\/#breadcrumb","itemListElement":[{"@type":"ListItem","position":1,"name":"Inicio","item":"https:\/\/lapatriafutbolera.com.ar\/"},{"@type":"ListItem","position":2,"name":"Coraz\u00f3n"}]},{"@type":"WebSite","@id":"https:\/\/lapatriafutbolera.com.ar\/#website","url":"https:\/\/lapatriafutbolera.com.ar\/","name":"LA PATRIA FUTBOLERA","description":"","publisher":{"@id":"https:\/\/lapatriafutbolera.com.ar\/#organization"},"potentialAction":[{"@type":"SearchAction","target":{"@type":"EntryPoint","urlTemplate":"https:\/\/lapatriafutbolera.com.ar\/?s={search_term_string}"},"query-input":"required name=search_term_string"}],"inLanguage":"es-AR"},{"@type":"Organization","@id":"https:\/\/lapatriafutbolera.com.ar\/#organization","name":"LA PATRIA FUTBOLERA","url":"https:\/\/lapatriafutbolera.com.ar\/","sameAs":[],"logo":{"@type":"ImageObject","inLanguage":"es-AR","@id":"https:\/\/lapatriafutbolera.com.ar\/#\/schema\/logo\/image\/","url":"https:\/\/lapatriafutbolera.com.ar\/wp-content\/uploads\/2025\/03\/cropped-LA-PATRIA-14.jpg","contentUrl":"https:\/\/lapatriafutbolera.com.ar\/wp-content\/uploads\/2025\/03\/cropped-LA-PATRIA-14.jpg","width":1308,"height":221,"caption":"LA PATRIA FUTBOLERA"},"image":{"@id":"https:\/\/lapatriafutbolera.com.ar\/#\/schema\/logo\/image\/"}},{"@type":"Person","@id":"https:\/\/lapatriafutbolera.com.ar\/#\/schema\/person\/b678f896a0a50faecac575b8609d71aa","name":"Ariel Scher","image":{"@type":"ImageObject","inLanguage":"es-AR","@id":"https:\/\/lapatriafutbolera.com.ar\/#\/schema\/person\/image\/","url":"https:\/\/secure.gravatar.com\/avatar\/76b3824675a40e45163a2a49107284188d784efa904c62a82e8b5cd2de313f08?s=96&d=mm&r=g","contentUrl":"https:\/\/secure.gravatar.com\/avatar\/76b3824675a40e45163a2a49107284188d784efa904c62a82e8b5cd2de313f08?s=96&d=mm&r=g","caption":"Ariel Scher"},"url":"https:\/\/lapatriafutbolera.com.ar\/index.php\/author\/ariel-scher\/"}]}},"_links":{"self":[{"href":"https:\/\/lapatriafutbolera.com.ar\/index.php\/wp-json\/wp\/v2\/posts\/1142","targetHints":{"allow":["GET"]}}],"collection":[{"href":"https:\/\/lapatriafutbolera.com.ar\/index.php\/wp-json\/wp\/v2\/posts"}],"about":[{"href":"https:\/\/lapatriafutbolera.com.ar\/index.php\/wp-json\/wp\/v2\/types\/post"}],"author":[{"embeddable":true,"href":"https:\/\/lapatriafutbolera.com.ar\/index.php\/wp-json\/wp\/v2\/users\/10"}],"replies":[{"embeddable":true,"href":"https:\/\/lapatriafutbolera.com.ar\/index.php\/wp-json\/wp\/v2\/comments?post=1142"}],"version-history":[{"count":1,"href":"https:\/\/lapatriafutbolera.com.ar\/index.php\/wp-json\/wp\/v2\/posts\/1142\/revisions"}],"predecessor-version":[{"id":1144,"href":"https:\/\/lapatriafutbolera.com.ar\/index.php\/wp-json\/wp\/v2\/posts\/1142\/revisions\/1144"}],"wp:featuredmedia":[{"embeddable":true,"href":"https:\/\/lapatriafutbolera.com.ar\/index.php\/wp-json\/wp\/v2\/media\/1143"}],"wp:attachment":[{"href":"https:\/\/lapatriafutbolera.com.ar\/index.php\/wp-json\/wp\/v2\/media?parent=1142"}],"wp:term":[{"taxonomy":"category","embeddable":true,"href":"https:\/\/lapatriafutbolera.com.ar\/index.php\/wp-json\/wp\/v2\/categories?post=1142"},{"taxonomy":"post_tag","embeddable":true,"href":"https:\/\/lapatriafutbolera.com.ar\/index.php\/wp-json\/wp\/v2\/tags?post=1142"}],"curies":[{"name":"wp","href":"https:\/\/api.w.org\/{rel}","templated":true}]}}