{"id":1157,"date":"2022-12-10T15:34:00","date_gmt":"2022-12-10T18:34:00","guid":{"rendered":"https:\/\/lapatriafutbolera.com.ar\/?p=1157"},"modified":"2022-12-10T18:41:31","modified_gmt":"2022-12-10T21:41:31","slug":"la-iberia-completa-a-los-pies-de-los-moros","status":"publish","type":"post","link":"https:\/\/lapatriafutbolera.com.ar\/index.php\/2022\/12\/10\/la-iberia-completa-a-los-pies-de-los-moros\/","title":{"rendered":"La Iberia completa, a los pies de los Moros"},"content":{"rendered":"\n<p>Con esta victoria, se convierte adem\u00e1s en el primer representante africano en clasificar a la semifinal de una Copa del Mundo.<\/p>\n\n\n\n<p>El seleccionado de Marruecos, que venia de dejar en el camino a Espa\u00f1a, venci\u00f3 este s\u00e1bado a Portugal por 1-0 y se convirti\u00f3 en el primer representante africano en clasificar a la semifinal de una Copa del Mundo.<\/p>\n\n\n\n<p><a href=\"https:\/\/www.telam.com.ar\/notas\/202212\/613767-marruecos-portugal-goles-cuartos-qatar.html\" target=\"_blank\" rel=\"noreferrer noopener\">El delantero Youssef En-Nesyri marc\u00f3 el gol de la hist\u00f3rica victoria a los 42 minutos del primer tiempo<\/a><strong>.<\/strong><\/p>\n\n\n<div class=\"wp-block-image\">\n<figure class=\"aligncenter size-large\"><img loading=\"lazy\" decoding=\"async\" width=\"1024\" height=\"576\" src=\"https:\/\/lapatriafutbolera.com.ar\/wp-content\/uploads\/2022\/12\/6394ac4c65112_1200-1024x576.jpg\" alt=\"\" class=\"wp-image-1159\" srcset=\"https:\/\/lapatriafutbolera.com.ar\/wp-content\/uploads\/2022\/12\/6394ac4c65112_1200-1024x576.jpg 1024w, https:\/\/lapatriafutbolera.com.ar\/wp-content\/uploads\/2022\/12\/6394ac4c65112_1200-300x169.jpg 300w, https:\/\/lapatriafutbolera.com.ar\/wp-content\/uploads\/2022\/12\/6394ac4c65112_1200-768x432.jpg 768w, https:\/\/lapatriafutbolera.com.ar\/wp-content\/uploads\/2022\/12\/6394ac4c65112_1200.jpg 1200w\" sizes=\"auto, (max-width: 1024px) 100vw, 1024px\" \/><figcaption class=\"wp-element-caption\"><strong>En-Nesyri celebra su gol jungo a Hakimi; el unico del partido, que le premitio a Marruecos meterse en seminifinales del Campeonato del Mundo<\/strong><\/figcaption><\/figure>\n<\/div>\n\n\n<p>Marruecos termin\u00f3 con un jugador menos por la expulsi\u00f3n de Walid Cheddira en el tercer minuto de adici\u00f3n.<\/p>\n\n\n\n<p>Cristiano Ronaldo, con 37 a\u00f1os y en su \u00faltimo Mundial, fue nuevamente suplente en Portugal y cuando entr\u00f3 a los 6 de minutos del segundo tiempo no pudo revertir la historia.<\/p>\n\n\n\n<p>El partido correspondiente a los cuartos de final del Mundial de Qatar 2022 se disput\u00f3 en el estadio Al Thumama con 44.198 espectadores. El arbitro fue el argentino Facundo Tello, quien estuvo asistido por Ezequiel Brailovsky y Gabriel Chade m\u00e1s Mauro Vigliano y Diego Bonf\u00e1 en el VAR.<\/p>\n\n\n\n<p>Marruecos, en su sexta participaci\u00f3n mundialista, jugar\u00e1 por primera vez una semifinal y adem\u00e1s se meti\u00f3 en la historia al ser el primer seleccionado africano en quedar entre los cuatro mejores del mundo.<\/p>\n","protected":false},"excerpt":{"rendered":"<p>Con esta victoria, se convierte adem\u00e1s en el primer representante africano en clasificar a la&#8230;<\/p>\n","protected":false},"author":4,"featured_media":1158,"comment_status":"open","ping_status":"open","sticky":false,"template":"","format":"standard","meta":{"footnotes":""},"categories":[86,53,59],"tags":[],"class_list":["post-1157","post","type-post","status-publish","format-standard","has-post-thumbnail","hentry","category-cuartos-de-final","category-marruecos","category-portugal"],"yoast_head":"<!-- This site is optimized with the Yoast SEO plugin v19.5.1 - https:\/\/yoast.com\/wordpress\/plugins\/seo\/ -->\n<title>La Iberia completa, a los pies de los Moros - LA PATRIA FUTBOLERA<\/title>\n<meta name=\"robots\" content=\"index, follow, max-snippet:-1, max-image-preview:large, max-video-preview:-1\" \/>\n<link rel=\"canonical\" href=\"https:\/\/lapatriafutbolera.com.ar\/index.php\/2022\/12\/10\/la-iberia-completa-a-los-pies-de-los-moros\/\" \/>\n<meta property=\"og:locale\" content=\"es_ES\" \/>\n<meta property=\"og:type\" content=\"article\" \/>\n<meta property=\"og:title\" content=\"La Iberia completa, a los pies de los Moros - LA PATRIA FUTBOLERA\" \/>\n<meta property=\"og:description\" content=\"Con esta victoria, se convierte adem\u00e1s en el primer representante africano en clasificar a la...\" \/>\n<meta property=\"og:url\" content=\"https:\/\/lapatriafutbolera.com.ar\/index.php\/2022\/12\/10\/la-iberia-completa-a-los-pies-de-los-moros\/\" \/>\n<meta property=\"og:site_name\" content=\"LA PATRIA FUTBOLERA\" \/>\n<meta property=\"article:published_time\" content=\"2022-12-10T18:34:00+00:00\" \/>\n<meta property=\"article:modified_time\" content=\"2022-12-10T21:41:31+00:00\" \/>\n<meta property=\"og:image\" content=\"https:\/\/lapatriafutbolera.com.ar\/wp-content\/uploads\/2022\/12\/6394b7a42f63d_1200.jpg\" \/>\n\t<meta property=\"og:image:width\" content=\"1200\" \/>\n\t<meta property=\"og:image:height\" content=\"675\" \/>\n\t<meta property=\"og:image:type\" content=\"image\/jpeg\" \/>\n<meta name=\"author\" content=\"Redacci\u00f3n LPF\" \/>\n<meta name=\"twitter:card\" content=\"summary_large_image\" \/>\n<meta name=\"twitter:label1\" content=\"Escrito por\" \/>\n\t<meta name=\"twitter:data1\" content=\"Redacci\u00f3n LPF\" \/>\n\t<meta name=\"twitter:label2\" content=\"Tiempo de lectura\" \/>\n\t<meta name=\"twitter:data2\" content=\"2 minutos\" \/>\n<script type=\"application\/ld+json\" class=\"yoast-schema-graph\">{\"@context\":\"https:\/\/schema.org\",\"@graph\":[{\"@type\":\"Article\",\"@id\":\"https:\/\/lapatriafutbolera.com.ar\/index.php\/2022\/12\/10\/la-iberia-completa-a-los-pies-de-los-moros\/#article\",\"isPartOf\":{\"@id\":\"https:\/\/lapatriafutbolera.com.ar\/index.php\/2022\/12\/10\/la-iberia-completa-a-los-pies-de-los-moros\/\"},\"author\":{\"name\":\"Redacci\u00f3n LPF\",\"@id\":\"https:\/\/lapatriafutbolera.com.ar\/#\/schema\/person\/eb56fb3a7e76133611d5b2d9f706bd97\"},\"headline\":\"La Iberia completa, a los pies de los Moros\",\"datePublished\":\"2022-12-10T18:34:00+00:00\",\"dateModified\":\"2022-12-10T21:41:31+00:00\",\"mainEntityOfPage\":{\"@id\":\"https:\/\/lapatriafutbolera.com.ar\/index.php\/2022\/12\/10\/la-iberia-completa-a-los-pies-de-los-moros\/\"},\"wordCount\":244,\"commentCount\":0,\"publisher\":{\"@id\":\"https:\/\/lapatriafutbolera.com.ar\/#organization\"},\"articleSection\":[\"Cuartos de Final\",\"Marruecos\",\"Portugal\"],\"inLanguage\":\"es-AR\",\"potentialAction\":[{\"@type\":\"CommentAction\",\"name\":\"Comment\",\"target\":[\"https:\/\/lapatriafutbolera.com.ar\/index.php\/2022\/12\/10\/la-iberia-completa-a-los-pies-de-los-moros\/#respond\"]}]},{\"@type\":\"WebPage\",\"@id\":\"https:\/\/lapatriafutbolera.com.ar\/index.php\/2022\/12\/10\/la-iberia-completa-a-los-pies-de-los-moros\/\",\"url\":\"https:\/\/lapatriafutbolera.com.ar\/index.php\/2022\/12\/10\/la-iberia-completa-a-los-pies-de-los-moros\/\",\"name\":\"La Iberia completa, a los pies de los Moros - LA PATRIA FUTBOLERA\",\"isPartOf\":{\"@id\":\"https:\/\/lapatriafutbolera.com.ar\/#website\"},\"datePublished\":\"2022-12-10T18:34:00+00:00\",\"dateModified\":\"2022-12-10T21:41:31+00:00\",\"breadcrumb\":{\"@id\":\"https:\/\/lapatriafutbolera.com.ar\/index.php\/2022\/12\/10\/la-iberia-completa-a-los-pies-de-los-moros\/#breadcrumb\"},\"inLanguage\":\"es-AR\",\"potentialAction\":[{\"@type\":\"ReadAction\",\"target\":[\"https:\/\/lapatriafutbolera.com.ar\/index.php\/2022\/12\/10\/la-iberia-completa-a-los-pies-de-los-moros\/\"]}]},{\"@type\":\"BreadcrumbList\",\"@id\":\"https:\/\/lapatriafutbolera.com.ar\/index.php\/2022\/12\/10\/la-iberia-completa-a-los-pies-de-los-moros\/#breadcrumb\",\"itemListElement\":[{\"@type\":\"ListItem\",\"position\":1,\"name\":\"Inicio\",\"item\":\"https:\/\/lapatriafutbolera.com.ar\/\"},{\"@type\":\"ListItem\",\"position\":2,\"name\":\"La Iberia completa, a los pies de los Moros\"}]},{\"@type\":\"WebSite\",\"@id\":\"https:\/\/lapatriafutbolera.com.ar\/#website\",\"url\":\"https:\/\/lapatriafutbolera.com.ar\/\",\"name\":\"LA PATRIA FUTBOLERA\",\"description\":\"\",\"publisher\":{\"@id\":\"https:\/\/lapatriafutbolera.com.ar\/#organization\"},\"potentialAction\":[{\"@type\":\"SearchAction\",\"target\":{\"@type\":\"EntryPoint\",\"urlTemplate\":\"https:\/\/lapatriafutbolera.com.ar\/?s={search_term_string}\"},\"query-input\":\"required name=search_term_string\"}],\"inLanguage\":\"es-AR\"},{\"@type\":\"Organization\",\"@id\":\"https:\/\/lapatriafutbolera.com.ar\/#organization\",\"name\":\"LA PATRIA FUTBOLERA\",\"url\":\"https:\/\/lapatriafutbolera.com.ar\/\",\"sameAs\":[],\"logo\":{\"@type\":\"ImageObject\",\"inLanguage\":\"es-AR\",\"@id\":\"https:\/\/lapatriafutbolera.com.ar\/#\/schema\/logo\/image\/\",\"url\":\"https:\/\/lapatriafutbolera.com.ar\/wp-content\/uploads\/2025\/03\/cropped-LA-PATRIA-14.jpg\",\"contentUrl\":\"https:\/\/lapatriafutbolera.com.ar\/wp-content\/uploads\/2025\/03\/cropped-LA-PATRIA-14.jpg\",\"width\":1308,\"height\":221,\"caption\":\"LA PATRIA FUTBOLERA\"},\"image\":{\"@id\":\"https:\/\/lapatriafutbolera.com.ar\/#\/schema\/logo\/image\/\"}},{\"@type\":\"Person\",\"@id\":\"https:\/\/lapatriafutbolera.com.ar\/#\/schema\/person\/eb56fb3a7e76133611d5b2d9f706bd97\",\"name\":\"Redacci\u00f3n LPF\",\"image\":{\"@type\":\"ImageObject\",\"inLanguage\":\"es-AR\",\"@id\":\"https:\/\/lapatriafutbolera.com.ar\/#\/schema\/person\/image\/\",\"url\":\"https:\/\/secure.gravatar.com\/avatar\/57dc12e3750972170624cd118ca21d4157841e9e7b211e6dfe7a00b61088d285?s=96&d=mm&r=g\",\"contentUrl\":\"https:\/\/secure.gravatar.com\/avatar\/57dc12e3750972170624cd118ca21d4157841e9e7b211e6dfe7a00b61088d285?s=96&d=mm&r=g\",\"caption\":\"Redacci\u00f3n LPF\"},\"sameAs\":[\"http:\/\/lapatriafutbolera.com.ar\"],\"url\":\"https:\/\/lapatriafutbolera.com.ar\/index.php\/author\/redaccion-lpf\/\"}]}<\/script>\n<!-- \/ Yoast SEO plugin. -->","yoast_head_json":{"title":"La Iberia completa, a los pies de los Moros - LA PATRIA FUTBOLERA","robots":{"index":"index","follow":"follow","max-snippet":"max-snippet:-1","max-image-preview":"max-image-preview:large","max-video-preview":"max-video-preview:-1"},"canonical":"https:\/\/lapatriafutbolera.com.ar\/index.php\/2022\/12\/10\/la-iberia-completa-a-los-pies-de-los-moros\/","og_locale":"es_ES","og_type":"article","og_title":"La Iberia completa, a los pies de los Moros - LA PATRIA FUTBOLERA","og_description":"Con esta victoria, se convierte adem\u00e1s en el primer representante africano en clasificar a la...","og_url":"https:\/\/lapatriafutbolera.com.ar\/index.php\/2022\/12\/10\/la-iberia-completa-a-los-pies-de-los-moros\/","og_site_name":"LA PATRIA FUTBOLERA","article_published_time":"2022-12-10T18:34:00+00:00","article_modified_time":"2022-12-10T21:41:31+00:00","og_image":[{"width":1200,"height":675,"url":"https:\/\/lapatriafutbolera.com.ar\/wp-content\/uploads\/2022\/12\/6394b7a42f63d_1200.jpg","type":"image\/jpeg"}],"author":"Redacci\u00f3n LPF","twitter_card":"summary_large_image","twitter_misc":{"Escrito por":"Redacci\u00f3n LPF","Tiempo de lectura":"2 minutos"},"schema":{"@context":"https:\/\/schema.org","@graph":[{"@type":"Article","@id":"https:\/\/lapatriafutbolera.com.ar\/index.php\/2022\/12\/10\/la-iberia-completa-a-los-pies-de-los-moros\/#article","isPartOf":{"@id":"https:\/\/lapatriafutbolera.com.ar\/index.php\/2022\/12\/10\/la-iberia-completa-a-los-pies-de-los-moros\/"},"author":{"name":"Redacci\u00f3n LPF","@id":"https:\/\/lapatriafutbolera.com.ar\/#\/schema\/person\/eb56fb3a7e76133611d5b2d9f706bd97"},"headline":"La Iberia completa, a los pies de los Moros","datePublished":"2022-12-10T18:34:00+00:00","dateModified":"2022-12-10T21:41:31+00:00","mainEntityOfPage":{"@id":"https:\/\/lapatriafutbolera.com.ar\/index.php\/2022\/12\/10\/la-iberia-completa-a-los-pies-de-los-moros\/"},"wordCount":244,"commentCount":0,"publisher":{"@id":"https:\/\/lapatriafutbolera.com.ar\/#organization"},"articleSection":["Cuartos de Final","Marruecos","Portugal"],"inLanguage":"es-AR","potentialAction":[{"@type":"CommentAction","name":"Comment","target":["https:\/\/lapatriafutbolera.com.ar\/index.php\/2022\/12\/10\/la-iberia-completa-a-los-pies-de-los-moros\/#respond"]}]},{"@type":"WebPage","@id":"https:\/\/lapatriafutbolera.com.ar\/index.php\/2022\/12\/10\/la-iberia-completa-a-los-pies-de-los-moros\/","url":"https:\/\/lapatriafutbolera.com.ar\/index.php\/2022\/12\/10\/la-iberia-completa-a-los-pies-de-los-moros\/","name":"La Iberia completa, a los pies de los Moros - LA PATRIA FUTBOLERA","isPartOf":{"@id":"https:\/\/lapatriafutbolera.com.ar\/#website"},"datePublished":"2022-12-10T18:34:00+00:00","dateModified":"2022-12-10T21:41:31+00:00","breadcrumb":{"@id":"https:\/\/lapatriafutbolera.com.ar\/index.php\/2022\/12\/10\/la-iberia-completa-a-los-pies-de-los-moros\/#breadcrumb"},"inLanguage":"es-AR","potentialAction":[{"@type":"ReadAction","target":["https:\/\/lapatriafutbolera.com.ar\/index.php\/2022\/12\/10\/la-iberia-completa-a-los-pies-de-los-moros\/"]}]},{"@type":"BreadcrumbList","@id":"https:\/\/lapatriafutbolera.com.ar\/index.php\/2022\/12\/10\/la-iberia-completa-a-los-pies-de-los-moros\/#breadcrumb","itemListElement":[{"@type":"ListItem","position":1,"name":"Inicio","item":"https:\/\/lapatriafutbolera.com.ar\/"},{"@type":"ListItem","position":2,"name":"La Iberia completa, a los pies de los Moros"}]},{"@type":"WebSite","@id":"https:\/\/lapatriafutbolera.com.ar\/#website","url":"https:\/\/lapatriafutbolera.com.ar\/","name":"LA PATRIA FUTBOLERA","description":"","publisher":{"@id":"https:\/\/lapatriafutbolera.com.ar\/#organization"},"potentialAction":[{"@type":"SearchAction","target":{"@type":"EntryPoint","urlTemplate":"https:\/\/lapatriafutbolera.com.ar\/?s={search_term_string}"},"query-input":"required name=search_term_string"}],"inLanguage":"es-AR"},{"@type":"Organization","@id":"https:\/\/lapatriafutbolera.com.ar\/#organization","name":"LA PATRIA FUTBOLERA","url":"https:\/\/lapatriafutbolera.com.ar\/","sameAs":[],"logo":{"@type":"ImageObject","inLanguage":"es-AR","@id":"https:\/\/lapatriafutbolera.com.ar\/#\/schema\/logo\/image\/","url":"https:\/\/lapatriafutbolera.com.ar\/wp-content\/uploads\/2025\/03\/cropped-LA-PATRIA-14.jpg","contentUrl":"https:\/\/lapatriafutbolera.com.ar\/wp-content\/uploads\/2025\/03\/cropped-LA-PATRIA-14.jpg","width":1308,"height":221,"caption":"LA PATRIA FUTBOLERA"},"image":{"@id":"https:\/\/lapatriafutbolera.com.ar\/#\/schema\/logo\/image\/"}},{"@type":"Person","@id":"https:\/\/lapatriafutbolera.com.ar\/#\/schema\/person\/eb56fb3a7e76133611d5b2d9f706bd97","name":"Redacci\u00f3n LPF","image":{"@type":"ImageObject","inLanguage":"es-AR","@id":"https:\/\/lapatriafutbolera.com.ar\/#\/schema\/person\/image\/","url":"https:\/\/secure.gravatar.com\/avatar\/57dc12e3750972170624cd118ca21d4157841e9e7b211e6dfe7a00b61088d285?s=96&d=mm&r=g","contentUrl":"https:\/\/secure.gravatar.com\/avatar\/57dc12e3750972170624cd118ca21d4157841e9e7b211e6dfe7a00b61088d285?s=96&d=mm&r=g","caption":"Redacci\u00f3n LPF"},"sameAs":["http:\/\/lapatriafutbolera.com.ar"],"url":"https:\/\/lapatriafutbolera.com.ar\/index.php\/author\/redaccion-lpf\/"}]}},"_links":{"self":[{"href":"https:\/\/lapatriafutbolera.com.ar\/index.php\/wp-json\/wp\/v2\/posts\/1157","targetHints":{"allow":["GET"]}}],"collection":[{"href":"https:\/\/lapatriafutbolera.com.ar\/index.php\/wp-json\/wp\/v2\/posts"}],"about":[{"href":"https:\/\/lapatriafutbolera.com.ar\/index.php\/wp-json\/wp\/v2\/types\/post"}],"author":[{"embeddable":true,"href":"https:\/\/lapatriafutbolera.com.ar\/index.php\/wp-json\/wp\/v2\/users\/4"}],"replies":[{"embeddable":true,"href":"https:\/\/lapatriafutbolera.com.ar\/index.php\/wp-json\/wp\/v2\/comments?post=1157"}],"version-history":[{"count":2,"href":"https:\/\/lapatriafutbolera.com.ar\/index.php\/wp-json\/wp\/v2\/posts\/1157\/revisions"}],"predecessor-version":[{"id":1161,"href":"https:\/\/lapatriafutbolera.com.ar\/index.php\/wp-json\/wp\/v2\/posts\/1157\/revisions\/1161"}],"wp:featuredmedia":[{"embeddable":true,"href":"https:\/\/lapatriafutbolera.com.ar\/index.php\/wp-json\/wp\/v2\/media\/1158"}],"wp:attachment":[{"href":"https:\/\/lapatriafutbolera.com.ar\/index.php\/wp-json\/wp\/v2\/media?parent=1157"}],"wp:term":[{"taxonomy":"category","embeddable":true,"href":"https:\/\/lapatriafutbolera.com.ar\/index.php\/wp-json\/wp\/v2\/categories?post=1157"},{"taxonomy":"post_tag","embeddable":true,"href":"https:\/\/lapatriafutbolera.com.ar\/index.php\/wp-json\/wp\/v2\/tags?post=1157"}],"curies":[{"name":"wp","href":"https:\/\/api.w.org\/{rel}","templated":true}]}}