{"id":1216,"date":"2022-12-12T22:44:48","date_gmt":"2022-12-13T01:44:48","guid":{"rendered":"https:\/\/lapatriafutbolera.com.ar\/?p=1216"},"modified":"2022-12-12T22:47:29","modified_gmt":"2022-12-13T01:47:29","slug":"messi-y-que-las-plumas-pacatas-bufen","status":"publish","type":"post","link":"https:\/\/lapatriafutbolera.com.ar\/index.php\/2022\/12\/12\/messi-y-que-las-plumas-pacatas-bufen\/","title":{"rendered":"Y QUE LAS PLUMAS PACATAS BUFEN"},"content":{"rendered":"\n<p>Lionel Messi no necesita gambetear a seis jugadores, cuando millones de argentinos se llenaban de<br>tensi\u00f3n, de incertidumbre por el cero a cero con M\u00e9xico, ya en el segundo tiempo. Lio<br>recibe en tres cuartos de cancha y con un latigazo de zurda, vence la estirada-muy<br>buena- de Ochoa, la pelota besa la red del costado del palo izquierdo, y Lionel Messi es<br>la llave para abrir el partido, vencer al equipo del Tata Martino, y sumar tres puntos<br>clave.<br>Ya con los Pa\u00edses Bajos, recibe otra vez en tres cuartos, va hacia su derecha, y un pase<br>magistral, deja a Nahuel Molina en condiciones de abrir el partido, y el lateral cumple.<br>Luego con tiro suave, y usando la cintura, da gato por liebre al arquero, y de penal, en el<br>segundo tiempo, el mejor de los nuestros, marca el 2-0. Pero aqu\u00ed sucede lo disruptivo,<br>cuando retorna a la mitad de la cancha, tras el festejo, realiza un hermoso topo gigo,<br>riquelmeano, contra el banco de suplentes.<br>Recuerdo que ese gesto vi como lo realizaba Juan Rom\u00e1n Riquelme al ex presidente de<br>la Naci\u00f3n, y presidente de aquel entonces de Boca Juniors, Mauricio Macri. (8 de abril<br>de 2001, en el Supercl\u00e1sico Boca 3-River 0)<br>Pero volvamos, Messi se lo \u201cin your face\u201d a Edgar Davis, a Louis Van Gaal, y a todos<br>los suplentes holandeses. Parece que los gestos contra el poder, contra los que ejercen la<br>supremac\u00eda, los gestos fieros del sur para el norte, son el disgusto de los diarios<br>hegem\u00f3nicos, y de cierta opini\u00f3n p\u00fablica pacata que exige moderaci\u00f3n. De c\u00f3mo<br>semejante irreverencia, de c\u00f3mo el diez perdi\u00f3 la l\u00ednea, de gestos vulgares, y<br>bla\u2026bla\u2026bla. A prop\u00f3sito de eso hablar de vulgaridad en Messi, es bastante torpe,<br>errado, casi rid\u00edculo, por parte de la prensa.<br>Paso por estas l\u00edneas para decir que el Messi eficiente, que transforma en oro cualquier<br>acci\u00f3n de juego, lo conocemos, a m\u00ed me gust\u00f3 este, el del topo gigo, el que protesta, y el<br>que se anima a pelearse con un de los gigantes holandeses -Wut Weghorst-), el<br>irreverente que exclama, \u00a1And\u00e1 pa all\u00e1, \u00a1qu\u00e9 mir\u00e1s bobo! Me gusta que la periferia le<br>conteste al centro, y no se quede mudo. El mutismo de la correcci\u00f3n pol\u00edtica, nos hace<br>mucho da\u00f1o, los buenos modales que exigen los poderosos, es el acto de genuflexi\u00f3n,<br>que parece esperar la prensa argentina. El centro europeo puede bastardear, y nosotros<br>como caballeros sure\u00f1os darles la mano, esa es la mansedumbre que proponen. Pero,<br>Messi, les hizo el topo gigo y despu\u00e9s los pele\u00f3, no s\u00f3lo fue su zurda, sino su dimensi\u00f3n<br>maradoniana, no s\u00f3lo los goles concretos, sino lo simb\u00f3lico. Las plumas pacatas del<br>diario mitrista, critican, cuestionan, desde este lado festejamos al Messi que abandona la<br>mass\u00eda, y se mete en el barro, en la orilla rosarina, en el hondo bajo fondo donde todo se<br>subleva. All\u00ed aparece en toda su dimensi\u00f3n. Messi, el sublevado, y \u00a1que las plumas<br>pacatas bufen!<\/p>\n\n\n\n<p class=\"has-text-align-right\"><strong>MATIAS J. ESCOT. Quilme\u00f1o y futbolero. Docente en historia en escuelas p\u00fablicas y<br>privadas. Editor de Cultura del medio web Entre Nos Social Info.<\/strong><\/p>\n","protected":false},"excerpt":{"rendered":"<p>Lionel Messi no necesita gambetear a seis jugadores, cuando millones de argentinos se llenaban detensi\u00f3n,&#8230;<\/p>\n","protected":false},"author":12,"featured_media":1217,"comment_status":"open","ping_status":"open","sticky":false,"template":"","format":"standard","meta":{"footnotes":""},"categories":[91],"tags":[],"class_list":["post-1216","post","type-post","status-publish","format-standard","has-post-thumbnail","hentry","category-la-marca-del-profe"],"yoast_head":"<!-- This site is optimized with the Yoast SEO plugin v19.5.1 - https:\/\/yoast.com\/wordpress\/plugins\/seo\/ -->\n<title>Y QUE LAS PLUMAS PACATAS BUFEN - LA PATRIA FUTBOLERA<\/title>\n<meta name=\"robots\" content=\"index, follow, max-snippet:-1, max-image-preview:large, max-video-preview:-1\" \/>\n<link rel=\"canonical\" href=\"https:\/\/lapatriafutbolera.com.ar\/index.php\/2022\/12\/12\/messi-y-que-las-plumas-pacatas-bufen\/\" \/>\n<meta property=\"og:locale\" content=\"es_ES\" \/>\n<meta property=\"og:type\" content=\"article\" \/>\n<meta property=\"og:title\" content=\"Y QUE LAS PLUMAS PACATAS BUFEN - LA PATRIA FUTBOLERA\" \/>\n<meta property=\"og:description\" content=\"Lionel Messi no necesita gambetear a seis jugadores, cuando millones de argentinos se llenaban detensi\u00f3n,...\" \/>\n<meta property=\"og:url\" content=\"https:\/\/lapatriafutbolera.com.ar\/index.php\/2022\/12\/12\/messi-y-que-las-plumas-pacatas-bufen\/\" \/>\n<meta property=\"og:site_name\" content=\"LA PATRIA FUTBOLERA\" \/>\n<meta property=\"article:published_time\" content=\"2022-12-13T01:44:48+00:00\" \/>\n<meta property=\"article:modified_time\" content=\"2022-12-13T01:47:29+00:00\" \/>\n<meta property=\"og:image\" content=\"https:\/\/lapatriafutbolera.com.ar\/wp-content\/uploads\/2022\/12\/01gkyd2gtnngtxkn10fg.webp\" \/>\n\t<meta property=\"og:image:width\" content=\"720\" \/>\n\t<meta property=\"og:image:height\" content=\"405\" \/>\n\t<meta property=\"og:image:type\" content=\"image\/webp\" \/>\n<meta name=\"author\" content=\"Matias Escot\" \/>\n<meta name=\"twitter:card\" content=\"summary_large_image\" \/>\n<meta name=\"twitter:label1\" content=\"Escrito por\" \/>\n\t<meta name=\"twitter:data1\" content=\"Matias Escot\" \/>\n\t<meta name=\"twitter:label2\" content=\"Tiempo de lectura\" \/>\n\t<meta name=\"twitter:data2\" content=\"3 minutos\" \/>\n<script type=\"application\/ld+json\" class=\"yoast-schema-graph\">{\"@context\":\"https:\/\/schema.org\",\"@graph\":[{\"@type\":\"Article\",\"@id\":\"https:\/\/lapatriafutbolera.com.ar\/index.php\/2022\/12\/12\/messi-y-que-las-plumas-pacatas-bufen\/#article\",\"isPartOf\":{\"@id\":\"https:\/\/lapatriafutbolera.com.ar\/index.php\/2022\/12\/12\/messi-y-que-las-plumas-pacatas-bufen\/\"},\"author\":{\"name\":\"Matias Escot\",\"@id\":\"https:\/\/lapatriafutbolera.com.ar\/#\/schema\/person\/3c39a26febb944329ac80ec94c65d0e6\"},\"headline\":\"Y QUE LAS PLUMAS PACATAS BUFEN\",\"datePublished\":\"2022-12-13T01:44:48+00:00\",\"dateModified\":\"2022-12-13T01:47:29+00:00\",\"mainEntityOfPage\":{\"@id\":\"https:\/\/lapatriafutbolera.com.ar\/index.php\/2022\/12\/12\/messi-y-que-las-plumas-pacatas-bufen\/\"},\"wordCount\":535,\"commentCount\":0,\"publisher\":{\"@id\":\"https:\/\/lapatriafutbolera.com.ar\/#organization\"},\"articleSection\":[\"La marca del Profe\"],\"inLanguage\":\"es-AR\",\"potentialAction\":[{\"@type\":\"CommentAction\",\"name\":\"Comment\",\"target\":[\"https:\/\/lapatriafutbolera.com.ar\/index.php\/2022\/12\/12\/messi-y-que-las-plumas-pacatas-bufen\/#respond\"]}]},{\"@type\":\"WebPage\",\"@id\":\"https:\/\/lapatriafutbolera.com.ar\/index.php\/2022\/12\/12\/messi-y-que-las-plumas-pacatas-bufen\/\",\"url\":\"https:\/\/lapatriafutbolera.com.ar\/index.php\/2022\/12\/12\/messi-y-que-las-plumas-pacatas-bufen\/\",\"name\":\"Y QUE LAS PLUMAS PACATAS BUFEN - LA PATRIA FUTBOLERA\",\"isPartOf\":{\"@id\":\"https:\/\/lapatriafutbolera.com.ar\/#website\"},\"datePublished\":\"2022-12-13T01:44:48+00:00\",\"dateModified\":\"2022-12-13T01:47:29+00:00\",\"breadcrumb\":{\"@id\":\"https:\/\/lapatriafutbolera.com.ar\/index.php\/2022\/12\/12\/messi-y-que-las-plumas-pacatas-bufen\/#breadcrumb\"},\"inLanguage\":\"es-AR\",\"potentialAction\":[{\"@type\":\"ReadAction\",\"target\":[\"https:\/\/lapatriafutbolera.com.ar\/index.php\/2022\/12\/12\/messi-y-que-las-plumas-pacatas-bufen\/\"]}]},{\"@type\":\"BreadcrumbList\",\"@id\":\"https:\/\/lapatriafutbolera.com.ar\/index.php\/2022\/12\/12\/messi-y-que-las-plumas-pacatas-bufen\/#breadcrumb\",\"itemListElement\":[{\"@type\":\"ListItem\",\"position\":1,\"name\":\"Inicio\",\"item\":\"https:\/\/lapatriafutbolera.com.ar\/\"},{\"@type\":\"ListItem\",\"position\":2,\"name\":\"Y QUE LAS PLUMAS PACATAS BUFEN\"}]},{\"@type\":\"WebSite\",\"@id\":\"https:\/\/lapatriafutbolera.com.ar\/#website\",\"url\":\"https:\/\/lapatriafutbolera.com.ar\/\",\"name\":\"LA PATRIA FUTBOLERA\",\"description\":\"\",\"publisher\":{\"@id\":\"https:\/\/lapatriafutbolera.com.ar\/#organization\"},\"potentialAction\":[{\"@type\":\"SearchAction\",\"target\":{\"@type\":\"EntryPoint\",\"urlTemplate\":\"https:\/\/lapatriafutbolera.com.ar\/?s={search_term_string}\"},\"query-input\":\"required name=search_term_string\"}],\"inLanguage\":\"es-AR\"},{\"@type\":\"Organization\",\"@id\":\"https:\/\/lapatriafutbolera.com.ar\/#organization\",\"name\":\"LA PATRIA FUTBOLERA\",\"url\":\"https:\/\/lapatriafutbolera.com.ar\/\",\"sameAs\":[],\"logo\":{\"@type\":\"ImageObject\",\"inLanguage\":\"es-AR\",\"@id\":\"https:\/\/lapatriafutbolera.com.ar\/#\/schema\/logo\/image\/\",\"url\":\"https:\/\/lapatriafutbolera.com.ar\/wp-content\/uploads\/2025\/03\/cropped-LA-PATRIA-14.jpg\",\"contentUrl\":\"https:\/\/lapatriafutbolera.com.ar\/wp-content\/uploads\/2025\/03\/cropped-LA-PATRIA-14.jpg\",\"width\":1308,\"height\":221,\"caption\":\"LA PATRIA FUTBOLERA\"},\"image\":{\"@id\":\"https:\/\/lapatriafutbolera.com.ar\/#\/schema\/logo\/image\/\"}},{\"@type\":\"Person\",\"@id\":\"https:\/\/lapatriafutbolera.com.ar\/#\/schema\/person\/3c39a26febb944329ac80ec94c65d0e6\",\"name\":\"Matias Escot\",\"image\":{\"@type\":\"ImageObject\",\"inLanguage\":\"es-AR\",\"@id\":\"https:\/\/lapatriafutbolera.com.ar\/#\/schema\/person\/image\/\",\"url\":\"https:\/\/secure.gravatar.com\/avatar\/1c16baa80adf514da197ab68b1208a3be00bd75d156eed0c0567e9e883608025?s=96&d=mm&r=g\",\"contentUrl\":\"https:\/\/secure.gravatar.com\/avatar\/1c16baa80adf514da197ab68b1208a3be00bd75d156eed0c0567e9e883608025?s=96&d=mm&r=g\",\"caption\":\"Matias Escot\"},\"url\":\"https:\/\/lapatriafutbolera.com.ar\/index.php\/author\/matias-escot\/\"}]}<\/script>\n<!-- \/ Yoast SEO plugin. -->","yoast_head_json":{"title":"Y QUE LAS PLUMAS PACATAS BUFEN - LA PATRIA FUTBOLERA","robots":{"index":"index","follow":"follow","max-snippet":"max-snippet:-1","max-image-preview":"max-image-preview:large","max-video-preview":"max-video-preview:-1"},"canonical":"https:\/\/lapatriafutbolera.com.ar\/index.php\/2022\/12\/12\/messi-y-que-las-plumas-pacatas-bufen\/","og_locale":"es_ES","og_type":"article","og_title":"Y QUE LAS PLUMAS PACATAS BUFEN - LA PATRIA FUTBOLERA","og_description":"Lionel Messi no necesita gambetear a seis jugadores, cuando millones de argentinos se llenaban detensi\u00f3n,...","og_url":"https:\/\/lapatriafutbolera.com.ar\/index.php\/2022\/12\/12\/messi-y-que-las-plumas-pacatas-bufen\/","og_site_name":"LA PATRIA FUTBOLERA","article_published_time":"2022-12-13T01:44:48+00:00","article_modified_time":"2022-12-13T01:47:29+00:00","og_image":[{"width":720,"height":405,"url":"https:\/\/lapatriafutbolera.com.ar\/wp-content\/uploads\/2022\/12\/01gkyd2gtnngtxkn10fg.webp","type":"image\/webp"}],"author":"Matias Escot","twitter_card":"summary_large_image","twitter_misc":{"Escrito por":"Matias Escot","Tiempo de lectura":"3 minutos"},"schema":{"@context":"https:\/\/schema.org","@graph":[{"@type":"Article","@id":"https:\/\/lapatriafutbolera.com.ar\/index.php\/2022\/12\/12\/messi-y-que-las-plumas-pacatas-bufen\/#article","isPartOf":{"@id":"https:\/\/lapatriafutbolera.com.ar\/index.php\/2022\/12\/12\/messi-y-que-las-plumas-pacatas-bufen\/"},"author":{"name":"Matias Escot","@id":"https:\/\/lapatriafutbolera.com.ar\/#\/schema\/person\/3c39a26febb944329ac80ec94c65d0e6"},"headline":"Y QUE LAS PLUMAS PACATAS BUFEN","datePublished":"2022-12-13T01:44:48+00:00","dateModified":"2022-12-13T01:47:29+00:00","mainEntityOfPage":{"@id":"https:\/\/lapatriafutbolera.com.ar\/index.php\/2022\/12\/12\/messi-y-que-las-plumas-pacatas-bufen\/"},"wordCount":535,"commentCount":0,"publisher":{"@id":"https:\/\/lapatriafutbolera.com.ar\/#organization"},"articleSection":["La marca del Profe"],"inLanguage":"es-AR","potentialAction":[{"@type":"CommentAction","name":"Comment","target":["https:\/\/lapatriafutbolera.com.ar\/index.php\/2022\/12\/12\/messi-y-que-las-plumas-pacatas-bufen\/#respond"]}]},{"@type":"WebPage","@id":"https:\/\/lapatriafutbolera.com.ar\/index.php\/2022\/12\/12\/messi-y-que-las-plumas-pacatas-bufen\/","url":"https:\/\/lapatriafutbolera.com.ar\/index.php\/2022\/12\/12\/messi-y-que-las-plumas-pacatas-bufen\/","name":"Y QUE LAS PLUMAS PACATAS BUFEN - LA PATRIA FUTBOLERA","isPartOf":{"@id":"https:\/\/lapatriafutbolera.com.ar\/#website"},"datePublished":"2022-12-13T01:44:48+00:00","dateModified":"2022-12-13T01:47:29+00:00","breadcrumb":{"@id":"https:\/\/lapatriafutbolera.com.ar\/index.php\/2022\/12\/12\/messi-y-que-las-plumas-pacatas-bufen\/#breadcrumb"},"inLanguage":"es-AR","potentialAction":[{"@type":"ReadAction","target":["https:\/\/lapatriafutbolera.com.ar\/index.php\/2022\/12\/12\/messi-y-que-las-plumas-pacatas-bufen\/"]}]},{"@type":"BreadcrumbList","@id":"https:\/\/lapatriafutbolera.com.ar\/index.php\/2022\/12\/12\/messi-y-que-las-plumas-pacatas-bufen\/#breadcrumb","itemListElement":[{"@type":"ListItem","position":1,"name":"Inicio","item":"https:\/\/lapatriafutbolera.com.ar\/"},{"@type":"ListItem","position":2,"name":"Y QUE LAS PLUMAS PACATAS BUFEN"}]},{"@type":"WebSite","@id":"https:\/\/lapatriafutbolera.com.ar\/#website","url":"https:\/\/lapatriafutbolera.com.ar\/","name":"LA PATRIA FUTBOLERA","description":"","publisher":{"@id":"https:\/\/lapatriafutbolera.com.ar\/#organization"},"potentialAction":[{"@type":"SearchAction","target":{"@type":"EntryPoint","urlTemplate":"https:\/\/lapatriafutbolera.com.ar\/?s={search_term_string}"},"query-input":"required name=search_term_string"}],"inLanguage":"es-AR"},{"@type":"Organization","@id":"https:\/\/lapatriafutbolera.com.ar\/#organization","name":"LA PATRIA FUTBOLERA","url":"https:\/\/lapatriafutbolera.com.ar\/","sameAs":[],"logo":{"@type":"ImageObject","inLanguage":"es-AR","@id":"https:\/\/lapatriafutbolera.com.ar\/#\/schema\/logo\/image\/","url":"https:\/\/lapatriafutbolera.com.ar\/wp-content\/uploads\/2025\/03\/cropped-LA-PATRIA-14.jpg","contentUrl":"https:\/\/lapatriafutbolera.com.ar\/wp-content\/uploads\/2025\/03\/cropped-LA-PATRIA-14.jpg","width":1308,"height":221,"caption":"LA PATRIA FUTBOLERA"},"image":{"@id":"https:\/\/lapatriafutbolera.com.ar\/#\/schema\/logo\/image\/"}},{"@type":"Person","@id":"https:\/\/lapatriafutbolera.com.ar\/#\/schema\/person\/3c39a26febb944329ac80ec94c65d0e6","name":"Matias Escot","image":{"@type":"ImageObject","inLanguage":"es-AR","@id":"https:\/\/lapatriafutbolera.com.ar\/#\/schema\/person\/image\/","url":"https:\/\/secure.gravatar.com\/avatar\/1c16baa80adf514da197ab68b1208a3be00bd75d156eed0c0567e9e883608025?s=96&d=mm&r=g","contentUrl":"https:\/\/secure.gravatar.com\/avatar\/1c16baa80adf514da197ab68b1208a3be00bd75d156eed0c0567e9e883608025?s=96&d=mm&r=g","caption":"Matias Escot"},"url":"https:\/\/lapatriafutbolera.com.ar\/index.php\/author\/matias-escot\/"}]}},"_links":{"self":[{"href":"https:\/\/lapatriafutbolera.com.ar\/index.php\/wp-json\/wp\/v2\/posts\/1216","targetHints":{"allow":["GET"]}}],"collection":[{"href":"https:\/\/lapatriafutbolera.com.ar\/index.php\/wp-json\/wp\/v2\/posts"}],"about":[{"href":"https:\/\/lapatriafutbolera.com.ar\/index.php\/wp-json\/wp\/v2\/types\/post"}],"author":[{"embeddable":true,"href":"https:\/\/lapatriafutbolera.com.ar\/index.php\/wp-json\/wp\/v2\/users\/12"}],"replies":[{"embeddable":true,"href":"https:\/\/lapatriafutbolera.com.ar\/index.php\/wp-json\/wp\/v2\/comments?post=1216"}],"version-history":[{"count":2,"href":"https:\/\/lapatriafutbolera.com.ar\/index.php\/wp-json\/wp\/v2\/posts\/1216\/revisions"}],"predecessor-version":[{"id":1219,"href":"https:\/\/lapatriafutbolera.com.ar\/index.php\/wp-json\/wp\/v2\/posts\/1216\/revisions\/1219"}],"wp:featuredmedia":[{"embeddable":true,"href":"https:\/\/lapatriafutbolera.com.ar\/index.php\/wp-json\/wp\/v2\/media\/1217"}],"wp:attachment":[{"href":"https:\/\/lapatriafutbolera.com.ar\/index.php\/wp-json\/wp\/v2\/media?parent=1216"}],"wp:term":[{"taxonomy":"category","embeddable":true,"href":"https:\/\/lapatriafutbolera.com.ar\/index.php\/wp-json\/wp\/v2\/categories?post=1216"},{"taxonomy":"post_tag","embeddable":true,"href":"https:\/\/lapatriafutbolera.com.ar\/index.php\/wp-json\/wp\/v2\/tags?post=1216"}],"curies":[{"name":"wp","href":"https:\/\/api.w.org\/{rel}","templated":true}]}}