{"id":1263,"date":"2022-12-17T08:25:29","date_gmt":"2022-12-17T11:25:29","guid":{"rendered":"https:\/\/lapatriafutbolera.com.ar\/?p=1263"},"modified":"2022-12-17T08:25:29","modified_gmt":"2022-12-17T11:25:29","slug":"como-le-ganamos-a-francia-2","status":"publish","type":"post","link":"https:\/\/lapatriafutbolera.com.ar\/index.php\/2022\/12\/17\/como-le-ganamos-a-francia-2\/","title":{"rendered":"COMO LE GANAMOS A FRANCIA 2"},"content":{"rendered":"\n<p>No se qu\u00e9 cuernos toque y se borr\u00f3 el posteo este. Como en el fondo pas\u00f3 a ser una c\u00e1bala no vaya a ser cosa que juegue en contra y por eso lo vuelvo a publicar.<\/p>\n\n\n\n<p>Ellos tienen a Maurice Chevallier, nosotros a La Estrella, una luz azul en el camino.<\/p>\n\n\n\n<p>Ellos tienen a Balzac , nosotros a Balsa y a Balseiro.<\/p>\n\n\n\n<p><a><\/a>Ellos tienen a Sartre nosotros a Sastre y Zorrilla,<\/p>\n\n\n\n<p>Ellos tienen a la Piaf, nosotros la pifiamos seguido.<\/p>\n\n\n\n<p>Ellos tienen a Macr\u00f3n y nosotros a coso. No se que es peor.<\/p>\n\n\n\n<p>Ellos tienen a Montesquieu, nosotros a Monte Cudine para todos,<\/p>\n\n\n\n<p>Ellos tienen a Christine Lagarde y nosotros a Cristina que es Gardel-<\/p>\n\n\n\n<p>Ellos tienen una Fontainebleu, nosotros tenemos un Fontanarrosa.<\/p>\n\n\n\n<p>Ellos tienen a Alain Delon y nosotros a Noem\u00ed Alan<\/p>\n\n\n\n<p>Ellos tienen el Museo de los impresionistas y a nosotros ya no nos impresiona nada,<\/p>\n\n\n\n<p>Ellos tienen a Mbapp\u00e9 pero a Messi lo tenemos nosotros.<\/p>\n\n\n\n<p>Ya est\u00e1; el domingo ganamos.<\/p>\n","protected":false},"excerpt":{"rendered":"<p>No se qu\u00e9 cuernos toque y se borr\u00f3 el posteo este. Como en el fondo&#8230;<\/p>\n","protected":false},"author":9,"featured_media":1265,"comment_status":"open","ping_status":"open","sticky":false,"template":"","format":"standard","meta":{"footnotes":""},"categories":[39,43,84],"tags":[],"class_list":["post-1263","post","type-post","status-publish","format-standard","has-post-thumbnail","hentry","category-argentina","category-francia","category-las-cronicas-del-nene-desde-qatar"],"yoast_head":"<!-- This site is optimized with the Yoast SEO plugin v19.5.1 - https:\/\/yoast.com\/wordpress\/plugins\/seo\/ -->\n<title>COMO LE GANAMOS A FRANCIA 2 - LA PATRIA FUTBOLERA<\/title>\n<meta name=\"robots\" content=\"index, follow, max-snippet:-1, max-image-preview:large, max-video-preview:-1\" \/>\n<link rel=\"canonical\" href=\"https:\/\/lapatriafutbolera.com.ar\/index.php\/2022\/12\/17\/como-le-ganamos-a-francia-2\/\" \/>\n<meta property=\"og:locale\" content=\"es_ES\" \/>\n<meta property=\"og:type\" content=\"article\" \/>\n<meta property=\"og:title\" content=\"COMO LE GANAMOS A FRANCIA 2 - LA PATRIA FUTBOLERA\" \/>\n<meta property=\"og:description\" content=\"No se qu\u00e9 cuernos toque y se borr\u00f3 el posteo este. Como en el fondo...\" \/>\n<meta property=\"og:url\" content=\"https:\/\/lapatriafutbolera.com.ar\/index.php\/2022\/12\/17\/como-le-ganamos-a-francia-2\/\" \/>\n<meta property=\"og:site_name\" content=\"LA PATRIA FUTBOLERA\" \/>\n<meta property=\"article:published_time\" content=\"2022-12-17T11:25:29+00:00\" \/>\n<meta property=\"og:image\" content=\"https:\/\/lapatriafutbolera.com.ar\/wp-content\/uploads\/2022\/12\/mbappe-messi-celebran-gol-mundial-qatar-2022_98webp.webp\" \/>\n\t<meta property=\"og:image:width\" content=\"730\" \/>\n\t<meta property=\"og:image:height\" content=\"410\" \/>\n\t<meta property=\"og:image:type\" content=\"image\/webp\" \/>\n<meta name=\"author\" content=\"Juan Jose Panno\" \/>\n<meta name=\"twitter:card\" content=\"summary_large_image\" \/>\n<meta name=\"twitter:label1\" content=\"Escrito por\" \/>\n\t<meta name=\"twitter:data1\" content=\"Juan Jose Panno\" \/>\n\t<meta name=\"twitter:label2\" content=\"Tiempo de lectura\" \/>\n\t<meta name=\"twitter:data2\" content=\"1 minuto\" \/>\n<script type=\"application\/ld+json\" class=\"yoast-schema-graph\">{\"@context\":\"https:\/\/schema.org\",\"@graph\":[{\"@type\":\"Article\",\"@id\":\"https:\/\/lapatriafutbolera.com.ar\/index.php\/2022\/12\/17\/como-le-ganamos-a-francia-2\/#article\",\"isPartOf\":{\"@id\":\"https:\/\/lapatriafutbolera.com.ar\/index.php\/2022\/12\/17\/como-le-ganamos-a-francia-2\/\"},\"author\":{\"name\":\"Juan Jose Panno\",\"@id\":\"https:\/\/lapatriafutbolera.com.ar\/#\/schema\/person\/1fe19fe5c50a79cff526bcf23c95dcd8\"},\"headline\":\"COMO LE GANAMOS A FRANCIA 2\",\"datePublished\":\"2022-12-17T11:25:29+00:00\",\"dateModified\":\"2022-12-17T11:25:29+00:00\",\"mainEntityOfPage\":{\"@id\":\"https:\/\/lapatriafutbolera.com.ar\/index.php\/2022\/12\/17\/como-le-ganamos-a-francia-2\/\"},\"wordCount\":169,\"commentCount\":0,\"publisher\":{\"@id\":\"https:\/\/lapatriafutbolera.com.ar\/#organization\"},\"articleSection\":[\"Argentina\",\"Francia\",\"Las Cronicas del Nene\"],\"inLanguage\":\"es-AR\",\"potentialAction\":[{\"@type\":\"CommentAction\",\"name\":\"Comment\",\"target\":[\"https:\/\/lapatriafutbolera.com.ar\/index.php\/2022\/12\/17\/como-le-ganamos-a-francia-2\/#respond\"]}]},{\"@type\":\"WebPage\",\"@id\":\"https:\/\/lapatriafutbolera.com.ar\/index.php\/2022\/12\/17\/como-le-ganamos-a-francia-2\/\",\"url\":\"https:\/\/lapatriafutbolera.com.ar\/index.php\/2022\/12\/17\/como-le-ganamos-a-francia-2\/\",\"name\":\"COMO LE GANAMOS A FRANCIA 2 - LA PATRIA FUTBOLERA\",\"isPartOf\":{\"@id\":\"https:\/\/lapatriafutbolera.com.ar\/#website\"},\"datePublished\":\"2022-12-17T11:25:29+00:00\",\"dateModified\":\"2022-12-17T11:25:29+00:00\",\"breadcrumb\":{\"@id\":\"https:\/\/lapatriafutbolera.com.ar\/index.php\/2022\/12\/17\/como-le-ganamos-a-francia-2\/#breadcrumb\"},\"inLanguage\":\"es-AR\",\"potentialAction\":[{\"@type\":\"ReadAction\",\"target\":[\"https:\/\/lapatriafutbolera.com.ar\/index.php\/2022\/12\/17\/como-le-ganamos-a-francia-2\/\"]}]},{\"@type\":\"BreadcrumbList\",\"@id\":\"https:\/\/lapatriafutbolera.com.ar\/index.php\/2022\/12\/17\/como-le-ganamos-a-francia-2\/#breadcrumb\",\"itemListElement\":[{\"@type\":\"ListItem\",\"position\":1,\"name\":\"Inicio\",\"item\":\"https:\/\/lapatriafutbolera.com.ar\/\"},{\"@type\":\"ListItem\",\"position\":2,\"name\":\"COMO LE GANAMOS A FRANCIA 2\"}]},{\"@type\":\"WebSite\",\"@id\":\"https:\/\/lapatriafutbolera.com.ar\/#website\",\"url\":\"https:\/\/lapatriafutbolera.com.ar\/\",\"name\":\"LA PATRIA FUTBOLERA\",\"description\":\"\",\"publisher\":{\"@id\":\"https:\/\/lapatriafutbolera.com.ar\/#organization\"},\"potentialAction\":[{\"@type\":\"SearchAction\",\"target\":{\"@type\":\"EntryPoint\",\"urlTemplate\":\"https:\/\/lapatriafutbolera.com.ar\/?s={search_term_string}\"},\"query-input\":\"required name=search_term_string\"}],\"inLanguage\":\"es-AR\"},{\"@type\":\"Organization\",\"@id\":\"https:\/\/lapatriafutbolera.com.ar\/#organization\",\"name\":\"LA PATRIA FUTBOLERA\",\"url\":\"https:\/\/lapatriafutbolera.com.ar\/\",\"sameAs\":[],\"logo\":{\"@type\":\"ImageObject\",\"inLanguage\":\"es-AR\",\"@id\":\"https:\/\/lapatriafutbolera.com.ar\/#\/schema\/logo\/image\/\",\"url\":\"https:\/\/lapatriafutbolera.com.ar\/wp-content\/uploads\/2025\/03\/cropped-LA-PATRIA-14.jpg\",\"contentUrl\":\"https:\/\/lapatriafutbolera.com.ar\/wp-content\/uploads\/2025\/03\/cropped-LA-PATRIA-14.jpg\",\"width\":1308,\"height\":221,\"caption\":\"LA PATRIA FUTBOLERA\"},\"image\":{\"@id\":\"https:\/\/lapatriafutbolera.com.ar\/#\/schema\/logo\/image\/\"}},{\"@type\":\"Person\",\"@id\":\"https:\/\/lapatriafutbolera.com.ar\/#\/schema\/person\/1fe19fe5c50a79cff526bcf23c95dcd8\",\"name\":\"Juan Jose Panno\",\"image\":{\"@type\":\"ImageObject\",\"inLanguage\":\"es-AR\",\"@id\":\"https:\/\/lapatriafutbolera.com.ar\/#\/schema\/person\/image\/\",\"url\":\"https:\/\/secure.gravatar.com\/avatar\/27ffd133e27f2e5535beeb1814fc1aafb62206dcf0250a0e8c473aad488d86d9?s=96&d=mm&r=g\",\"contentUrl\":\"https:\/\/secure.gravatar.com\/avatar\/27ffd133e27f2e5535beeb1814fc1aafb62206dcf0250a0e8c473aad488d86d9?s=96&d=mm&r=g\",\"caption\":\"Juan Jose Panno\"},\"url\":\"https:\/\/lapatriafutbolera.com.ar\/index.php\/author\/juan-jose-panno\/\"}]}<\/script>\n<!-- \/ Yoast SEO plugin. -->","yoast_head_json":{"title":"COMO LE GANAMOS A FRANCIA 2 - LA PATRIA FUTBOLERA","robots":{"index":"index","follow":"follow","max-snippet":"max-snippet:-1","max-image-preview":"max-image-preview:large","max-video-preview":"max-video-preview:-1"},"canonical":"https:\/\/lapatriafutbolera.com.ar\/index.php\/2022\/12\/17\/como-le-ganamos-a-francia-2\/","og_locale":"es_ES","og_type":"article","og_title":"COMO LE GANAMOS A FRANCIA 2 - LA PATRIA FUTBOLERA","og_description":"No se qu\u00e9 cuernos toque y se borr\u00f3 el posteo este. Como en el fondo...","og_url":"https:\/\/lapatriafutbolera.com.ar\/index.php\/2022\/12\/17\/como-le-ganamos-a-francia-2\/","og_site_name":"LA PATRIA FUTBOLERA","article_published_time":"2022-12-17T11:25:29+00:00","og_image":[{"width":730,"height":410,"url":"https:\/\/lapatriafutbolera.com.ar\/wp-content\/uploads\/2022\/12\/mbappe-messi-celebran-gol-mundial-qatar-2022_98webp.webp","type":"image\/webp"}],"author":"Juan Jose Panno","twitter_card":"summary_large_image","twitter_misc":{"Escrito por":"Juan Jose Panno","Tiempo de lectura":"1 minuto"},"schema":{"@context":"https:\/\/schema.org","@graph":[{"@type":"Article","@id":"https:\/\/lapatriafutbolera.com.ar\/index.php\/2022\/12\/17\/como-le-ganamos-a-francia-2\/#article","isPartOf":{"@id":"https:\/\/lapatriafutbolera.com.ar\/index.php\/2022\/12\/17\/como-le-ganamos-a-francia-2\/"},"author":{"name":"Juan Jose Panno","@id":"https:\/\/lapatriafutbolera.com.ar\/#\/schema\/person\/1fe19fe5c50a79cff526bcf23c95dcd8"},"headline":"COMO LE GANAMOS A FRANCIA 2","datePublished":"2022-12-17T11:25:29+00:00","dateModified":"2022-12-17T11:25:29+00:00","mainEntityOfPage":{"@id":"https:\/\/lapatriafutbolera.com.ar\/index.php\/2022\/12\/17\/como-le-ganamos-a-francia-2\/"},"wordCount":169,"commentCount":0,"publisher":{"@id":"https:\/\/lapatriafutbolera.com.ar\/#organization"},"articleSection":["Argentina","Francia","Las Cronicas del Nene"],"inLanguage":"es-AR","potentialAction":[{"@type":"CommentAction","name":"Comment","target":["https:\/\/lapatriafutbolera.com.ar\/index.php\/2022\/12\/17\/como-le-ganamos-a-francia-2\/#respond"]}]},{"@type":"WebPage","@id":"https:\/\/lapatriafutbolera.com.ar\/index.php\/2022\/12\/17\/como-le-ganamos-a-francia-2\/","url":"https:\/\/lapatriafutbolera.com.ar\/index.php\/2022\/12\/17\/como-le-ganamos-a-francia-2\/","name":"COMO LE GANAMOS A FRANCIA 2 - LA PATRIA FUTBOLERA","isPartOf":{"@id":"https:\/\/lapatriafutbolera.com.ar\/#website"},"datePublished":"2022-12-17T11:25:29+00:00","dateModified":"2022-12-17T11:25:29+00:00","breadcrumb":{"@id":"https:\/\/lapatriafutbolera.com.ar\/index.php\/2022\/12\/17\/como-le-ganamos-a-francia-2\/#breadcrumb"},"inLanguage":"es-AR","potentialAction":[{"@type":"ReadAction","target":["https:\/\/lapatriafutbolera.com.ar\/index.php\/2022\/12\/17\/como-le-ganamos-a-francia-2\/"]}]},{"@type":"BreadcrumbList","@id":"https:\/\/lapatriafutbolera.com.ar\/index.php\/2022\/12\/17\/como-le-ganamos-a-francia-2\/#breadcrumb","itemListElement":[{"@type":"ListItem","position":1,"name":"Inicio","item":"https:\/\/lapatriafutbolera.com.ar\/"},{"@type":"ListItem","position":2,"name":"COMO LE GANAMOS A FRANCIA 2"}]},{"@type":"WebSite","@id":"https:\/\/lapatriafutbolera.com.ar\/#website","url":"https:\/\/lapatriafutbolera.com.ar\/","name":"LA PATRIA FUTBOLERA","description":"","publisher":{"@id":"https:\/\/lapatriafutbolera.com.ar\/#organization"},"potentialAction":[{"@type":"SearchAction","target":{"@type":"EntryPoint","urlTemplate":"https:\/\/lapatriafutbolera.com.ar\/?s={search_term_string}"},"query-input":"required name=search_term_string"}],"inLanguage":"es-AR"},{"@type":"Organization","@id":"https:\/\/lapatriafutbolera.com.ar\/#organization","name":"LA PATRIA FUTBOLERA","url":"https:\/\/lapatriafutbolera.com.ar\/","sameAs":[],"logo":{"@type":"ImageObject","inLanguage":"es-AR","@id":"https:\/\/lapatriafutbolera.com.ar\/#\/schema\/logo\/image\/","url":"https:\/\/lapatriafutbolera.com.ar\/wp-content\/uploads\/2025\/03\/cropped-LA-PATRIA-14.jpg","contentUrl":"https:\/\/lapatriafutbolera.com.ar\/wp-content\/uploads\/2025\/03\/cropped-LA-PATRIA-14.jpg","width":1308,"height":221,"caption":"LA PATRIA FUTBOLERA"},"image":{"@id":"https:\/\/lapatriafutbolera.com.ar\/#\/schema\/logo\/image\/"}},{"@type":"Person","@id":"https:\/\/lapatriafutbolera.com.ar\/#\/schema\/person\/1fe19fe5c50a79cff526bcf23c95dcd8","name":"Juan Jose Panno","image":{"@type":"ImageObject","inLanguage":"es-AR","@id":"https:\/\/lapatriafutbolera.com.ar\/#\/schema\/person\/image\/","url":"https:\/\/secure.gravatar.com\/avatar\/27ffd133e27f2e5535beeb1814fc1aafb62206dcf0250a0e8c473aad488d86d9?s=96&d=mm&r=g","contentUrl":"https:\/\/secure.gravatar.com\/avatar\/27ffd133e27f2e5535beeb1814fc1aafb62206dcf0250a0e8c473aad488d86d9?s=96&d=mm&r=g","caption":"Juan Jose Panno"},"url":"https:\/\/lapatriafutbolera.com.ar\/index.php\/author\/juan-jose-panno\/"}]}},"_links":{"self":[{"href":"https:\/\/lapatriafutbolera.com.ar\/index.php\/wp-json\/wp\/v2\/posts\/1263","targetHints":{"allow":["GET"]}}],"collection":[{"href":"https:\/\/lapatriafutbolera.com.ar\/index.php\/wp-json\/wp\/v2\/posts"}],"about":[{"href":"https:\/\/lapatriafutbolera.com.ar\/index.php\/wp-json\/wp\/v2\/types\/post"}],"author":[{"embeddable":true,"href":"https:\/\/lapatriafutbolera.com.ar\/index.php\/wp-json\/wp\/v2\/users\/9"}],"replies":[{"embeddable":true,"href":"https:\/\/lapatriafutbolera.com.ar\/index.php\/wp-json\/wp\/v2\/comments?post=1263"}],"version-history":[{"count":1,"href":"https:\/\/lapatriafutbolera.com.ar\/index.php\/wp-json\/wp\/v2\/posts\/1263\/revisions"}],"predecessor-version":[{"id":1266,"href":"https:\/\/lapatriafutbolera.com.ar\/index.php\/wp-json\/wp\/v2\/posts\/1263\/revisions\/1266"}],"wp:featuredmedia":[{"embeddable":true,"href":"https:\/\/lapatriafutbolera.com.ar\/index.php\/wp-json\/wp\/v2\/media\/1265"}],"wp:attachment":[{"href":"https:\/\/lapatriafutbolera.com.ar\/index.php\/wp-json\/wp\/v2\/media?parent=1263"}],"wp:term":[{"taxonomy":"category","embeddable":true,"href":"https:\/\/lapatriafutbolera.com.ar\/index.php\/wp-json\/wp\/v2\/categories?post=1263"},{"taxonomy":"post_tag","embeddable":true,"href":"https:\/\/lapatriafutbolera.com.ar\/index.php\/wp-json\/wp\/v2\/tags?post=1263"}],"curies":[{"name":"wp","href":"https:\/\/api.w.org\/{rel}","templated":true}]}}