{"id":1278,"date":"2022-12-18T08:00:00","date_gmt":"2022-12-18T11:00:00","guid":{"rendered":"https:\/\/lapatriafutbolera.com.ar\/?p=1278"},"modified":"2022-12-18T09:44:25","modified_gmt":"2022-12-18T12:44:25","slug":"en-busca-de-un-tercer-triunfo-que-nos-de-la-tercera","status":"publish","type":"post","link":"https:\/\/lapatriafutbolera.com.ar\/index.php\/2022\/12\/18\/en-busca-de-un-tercer-triunfo-que-nos-de-la-tercera\/","title":{"rendered":"En busca de un tercer triunfo que nos d\u00e9 \u201cla tercera\u201d"},"content":{"rendered":"\n<h4 class=\"wp-block-heading\">Argentina y Francia disputaron tres enfrentamientos hasta el momento en campeonatos del<br>mundo, con ventaja para la \u201cAlbiceleste\u201d por 2-1.<\/h4>\n\n\n\n<p><br>Juan Domingo Per\u00f3n y Charles De Gaule, Diego Armando Maradona y Michel Platin\u00ed. Mario<br>Kempes y Deschamps, Guillermo Vilas y Yannick Noah, Mercedes Sosa y Edith Piaff, Carlos<br>Monz\u00f3n y Marcel Cerd\u00e1n, Carlos Gardel y Charles Aznavour. Lionel Messi y Kylian Mbapp\u00e9.<br>Todos \u00edconos de Argentina y de Francia. Dos pa\u00edses que animar\u00e1n la mejor final que pod\u00eda<br>ofrecer el campeonato Mundial de Qatar 2022. Por varias razones: La confrontaci\u00f3n Am\u00e9rica \u2013<br>Europa, en la cual uno llega como campe\u00f3n continental y el otro como el defensor del t\u00edtulo<br>ecum\u00e9nico obtenido en Rusia, porque los dos equipos han transcurrido el certamen como los<br>dos mejores conjuntos del mismo, por la confrontaci\u00f3n entre Messi y Mbapp\u00e9 y porque<br>ambos tienen dos t\u00edtulos mundiales en su haber .<br>No obstante y m\u00e1s all\u00e1 que son dos seleccionados grandes, debido a que los \u201cGalos\u201d se<br>incorporaron a esa l\u00ednea, luego de los t\u00edtulos de 1998 y 2018 m\u00e1s la final de 2006, los cruces<br>entre ambos conjuntos no son muchos. Si nos ce\u00f1imos al total, jugaron 12 veces, con seis<br>triunfos argentinos, tres franceses y tres igualdades. Asimismo en campeonatos del mundo, la<br>cifra se reduce mucho m\u00e1s y es de solamente tres partidos. Con dos victorias argentinas y una<br>francesa.<br><\/p>\n\n\n\n<p>El primer encuentro que sostuvieron argentinos y franceses por campeonatos mundiales, data<br>del 15 de julio de 1930 y correspondi\u00f3 a la zona 1 del primer Mundial, desarrollado en<br>Uruguay. En aquella ocasi\u00f3n, los nuestros se impusieron por 1-0 con el gol de Luis \u201cDoble<br>Ancho\u201d Monti. El mediocentro de San Lorenzo de Almagro, fue adem\u00e1s del autor de la<br>conquista ante los franceses, uno de los estandartes del conjunto dirigido por Francisco<br>Olazar, que luego fue finalista del torneo y que ese d\u00eda en el Parque Central de Nacional de<br>Montevideo form\u00f3 con: \u00c1ngel Bossio; Jos\u00e9 Della Torre y Ram\u00f3n Mutis; Juan Evaristo, Monti y<br>Pedro Su\u00e1rez; Roberto Cherro, Juan Evaristo, Manuel \u201cNolo\u201d Ferreyra, Natalio Perinetti y<br>Francisco Varallo.<\/p>\n\n\n\n<p><br>La segunda confrontaci\u00f3n, se dio 58 a\u00f1os despu\u00e9s del primer enfrentamiento en Uruguay y<br>nos es mucho m\u00e1s familiar, porque se llev\u00f3 a cabo en la segunda fecha del Grupo 1 del<br>Mundial que Argentina luego gan\u00f3 en 1978 y desarroll\u00f3 en nuestro pa\u00eds. Otra vez Sudam\u00e9rica y<br>otra vez el R\u00edo de La Plata (aunque de \u00e9ste lado del charco), fueron testigos de un triunfo<br>nacional y tambi\u00e9n por un gol de diferencia, pero en este caso el score fue 2-1. Daniel Alberto<br>Passarella de penal y en el ep\u00edlogo del primer tiempo, abri\u00f3 la cuenta para la compatriota. Sin<br>embargo, un muy joven Michel Platini, igual\u00f3 las cosas a los 15\u2019 del complemento para los<br>orientados por Michel Hidalgo. Pero cuando la cosa se complicaba, Leopoldo Jacinto Luque<br>que jug\u00f3 un partido apote\u00f3sico, debido a una fractura en el codo, sumado al dolor de la<br>muerte de su hermano, con un taponazo inolvidable de derecha y desde atr\u00e1s de la medialuna<br>del \u00e1rea, que se clav\u00f3 abajo y contra el palo derecho de Dominique Baratelli a 15\u2019 del final, le<br>dio el triunfo y la clasificaci\u00f3n a la segunda fase al cuadro dirigido por C\u00e9sar Luis Menotti.<br>A prop\u00f3sito de Menotti, el Flaco dispuso para ese encuentro a \u00e9stos once futbolistas: Ubaldo<br>Matildo Fillol; Jorge Mario Olgu\u00edn, Luis Galv\u00e1n, Passarella y Tarantini; Osvaldo C\u00e9sar Ardiles,<\/p>\n\n\n\n<p>Am\u00e9rico Rub\u00e9n Gallego y Jos\u00e9 Daniel Valencia; Ren\u00e9 Orlando Houseman, Luque y Mario<br>Alberto Kempes. Luego entraron: Norberto Osvaldo Alonso y Oscar Ortiz.<br>El \u00faltimo de los partidos que jugaron Argentina y Francia, no arroj\u00f3 tan lindos recuerdos<br>porque ellos ganaron 4-3, en los octavos de final del \u00faltimo Mundial de Rusia 2018. El<br>encuentro se jug\u00f3 en el estadio Kaz\u00e1n Arena, de la ciudad de Kaz\u00e1n y los tantos del cuadro<br>dirigido por Didier Deschamps, que luego levant\u00f3 la copa los convirtieron: Antoine Griezmann,<br>Benjam\u00edn Pavard, y Killyan Mbapp\u00e9 en dos ocasiones. Por su parte; \u00c1ngel Di Mar\u00eda, Gabriel<br>Mercado y Sergio Ag\u00fcero, anotaron para Argentina, que dej\u00f3 el Mundial sin pena ni gloria.<br>Jorge Sampaoli (DT argentino), alist\u00f3 ese d\u00eda a: Franco Armani; Gabriel Mercado, Nicol\u00e1s<br>Otamendi, Nicol\u00e1s Tagliafico y Marcos Rojo; Ever Banega, Javier Mascherano, Enzo P\u00e9rez y<br>\u00c1ngel Di Mar\u00eda; Cristian Pav\u00f3n y Lionel Mssi. Posteriormente ingresaron: Federico Fazio,<br>Maximiliano Meza y Ag\u00fcero.<br>Hasta aqu\u00ed todos los antecedentes previos entre Argentina y Francia, de cara a un partido<br>gigante donde esperamos un tercer triunfo argentino frente a los galos, para que \u00e9ste equipo<br>dirigido por Lionel Scaloni, que ha realizado hasta aqu\u00ed un Mundial b\u00e1rbaro, levante por<br>tercera vez en la historia la copa del mundo para las vitrinas de nuestro f\u00fatbol.<br><\/p>\n\n\n\n<h4 class=\"wp-block-heading\">Apostillas<br><\/h4>\n\n\n\n<p>Ser\u00e1 la sexta final ecum\u00e9nica jugada por la Argentina. Hasta el momento gan\u00f3 las de Argentina<br>en 1978 (Holanda 3-1) y M\u00e9xico 1986 (Alemania Federal 3-2) y cay\u00f3 en Uruguay 1930<br>(Uruguay 2-4), Italia 1990 (Alemania 0-1) y Brasil 2014 (Alemania 1-0).<br>Cinco<br>Son los t\u00e9cnicos que arribaron a finales del mundo con nuestra selecci\u00f3n. Francisco Olazar<br>(Uruguay 1930), C\u00e9sar Luis Menotti ( Argentina 1978), Carlos Salvador Bilardo (M\u00e9xico 1986 e<br>Italia 1990), Alejandro Sabella ( Brasil 2014) y Lionel Scaloni (Qatar 2022).<br>Rachas a quebrar<br>La Argentina ante Francia, podr\u00e1 revertir dos rachas adversas. Ya que si gana en tiempo<br>regular, se convertir\u00e1 en el primer triunfo dentro de los 90\u2019 de juego, ante una selecci\u00f3n<br>campeona del mundo, despu\u00e9s de 32 a\u00f1os. La \u00faltima vez que ocurri\u00f3 algo similar, fue en los<br>octavos de final de \u201cItalia 90\u201d, cuando el equipo dirigido por Carlos Bilardo, super\u00f3 a Brasil en<br>Tur\u00edn por 1-0, en el hist\u00f3rico partido jugado el 24 de junio de 1990, que se resolvi\u00f3 con el gol<br>de Claudio Paul Caniggia, luego de la gran jugada de Diego Armando Maradona. Otra racha que<br>puede cortar Argentina en caso de convertir un tanto, es la terminar con la sequ\u00eda goleadora<br>en las finales. Vale destacar que en las \u00faltimas dos que disput\u00f3, tanto en Italia 90 como en<br>Brasil 2014, cay\u00f3 por 1-0 frente a Alemania.<br><\/p>\n\n\n\n<h4 class=\"wp-block-heading\">Francia en busca de la historia<br><\/h4>\n\n\n\n<p>Por su parte los franceses buscar\u00e1n meterse en un grupo selecto de selecciones, que lograron<br>el bicampeonato de manera consecutiva. El mismo, hasta ahora lo integran Italia (campe\u00f3n<br>como local en 1934 y en Francia 1938) y Brasil que aline\u00f3 dos t\u00edtulos en Suecia 1958 y Chile 1962.<\/p>\n\n\n\n<p>Por lo pronto ya entr\u00f3 en otro grupo selecto. El de las selecciones que arribaron a jugar<br>de m\u00ednima dos finales seguidas. Los otros: Italia (1934 y 1938), Brasil (1958 y 1962 y 1994,<br>1998 y 2002), Pa\u00edses Bajos (1974 y 1978), Argentina (1986 y 1990) y Alemania (1982, 1986 y<br>1990).<br><\/p>\n\n\n\n<h4 class=\"wp-block-heading\">Deschamps a la caza de Pozzo<br><\/h4>\n\n\n\n<p>Otro que procurar\u00e1 un r\u00e9cord es Didier Deschamps. El entrenador franc\u00e9s, buscar\u00e1 su segundo<br>t\u00edtulo al hilo como DT de \u201cLes Blues\u201d. En caso de lograrlo, igualar\u00e1 la l\u00ednea de \u201cIl Vecchio<br>Maestro\u201d, Vittorio Pozzo, que hasta ahora es el \u00fanico t\u00e9cnico en ganar dos Mundiales<br>consecutivamente. Lo hizo con la \u201cAzzurra\u201d italiana en 1934 y 1938. Adem\u00e1s de Pozzo y<br>Deschamps, hay otros dos entrenadores que arribaron con sus selecciones a dos finales de<br>manera consecutiva. Uno es Carlos Salvador Bilardo, que coron\u00f3 con Argentina en M\u00e9xico<br>1986 y fue subcampe\u00f3n con la Albiceleste en Italia 1990. El otro, Franz Beckembauer.<br>Subcampe\u00f3n con Alemania en 1986 y campe\u00f3n en Italia 1990.<br>Adem\u00e1s a Deschamps y a Beckembauer, los une otra particularidad. Ambos fueron campeones<br>del mundo como capitanes y directores t\u00e9cnicos de sus seleccionados. Deschamps era el<br>capit\u00e1n de Francia en 1998 y Beckembauer en 1974, cuando Die Mannschaft se alz\u00f3 con la<br>copa en calidad de local.<\/p>\n","protected":false},"excerpt":{"rendered":"<p>Argentina y Francia disputaron tres enfrentamientos hasta el momento en campeonatos delmundo, con ventaja para&#8230;<\/p>\n","protected":false},"author":8,"featured_media":1279,"comment_status":"open","ping_status":"open","sticky":false,"template":"","format":"standard","meta":{"footnotes":""},"categories":[7],"tags":[],"class_list":["post-1278","post","type-post","status-publish","format-standard","has-post-thumbnail","hentry","category-editorial"],"yoast_head":"<!-- This site is optimized with the Yoast SEO plugin v19.5.1 - https:\/\/yoast.com\/wordpress\/plugins\/seo\/ -->\n<title>En busca de un tercer triunfo que nos d\u00e9 \u201cla tercera\u201d - LA PATRIA FUTBOLERA<\/title>\n<meta name=\"robots\" content=\"index, follow, max-snippet:-1, max-image-preview:large, max-video-preview:-1\" \/>\n<link rel=\"canonical\" href=\"https:\/\/lapatriafutbolera.com.ar\/index.php\/2022\/12\/18\/en-busca-de-un-tercer-triunfo-que-nos-de-la-tercera\/\" \/>\n<meta property=\"og:locale\" content=\"es_ES\" \/>\n<meta property=\"og:type\" content=\"article\" \/>\n<meta property=\"og:title\" content=\"En busca de un tercer triunfo que nos d\u00e9 \u201cla tercera\u201d - LA PATRIA FUTBOLERA\" \/>\n<meta property=\"og:description\" content=\"Argentina y Francia disputaron tres enfrentamientos hasta el momento en campeonatos delmundo, con ventaja para...\" \/>\n<meta property=\"og:url\" content=\"https:\/\/lapatriafutbolera.com.ar\/index.php\/2022\/12\/18\/en-busca-de-un-tercer-triunfo-que-nos-de-la-tercera\/\" \/>\n<meta property=\"og:site_name\" content=\"LA PATRIA FUTBOLERA\" \/>\n<meta property=\"article:published_time\" content=\"2022-12-18T11:00:00+00:00\" \/>\n<meta property=\"article:modified_time\" content=\"2022-12-18T12:44:25+00:00\" \/>\n<meta property=\"og:image\" content=\"https:\/\/lapatriafutbolera.com.ar\/wp-content\/uploads\/2022\/12\/copa-del-mundo-gettyimages_862x485.webp\" \/>\n\t<meta property=\"og:image:width\" content=\"862\" \/>\n\t<meta property=\"og:image:height\" content=\"485\" \/>\n\t<meta property=\"og:image:type\" content=\"image\/webp\" \/>\n<meta name=\"author\" content=\"Eduardo Ronco\" \/>\n<meta name=\"twitter:card\" content=\"summary_large_image\" \/>\n<meta name=\"twitter:label1\" content=\"Escrito por\" \/>\n\t<meta name=\"twitter:data1\" content=\"Eduardo Ronco\" \/>\n\t<meta name=\"twitter:label2\" content=\"Tiempo de lectura\" \/>\n\t<meta name=\"twitter:data2\" content=\"6 minutos\" \/>\n<script type=\"application\/ld+json\" class=\"yoast-schema-graph\">{\"@context\":\"https:\/\/schema.org\",\"@graph\":[{\"@type\":\"Article\",\"@id\":\"https:\/\/lapatriafutbolera.com.ar\/index.php\/2022\/12\/18\/en-busca-de-un-tercer-triunfo-que-nos-de-la-tercera\/#article\",\"isPartOf\":{\"@id\":\"https:\/\/lapatriafutbolera.com.ar\/index.php\/2022\/12\/18\/en-busca-de-un-tercer-triunfo-que-nos-de-la-tercera\/\"},\"author\":{\"name\":\"Eduardo Ronco\",\"@id\":\"https:\/\/lapatriafutbolera.com.ar\/#\/schema\/person\/fa50d8d37a416f68b448b08eb57f6f68\"},\"headline\":\"En busca de un tercer triunfo que nos d\u00e9 \u201cla tercera\u201d\",\"datePublished\":\"2022-12-18T11:00:00+00:00\",\"dateModified\":\"2022-12-18T12:44:25+00:00\",\"mainEntityOfPage\":{\"@id\":\"https:\/\/lapatriafutbolera.com.ar\/index.php\/2022\/12\/18\/en-busca-de-un-tercer-triunfo-que-nos-de-la-tercera\/\"},\"wordCount\":1264,\"commentCount\":0,\"publisher\":{\"@id\":\"https:\/\/lapatriafutbolera.com.ar\/#organization\"},\"articleSection\":[\"Editorial\"],\"inLanguage\":\"es-AR\",\"potentialAction\":[{\"@type\":\"CommentAction\",\"name\":\"Comment\",\"target\":[\"https:\/\/lapatriafutbolera.com.ar\/index.php\/2022\/12\/18\/en-busca-de-un-tercer-triunfo-que-nos-de-la-tercera\/#respond\"]}]},{\"@type\":\"WebPage\",\"@id\":\"https:\/\/lapatriafutbolera.com.ar\/index.php\/2022\/12\/18\/en-busca-de-un-tercer-triunfo-que-nos-de-la-tercera\/\",\"url\":\"https:\/\/lapatriafutbolera.com.ar\/index.php\/2022\/12\/18\/en-busca-de-un-tercer-triunfo-que-nos-de-la-tercera\/\",\"name\":\"En busca de un tercer triunfo que nos d\u00e9 \u201cla tercera\u201d - LA PATRIA FUTBOLERA\",\"isPartOf\":{\"@id\":\"https:\/\/lapatriafutbolera.com.ar\/#website\"},\"datePublished\":\"2022-12-18T11:00:00+00:00\",\"dateModified\":\"2022-12-18T12:44:25+00:00\",\"breadcrumb\":{\"@id\":\"https:\/\/lapatriafutbolera.com.ar\/index.php\/2022\/12\/18\/en-busca-de-un-tercer-triunfo-que-nos-de-la-tercera\/#breadcrumb\"},\"inLanguage\":\"es-AR\",\"potentialAction\":[{\"@type\":\"ReadAction\",\"target\":[\"https:\/\/lapatriafutbolera.com.ar\/index.php\/2022\/12\/18\/en-busca-de-un-tercer-triunfo-que-nos-de-la-tercera\/\"]}]},{\"@type\":\"BreadcrumbList\",\"@id\":\"https:\/\/lapatriafutbolera.com.ar\/index.php\/2022\/12\/18\/en-busca-de-un-tercer-triunfo-que-nos-de-la-tercera\/#breadcrumb\",\"itemListElement\":[{\"@type\":\"ListItem\",\"position\":1,\"name\":\"Inicio\",\"item\":\"https:\/\/lapatriafutbolera.com.ar\/\"},{\"@type\":\"ListItem\",\"position\":2,\"name\":\"En busca de un tercer triunfo que nos d\u00e9 \u201cla tercera\u201d\"}]},{\"@type\":\"WebSite\",\"@id\":\"https:\/\/lapatriafutbolera.com.ar\/#website\",\"url\":\"https:\/\/lapatriafutbolera.com.ar\/\",\"name\":\"LA PATRIA FUTBOLERA\",\"description\":\"\",\"publisher\":{\"@id\":\"https:\/\/lapatriafutbolera.com.ar\/#organization\"},\"potentialAction\":[{\"@type\":\"SearchAction\",\"target\":{\"@type\":\"EntryPoint\",\"urlTemplate\":\"https:\/\/lapatriafutbolera.com.ar\/?s={search_term_string}\"},\"query-input\":\"required name=search_term_string\"}],\"inLanguage\":\"es-AR\"},{\"@type\":\"Organization\",\"@id\":\"https:\/\/lapatriafutbolera.com.ar\/#organization\",\"name\":\"LA PATRIA FUTBOLERA\",\"url\":\"https:\/\/lapatriafutbolera.com.ar\/\",\"sameAs\":[],\"logo\":{\"@type\":\"ImageObject\",\"inLanguage\":\"es-AR\",\"@id\":\"https:\/\/lapatriafutbolera.com.ar\/#\/schema\/logo\/image\/\",\"url\":\"https:\/\/lapatriafutbolera.com.ar\/wp-content\/uploads\/2025\/03\/cropped-LA-PATRIA-14.jpg\",\"contentUrl\":\"https:\/\/lapatriafutbolera.com.ar\/wp-content\/uploads\/2025\/03\/cropped-LA-PATRIA-14.jpg\",\"width\":1308,\"height\":221,\"caption\":\"LA PATRIA FUTBOLERA\"},\"image\":{\"@id\":\"https:\/\/lapatriafutbolera.com.ar\/#\/schema\/logo\/image\/\"}},{\"@type\":\"Person\",\"@id\":\"https:\/\/lapatriafutbolera.com.ar\/#\/schema\/person\/fa50d8d37a416f68b448b08eb57f6f68\",\"name\":\"Eduardo Ronco\",\"image\":{\"@type\":\"ImageObject\",\"inLanguage\":\"es-AR\",\"@id\":\"https:\/\/lapatriafutbolera.com.ar\/#\/schema\/person\/image\/\",\"url\":\"https:\/\/secure.gravatar.com\/avatar\/67b23624ef5c78804caf2cd24cc41e20a188f8f2d22eb28714fe669c6912dec6?s=96&d=mm&r=g\",\"contentUrl\":\"https:\/\/secure.gravatar.com\/avatar\/67b23624ef5c78804caf2cd24cc41e20a188f8f2d22eb28714fe669c6912dec6?s=96&d=mm&r=g\",\"caption\":\"Eduardo Ronco\"},\"url\":\"https:\/\/lapatriafutbolera.com.ar\/index.php\/author\/eduardo-ronco\/\"}]}<\/script>\n<!-- \/ Yoast SEO plugin. -->","yoast_head_json":{"title":"En busca de un tercer triunfo que nos d\u00e9 \u201cla tercera\u201d - LA PATRIA FUTBOLERA","robots":{"index":"index","follow":"follow","max-snippet":"max-snippet:-1","max-image-preview":"max-image-preview:large","max-video-preview":"max-video-preview:-1"},"canonical":"https:\/\/lapatriafutbolera.com.ar\/index.php\/2022\/12\/18\/en-busca-de-un-tercer-triunfo-que-nos-de-la-tercera\/","og_locale":"es_ES","og_type":"article","og_title":"En busca de un tercer triunfo que nos d\u00e9 \u201cla tercera\u201d - LA PATRIA FUTBOLERA","og_description":"Argentina y Francia disputaron tres enfrentamientos hasta el momento en campeonatos delmundo, con ventaja para...","og_url":"https:\/\/lapatriafutbolera.com.ar\/index.php\/2022\/12\/18\/en-busca-de-un-tercer-triunfo-que-nos-de-la-tercera\/","og_site_name":"LA PATRIA FUTBOLERA","article_published_time":"2022-12-18T11:00:00+00:00","article_modified_time":"2022-12-18T12:44:25+00:00","og_image":[{"width":862,"height":485,"url":"https:\/\/lapatriafutbolera.com.ar\/wp-content\/uploads\/2022\/12\/copa-del-mundo-gettyimages_862x485.webp","type":"image\/webp"}],"author":"Eduardo Ronco","twitter_card":"summary_large_image","twitter_misc":{"Escrito por":"Eduardo Ronco","Tiempo de lectura":"6 minutos"},"schema":{"@context":"https:\/\/schema.org","@graph":[{"@type":"Article","@id":"https:\/\/lapatriafutbolera.com.ar\/index.php\/2022\/12\/18\/en-busca-de-un-tercer-triunfo-que-nos-de-la-tercera\/#article","isPartOf":{"@id":"https:\/\/lapatriafutbolera.com.ar\/index.php\/2022\/12\/18\/en-busca-de-un-tercer-triunfo-que-nos-de-la-tercera\/"},"author":{"name":"Eduardo Ronco","@id":"https:\/\/lapatriafutbolera.com.ar\/#\/schema\/person\/fa50d8d37a416f68b448b08eb57f6f68"},"headline":"En busca de un tercer triunfo que nos d\u00e9 \u201cla tercera\u201d","datePublished":"2022-12-18T11:00:00+00:00","dateModified":"2022-12-18T12:44:25+00:00","mainEntityOfPage":{"@id":"https:\/\/lapatriafutbolera.com.ar\/index.php\/2022\/12\/18\/en-busca-de-un-tercer-triunfo-que-nos-de-la-tercera\/"},"wordCount":1264,"commentCount":0,"publisher":{"@id":"https:\/\/lapatriafutbolera.com.ar\/#organization"},"articleSection":["Editorial"],"inLanguage":"es-AR","potentialAction":[{"@type":"CommentAction","name":"Comment","target":["https:\/\/lapatriafutbolera.com.ar\/index.php\/2022\/12\/18\/en-busca-de-un-tercer-triunfo-que-nos-de-la-tercera\/#respond"]}]},{"@type":"WebPage","@id":"https:\/\/lapatriafutbolera.com.ar\/index.php\/2022\/12\/18\/en-busca-de-un-tercer-triunfo-que-nos-de-la-tercera\/","url":"https:\/\/lapatriafutbolera.com.ar\/index.php\/2022\/12\/18\/en-busca-de-un-tercer-triunfo-que-nos-de-la-tercera\/","name":"En busca de un tercer triunfo que nos d\u00e9 \u201cla tercera\u201d - LA PATRIA FUTBOLERA","isPartOf":{"@id":"https:\/\/lapatriafutbolera.com.ar\/#website"},"datePublished":"2022-12-18T11:00:00+00:00","dateModified":"2022-12-18T12:44:25+00:00","breadcrumb":{"@id":"https:\/\/lapatriafutbolera.com.ar\/index.php\/2022\/12\/18\/en-busca-de-un-tercer-triunfo-que-nos-de-la-tercera\/#breadcrumb"},"inLanguage":"es-AR","potentialAction":[{"@type":"ReadAction","target":["https:\/\/lapatriafutbolera.com.ar\/index.php\/2022\/12\/18\/en-busca-de-un-tercer-triunfo-que-nos-de-la-tercera\/"]}]},{"@type":"BreadcrumbList","@id":"https:\/\/lapatriafutbolera.com.ar\/index.php\/2022\/12\/18\/en-busca-de-un-tercer-triunfo-que-nos-de-la-tercera\/#breadcrumb","itemListElement":[{"@type":"ListItem","position":1,"name":"Inicio","item":"https:\/\/lapatriafutbolera.com.ar\/"},{"@type":"ListItem","position":2,"name":"En busca de un tercer triunfo que nos d\u00e9 \u201cla tercera\u201d"}]},{"@type":"WebSite","@id":"https:\/\/lapatriafutbolera.com.ar\/#website","url":"https:\/\/lapatriafutbolera.com.ar\/","name":"LA PATRIA FUTBOLERA","description":"","publisher":{"@id":"https:\/\/lapatriafutbolera.com.ar\/#organization"},"potentialAction":[{"@type":"SearchAction","target":{"@type":"EntryPoint","urlTemplate":"https:\/\/lapatriafutbolera.com.ar\/?s={search_term_string}"},"query-input":"required name=search_term_string"}],"inLanguage":"es-AR"},{"@type":"Organization","@id":"https:\/\/lapatriafutbolera.com.ar\/#organization","name":"LA PATRIA FUTBOLERA","url":"https:\/\/lapatriafutbolera.com.ar\/","sameAs":[],"logo":{"@type":"ImageObject","inLanguage":"es-AR","@id":"https:\/\/lapatriafutbolera.com.ar\/#\/schema\/logo\/image\/","url":"https:\/\/lapatriafutbolera.com.ar\/wp-content\/uploads\/2025\/03\/cropped-LA-PATRIA-14.jpg","contentUrl":"https:\/\/lapatriafutbolera.com.ar\/wp-content\/uploads\/2025\/03\/cropped-LA-PATRIA-14.jpg","width":1308,"height":221,"caption":"LA PATRIA FUTBOLERA"},"image":{"@id":"https:\/\/lapatriafutbolera.com.ar\/#\/schema\/logo\/image\/"}},{"@type":"Person","@id":"https:\/\/lapatriafutbolera.com.ar\/#\/schema\/person\/fa50d8d37a416f68b448b08eb57f6f68","name":"Eduardo Ronco","image":{"@type":"ImageObject","inLanguage":"es-AR","@id":"https:\/\/lapatriafutbolera.com.ar\/#\/schema\/person\/image\/","url":"https:\/\/secure.gravatar.com\/avatar\/67b23624ef5c78804caf2cd24cc41e20a188f8f2d22eb28714fe669c6912dec6?s=96&d=mm&r=g","contentUrl":"https:\/\/secure.gravatar.com\/avatar\/67b23624ef5c78804caf2cd24cc41e20a188f8f2d22eb28714fe669c6912dec6?s=96&d=mm&r=g","caption":"Eduardo Ronco"},"url":"https:\/\/lapatriafutbolera.com.ar\/index.php\/author\/eduardo-ronco\/"}]}},"_links":{"self":[{"href":"https:\/\/lapatriafutbolera.com.ar\/index.php\/wp-json\/wp\/v2\/posts\/1278","targetHints":{"allow":["GET"]}}],"collection":[{"href":"https:\/\/lapatriafutbolera.com.ar\/index.php\/wp-json\/wp\/v2\/posts"}],"about":[{"href":"https:\/\/lapatriafutbolera.com.ar\/index.php\/wp-json\/wp\/v2\/types\/post"}],"author":[{"embeddable":true,"href":"https:\/\/lapatriafutbolera.com.ar\/index.php\/wp-json\/wp\/v2\/users\/8"}],"replies":[{"embeddable":true,"href":"https:\/\/lapatriafutbolera.com.ar\/index.php\/wp-json\/wp\/v2\/comments?post=1278"}],"version-history":[{"count":1,"href":"https:\/\/lapatriafutbolera.com.ar\/index.php\/wp-json\/wp\/v2\/posts\/1278\/revisions"}],"predecessor-version":[{"id":1280,"href":"https:\/\/lapatriafutbolera.com.ar\/index.php\/wp-json\/wp\/v2\/posts\/1278\/revisions\/1280"}],"wp:featuredmedia":[{"embeddable":true,"href":"https:\/\/lapatriafutbolera.com.ar\/index.php\/wp-json\/wp\/v2\/media\/1279"}],"wp:attachment":[{"href":"https:\/\/lapatriafutbolera.com.ar\/index.php\/wp-json\/wp\/v2\/media?parent=1278"}],"wp:term":[{"taxonomy":"category","embeddable":true,"href":"https:\/\/lapatriafutbolera.com.ar\/index.php\/wp-json\/wp\/v2\/categories?post=1278"},{"taxonomy":"post_tag","embeddable":true,"href":"https:\/\/lapatriafutbolera.com.ar\/index.php\/wp-json\/wp\/v2\/tags?post=1278"}],"curies":[{"name":"wp","href":"https:\/\/api.w.org\/{rel}","templated":true}]}}