{"id":1291,"date":"2022-12-19T13:54:19","date_gmt":"2022-12-19T16:54:19","guid":{"rendered":"https:\/\/lapatriafutbolera.com.ar\/?p=1291"},"modified":"2022-12-19T13:54:20","modified_gmt":"2022-12-19T16:54:20","slug":"sentimiento-que-no-puede-parar","status":"publish","type":"post","link":"https:\/\/lapatriafutbolera.com.ar\/index.php\/2022\/12\/19\/sentimiento-que-no-puede-parar\/","title":{"rendered":"Sentimiento que no puede parar"},"content":{"rendered":"\n<p>Hay quienes andan por la vida tirando paredes. La pared, el juego asociado con el otro, eso de toma y dame y vamos juntos tras el objetivo, es esencial en el f\u00fatbol y en la vida. Y esta selecci\u00f3n con Messi en primera fila y como abanderado, capit\u00e1n y gu\u00eda , se abri\u00f3 para todo el mundo tirara paredes con ella. Lo de todo el mundo puede interpetarse literalmente y si no v\u00e9ase lo que pasa en Bangladesh o en Per\u00fa. <\/p>\n\n\n\n<p>Hay una trilog\u00eda que lo divinamente lo explica todo: Diego, Leo y el esp\u00edritu del hincha argentino que hace que nos amen. Amen. Y tambi\u00e9n aplica hacia adentro. Hay mensajes viralizados por las redes que en estos d\u00edas llegaron hasta las entra\u00f1as como el del hombre que se sent\u00f3 solo a ver un partido en la vidriera de Fr\u00e1vega, el de los pibes del coro del Col\u00f3n cantando \u201cMuchachoooo\u201d, el beso sublime de la parejita subida a un sem\u00e1foro en los festejos del Obelisco en la semifinal. <\/p>\n\n\n\n<p>Esta final la jugamos todos, la sufrimos todos y la disfrutamos el doble con los penales, en el ep\u00edlogo feliz de la mejor final de la historia. Hay quienes andan por la vida tirando paredes, jugando al toque con un compa\u00f1ero y eso es lo que hicieron De Paul, Messi, Juli\u00e1n Alvarez y Mac Allister antes de que que Di Mar\u00eda marcara el segundo gol de Argentina, uno de los mejores de un campeonato que tuvo grand\u00edsimos goles. <\/p>\n\n\n\n<p>Y tiraron paredes en varios momentos del partido para dejar sentado cu\u00e1l es nuestra identidad futbolera. <\/p>\n\n\n\n<p>Y del mismo modo tira paredes con todos nosotros Alejandro Dolina cuando cita a Coleridge y dice que \u201chay que suspender la incredulidad y entregarse a la fe po\u00e9tica que consiste en creer que un gol de Messi nos va a mejorar la vida y en la medida en que lo creamos un poco la va a mejorar.\u201d Messi se lo merec\u00eda m\u00e1s que nadie y no son pocos los que vienen diciendo desde hace tiempo que se alegran m\u00e1s por el que por si mismos. Pero los que m\u00e1s pusieron en pr\u00e1ctica esa idea fueron cada uno de sus compa\u00f1eros. Lo rodearon de afecto, lo cuidaron,, le dieron todo el poder y se sacrificaron hasta la \u00faltima gota de sudor para que \u00e9l pudiera aparecer en los momentos en que m\u00e1s se lo necesitaba. <\/p>\n\n\n\n<p>No fue el goleador del Mundial porque Mbappe es esa clase de jugadores capaces de pasar inadvertidos durante mucho tiempo y explotar como si nada en las redes contrarias. Dos goles de penal y un golazo meti\u00f3 Mbapee, para quitarle la triple corona, pero lo que nunca podr\u00e1 quitar es ese momento \u00fanico, maravilloso en el que el 10 de la selecci\u00f3n argentina fue a recibir el premio de mejor jugador del torneo y le demostr\u00f3 al mundo entero que lo que m\u00e1s le importaba eera la Copa del Mundo. Esa que hab\u00eda mirado triste y compungido en el 2014 y beso y acarici\u00f3 como ese besa y se acaricia a lo que uno quiere con todo el coraz\u00f3n. Hay quienes solidarios cubren al compa\u00f1ero, duplican y triplican la marca de los contrariois, se tiran de cabeza si hace falta para que defender lo que es propio. Y cubren a los dem\u00e1s, cubriendo de gloria a todos como Dibu Mart\u00ednez en la \u00faltima jugada del partido y despu\u00e9s en los penales.<\/p>\n\n\n\n<p>Messi es el gran protagonista de esta tarde inmortal para el f\u00fatbol argentino,, pero los h\u00e9roes fueron todos. Dijo alguna vez H\u00e9ctor German Oesterheld\u201d El Eternauta es una de mis historias que recuerdo con m\u00e1s placer. El h\u00e9roe verdadero de El Eternauta es un h\u00e9roe colectivo, un grupo humano. Refleja as\u00ed, aunque sin intenci\u00f3n previa, mi sentir \u00edntimo: el \u00fanico h\u00e9roe v\u00e1lido es el h\u00e9roe \u2018en grupo\u2019, nunca el h\u00e9roe individual, el h\u00e9roe solo\u201d.<\/p>\n\n\n\n<p>Gloria eterna a Messi, a sus compa\u00f1eros, a Lionel Scaloni, a todo su cuerpo t\u00e9cnico y a la gente que acompa\u00f1\u00f3 desde cerca y desde lejos para redondear esta fiesta bien nuestra, bien argentina.<\/p>\n\n\n\n<p>Hace ya una hora ya media que se pate\u00f3 el \u00faltimo penal y los jugadores siguen en la cancha, no se quieren ir m\u00e1s. Quieren, como queremos todos que este d\u00eda no se acabe nunca m\u00e1s. Porque ohhh Argentina, es un sentimiento y no podemos parar.<\/p>\n","protected":false},"excerpt":{"rendered":"<p>Hay quienes andan por la vida tirando paredes. La pared, el juego asociado con el&#8230;<\/p>\n","protected":false},"author":9,"featured_media":1293,"comment_status":"open","ping_status":"open","sticky":false,"template":"","format":"standard","meta":{"footnotes":""},"categories":[84],"tags":[],"class_list":["post-1291","post","type-post","status-publish","format-standard","has-post-thumbnail","hentry","category-las-cronicas-del-nene-desde-qatar"],"yoast_head":"<!-- This site is optimized with the Yoast SEO plugin v19.5.1 - https:\/\/yoast.com\/wordpress\/plugins\/seo\/ -->\n<title>Sentimiento que no puede parar - LA PATRIA FUTBOLERA<\/title>\n<meta name=\"robots\" content=\"index, follow, max-snippet:-1, max-image-preview:large, max-video-preview:-1\" \/>\n<link rel=\"canonical\" href=\"https:\/\/lapatriafutbolera.com.ar\/index.php\/2022\/12\/19\/sentimiento-que-no-puede-parar\/\" \/>\n<meta property=\"og:locale\" content=\"es_ES\" \/>\n<meta property=\"og:type\" content=\"article\" \/>\n<meta property=\"og:title\" content=\"Sentimiento que no puede parar - LA PATRIA FUTBOLERA\" \/>\n<meta property=\"og:description\" content=\"Hay quienes andan por la vida tirando paredes. La pared, el juego asociado con el...\" \/>\n<meta property=\"og:url\" content=\"https:\/\/lapatriafutbolera.com.ar\/index.php\/2022\/12\/19\/sentimiento-que-no-puede-parar\/\" \/>\n<meta property=\"og:site_name\" content=\"LA PATRIA FUTBOLERA\" \/>\n<meta property=\"article:published_time\" content=\"2022-12-19T16:54:19+00:00\" \/>\n<meta property=\"article:modified_time\" content=\"2022-12-19T16:54:20+00:00\" \/>\n<meta property=\"og:image\" content=\"https:\/\/lapatriafutbolera.com.ar\/wp-content\/uploads\/2022\/12\/descarga-46.jpg\" \/>\n\t<meta property=\"og:image:width\" content=\"275\" \/>\n\t<meta property=\"og:image:height\" content=\"183\" \/>\n\t<meta property=\"og:image:type\" content=\"image\/jpeg\" \/>\n<meta name=\"author\" content=\"Juan Jose Panno\" \/>\n<meta name=\"twitter:card\" content=\"summary_large_image\" \/>\n<meta name=\"twitter:label1\" content=\"Escrito por\" \/>\n\t<meta name=\"twitter:data1\" content=\"Juan Jose Panno\" \/>\n\t<meta name=\"twitter:label2\" content=\"Tiempo de lectura\" \/>\n\t<meta name=\"twitter:data2\" content=\"4 minutos\" \/>\n<script type=\"application\/ld+json\" class=\"yoast-schema-graph\">{\"@context\":\"https:\/\/schema.org\",\"@graph\":[{\"@type\":\"Article\",\"@id\":\"https:\/\/lapatriafutbolera.com.ar\/index.php\/2022\/12\/19\/sentimiento-que-no-puede-parar\/#article\",\"isPartOf\":{\"@id\":\"https:\/\/lapatriafutbolera.com.ar\/index.php\/2022\/12\/19\/sentimiento-que-no-puede-parar\/\"},\"author\":{\"name\":\"Juan Jose Panno\",\"@id\":\"https:\/\/lapatriafutbolera.com.ar\/#\/schema\/person\/1fe19fe5c50a79cff526bcf23c95dcd8\"},\"headline\":\"Sentimiento que no puede parar\",\"datePublished\":\"2022-12-19T16:54:19+00:00\",\"dateModified\":\"2022-12-19T16:54:20+00:00\",\"mainEntityOfPage\":{\"@id\":\"https:\/\/lapatriafutbolera.com.ar\/index.php\/2022\/12\/19\/sentimiento-que-no-puede-parar\/\"},\"wordCount\":776,\"commentCount\":0,\"publisher\":{\"@id\":\"https:\/\/lapatriafutbolera.com.ar\/#organization\"},\"articleSection\":[\"Las Cronicas del Nene\"],\"inLanguage\":\"es-AR\",\"potentialAction\":[{\"@type\":\"CommentAction\",\"name\":\"Comment\",\"target\":[\"https:\/\/lapatriafutbolera.com.ar\/index.php\/2022\/12\/19\/sentimiento-que-no-puede-parar\/#respond\"]}]},{\"@type\":\"WebPage\",\"@id\":\"https:\/\/lapatriafutbolera.com.ar\/index.php\/2022\/12\/19\/sentimiento-que-no-puede-parar\/\",\"url\":\"https:\/\/lapatriafutbolera.com.ar\/index.php\/2022\/12\/19\/sentimiento-que-no-puede-parar\/\",\"name\":\"Sentimiento que no puede parar - LA PATRIA FUTBOLERA\",\"isPartOf\":{\"@id\":\"https:\/\/lapatriafutbolera.com.ar\/#website\"},\"datePublished\":\"2022-12-19T16:54:19+00:00\",\"dateModified\":\"2022-12-19T16:54:20+00:00\",\"breadcrumb\":{\"@id\":\"https:\/\/lapatriafutbolera.com.ar\/index.php\/2022\/12\/19\/sentimiento-que-no-puede-parar\/#breadcrumb\"},\"inLanguage\":\"es-AR\",\"potentialAction\":[{\"@type\":\"ReadAction\",\"target\":[\"https:\/\/lapatriafutbolera.com.ar\/index.php\/2022\/12\/19\/sentimiento-que-no-puede-parar\/\"]}]},{\"@type\":\"BreadcrumbList\",\"@id\":\"https:\/\/lapatriafutbolera.com.ar\/index.php\/2022\/12\/19\/sentimiento-que-no-puede-parar\/#breadcrumb\",\"itemListElement\":[{\"@type\":\"ListItem\",\"position\":1,\"name\":\"Inicio\",\"item\":\"https:\/\/lapatriafutbolera.com.ar\/\"},{\"@type\":\"ListItem\",\"position\":2,\"name\":\"Sentimiento que no puede parar\"}]},{\"@type\":\"WebSite\",\"@id\":\"https:\/\/lapatriafutbolera.com.ar\/#website\",\"url\":\"https:\/\/lapatriafutbolera.com.ar\/\",\"name\":\"LA PATRIA FUTBOLERA\",\"description\":\"\",\"publisher\":{\"@id\":\"https:\/\/lapatriafutbolera.com.ar\/#organization\"},\"potentialAction\":[{\"@type\":\"SearchAction\",\"target\":{\"@type\":\"EntryPoint\",\"urlTemplate\":\"https:\/\/lapatriafutbolera.com.ar\/?s={search_term_string}\"},\"query-input\":\"required name=search_term_string\"}],\"inLanguage\":\"es-AR\"},{\"@type\":\"Organization\",\"@id\":\"https:\/\/lapatriafutbolera.com.ar\/#organization\",\"name\":\"LA PATRIA FUTBOLERA\",\"url\":\"https:\/\/lapatriafutbolera.com.ar\/\",\"sameAs\":[],\"logo\":{\"@type\":\"ImageObject\",\"inLanguage\":\"es-AR\",\"@id\":\"https:\/\/lapatriafutbolera.com.ar\/#\/schema\/logo\/image\/\",\"url\":\"https:\/\/lapatriafutbolera.com.ar\/wp-content\/uploads\/2025\/03\/cropped-LA-PATRIA-14.jpg\",\"contentUrl\":\"https:\/\/lapatriafutbolera.com.ar\/wp-content\/uploads\/2025\/03\/cropped-LA-PATRIA-14.jpg\",\"width\":1308,\"height\":221,\"caption\":\"LA PATRIA FUTBOLERA\"},\"image\":{\"@id\":\"https:\/\/lapatriafutbolera.com.ar\/#\/schema\/logo\/image\/\"}},{\"@type\":\"Person\",\"@id\":\"https:\/\/lapatriafutbolera.com.ar\/#\/schema\/person\/1fe19fe5c50a79cff526bcf23c95dcd8\",\"name\":\"Juan Jose Panno\",\"image\":{\"@type\":\"ImageObject\",\"inLanguage\":\"es-AR\",\"@id\":\"https:\/\/lapatriafutbolera.com.ar\/#\/schema\/person\/image\/\",\"url\":\"https:\/\/secure.gravatar.com\/avatar\/27ffd133e27f2e5535beeb1814fc1aafb62206dcf0250a0e8c473aad488d86d9?s=96&d=mm&r=g\",\"contentUrl\":\"https:\/\/secure.gravatar.com\/avatar\/27ffd133e27f2e5535beeb1814fc1aafb62206dcf0250a0e8c473aad488d86d9?s=96&d=mm&r=g\",\"caption\":\"Juan Jose Panno\"},\"url\":\"https:\/\/lapatriafutbolera.com.ar\/index.php\/author\/juan-jose-panno\/\"}]}<\/script>\n<!-- \/ Yoast SEO plugin. -->","yoast_head_json":{"title":"Sentimiento que no puede parar - LA PATRIA FUTBOLERA","robots":{"index":"index","follow":"follow","max-snippet":"max-snippet:-1","max-image-preview":"max-image-preview:large","max-video-preview":"max-video-preview:-1"},"canonical":"https:\/\/lapatriafutbolera.com.ar\/index.php\/2022\/12\/19\/sentimiento-que-no-puede-parar\/","og_locale":"es_ES","og_type":"article","og_title":"Sentimiento que no puede parar - LA PATRIA FUTBOLERA","og_description":"Hay quienes andan por la vida tirando paredes. La pared, el juego asociado con el...","og_url":"https:\/\/lapatriafutbolera.com.ar\/index.php\/2022\/12\/19\/sentimiento-que-no-puede-parar\/","og_site_name":"LA PATRIA FUTBOLERA","article_published_time":"2022-12-19T16:54:19+00:00","article_modified_time":"2022-12-19T16:54:20+00:00","og_image":[{"width":275,"height":183,"url":"https:\/\/lapatriafutbolera.com.ar\/wp-content\/uploads\/2022\/12\/descarga-46.jpg","type":"image\/jpeg"}],"author":"Juan Jose Panno","twitter_card":"summary_large_image","twitter_misc":{"Escrito por":"Juan Jose Panno","Tiempo de lectura":"4 minutos"},"schema":{"@context":"https:\/\/schema.org","@graph":[{"@type":"Article","@id":"https:\/\/lapatriafutbolera.com.ar\/index.php\/2022\/12\/19\/sentimiento-que-no-puede-parar\/#article","isPartOf":{"@id":"https:\/\/lapatriafutbolera.com.ar\/index.php\/2022\/12\/19\/sentimiento-que-no-puede-parar\/"},"author":{"name":"Juan Jose Panno","@id":"https:\/\/lapatriafutbolera.com.ar\/#\/schema\/person\/1fe19fe5c50a79cff526bcf23c95dcd8"},"headline":"Sentimiento que no puede parar","datePublished":"2022-12-19T16:54:19+00:00","dateModified":"2022-12-19T16:54:20+00:00","mainEntityOfPage":{"@id":"https:\/\/lapatriafutbolera.com.ar\/index.php\/2022\/12\/19\/sentimiento-que-no-puede-parar\/"},"wordCount":776,"commentCount":0,"publisher":{"@id":"https:\/\/lapatriafutbolera.com.ar\/#organization"},"articleSection":["Las Cronicas del Nene"],"inLanguage":"es-AR","potentialAction":[{"@type":"CommentAction","name":"Comment","target":["https:\/\/lapatriafutbolera.com.ar\/index.php\/2022\/12\/19\/sentimiento-que-no-puede-parar\/#respond"]}]},{"@type":"WebPage","@id":"https:\/\/lapatriafutbolera.com.ar\/index.php\/2022\/12\/19\/sentimiento-que-no-puede-parar\/","url":"https:\/\/lapatriafutbolera.com.ar\/index.php\/2022\/12\/19\/sentimiento-que-no-puede-parar\/","name":"Sentimiento que no puede parar - LA PATRIA FUTBOLERA","isPartOf":{"@id":"https:\/\/lapatriafutbolera.com.ar\/#website"},"datePublished":"2022-12-19T16:54:19+00:00","dateModified":"2022-12-19T16:54:20+00:00","breadcrumb":{"@id":"https:\/\/lapatriafutbolera.com.ar\/index.php\/2022\/12\/19\/sentimiento-que-no-puede-parar\/#breadcrumb"},"inLanguage":"es-AR","potentialAction":[{"@type":"ReadAction","target":["https:\/\/lapatriafutbolera.com.ar\/index.php\/2022\/12\/19\/sentimiento-que-no-puede-parar\/"]}]},{"@type":"BreadcrumbList","@id":"https:\/\/lapatriafutbolera.com.ar\/index.php\/2022\/12\/19\/sentimiento-que-no-puede-parar\/#breadcrumb","itemListElement":[{"@type":"ListItem","position":1,"name":"Inicio","item":"https:\/\/lapatriafutbolera.com.ar\/"},{"@type":"ListItem","position":2,"name":"Sentimiento que no puede parar"}]},{"@type":"WebSite","@id":"https:\/\/lapatriafutbolera.com.ar\/#website","url":"https:\/\/lapatriafutbolera.com.ar\/","name":"LA PATRIA FUTBOLERA","description":"","publisher":{"@id":"https:\/\/lapatriafutbolera.com.ar\/#organization"},"potentialAction":[{"@type":"SearchAction","target":{"@type":"EntryPoint","urlTemplate":"https:\/\/lapatriafutbolera.com.ar\/?s={search_term_string}"},"query-input":"required name=search_term_string"}],"inLanguage":"es-AR"},{"@type":"Organization","@id":"https:\/\/lapatriafutbolera.com.ar\/#organization","name":"LA PATRIA FUTBOLERA","url":"https:\/\/lapatriafutbolera.com.ar\/","sameAs":[],"logo":{"@type":"ImageObject","inLanguage":"es-AR","@id":"https:\/\/lapatriafutbolera.com.ar\/#\/schema\/logo\/image\/","url":"https:\/\/lapatriafutbolera.com.ar\/wp-content\/uploads\/2025\/03\/cropped-LA-PATRIA-14.jpg","contentUrl":"https:\/\/lapatriafutbolera.com.ar\/wp-content\/uploads\/2025\/03\/cropped-LA-PATRIA-14.jpg","width":1308,"height":221,"caption":"LA PATRIA FUTBOLERA"},"image":{"@id":"https:\/\/lapatriafutbolera.com.ar\/#\/schema\/logo\/image\/"}},{"@type":"Person","@id":"https:\/\/lapatriafutbolera.com.ar\/#\/schema\/person\/1fe19fe5c50a79cff526bcf23c95dcd8","name":"Juan Jose Panno","image":{"@type":"ImageObject","inLanguage":"es-AR","@id":"https:\/\/lapatriafutbolera.com.ar\/#\/schema\/person\/image\/","url":"https:\/\/secure.gravatar.com\/avatar\/27ffd133e27f2e5535beeb1814fc1aafb62206dcf0250a0e8c473aad488d86d9?s=96&d=mm&r=g","contentUrl":"https:\/\/secure.gravatar.com\/avatar\/27ffd133e27f2e5535beeb1814fc1aafb62206dcf0250a0e8c473aad488d86d9?s=96&d=mm&r=g","caption":"Juan Jose Panno"},"url":"https:\/\/lapatriafutbolera.com.ar\/index.php\/author\/juan-jose-panno\/"}]}},"_links":{"self":[{"href":"https:\/\/lapatriafutbolera.com.ar\/index.php\/wp-json\/wp\/v2\/posts\/1291","targetHints":{"allow":["GET"]}}],"collection":[{"href":"https:\/\/lapatriafutbolera.com.ar\/index.php\/wp-json\/wp\/v2\/posts"}],"about":[{"href":"https:\/\/lapatriafutbolera.com.ar\/index.php\/wp-json\/wp\/v2\/types\/post"}],"author":[{"embeddable":true,"href":"https:\/\/lapatriafutbolera.com.ar\/index.php\/wp-json\/wp\/v2\/users\/9"}],"replies":[{"embeddable":true,"href":"https:\/\/lapatriafutbolera.com.ar\/index.php\/wp-json\/wp\/v2\/comments?post=1291"}],"version-history":[{"count":1,"href":"https:\/\/lapatriafutbolera.com.ar\/index.php\/wp-json\/wp\/v2\/posts\/1291\/revisions"}],"predecessor-version":[{"id":1294,"href":"https:\/\/lapatriafutbolera.com.ar\/index.php\/wp-json\/wp\/v2\/posts\/1291\/revisions\/1294"}],"wp:featuredmedia":[{"embeddable":true,"href":"https:\/\/lapatriafutbolera.com.ar\/index.php\/wp-json\/wp\/v2\/media\/1293"}],"wp:attachment":[{"href":"https:\/\/lapatriafutbolera.com.ar\/index.php\/wp-json\/wp\/v2\/media?parent=1291"}],"wp:term":[{"taxonomy":"category","embeddable":true,"href":"https:\/\/lapatriafutbolera.com.ar\/index.php\/wp-json\/wp\/v2\/categories?post=1291"},{"taxonomy":"post_tag","embeddable":true,"href":"https:\/\/lapatriafutbolera.com.ar\/index.php\/wp-json\/wp\/v2\/tags?post=1291"}],"curies":[{"name":"wp","href":"https:\/\/api.w.org\/{rel}","templated":true}]}}