{"id":1339,"date":"2023-01-07T10:35:15","date_gmt":"2023-01-07T13:35:15","guid":{"rendered":"https:\/\/lapatriafutbolera.com.ar\/?p=1339"},"modified":"2023-01-07T18:45:15","modified_gmt":"2023-01-07T21:45:15","slug":"el-jefecito-armo-la-lista-y-confirmo-a-sus-jugadores","status":"publish","type":"post","link":"https:\/\/lapatriafutbolera.com.ar\/index.php\/2023\/01\/07\/el-jefecito-armo-la-lista-y-confirmo-a-sus-jugadores\/","title":{"rendered":"El Jefecito arm\u00f3 la lista y confirm\u00f3 a sus jugadores"},"content":{"rendered":"\n<p><strong>JAVIER MASCHERANO<\/strong>\u00a0convoc\u00f3 a los futbolistas argentinos para el\u00a0<strong>Sudamericano Sub-20 de Colombia<\/strong>, que se llevar\u00e1 adelante en Bogot\u00e1 y Cali,<strong>\u00a0entre el 19 de enero y el 12 de febrero.<\/strong><br><\/p>\n\n\n\n<p>Los nombres m\u00e1s sobresalientes son los de&nbsp;<strong>Nicol\u00e1s Paz<\/strong>, de Real Madrid,&nbsp;<strong>Facundo Buonanotte<\/strong>, de \u00faltima temporada en Rosario Central y ahora en Brighton de Inglaterra, ambos en la zona media; y de<strong>&nbsp;M\u00e1ximo Perrone<\/strong>, de V\u00e9lez y cerca de pasar al Manchester City de Inglaterra, tambi\u00e9n en esa l\u00ednea del campo.<\/p>\n\n\n\n<p>El grupo A est\u00e1 conformado por Argentina, Brasil, Colombia, Paraguay y Per\u00fa; mientras que el grupo B lo componen Bolivia, Chile, Ecuador, Uruguay y Venezuela.<\/p>\n\n\n<div class=\"wp-block-image\">\n<figure class=\"aligncenter size-full\"><img loading=\"lazy\" decoding=\"async\" width=\"811\" height=\"1013\" src=\"https:\/\/lapatriafutbolera.com.ar\/wp-content\/uploads\/2023\/01\/Fl0HjQhaYAIHLu8.jpg\" alt=\"\" class=\"wp-image-1340\" srcset=\"https:\/\/lapatriafutbolera.com.ar\/wp-content\/uploads\/2023\/01\/Fl0HjQhaYAIHLu8.jpg 811w, https:\/\/lapatriafutbolera.com.ar\/wp-content\/uploads\/2023\/01\/Fl0HjQhaYAIHLu8-240x300.jpg 240w, https:\/\/lapatriafutbolera.com.ar\/wp-content\/uploads\/2023\/01\/Fl0HjQhaYAIHLu8-768x959.jpg 768w\" sizes=\"auto, (max-width: 811px) 100vw, 811px\" \/><\/figure>\n<\/div>\n\n\n<p>La lista completa de la Selecci\u00f3n Sub-20 para el Sudamericano de Colombia:<\/p>\n\n\n\n<p><strong>Arqueros<\/strong>: Federico Gomes Gerth (Tigre), Francisco G\u00f3mez (Racing) y Franco Herrera (Newell&#8217;s Old Boys).<\/p>\n\n\n\n<p><strong>Defensores<\/strong>: Valent\u00edn G\u00f3mez (V\u00e9lez), Brian Aguilar (Lan\u00fas), Francisco Marco (Defensa y Justicia), Juli\u00e1n Aude (Lan\u00fas), Lautaro Di Lollo (Boca), Nehuel G\u00e9nez (Boca), Ulises Ciccioli (Rosario Central) y Agust\u00edn Giay (San Lorenzo).<\/p>\n\n\n\n<p><strong>Mediocampistas<\/strong>: Maximiliano Gonz\u00e1lez (Lan\u00fas), M\u00e1ximo Perrone (V\u00e9lez), Axel Encinas (River), Gino Infantino (Rosario Central), Nicol\u00e1s Paz (Real Madrid de Espa\u00f1a) y Facundo Buonanotte (Brighton And Hove de Inglaterra).<\/p>\n\n\n\n<p><strong>Delanteros<\/strong>: Ignacio Maestro Puch (Atl\u00e9tico Tucum\u00e1n), Alejo V\u00e9liz (Rosario Central), Brian Aguirre (Newell&#8217;s Old Boys), Santiago Castro (V\u00e9lez), Nicol\u00e1s Vallejos (Independiente) y Juli\u00e1n Fern\u00e1ndez (V\u00e9lez).<\/p>\n\n\n\n<p><strong>Entrenador<\/strong>: Javier Mascherano.<\/p>\n","protected":false},"excerpt":{"rendered":"<p>JAVIER MASCHERANO\u00a0convoc\u00f3 a los futbolistas argentinos para el\u00a0Sudamericano Sub-20 de Colombia, que se llevar\u00e1 adelante&#8230;<\/p>\n","protected":false},"author":4,"featured_media":1341,"comment_status":"open","ping_status":"open","sticky":false,"template":"","format":"standard","meta":{"footnotes":""},"categories":[95],"tags":[],"class_list":["post-1339","post","type-post","status-publish","format-standard","has-post-thumbnail","hentry","category-sub-20"],"yoast_head":"<!-- This site is optimized with the Yoast SEO plugin v19.5.1 - https:\/\/yoast.com\/wordpress\/plugins\/seo\/ -->\n<title>El Jefecito arm\u00f3 la lista y confirm\u00f3 a sus jugadores - LA PATRIA FUTBOLERA<\/title>\n<meta name=\"robots\" content=\"index, follow, max-snippet:-1, max-image-preview:large, max-video-preview:-1\" \/>\n<link rel=\"canonical\" href=\"https:\/\/lapatriafutbolera.com.ar\/index.php\/2023\/01\/07\/el-jefecito-armo-la-lista-y-confirmo-a-sus-jugadores\/\" \/>\n<meta property=\"og:locale\" content=\"es_ES\" \/>\n<meta property=\"og:type\" content=\"article\" \/>\n<meta property=\"og:title\" content=\"El Jefecito arm\u00f3 la lista y confirm\u00f3 a sus jugadores - LA PATRIA FUTBOLERA\" \/>\n<meta property=\"og:description\" content=\"JAVIER MASCHERANO\u00a0convoc\u00f3 a los futbolistas argentinos para el\u00a0Sudamericano Sub-20 de Colombia, que se llevar\u00e1 adelante...\" \/>\n<meta property=\"og:url\" content=\"https:\/\/lapatriafutbolera.com.ar\/index.php\/2023\/01\/07\/el-jefecito-armo-la-lista-y-confirmo-a-sus-jugadores\/\" \/>\n<meta property=\"og:site_name\" content=\"LA PATRIA FUTBOLERA\" \/>\n<meta property=\"article:published_time\" content=\"2023-01-07T13:35:15+00:00\" \/>\n<meta property=\"article:modified_time\" content=\"2023-01-07T21:45:15+00:00\" \/>\n<meta property=\"og:image\" content=\"https:\/\/lapatriafutbolera.com.ar\/wp-content\/uploads\/2023\/01\/C4JTDHDYOFFSRAHRPYW7OQXLFY.webp\" \/>\n\t<meta property=\"og:image:width\" content=\"980\" \/>\n\t<meta property=\"og:image:height\" content=\"640\" \/>\n\t<meta property=\"og:image:type\" content=\"image\/webp\" \/>\n<meta name=\"author\" content=\"Redacci\u00f3n LPF\" \/>\n<meta name=\"twitter:card\" content=\"summary_large_image\" \/>\n<meta name=\"twitter:label1\" content=\"Escrito por\" \/>\n\t<meta name=\"twitter:data1\" content=\"Redacci\u00f3n LPF\" \/>\n\t<meta name=\"twitter:label2\" content=\"Tiempo de lectura\" \/>\n\t<meta name=\"twitter:data2\" content=\"2 minutos\" \/>\n<script type=\"application\/ld+json\" class=\"yoast-schema-graph\">{\"@context\":\"https:\/\/schema.org\",\"@graph\":[{\"@type\":\"Article\",\"@id\":\"https:\/\/lapatriafutbolera.com.ar\/index.php\/2023\/01\/07\/el-jefecito-armo-la-lista-y-confirmo-a-sus-jugadores\/#article\",\"isPartOf\":{\"@id\":\"https:\/\/lapatriafutbolera.com.ar\/index.php\/2023\/01\/07\/el-jefecito-armo-la-lista-y-confirmo-a-sus-jugadores\/\"},\"author\":{\"name\":\"Redacci\u00f3n LPF\",\"@id\":\"https:\/\/lapatriafutbolera.com.ar\/#\/schema\/person\/eb56fb3a7e76133611d5b2d9f706bd97\"},\"headline\":\"El Jefecito arm\u00f3 la lista y confirm\u00f3 a sus jugadores\",\"datePublished\":\"2023-01-07T13:35:15+00:00\",\"dateModified\":\"2023-01-07T21:45:15+00:00\",\"mainEntityOfPage\":{\"@id\":\"https:\/\/lapatriafutbolera.com.ar\/index.php\/2023\/01\/07\/el-jefecito-armo-la-lista-y-confirmo-a-sus-jugadores\/\"},\"wordCount\":262,\"commentCount\":0,\"publisher\":{\"@id\":\"https:\/\/lapatriafutbolera.com.ar\/#organization\"},\"articleSection\":[\"Sub 20\"],\"inLanguage\":\"es-AR\",\"potentialAction\":[{\"@type\":\"CommentAction\",\"name\":\"Comment\",\"target\":[\"https:\/\/lapatriafutbolera.com.ar\/index.php\/2023\/01\/07\/el-jefecito-armo-la-lista-y-confirmo-a-sus-jugadores\/#respond\"]}]},{\"@type\":\"WebPage\",\"@id\":\"https:\/\/lapatriafutbolera.com.ar\/index.php\/2023\/01\/07\/el-jefecito-armo-la-lista-y-confirmo-a-sus-jugadores\/\",\"url\":\"https:\/\/lapatriafutbolera.com.ar\/index.php\/2023\/01\/07\/el-jefecito-armo-la-lista-y-confirmo-a-sus-jugadores\/\",\"name\":\"El Jefecito arm\u00f3 la lista y confirm\u00f3 a sus jugadores - LA PATRIA FUTBOLERA\",\"isPartOf\":{\"@id\":\"https:\/\/lapatriafutbolera.com.ar\/#website\"},\"datePublished\":\"2023-01-07T13:35:15+00:00\",\"dateModified\":\"2023-01-07T21:45:15+00:00\",\"breadcrumb\":{\"@id\":\"https:\/\/lapatriafutbolera.com.ar\/index.php\/2023\/01\/07\/el-jefecito-armo-la-lista-y-confirmo-a-sus-jugadores\/#breadcrumb\"},\"inLanguage\":\"es-AR\",\"potentialAction\":[{\"@type\":\"ReadAction\",\"target\":[\"https:\/\/lapatriafutbolera.com.ar\/index.php\/2023\/01\/07\/el-jefecito-armo-la-lista-y-confirmo-a-sus-jugadores\/\"]}]},{\"@type\":\"BreadcrumbList\",\"@id\":\"https:\/\/lapatriafutbolera.com.ar\/index.php\/2023\/01\/07\/el-jefecito-armo-la-lista-y-confirmo-a-sus-jugadores\/#breadcrumb\",\"itemListElement\":[{\"@type\":\"ListItem\",\"position\":1,\"name\":\"Inicio\",\"item\":\"https:\/\/lapatriafutbolera.com.ar\/\"},{\"@type\":\"ListItem\",\"position\":2,\"name\":\"El Jefecito arm\u00f3 la lista y confirm\u00f3 a sus jugadores\"}]},{\"@type\":\"WebSite\",\"@id\":\"https:\/\/lapatriafutbolera.com.ar\/#website\",\"url\":\"https:\/\/lapatriafutbolera.com.ar\/\",\"name\":\"LA PATRIA FUTBOLERA\",\"description\":\"\",\"publisher\":{\"@id\":\"https:\/\/lapatriafutbolera.com.ar\/#organization\"},\"potentialAction\":[{\"@type\":\"SearchAction\",\"target\":{\"@type\":\"EntryPoint\",\"urlTemplate\":\"https:\/\/lapatriafutbolera.com.ar\/?s={search_term_string}\"},\"query-input\":\"required name=search_term_string\"}],\"inLanguage\":\"es-AR\"},{\"@type\":\"Organization\",\"@id\":\"https:\/\/lapatriafutbolera.com.ar\/#organization\",\"name\":\"LA PATRIA FUTBOLERA\",\"url\":\"https:\/\/lapatriafutbolera.com.ar\/\",\"sameAs\":[],\"logo\":{\"@type\":\"ImageObject\",\"inLanguage\":\"es-AR\",\"@id\":\"https:\/\/lapatriafutbolera.com.ar\/#\/schema\/logo\/image\/\",\"url\":\"https:\/\/lapatriafutbolera.com.ar\/wp-content\/uploads\/2025\/03\/cropped-LA-PATRIA-14.jpg\",\"contentUrl\":\"https:\/\/lapatriafutbolera.com.ar\/wp-content\/uploads\/2025\/03\/cropped-LA-PATRIA-14.jpg\",\"width\":1308,\"height\":221,\"caption\":\"LA PATRIA FUTBOLERA\"},\"image\":{\"@id\":\"https:\/\/lapatriafutbolera.com.ar\/#\/schema\/logo\/image\/\"}},{\"@type\":\"Person\",\"@id\":\"https:\/\/lapatriafutbolera.com.ar\/#\/schema\/person\/eb56fb3a7e76133611d5b2d9f706bd97\",\"name\":\"Redacci\u00f3n LPF\",\"image\":{\"@type\":\"ImageObject\",\"inLanguage\":\"es-AR\",\"@id\":\"https:\/\/lapatriafutbolera.com.ar\/#\/schema\/person\/image\/\",\"url\":\"https:\/\/secure.gravatar.com\/avatar\/57dc12e3750972170624cd118ca21d4157841e9e7b211e6dfe7a00b61088d285?s=96&d=mm&r=g\",\"contentUrl\":\"https:\/\/secure.gravatar.com\/avatar\/57dc12e3750972170624cd118ca21d4157841e9e7b211e6dfe7a00b61088d285?s=96&d=mm&r=g\",\"caption\":\"Redacci\u00f3n LPF\"},\"sameAs\":[\"http:\/\/lapatriafutbolera.com.ar\"],\"url\":\"https:\/\/lapatriafutbolera.com.ar\/index.php\/author\/redaccion-lpf\/\"}]}<\/script>\n<!-- \/ Yoast SEO plugin. -->","yoast_head_json":{"title":"El Jefecito arm\u00f3 la lista y confirm\u00f3 a sus jugadores - LA PATRIA FUTBOLERA","robots":{"index":"index","follow":"follow","max-snippet":"max-snippet:-1","max-image-preview":"max-image-preview:large","max-video-preview":"max-video-preview:-1"},"canonical":"https:\/\/lapatriafutbolera.com.ar\/index.php\/2023\/01\/07\/el-jefecito-armo-la-lista-y-confirmo-a-sus-jugadores\/","og_locale":"es_ES","og_type":"article","og_title":"El Jefecito arm\u00f3 la lista y confirm\u00f3 a sus jugadores - LA PATRIA FUTBOLERA","og_description":"JAVIER MASCHERANO\u00a0convoc\u00f3 a los futbolistas argentinos para el\u00a0Sudamericano Sub-20 de Colombia, que se llevar\u00e1 adelante...","og_url":"https:\/\/lapatriafutbolera.com.ar\/index.php\/2023\/01\/07\/el-jefecito-armo-la-lista-y-confirmo-a-sus-jugadores\/","og_site_name":"LA PATRIA FUTBOLERA","article_published_time":"2023-01-07T13:35:15+00:00","article_modified_time":"2023-01-07T21:45:15+00:00","og_image":[{"width":980,"height":640,"url":"https:\/\/lapatriafutbolera.com.ar\/wp-content\/uploads\/2023\/01\/C4JTDHDYOFFSRAHRPYW7OQXLFY.webp","type":"image\/webp"}],"author":"Redacci\u00f3n LPF","twitter_card":"summary_large_image","twitter_misc":{"Escrito por":"Redacci\u00f3n LPF","Tiempo de lectura":"2 minutos"},"schema":{"@context":"https:\/\/schema.org","@graph":[{"@type":"Article","@id":"https:\/\/lapatriafutbolera.com.ar\/index.php\/2023\/01\/07\/el-jefecito-armo-la-lista-y-confirmo-a-sus-jugadores\/#article","isPartOf":{"@id":"https:\/\/lapatriafutbolera.com.ar\/index.php\/2023\/01\/07\/el-jefecito-armo-la-lista-y-confirmo-a-sus-jugadores\/"},"author":{"name":"Redacci\u00f3n LPF","@id":"https:\/\/lapatriafutbolera.com.ar\/#\/schema\/person\/eb56fb3a7e76133611d5b2d9f706bd97"},"headline":"El Jefecito arm\u00f3 la lista y confirm\u00f3 a sus jugadores","datePublished":"2023-01-07T13:35:15+00:00","dateModified":"2023-01-07T21:45:15+00:00","mainEntityOfPage":{"@id":"https:\/\/lapatriafutbolera.com.ar\/index.php\/2023\/01\/07\/el-jefecito-armo-la-lista-y-confirmo-a-sus-jugadores\/"},"wordCount":262,"commentCount":0,"publisher":{"@id":"https:\/\/lapatriafutbolera.com.ar\/#organization"},"articleSection":["Sub 20"],"inLanguage":"es-AR","potentialAction":[{"@type":"CommentAction","name":"Comment","target":["https:\/\/lapatriafutbolera.com.ar\/index.php\/2023\/01\/07\/el-jefecito-armo-la-lista-y-confirmo-a-sus-jugadores\/#respond"]}]},{"@type":"WebPage","@id":"https:\/\/lapatriafutbolera.com.ar\/index.php\/2023\/01\/07\/el-jefecito-armo-la-lista-y-confirmo-a-sus-jugadores\/","url":"https:\/\/lapatriafutbolera.com.ar\/index.php\/2023\/01\/07\/el-jefecito-armo-la-lista-y-confirmo-a-sus-jugadores\/","name":"El Jefecito arm\u00f3 la lista y confirm\u00f3 a sus jugadores - LA PATRIA FUTBOLERA","isPartOf":{"@id":"https:\/\/lapatriafutbolera.com.ar\/#website"},"datePublished":"2023-01-07T13:35:15+00:00","dateModified":"2023-01-07T21:45:15+00:00","breadcrumb":{"@id":"https:\/\/lapatriafutbolera.com.ar\/index.php\/2023\/01\/07\/el-jefecito-armo-la-lista-y-confirmo-a-sus-jugadores\/#breadcrumb"},"inLanguage":"es-AR","potentialAction":[{"@type":"ReadAction","target":["https:\/\/lapatriafutbolera.com.ar\/index.php\/2023\/01\/07\/el-jefecito-armo-la-lista-y-confirmo-a-sus-jugadores\/"]}]},{"@type":"BreadcrumbList","@id":"https:\/\/lapatriafutbolera.com.ar\/index.php\/2023\/01\/07\/el-jefecito-armo-la-lista-y-confirmo-a-sus-jugadores\/#breadcrumb","itemListElement":[{"@type":"ListItem","position":1,"name":"Inicio","item":"https:\/\/lapatriafutbolera.com.ar\/"},{"@type":"ListItem","position":2,"name":"El Jefecito arm\u00f3 la lista y confirm\u00f3 a sus jugadores"}]},{"@type":"WebSite","@id":"https:\/\/lapatriafutbolera.com.ar\/#website","url":"https:\/\/lapatriafutbolera.com.ar\/","name":"LA PATRIA FUTBOLERA","description":"","publisher":{"@id":"https:\/\/lapatriafutbolera.com.ar\/#organization"},"potentialAction":[{"@type":"SearchAction","target":{"@type":"EntryPoint","urlTemplate":"https:\/\/lapatriafutbolera.com.ar\/?s={search_term_string}"},"query-input":"required name=search_term_string"}],"inLanguage":"es-AR"},{"@type":"Organization","@id":"https:\/\/lapatriafutbolera.com.ar\/#organization","name":"LA PATRIA FUTBOLERA","url":"https:\/\/lapatriafutbolera.com.ar\/","sameAs":[],"logo":{"@type":"ImageObject","inLanguage":"es-AR","@id":"https:\/\/lapatriafutbolera.com.ar\/#\/schema\/logo\/image\/","url":"https:\/\/lapatriafutbolera.com.ar\/wp-content\/uploads\/2025\/03\/cropped-LA-PATRIA-14.jpg","contentUrl":"https:\/\/lapatriafutbolera.com.ar\/wp-content\/uploads\/2025\/03\/cropped-LA-PATRIA-14.jpg","width":1308,"height":221,"caption":"LA PATRIA FUTBOLERA"},"image":{"@id":"https:\/\/lapatriafutbolera.com.ar\/#\/schema\/logo\/image\/"}},{"@type":"Person","@id":"https:\/\/lapatriafutbolera.com.ar\/#\/schema\/person\/eb56fb3a7e76133611d5b2d9f706bd97","name":"Redacci\u00f3n LPF","image":{"@type":"ImageObject","inLanguage":"es-AR","@id":"https:\/\/lapatriafutbolera.com.ar\/#\/schema\/person\/image\/","url":"https:\/\/secure.gravatar.com\/avatar\/57dc12e3750972170624cd118ca21d4157841e9e7b211e6dfe7a00b61088d285?s=96&d=mm&r=g","contentUrl":"https:\/\/secure.gravatar.com\/avatar\/57dc12e3750972170624cd118ca21d4157841e9e7b211e6dfe7a00b61088d285?s=96&d=mm&r=g","caption":"Redacci\u00f3n LPF"},"sameAs":["http:\/\/lapatriafutbolera.com.ar"],"url":"https:\/\/lapatriafutbolera.com.ar\/index.php\/author\/redaccion-lpf\/"}]}},"_links":{"self":[{"href":"https:\/\/lapatriafutbolera.com.ar\/index.php\/wp-json\/wp\/v2\/posts\/1339","targetHints":{"allow":["GET"]}}],"collection":[{"href":"https:\/\/lapatriafutbolera.com.ar\/index.php\/wp-json\/wp\/v2\/posts"}],"about":[{"href":"https:\/\/lapatriafutbolera.com.ar\/index.php\/wp-json\/wp\/v2\/types\/post"}],"author":[{"embeddable":true,"href":"https:\/\/lapatriafutbolera.com.ar\/index.php\/wp-json\/wp\/v2\/users\/4"}],"replies":[{"embeddable":true,"href":"https:\/\/lapatriafutbolera.com.ar\/index.php\/wp-json\/wp\/v2\/comments?post=1339"}],"version-history":[{"count":2,"href":"https:\/\/lapatriafutbolera.com.ar\/index.php\/wp-json\/wp\/v2\/posts\/1339\/revisions"}],"predecessor-version":[{"id":1347,"href":"https:\/\/lapatriafutbolera.com.ar\/index.php\/wp-json\/wp\/v2\/posts\/1339\/revisions\/1347"}],"wp:featuredmedia":[{"embeddable":true,"href":"https:\/\/lapatriafutbolera.com.ar\/index.php\/wp-json\/wp\/v2\/media\/1341"}],"wp:attachment":[{"href":"https:\/\/lapatriafutbolera.com.ar\/index.php\/wp-json\/wp\/v2\/media?parent=1339"}],"wp:term":[{"taxonomy":"category","embeddable":true,"href":"https:\/\/lapatriafutbolera.com.ar\/index.php\/wp-json\/wp\/v2\/categories?post=1339"},{"taxonomy":"post_tag","embeddable":true,"href":"https:\/\/lapatriafutbolera.com.ar\/index.php\/wp-json\/wp\/v2\/tags?post=1339"}],"curies":[{"name":"wp","href":"https:\/\/api.w.org\/{rel}","templated":true}]}}