{"id":1388,"date":"2023-01-25T18:49:20","date_gmt":"2023-01-25T21:49:20","guid":{"rendered":"https:\/\/lapatriafutbolera.com.ar\/?p=1388"},"modified":"2023-01-25T18:52:15","modified_gmt":"2023-01-25T21:52:15","slug":"independiente-y-su-cordobazo-inmortal","status":"publish","type":"post","link":"https:\/\/lapatriafutbolera.com.ar\/index.php\/2023\/01\/25\/independiente-y-su-cordobazo-inmortal\/","title":{"rendered":"Independiente y su Cordobazo Inmortal"},"content":{"rendered":"\n<h4 class=\"wp-block-heading\">Hace 45 a\u00f1os el Rojo sal\u00eda campe\u00f3n despu\u00e9s de que el \u00e1rbitro le expulsara a tres jugadores y le convalidara a Talleres un gol con la mano. Este fragmento del libro &#8220;El partido rojo&#8221; cuenta como los diarios cordobeses ya estaban impresos con el t\u00edtulo &#8220;Talleres campe\u00f3n&#8221;.<\/h4>\n\n\n\n<iframe loading=\"lazy\" width=\"560\" height=\"415\" src=\"https:\/\/www.youtube.com\/embed\/hPctNzqE5f0\" title=\"YouTube video player\" frameborder=\"0\" allow=\"accelerometer; autoplay; clipboard-write; encrypted-media; gyroscope; picture-in-picture; web-share\" allowfullscreen=\"\"><\/iframe>\n\n\n\n<p>Existen por lo menos&nbsp;<strong>tres fotos que delatan a Bocanelli y su gol con la mano<\/strong>. Salieron publicadas en las revistas El Gr\u00e1fico y Goles, son en blanco y negro y muestran el momento en que el delantero de Talleres salta con el brazo estirado para darle a la pelota. En esas im\u00e1genes, Bocanelli y el Beto Outes est\u00e1n en el aire, disputan con la cabeza un centro que cay\u00f3 en el \u00e1rea chica, ah\u00ed nom\u00e1s aparece Villaverde, y un metro m\u00e1s alejado, Bravo. Rigante sigue la jugada clavado en la l\u00ednea y a su lado Trossero no le quita la vista a la pelota.&nbsp;<strong>Son los testigos m\u00e1s cercanos del enga\u00f1o<\/strong>. Las fotos, tomadas desde distintos \u00e1ngulos, muestran cuando la pelota ya peg\u00f3 en el pu\u00f1o, sali\u00f3 impulsada al arco y Bocanelli todav\u00eda mantiene el brazo izquierdo estirado.<\/p>\n\n\n\n<p><strong>Hay otra foto de El Gr\u00e1fico<\/strong>&nbsp;que si bien no es una prueba contundente de la trampa,&nbsp;<strong>muestra un indicio revelador.<\/strong>&nbsp;La tomaron desde el techo de la platea lateral de la cancha un segundo despu\u00e9s del pu\u00f1etazo. El plano es abierto, se ve toda el \u00e1rea. No se detectan detalles, pero s\u00ed las reacciones de los protagonistas. Ah\u00ed est\u00e1 el valor de esta imagen. La pelota descansa en el arco y hay cuatro jugadores de Talleres que toman impulso para arrancar las corridas del festejo.&nbsp;<strong>Pero lo m\u00e1s notable son los ocho de Independiente que est\u00e1n dentro del \u00e1rea. Tienen los brazos levantados, en el cl\u00e1sico gesto que marca que ah\u00ed hubo una jugada il\u00edcita. Es una reacci\u00f3n sin premeditar, un impulso instintivo, sincero.<\/strong>&nbsp;Los ocho jugadores de Independiente reclaman, los ocho vieron el fraude. La de Bocanelli no fue la mano de Dios.<\/p>\n\n\n\n<h2 class=\"wp-block-heading\">No fue la Mano de Dios<\/h2>\n\n\n\n<p>Para los periodistas que cubrieron la final en la cancha de Talleres las cosas no son tan claras. Es probable que desde el sector donde est\u00e1n ubicados no hayan tenido un buen \u00e1ngulo para ver lo que ocurri\u00f3 en el \u00e1rea, o que la poca intensidad de la luz del estadio les haya dificultado la visi\u00f3n a la distancia.<strong>&nbsp;Lo cierto es que al d\u00eda siguiente ni Clar\u00edn, ni La Naci\u00f3n, ni Cr\u00f3nica ni Popular confirman que el gol de Bocanelli haya sido con la mano.<\/strong>&nbsp;A lo sumo plantean ciertas dudas sostenidas en la reacci\u00f3n de los jugadores del Rojo: que todos hayan reclamado, y que ese reclamo haya sido tan terminante habr\u00e1 sido por algo. En el vespertino local C\u00f3rdoba describen cuando \u201cBocanelli se zambull\u00f3 para el tanto que desat\u00f3 la pol\u00e9mica\u201d.<\/p>\n\n\n\n<p>En El Gr\u00e1fico tambi\u00e9n plantearon seis d\u00edas despu\u00e9s que no vieron la falta del delantero de Talleres.&nbsp;<strong>El \u00fanico medio que se la juega es la revista Goles: desde el t\u00edtulo de la tapa (\u201cLa mano de Bocanelli\u201d) y una nota firmada por Osvaldo Ardizzone que menciona \u201cel pu\u00f1etazo de Bocanelli\u201d<\/strong>. En la misma edici\u00f3n de Goles, el propio protagonista intenta contradecir las evidencias: \u201c\u00bfCon la mano? No, para nada. Yo puse la cabeza y la pelota entr\u00f3\u201d, miente Bocanelli. Y adem\u00e1s se lamenta: \u201cPero eso no tiene ninguna importancia. Perdimos y a otra cosa. Esto no puede ser, en el segundo gol ellos tocaban, se iban, se iban y ninguno de nosotros los bajaban\u201d.<\/p>\n\n\n\n<p><strong>Ram\u00f3n G\u00f3mez es redactor de la secci\u00f3n Deportes del diario C\u00f3rdoba<\/strong>, un vespertino que los canillitas vocean junto con Cr\u00f3nica y La Raz\u00f3n. Antes de que se jugara la final entre Talleres e Independiente, G\u00f3mez se entera de algo y lo tiene que contar. La versi\u00f3n que le lleg\u00f3 es demasiado fuerte, siente que debe compartirla. No tiene pruebas ni evidencias, por supuesto, pero&nbsp;<strong>est\u00e1 seguro de algo: \u201cEl partido est\u00e1 arreglado para Talleres\u201d<\/strong>. Esta bendita final es el \u00fanico tema posible en una redacci\u00f3n cada vez m\u00e1s alborotada. Y es tambi\u00e9n la obsesi\u00f3n de Ram\u00f3n.&nbsp;<strong>\u201cTalleres va a chorear la final\u201d, insiste.<\/strong><\/p>\n\n\n\n<p>El periodista ya se imagina la fiesta que habr\u00e1 en la ciudad despu\u00e9s del mi\u00e9rcoles 25, y piensa tambi\u00e9n en la cobertura que va a hacer de ese episodio hist\u00f3rico. Sin embargo, unos d\u00edas antes le transmiten una disposici\u00f3n de la direcci\u00f3n del diario: se debe tomar vacaciones. Esa licencia compulsiva responde a un solo motivo: en el diario lo consideran anti Talleres. El periodista se pierde la cobertura, pero de todos modos va a la cancha. Saca una platea para evitar el palco de prensa. Desde ah\u00ed es testigo de todo lo que ocurre.<\/p>\n\n\n\n<p><strong>Cuando Barreiro expulsa a los tres jugadores de Independiente, en la cara se le dibuja una sonrisa ir\u00f3nica<\/strong>. Una semana despu\u00e9s de la final, Ram\u00f3n G\u00f3mez se cruza con Bocanelli en la puerta de la cancha de Talleres. Hablan de la derrota, de la frustraci\u00f3n, de lo incre\u00edble que fue ese partido. El periodista le comenta que muchos hinchas le reclaman los goles que se perdi\u00f3 por querer definir en vez de pasarle la pelota a sus compa\u00f1eros que llegaban sin marca. Bocanelli ni siquiera insin\u00faa un indicio de autocr\u00edtica: \u201cLos hinchas no saben nada. Soy delantero, y lo \u00fanico que queremos los delanteros es hacer goles. Si volviera a jugar ese partido, har\u00eda lo mismo\u201d. La charla deriva en un tema inevitable: el gol. Y&nbsp;<strong>Bocanelli se sincera. Al d\u00eda siguiente, sale la nota con un t\u00edtulo categ\u00f3rico: \u201cS\u00ed, lo hice con la mano\u201d.<\/strong>&nbsp;El testimonio, por supuesto, rebota en todos los diarios de alcance nacional. Es un aporte m\u00e1s a la pol\u00e9mica que se arm\u00f3 sobre esa final, un aporte que de alguna manera justifica la reacci\u00f3n de los jugadores de Independiente justo cuando el Tribunal de Disciplina est\u00e1 por definir las penas.<\/p>\n\n\n\n<p><strong>Esa entrevista del diario C\u00f3rdoba se convierte en la \u00fanica vez que Bocanelli reconoce la trampa.<\/strong>&nbsp;A partir de ese momento, contradice de manera sistem\u00e1tica aquella confesi\u00f3n. Cada vez que se cumple un aniversario de la final y lo convocan para alguna nota evocativa, niega el pu\u00f1etazo. La \u00faltima refutaci\u00f3n la publica el diario La Voz del Interior el 25 de enero de 2017, 39 a\u00f1os despu\u00e9s. \u201cMe inventaron que hice un gol con la mano\u201d, es el t\u00edtulo. Y Bocanelli intenta un descargo: \u201cSiempre dije que fue con la cabeza y ya no cambia nada. Me voy a morir y van a seguir diciendo que lo hice con la mano y hasta ese d\u00eda lo seguir\u00e9 negando. Al refer\u00ed Barreiro lo encontr\u00e9 varios a\u00f1os despu\u00e9s, en un partido en el que vino como cuarto \u00e1rbitro. Me hizo llamar al vestuario y me pregunt\u00f3: \u2018\u00c1ngel, para mi tranquilidad, quiero que me diga la verdad, \u00bfel gol fue con la mano?\u2019. Yo le respond\u00ed: \u2018Maestro, qu\u00e9dese tranquilo que usted cobr\u00f3 lo que ten\u00eda que cobrar. Se lo digo ahora y lo digo siempre, el gol fue de cabeza\u2019\u201d.<\/p>\n\n\n\n<h2 class=\"wp-block-heading\">&#8220;Talleres campe\u00f3n&#8221;<\/h2>\n\n\n\n<p>Otro de los mitos que rodean la final de este Nacional es que los diarios ya estaban impresos con los titulares del campeonato que se supon\u00eda iba a ganar Talleres.&nbsp;<strong>El diario C\u00f3rdoba ya ten\u00eda listos los t\u00edpicos posters de celebraci\u00f3n del torneo.<\/strong>&nbsp;El equipo formado sobre el campo de juego de La Boutique y la leyenda \u201cTalleres campe\u00f3n\u201d. Despu\u00e9s de la derrota, y como para justificar la inversi\u00f3n, le agregaron \u201cSub\u201d. El periodista Ram\u00f3n G\u00f3mez recuerda la an\u00e9cdota con sarcasmo.<\/p>\n\n\n\n<p>\u2014\u00bfEs cierto, entonces? \u00bfVos los viste?<\/p>\n\n\n\n<p>\u2014Por supuesto, en la redacci\u00f3n todos vimos esos posters que dec\u00edan \u201cTalleres campe\u00f3n\u201d.<\/p>\n\n\n\n<p>Adem\u00e1s de los posters,&nbsp;<strong>el vespertino C\u00f3rdoba hab\u00eda preparado un suplemento especial dedicado a Talleres campe\u00f3n.&nbsp;<\/strong>Estaban las notas hechas, con el detalle de la campa\u00f1a y la historia de los h\u00e9roes. Solo quedaba la tapa, que pensaban ilustrar con una foto de los campeones en pleno festejo.&nbsp;<strong>La contratapa estaba escrita por un joven Alfredo Leuco<\/strong>&nbsp;y era un texto con detalles y an\u00e9cdotas de ese equipo memorable. Al final, Leuco tuvo que escribir de apuro una nota que titul\u00f3 \u201cMi\u00e9rcoles de ceniza\u201d, una cr\u00f3nica de la derrota y el desencanto de los hinchas.<\/p>\n\n\n\n<p>En el resto de los diarios locales ocurri\u00f3 algo similar. Hay cuestiones t\u00e9cnicas que, de alguna manera, justifican la antelaci\u00f3n: el partido iba a terminar despu\u00e9s de las once de la noche y las rotativas no iban a llegar a tiempo para imprimir todo. Lo que ocurri\u00f3 en las redacciones, entonces, fue que armaron suplementos de celebraci\u00f3n del campeonato, los imprimieron y esperaron que todo saliera seg\u00fan lo previsto.<\/p>\n\n\n\n<p><strong>El diario Los Principios imprimi\u00f3 miles de ejemplares de un suplemento de veinte p\u00e1ginas con la campa\u00f1a de Talleres, fotos, historias, entrevistas y un despliegue que hasta inclu\u00eda avisos de anunciantes que felicitaban al \u201cTalleres campe\u00f3n\u201d.<\/strong>&nbsp;Por supuesto, fue un desperdicio.<strong>&nbsp;En La Voz del Interior tambi\u00e9n se apuraron a imprimir y tuvieron que desechar material.&nbsp;<\/strong>Aunque despu\u00e9s reciclaron parte del contenido. En el suplemento que sali\u00f3 a la calle muchas notas que ya estaban preparadas aparecen con los t\u00edtulos modificados, y en los avisos que saludan al \u201ccampe\u00f3n\u201d le agregaron el \u201csub\u201d.<\/p>\n","protected":false},"excerpt":{"rendered":"<p>Hace 45 a\u00f1os el Rojo sal\u00eda campe\u00f3n despu\u00e9s de que el \u00e1rbitro le expulsara a&#8230;<\/p>\n","protected":false},"author":13,"featured_media":1389,"comment_status":"open","ping_status":"open","sticky":false,"template":"","format":"standard","meta":{"footnotes":""},"categories":[13],"tags":[],"class_list":["post-1388","post","type-post","status-publish","format-standard","has-post-thumbnail","hentry","category-historias-futboleras"],"yoast_head":"<!-- This site is optimized with the Yoast SEO plugin v19.5.1 - https:\/\/yoast.com\/wordpress\/plugins\/seo\/ -->\n<title>Independiente y su Cordobazo Inmortal - LA PATRIA FUTBOLERA<\/title>\n<meta name=\"robots\" content=\"index, follow, max-snippet:-1, max-image-preview:large, max-video-preview:-1\" \/>\n<link rel=\"canonical\" href=\"https:\/\/lapatriafutbolera.com.ar\/index.php\/2023\/01\/25\/independiente-y-su-cordobazo-inmortal\/\" \/>\n<meta property=\"og:locale\" content=\"es_ES\" \/>\n<meta property=\"og:type\" content=\"article\" \/>\n<meta property=\"og:title\" content=\"Independiente y su Cordobazo Inmortal - LA PATRIA FUTBOLERA\" \/>\n<meta property=\"og:description\" content=\"Hace 45 a\u00f1os el Rojo sal\u00eda campe\u00f3n despu\u00e9s de que el \u00e1rbitro le expulsara a...\" \/>\n<meta property=\"og:url\" content=\"https:\/\/lapatriafutbolera.com.ar\/index.php\/2023\/01\/25\/independiente-y-su-cordobazo-inmortal\/\" \/>\n<meta property=\"og:site_name\" content=\"LA PATRIA FUTBOLERA\" \/>\n<meta property=\"article:published_time\" content=\"2023-01-25T21:49:20+00:00\" \/>\n<meta property=\"article:modified_time\" content=\"2023-01-25T21:52:15+00:00\" \/>\n<meta property=\"og:image\" content=\"https:\/\/lapatriafutbolera.com.ar\/wp-content\/uploads\/2023\/01\/a-44-anos-de-la-hazana-de-independiente-1303680.jpg\" \/>\n\t<meta property=\"og:image:width\" content=\"720\" \/>\n\t<meta property=\"og:image:height\" content=\"410\" \/>\n\t<meta property=\"og:image:type\" content=\"image\/jpeg\" \/>\n<meta name=\"author\" content=\"Claudio Gomez\" \/>\n<meta name=\"twitter:card\" content=\"summary_large_image\" \/>\n<meta name=\"twitter:label1\" content=\"Escrito por\" \/>\n\t<meta name=\"twitter:data1\" content=\"Claudio Gomez\" \/>\n\t<meta name=\"twitter:label2\" content=\"Tiempo de lectura\" \/>\n\t<meta name=\"twitter:data2\" content=\"7 minutos\" \/>\n<script type=\"application\/ld+json\" class=\"yoast-schema-graph\">{\"@context\":\"https:\/\/schema.org\",\"@graph\":[{\"@type\":\"Article\",\"@id\":\"https:\/\/lapatriafutbolera.com.ar\/index.php\/2023\/01\/25\/independiente-y-su-cordobazo-inmortal\/#article\",\"isPartOf\":{\"@id\":\"https:\/\/lapatriafutbolera.com.ar\/index.php\/2023\/01\/25\/independiente-y-su-cordobazo-inmortal\/\"},\"author\":{\"name\":\"Claudio Gomez\",\"@id\":\"https:\/\/lapatriafutbolera.com.ar\/#\/schema\/person\/dc068cdb7fa6b9ab72e5b9bf9b07ac3a\"},\"headline\":\"Independiente y su Cordobazo Inmortal\",\"datePublished\":\"2023-01-25T21:49:20+00:00\",\"dateModified\":\"2023-01-25T21:52:15+00:00\",\"mainEntityOfPage\":{\"@id\":\"https:\/\/lapatriafutbolera.com.ar\/index.php\/2023\/01\/25\/independiente-y-su-cordobazo-inmortal\/\"},\"wordCount\":1676,\"commentCount\":0,\"publisher\":{\"@id\":\"https:\/\/lapatriafutbolera.com.ar\/#organization\"},\"articleSection\":[\"Historias Futboleras\"],\"inLanguage\":\"es-AR\",\"potentialAction\":[{\"@type\":\"CommentAction\",\"name\":\"Comment\",\"target\":[\"https:\/\/lapatriafutbolera.com.ar\/index.php\/2023\/01\/25\/independiente-y-su-cordobazo-inmortal\/#respond\"]}]},{\"@type\":\"WebPage\",\"@id\":\"https:\/\/lapatriafutbolera.com.ar\/index.php\/2023\/01\/25\/independiente-y-su-cordobazo-inmortal\/\",\"url\":\"https:\/\/lapatriafutbolera.com.ar\/index.php\/2023\/01\/25\/independiente-y-su-cordobazo-inmortal\/\",\"name\":\"Independiente y su Cordobazo Inmortal - LA PATRIA FUTBOLERA\",\"isPartOf\":{\"@id\":\"https:\/\/lapatriafutbolera.com.ar\/#website\"},\"datePublished\":\"2023-01-25T21:49:20+00:00\",\"dateModified\":\"2023-01-25T21:52:15+00:00\",\"breadcrumb\":{\"@id\":\"https:\/\/lapatriafutbolera.com.ar\/index.php\/2023\/01\/25\/independiente-y-su-cordobazo-inmortal\/#breadcrumb\"},\"inLanguage\":\"es-AR\",\"potentialAction\":[{\"@type\":\"ReadAction\",\"target\":[\"https:\/\/lapatriafutbolera.com.ar\/index.php\/2023\/01\/25\/independiente-y-su-cordobazo-inmortal\/\"]}]},{\"@type\":\"BreadcrumbList\",\"@id\":\"https:\/\/lapatriafutbolera.com.ar\/index.php\/2023\/01\/25\/independiente-y-su-cordobazo-inmortal\/#breadcrumb\",\"itemListElement\":[{\"@type\":\"ListItem\",\"position\":1,\"name\":\"Inicio\",\"item\":\"https:\/\/lapatriafutbolera.com.ar\/\"},{\"@type\":\"ListItem\",\"position\":2,\"name\":\"Independiente y su Cordobazo Inmortal\"}]},{\"@type\":\"WebSite\",\"@id\":\"https:\/\/lapatriafutbolera.com.ar\/#website\",\"url\":\"https:\/\/lapatriafutbolera.com.ar\/\",\"name\":\"LA PATRIA FUTBOLERA\",\"description\":\"\",\"publisher\":{\"@id\":\"https:\/\/lapatriafutbolera.com.ar\/#organization\"},\"potentialAction\":[{\"@type\":\"SearchAction\",\"target\":{\"@type\":\"EntryPoint\",\"urlTemplate\":\"https:\/\/lapatriafutbolera.com.ar\/?s={search_term_string}\"},\"query-input\":\"required name=search_term_string\"}],\"inLanguage\":\"es-AR\"},{\"@type\":\"Organization\",\"@id\":\"https:\/\/lapatriafutbolera.com.ar\/#organization\",\"name\":\"LA PATRIA FUTBOLERA\",\"url\":\"https:\/\/lapatriafutbolera.com.ar\/\",\"sameAs\":[],\"logo\":{\"@type\":\"ImageObject\",\"inLanguage\":\"es-AR\",\"@id\":\"https:\/\/lapatriafutbolera.com.ar\/#\/schema\/logo\/image\/\",\"url\":\"https:\/\/lapatriafutbolera.com.ar\/wp-content\/uploads\/2025\/03\/cropped-LA-PATRIA-14.jpg\",\"contentUrl\":\"https:\/\/lapatriafutbolera.com.ar\/wp-content\/uploads\/2025\/03\/cropped-LA-PATRIA-14.jpg\",\"width\":1308,\"height\":221,\"caption\":\"LA PATRIA FUTBOLERA\"},\"image\":{\"@id\":\"https:\/\/lapatriafutbolera.com.ar\/#\/schema\/logo\/image\/\"}},{\"@type\":\"Person\",\"@id\":\"https:\/\/lapatriafutbolera.com.ar\/#\/schema\/person\/dc068cdb7fa6b9ab72e5b9bf9b07ac3a\",\"name\":\"Claudio Gomez\",\"image\":{\"@type\":\"ImageObject\",\"inLanguage\":\"es-AR\",\"@id\":\"https:\/\/lapatriafutbolera.com.ar\/#\/schema\/person\/image\/\",\"url\":\"https:\/\/secure.gravatar.com\/avatar\/3147140ba7c307e14919ca4d2c95637d54feae9cd96ae4d15a9a7c8b1e2f0ec7?s=96&d=mm&r=g\",\"contentUrl\":\"https:\/\/secure.gravatar.com\/avatar\/3147140ba7c307e14919ca4d2c95637d54feae9cd96ae4d15a9a7c8b1e2f0ec7?s=96&d=mm&r=g\",\"caption\":\"Claudio Gomez\"},\"url\":\"https:\/\/lapatriafutbolera.com.ar\/index.php\/author\/claudio-gomez\/\"}]}<\/script>\n<!-- \/ Yoast SEO plugin. -->","yoast_head_json":{"title":"Independiente y su Cordobazo Inmortal - LA PATRIA FUTBOLERA","robots":{"index":"index","follow":"follow","max-snippet":"max-snippet:-1","max-image-preview":"max-image-preview:large","max-video-preview":"max-video-preview:-1"},"canonical":"https:\/\/lapatriafutbolera.com.ar\/index.php\/2023\/01\/25\/independiente-y-su-cordobazo-inmortal\/","og_locale":"es_ES","og_type":"article","og_title":"Independiente y su Cordobazo Inmortal - LA PATRIA FUTBOLERA","og_description":"Hace 45 a\u00f1os el Rojo sal\u00eda campe\u00f3n despu\u00e9s de que el \u00e1rbitro le expulsara a...","og_url":"https:\/\/lapatriafutbolera.com.ar\/index.php\/2023\/01\/25\/independiente-y-su-cordobazo-inmortal\/","og_site_name":"LA PATRIA FUTBOLERA","article_published_time":"2023-01-25T21:49:20+00:00","article_modified_time":"2023-01-25T21:52:15+00:00","og_image":[{"width":720,"height":410,"url":"https:\/\/lapatriafutbolera.com.ar\/wp-content\/uploads\/2023\/01\/a-44-anos-de-la-hazana-de-independiente-1303680.jpg","type":"image\/jpeg"}],"author":"Claudio Gomez","twitter_card":"summary_large_image","twitter_misc":{"Escrito por":"Claudio Gomez","Tiempo de lectura":"7 minutos"},"schema":{"@context":"https:\/\/schema.org","@graph":[{"@type":"Article","@id":"https:\/\/lapatriafutbolera.com.ar\/index.php\/2023\/01\/25\/independiente-y-su-cordobazo-inmortal\/#article","isPartOf":{"@id":"https:\/\/lapatriafutbolera.com.ar\/index.php\/2023\/01\/25\/independiente-y-su-cordobazo-inmortal\/"},"author":{"name":"Claudio Gomez","@id":"https:\/\/lapatriafutbolera.com.ar\/#\/schema\/person\/dc068cdb7fa6b9ab72e5b9bf9b07ac3a"},"headline":"Independiente y su Cordobazo Inmortal","datePublished":"2023-01-25T21:49:20+00:00","dateModified":"2023-01-25T21:52:15+00:00","mainEntityOfPage":{"@id":"https:\/\/lapatriafutbolera.com.ar\/index.php\/2023\/01\/25\/independiente-y-su-cordobazo-inmortal\/"},"wordCount":1676,"commentCount":0,"publisher":{"@id":"https:\/\/lapatriafutbolera.com.ar\/#organization"},"articleSection":["Historias Futboleras"],"inLanguage":"es-AR","potentialAction":[{"@type":"CommentAction","name":"Comment","target":["https:\/\/lapatriafutbolera.com.ar\/index.php\/2023\/01\/25\/independiente-y-su-cordobazo-inmortal\/#respond"]}]},{"@type":"WebPage","@id":"https:\/\/lapatriafutbolera.com.ar\/index.php\/2023\/01\/25\/independiente-y-su-cordobazo-inmortal\/","url":"https:\/\/lapatriafutbolera.com.ar\/index.php\/2023\/01\/25\/independiente-y-su-cordobazo-inmortal\/","name":"Independiente y su Cordobazo Inmortal - LA PATRIA FUTBOLERA","isPartOf":{"@id":"https:\/\/lapatriafutbolera.com.ar\/#website"},"datePublished":"2023-01-25T21:49:20+00:00","dateModified":"2023-01-25T21:52:15+00:00","breadcrumb":{"@id":"https:\/\/lapatriafutbolera.com.ar\/index.php\/2023\/01\/25\/independiente-y-su-cordobazo-inmortal\/#breadcrumb"},"inLanguage":"es-AR","potentialAction":[{"@type":"ReadAction","target":["https:\/\/lapatriafutbolera.com.ar\/index.php\/2023\/01\/25\/independiente-y-su-cordobazo-inmortal\/"]}]},{"@type":"BreadcrumbList","@id":"https:\/\/lapatriafutbolera.com.ar\/index.php\/2023\/01\/25\/independiente-y-su-cordobazo-inmortal\/#breadcrumb","itemListElement":[{"@type":"ListItem","position":1,"name":"Inicio","item":"https:\/\/lapatriafutbolera.com.ar\/"},{"@type":"ListItem","position":2,"name":"Independiente y su Cordobazo Inmortal"}]},{"@type":"WebSite","@id":"https:\/\/lapatriafutbolera.com.ar\/#website","url":"https:\/\/lapatriafutbolera.com.ar\/","name":"LA PATRIA FUTBOLERA","description":"","publisher":{"@id":"https:\/\/lapatriafutbolera.com.ar\/#organization"},"potentialAction":[{"@type":"SearchAction","target":{"@type":"EntryPoint","urlTemplate":"https:\/\/lapatriafutbolera.com.ar\/?s={search_term_string}"},"query-input":"required name=search_term_string"}],"inLanguage":"es-AR"},{"@type":"Organization","@id":"https:\/\/lapatriafutbolera.com.ar\/#organization","name":"LA PATRIA FUTBOLERA","url":"https:\/\/lapatriafutbolera.com.ar\/","sameAs":[],"logo":{"@type":"ImageObject","inLanguage":"es-AR","@id":"https:\/\/lapatriafutbolera.com.ar\/#\/schema\/logo\/image\/","url":"https:\/\/lapatriafutbolera.com.ar\/wp-content\/uploads\/2025\/03\/cropped-LA-PATRIA-14.jpg","contentUrl":"https:\/\/lapatriafutbolera.com.ar\/wp-content\/uploads\/2025\/03\/cropped-LA-PATRIA-14.jpg","width":1308,"height":221,"caption":"LA PATRIA FUTBOLERA"},"image":{"@id":"https:\/\/lapatriafutbolera.com.ar\/#\/schema\/logo\/image\/"}},{"@type":"Person","@id":"https:\/\/lapatriafutbolera.com.ar\/#\/schema\/person\/dc068cdb7fa6b9ab72e5b9bf9b07ac3a","name":"Claudio Gomez","image":{"@type":"ImageObject","inLanguage":"es-AR","@id":"https:\/\/lapatriafutbolera.com.ar\/#\/schema\/person\/image\/","url":"https:\/\/secure.gravatar.com\/avatar\/3147140ba7c307e14919ca4d2c95637d54feae9cd96ae4d15a9a7c8b1e2f0ec7?s=96&d=mm&r=g","contentUrl":"https:\/\/secure.gravatar.com\/avatar\/3147140ba7c307e14919ca4d2c95637d54feae9cd96ae4d15a9a7c8b1e2f0ec7?s=96&d=mm&r=g","caption":"Claudio Gomez"},"url":"https:\/\/lapatriafutbolera.com.ar\/index.php\/author\/claudio-gomez\/"}]}},"_links":{"self":[{"href":"https:\/\/lapatriafutbolera.com.ar\/index.php\/wp-json\/wp\/v2\/posts\/1388","targetHints":{"allow":["GET"]}}],"collection":[{"href":"https:\/\/lapatriafutbolera.com.ar\/index.php\/wp-json\/wp\/v2\/posts"}],"about":[{"href":"https:\/\/lapatriafutbolera.com.ar\/index.php\/wp-json\/wp\/v2\/types\/post"}],"author":[{"embeddable":true,"href":"https:\/\/lapatriafutbolera.com.ar\/index.php\/wp-json\/wp\/v2\/users\/13"}],"replies":[{"embeddable":true,"href":"https:\/\/lapatriafutbolera.com.ar\/index.php\/wp-json\/wp\/v2\/comments?post=1388"}],"version-history":[{"count":2,"href":"https:\/\/lapatriafutbolera.com.ar\/index.php\/wp-json\/wp\/v2\/posts\/1388\/revisions"}],"predecessor-version":[{"id":1392,"href":"https:\/\/lapatriafutbolera.com.ar\/index.php\/wp-json\/wp\/v2\/posts\/1388\/revisions\/1392"}],"wp:featuredmedia":[{"embeddable":true,"href":"https:\/\/lapatriafutbolera.com.ar\/index.php\/wp-json\/wp\/v2\/media\/1389"}],"wp:attachment":[{"href":"https:\/\/lapatriafutbolera.com.ar\/index.php\/wp-json\/wp\/v2\/media?parent=1388"}],"wp:term":[{"taxonomy":"category","embeddable":true,"href":"https:\/\/lapatriafutbolera.com.ar\/index.php\/wp-json\/wp\/v2\/categories?post=1388"},{"taxonomy":"post_tag","embeddable":true,"href":"https:\/\/lapatriafutbolera.com.ar\/index.php\/wp-json\/wp\/v2\/tags?post=1388"}],"curies":[{"name":"wp","href":"https:\/\/api.w.org\/{rel}","templated":true}]}}