{"id":1398,"date":"2023-01-24T13:37:46","date_gmt":"2023-01-24T16:37:46","guid":{"rendered":"https:\/\/lapatriafutbolera.com.ar\/?p=1398"},"modified":"2023-02-02T13:41:10","modified_gmt":"2023-02-02T16:41:10","slug":"fontanarrosa-cuenta-al-jugador-pizzuti","status":"publish","type":"post","link":"https:\/\/lapatriafutbolera.com.ar\/index.php\/2023\/01\/24\/fontanarrosa-cuenta-al-jugador-pizzuti\/","title":{"rendered":"Fontanarrosa cuenta al jugador Pizzuti"},"content":{"rendered":"\n<h4 class=\"wp-block-heading\">Gentileza de Deporte y Literatura<\/h4>\n\n\n\n<p>(Juan Jos\u00e9 Pizzuti, jugador y t\u00e9cnico campe\u00f3n con Racing, referencia de f\u00fatbol en cada aire, muri\u00f3 el 24 de enero de 2020. Su nombre est\u00e1 en la literatura argentina en lugares diversos como el cuento &#8220;Mi madre andaba en la luz&#8221;, de Haroldo Conti, o la novela &#8220;El Equipo de Jos\u00e9 nunca existi\u00f3&#8221;, de Adri\u00e1n Desiderato. Ac\u00e1 van las percepciones del Negro Fontanarrosa sobre Pizzuti, al que registr\u00f3 como inside derecho del Racing campe\u00f3n de 1961. Es un fragmento de su libro &#8220;No te vayas, campe\u00f3n&#8221;)<\/p>\n\n\n\n<p>Y recuerdo perfectamente que el que m\u00e1s me impresion\u00f3 fue Pizzuti. Yo estaba, pr\u00e1cticamente, a ras del piso y lo divisaba arrancar casi desde su \u00e1rea, como 8. Y desde all\u00e1 se ven\u00eda. Tocando siempre de primera, seco, preciso, simple, a los costados, atr\u00e1s, adelante. La cabeza levantada, ordenando, hablando, gritando, indicando con la mano por d\u00f3nde deb\u00eda seguir el juego. Y nunca se quedaba parado. Lo ve\u00eda oscilar de derecha a izquierda pero siempre acerc\u00e1ndose. No se desentend\u00eda del asunto. Iniciaba en su \u00e1rea y armaba el circuito, participando, cada vez m\u00e1s cerca, cada vez m\u00e1s cerca. Y llegaba siempre vac\u00edo por el callej\u00f3n del 8, midiendo el arco, listo para recibir la pelota que asiduamente le tocaban Sosa o el mismo Mansilla, para pegarle como ven\u00eda, seco y furibundo, recto o cruzado. Y a volver entonces, hasta su campo, para iniciar de nuevo.<\/p>\n","protected":false},"excerpt":{"rendered":"<p>Gentileza de Deporte y Literatura (Juan Jos\u00e9 Pizzuti, jugador y t\u00e9cnico campe\u00f3n con Racing, referencia&#8230;<\/p>\n","protected":false},"author":4,"featured_media":1399,"comment_status":"open","ping_status":"open","sticky":false,"template":"","format":"standard","meta":{"footnotes":""},"categories":[14],"tags":[],"class_list":["post-1398","post","type-post","status-publish","format-standard","has-post-thumbnail","hentry","category-el-negro-canalla"],"yoast_head":"<!-- This site is optimized with the Yoast SEO plugin v19.5.1 - https:\/\/yoast.com\/wordpress\/plugins\/seo\/ -->\n<title>Fontanarrosa cuenta al jugador Pizzuti - LA PATRIA FUTBOLERA<\/title>\n<meta name=\"robots\" content=\"index, follow, max-snippet:-1, max-image-preview:large, max-video-preview:-1\" \/>\n<link rel=\"canonical\" href=\"https:\/\/lapatriafutbolera.com.ar\/index.php\/2023\/01\/24\/fontanarrosa-cuenta-al-jugador-pizzuti\/\" \/>\n<meta property=\"og:locale\" content=\"es_ES\" \/>\n<meta property=\"og:type\" content=\"article\" \/>\n<meta property=\"og:title\" content=\"Fontanarrosa cuenta al jugador Pizzuti - LA PATRIA FUTBOLERA\" \/>\n<meta property=\"og:description\" content=\"Gentileza de Deporte y Literatura (Juan Jos\u00e9 Pizzuti, jugador y t\u00e9cnico campe\u00f3n con Racing, referencia...\" \/>\n<meta property=\"og:url\" content=\"https:\/\/lapatriafutbolera.com.ar\/index.php\/2023\/01\/24\/fontanarrosa-cuenta-al-jugador-pizzuti\/\" \/>\n<meta property=\"og:site_name\" content=\"LA PATRIA FUTBOLERA\" \/>\n<meta property=\"article:published_time\" content=\"2023-01-24T16:37:46+00:00\" \/>\n<meta property=\"article:modified_time\" content=\"2023-02-02T16:41:10+00:00\" \/>\n<meta property=\"og:image\" content=\"https:\/\/lapatriafutbolera.com.ar\/wp-content\/uploads\/2023\/02\/326403134_719320999755241_4905160471484809755_n.jpg\" \/>\n\t<meta property=\"og:image:width\" content=\"230\" \/>\n\t<meta property=\"og:image:height\" content=\"230\" \/>\n\t<meta property=\"og:image:type\" content=\"image\/jpeg\" \/>\n<meta name=\"author\" content=\"Redacci\u00f3n LPF\" \/>\n<meta name=\"twitter:card\" content=\"summary_large_image\" \/>\n<meta name=\"twitter:label1\" content=\"Escrito por\" \/>\n\t<meta name=\"twitter:data1\" content=\"Redacci\u00f3n LPF\" \/>\n\t<meta name=\"twitter:label2\" content=\"Tiempo de lectura\" \/>\n\t<meta name=\"twitter:data2\" content=\"2 minutos\" \/>\n<script type=\"application\/ld+json\" class=\"yoast-schema-graph\">{\"@context\":\"https:\/\/schema.org\",\"@graph\":[{\"@type\":\"Article\",\"@id\":\"https:\/\/lapatriafutbolera.com.ar\/index.php\/2023\/01\/24\/fontanarrosa-cuenta-al-jugador-pizzuti\/#article\",\"isPartOf\":{\"@id\":\"https:\/\/lapatriafutbolera.com.ar\/index.php\/2023\/01\/24\/fontanarrosa-cuenta-al-jugador-pizzuti\/\"},\"author\":{\"name\":\"Redacci\u00f3n LPF\",\"@id\":\"https:\/\/lapatriafutbolera.com.ar\/#\/schema\/person\/eb56fb3a7e76133611d5b2d9f706bd97\"},\"headline\":\"Fontanarrosa cuenta al jugador Pizzuti\",\"datePublished\":\"2023-01-24T16:37:46+00:00\",\"dateModified\":\"2023-02-02T16:41:10+00:00\",\"mainEntityOfPage\":{\"@id\":\"https:\/\/lapatriafutbolera.com.ar\/index.php\/2023\/01\/24\/fontanarrosa-cuenta-al-jugador-pizzuti\/\"},\"wordCount\":256,\"commentCount\":0,\"publisher\":{\"@id\":\"https:\/\/lapatriafutbolera.com.ar\/#organization\"},\"articleSection\":[\"El Negro Canalla\"],\"inLanguage\":\"es-AR\",\"potentialAction\":[{\"@type\":\"CommentAction\",\"name\":\"Comment\",\"target\":[\"https:\/\/lapatriafutbolera.com.ar\/index.php\/2023\/01\/24\/fontanarrosa-cuenta-al-jugador-pizzuti\/#respond\"]}]},{\"@type\":\"WebPage\",\"@id\":\"https:\/\/lapatriafutbolera.com.ar\/index.php\/2023\/01\/24\/fontanarrosa-cuenta-al-jugador-pizzuti\/\",\"url\":\"https:\/\/lapatriafutbolera.com.ar\/index.php\/2023\/01\/24\/fontanarrosa-cuenta-al-jugador-pizzuti\/\",\"name\":\"Fontanarrosa cuenta al jugador Pizzuti - LA PATRIA FUTBOLERA\",\"isPartOf\":{\"@id\":\"https:\/\/lapatriafutbolera.com.ar\/#website\"},\"datePublished\":\"2023-01-24T16:37:46+00:00\",\"dateModified\":\"2023-02-02T16:41:10+00:00\",\"breadcrumb\":{\"@id\":\"https:\/\/lapatriafutbolera.com.ar\/index.php\/2023\/01\/24\/fontanarrosa-cuenta-al-jugador-pizzuti\/#breadcrumb\"},\"inLanguage\":\"es-AR\",\"potentialAction\":[{\"@type\":\"ReadAction\",\"target\":[\"https:\/\/lapatriafutbolera.com.ar\/index.php\/2023\/01\/24\/fontanarrosa-cuenta-al-jugador-pizzuti\/\"]}]},{\"@type\":\"BreadcrumbList\",\"@id\":\"https:\/\/lapatriafutbolera.com.ar\/index.php\/2023\/01\/24\/fontanarrosa-cuenta-al-jugador-pizzuti\/#breadcrumb\",\"itemListElement\":[{\"@type\":\"ListItem\",\"position\":1,\"name\":\"Inicio\",\"item\":\"https:\/\/lapatriafutbolera.com.ar\/\"},{\"@type\":\"ListItem\",\"position\":2,\"name\":\"Fontanarrosa cuenta al jugador Pizzuti\"}]},{\"@type\":\"WebSite\",\"@id\":\"https:\/\/lapatriafutbolera.com.ar\/#website\",\"url\":\"https:\/\/lapatriafutbolera.com.ar\/\",\"name\":\"LA PATRIA FUTBOLERA\",\"description\":\"\",\"publisher\":{\"@id\":\"https:\/\/lapatriafutbolera.com.ar\/#organization\"},\"potentialAction\":[{\"@type\":\"SearchAction\",\"target\":{\"@type\":\"EntryPoint\",\"urlTemplate\":\"https:\/\/lapatriafutbolera.com.ar\/?s={search_term_string}\"},\"query-input\":\"required name=search_term_string\"}],\"inLanguage\":\"es-AR\"},{\"@type\":\"Organization\",\"@id\":\"https:\/\/lapatriafutbolera.com.ar\/#organization\",\"name\":\"LA PATRIA FUTBOLERA\",\"url\":\"https:\/\/lapatriafutbolera.com.ar\/\",\"sameAs\":[],\"logo\":{\"@type\":\"ImageObject\",\"inLanguage\":\"es-AR\",\"@id\":\"https:\/\/lapatriafutbolera.com.ar\/#\/schema\/logo\/image\/\",\"url\":\"https:\/\/lapatriafutbolera.com.ar\/wp-content\/uploads\/2025\/03\/cropped-LA-PATRIA-14.jpg\",\"contentUrl\":\"https:\/\/lapatriafutbolera.com.ar\/wp-content\/uploads\/2025\/03\/cropped-LA-PATRIA-14.jpg\",\"width\":1308,\"height\":221,\"caption\":\"LA PATRIA FUTBOLERA\"},\"image\":{\"@id\":\"https:\/\/lapatriafutbolera.com.ar\/#\/schema\/logo\/image\/\"}},{\"@type\":\"Person\",\"@id\":\"https:\/\/lapatriafutbolera.com.ar\/#\/schema\/person\/eb56fb3a7e76133611d5b2d9f706bd97\",\"name\":\"Redacci\u00f3n LPF\",\"image\":{\"@type\":\"ImageObject\",\"inLanguage\":\"es-AR\",\"@id\":\"https:\/\/lapatriafutbolera.com.ar\/#\/schema\/person\/image\/\",\"url\":\"https:\/\/secure.gravatar.com\/avatar\/57dc12e3750972170624cd118ca21d4157841e9e7b211e6dfe7a00b61088d285?s=96&d=mm&r=g\",\"contentUrl\":\"https:\/\/secure.gravatar.com\/avatar\/57dc12e3750972170624cd118ca21d4157841e9e7b211e6dfe7a00b61088d285?s=96&d=mm&r=g\",\"caption\":\"Redacci\u00f3n LPF\"},\"sameAs\":[\"http:\/\/lapatriafutbolera.com.ar\"],\"url\":\"https:\/\/lapatriafutbolera.com.ar\/index.php\/author\/redaccion-lpf\/\"}]}<\/script>\n<!-- \/ Yoast SEO plugin. -->","yoast_head_json":{"title":"Fontanarrosa cuenta al jugador Pizzuti - LA PATRIA FUTBOLERA","robots":{"index":"index","follow":"follow","max-snippet":"max-snippet:-1","max-image-preview":"max-image-preview:large","max-video-preview":"max-video-preview:-1"},"canonical":"https:\/\/lapatriafutbolera.com.ar\/index.php\/2023\/01\/24\/fontanarrosa-cuenta-al-jugador-pizzuti\/","og_locale":"es_ES","og_type":"article","og_title":"Fontanarrosa cuenta al jugador Pizzuti - LA PATRIA FUTBOLERA","og_description":"Gentileza de Deporte y Literatura (Juan Jos\u00e9 Pizzuti, jugador y t\u00e9cnico campe\u00f3n con Racing, referencia...","og_url":"https:\/\/lapatriafutbolera.com.ar\/index.php\/2023\/01\/24\/fontanarrosa-cuenta-al-jugador-pizzuti\/","og_site_name":"LA PATRIA FUTBOLERA","article_published_time":"2023-01-24T16:37:46+00:00","article_modified_time":"2023-02-02T16:41:10+00:00","og_image":[{"width":230,"height":230,"url":"https:\/\/lapatriafutbolera.com.ar\/wp-content\/uploads\/2023\/02\/326403134_719320999755241_4905160471484809755_n.jpg","type":"image\/jpeg"}],"author":"Redacci\u00f3n LPF","twitter_card":"summary_large_image","twitter_misc":{"Escrito por":"Redacci\u00f3n LPF","Tiempo de lectura":"2 minutos"},"schema":{"@context":"https:\/\/schema.org","@graph":[{"@type":"Article","@id":"https:\/\/lapatriafutbolera.com.ar\/index.php\/2023\/01\/24\/fontanarrosa-cuenta-al-jugador-pizzuti\/#article","isPartOf":{"@id":"https:\/\/lapatriafutbolera.com.ar\/index.php\/2023\/01\/24\/fontanarrosa-cuenta-al-jugador-pizzuti\/"},"author":{"name":"Redacci\u00f3n LPF","@id":"https:\/\/lapatriafutbolera.com.ar\/#\/schema\/person\/eb56fb3a7e76133611d5b2d9f706bd97"},"headline":"Fontanarrosa cuenta al jugador Pizzuti","datePublished":"2023-01-24T16:37:46+00:00","dateModified":"2023-02-02T16:41:10+00:00","mainEntityOfPage":{"@id":"https:\/\/lapatriafutbolera.com.ar\/index.php\/2023\/01\/24\/fontanarrosa-cuenta-al-jugador-pizzuti\/"},"wordCount":256,"commentCount":0,"publisher":{"@id":"https:\/\/lapatriafutbolera.com.ar\/#organization"},"articleSection":["El Negro Canalla"],"inLanguage":"es-AR","potentialAction":[{"@type":"CommentAction","name":"Comment","target":["https:\/\/lapatriafutbolera.com.ar\/index.php\/2023\/01\/24\/fontanarrosa-cuenta-al-jugador-pizzuti\/#respond"]}]},{"@type":"WebPage","@id":"https:\/\/lapatriafutbolera.com.ar\/index.php\/2023\/01\/24\/fontanarrosa-cuenta-al-jugador-pizzuti\/","url":"https:\/\/lapatriafutbolera.com.ar\/index.php\/2023\/01\/24\/fontanarrosa-cuenta-al-jugador-pizzuti\/","name":"Fontanarrosa cuenta al jugador Pizzuti - LA PATRIA FUTBOLERA","isPartOf":{"@id":"https:\/\/lapatriafutbolera.com.ar\/#website"},"datePublished":"2023-01-24T16:37:46+00:00","dateModified":"2023-02-02T16:41:10+00:00","breadcrumb":{"@id":"https:\/\/lapatriafutbolera.com.ar\/index.php\/2023\/01\/24\/fontanarrosa-cuenta-al-jugador-pizzuti\/#breadcrumb"},"inLanguage":"es-AR","potentialAction":[{"@type":"ReadAction","target":["https:\/\/lapatriafutbolera.com.ar\/index.php\/2023\/01\/24\/fontanarrosa-cuenta-al-jugador-pizzuti\/"]}]},{"@type":"BreadcrumbList","@id":"https:\/\/lapatriafutbolera.com.ar\/index.php\/2023\/01\/24\/fontanarrosa-cuenta-al-jugador-pizzuti\/#breadcrumb","itemListElement":[{"@type":"ListItem","position":1,"name":"Inicio","item":"https:\/\/lapatriafutbolera.com.ar\/"},{"@type":"ListItem","position":2,"name":"Fontanarrosa cuenta al jugador Pizzuti"}]},{"@type":"WebSite","@id":"https:\/\/lapatriafutbolera.com.ar\/#website","url":"https:\/\/lapatriafutbolera.com.ar\/","name":"LA PATRIA FUTBOLERA","description":"","publisher":{"@id":"https:\/\/lapatriafutbolera.com.ar\/#organization"},"potentialAction":[{"@type":"SearchAction","target":{"@type":"EntryPoint","urlTemplate":"https:\/\/lapatriafutbolera.com.ar\/?s={search_term_string}"},"query-input":"required name=search_term_string"}],"inLanguage":"es-AR"},{"@type":"Organization","@id":"https:\/\/lapatriafutbolera.com.ar\/#organization","name":"LA PATRIA FUTBOLERA","url":"https:\/\/lapatriafutbolera.com.ar\/","sameAs":[],"logo":{"@type":"ImageObject","inLanguage":"es-AR","@id":"https:\/\/lapatriafutbolera.com.ar\/#\/schema\/logo\/image\/","url":"https:\/\/lapatriafutbolera.com.ar\/wp-content\/uploads\/2025\/03\/cropped-LA-PATRIA-14.jpg","contentUrl":"https:\/\/lapatriafutbolera.com.ar\/wp-content\/uploads\/2025\/03\/cropped-LA-PATRIA-14.jpg","width":1308,"height":221,"caption":"LA PATRIA FUTBOLERA"},"image":{"@id":"https:\/\/lapatriafutbolera.com.ar\/#\/schema\/logo\/image\/"}},{"@type":"Person","@id":"https:\/\/lapatriafutbolera.com.ar\/#\/schema\/person\/eb56fb3a7e76133611d5b2d9f706bd97","name":"Redacci\u00f3n LPF","image":{"@type":"ImageObject","inLanguage":"es-AR","@id":"https:\/\/lapatriafutbolera.com.ar\/#\/schema\/person\/image\/","url":"https:\/\/secure.gravatar.com\/avatar\/57dc12e3750972170624cd118ca21d4157841e9e7b211e6dfe7a00b61088d285?s=96&d=mm&r=g","contentUrl":"https:\/\/secure.gravatar.com\/avatar\/57dc12e3750972170624cd118ca21d4157841e9e7b211e6dfe7a00b61088d285?s=96&d=mm&r=g","caption":"Redacci\u00f3n LPF"},"sameAs":["http:\/\/lapatriafutbolera.com.ar"],"url":"https:\/\/lapatriafutbolera.com.ar\/index.php\/author\/redaccion-lpf\/"}]}},"_links":{"self":[{"href":"https:\/\/lapatriafutbolera.com.ar\/index.php\/wp-json\/wp\/v2\/posts\/1398","targetHints":{"allow":["GET"]}}],"collection":[{"href":"https:\/\/lapatriafutbolera.com.ar\/index.php\/wp-json\/wp\/v2\/posts"}],"about":[{"href":"https:\/\/lapatriafutbolera.com.ar\/index.php\/wp-json\/wp\/v2\/types\/post"}],"author":[{"embeddable":true,"href":"https:\/\/lapatriafutbolera.com.ar\/index.php\/wp-json\/wp\/v2\/users\/4"}],"replies":[{"embeddable":true,"href":"https:\/\/lapatriafutbolera.com.ar\/index.php\/wp-json\/wp\/v2\/comments?post=1398"}],"version-history":[{"count":1,"href":"https:\/\/lapatriafutbolera.com.ar\/index.php\/wp-json\/wp\/v2\/posts\/1398\/revisions"}],"predecessor-version":[{"id":1400,"href":"https:\/\/lapatriafutbolera.com.ar\/index.php\/wp-json\/wp\/v2\/posts\/1398\/revisions\/1400"}],"wp:featuredmedia":[{"embeddable":true,"href":"https:\/\/lapatriafutbolera.com.ar\/index.php\/wp-json\/wp\/v2\/media\/1399"}],"wp:attachment":[{"href":"https:\/\/lapatriafutbolera.com.ar\/index.php\/wp-json\/wp\/v2\/media?parent=1398"}],"wp:term":[{"taxonomy":"category","embeddable":true,"href":"https:\/\/lapatriafutbolera.com.ar\/index.php\/wp-json\/wp\/v2\/categories?post=1398"},{"taxonomy":"post_tag","embeddable":true,"href":"https:\/\/lapatriafutbolera.com.ar\/index.php\/wp-json\/wp\/v2\/tags?post=1398"}],"curies":[{"name":"wp","href":"https:\/\/api.w.org\/{rel}","templated":true}]}}