{"id":1431,"date":"2023-03-07T11:30:00","date_gmt":"2023-03-07T14:30:00","guid":{"rendered":"https:\/\/lapatriafutbolera.com.ar\/?p=1431"},"modified":"2023-03-08T11:52:49","modified_gmt":"2023-03-08T14:52:49","slug":"los-de-afuera-son-de-palo-decia-obdulio","status":"publish","type":"post","link":"https:\/\/lapatriafutbolera.com.ar\/index.php\/2023\/03\/07\/los-de-afuera-son-de-palo-decia-obdulio\/","title":{"rendered":"Los de afuera son de palo, dec\u00eda Obdulio"},"content":{"rendered":"\n<h5 class=\"wp-block-heading\">En l\u00edneas generales eso del D\u00eda del Hincha me parece un absurdo. \u00bfQu\u00e9 es lo que hay que celebrar del &#8220;hincha&#8221;? Soy de los que creen que no es buena idea poner a los espectadores en el centro de la escena. A mi me gusta el f\u00fatbol. El bautizado &#8220;espect\u00e1culo de las tribunas&#8221; no me mueve un pelo en tanto &#8220;espect\u00e1culo&#8221;. Me fascina como expresi\u00f3n de alegr\u00eda y de identidad populares. Eso s\u00ed. Pero en lo estrictamente futbol\u00edstico, me gusta el mandato de Obdulio: los de afuera son de <a><\/a>palo.<\/h5>\n\n\n\n<p>Ahora bien, como dije arriba, hay algo identitario en el hincha de f\u00fatbol. Cu\u00e1ndo esa identidad se resignifica en acci\u00f3n pol\u00edtica, en militancia, en defensa de lo propio y amado, ah\u00ed la cosa cambia.<\/p>\n\n\n\n<p>Un d\u00eda de triste memoria una funcionaria, quiz\u00e1s sin mucha idea de lo que dec\u00eda o quiz\u00e1s sin ninguna empat\u00eda con las causas populares, sali\u00f3 a decir algo as\u00ed como &#8220;Racing club ha dejado de existir&#8221;. \u00bfAlguien tiene alguna duda que de no mediar la enorme, conmovedora y comprometida movilizaci\u00f3n racinguista lo que dijo la funcionaria podr\u00eda haberse cumplido?<\/p>\n\n\n\n<p>A la vieja y gloriosa Academia la salvaron sus hinchas. La rescataron de las fauces de una burocracia imb\u00e9cil que no entiende de identidades, de generaciones pas\u00e1ndose testimonio de esa bandera, ese escudo y ese orgullo celeste y blanco que fue y es (como todos los clubes del amado f\u00fatbol argentino) se\u00f1a constitutiva de un modo de entender la vida de este lado del mundo.<\/p>\n\n\n\n<p>A partir de aquella gesta el hincha de Racing dej\u00f3 de ser como cualquier otro hincha de cualquier otro club (hay otros clubes que pueden contar cosas similares o asimilables y tambi\u00e9n soy conciente de que, llegado el caso, la inmensa mayor\u00eda de los clubes -acaso la totalidad- ser\u00edan &#8220;militados&#8221; con la misma pasi\u00f3n con que lo fue uno de los dos gigantes de Avellaneda&#8230; Pero le toc\u00f3 a R\u00e1cing). Aquella pueblada rancinguista fue una nueva fundaci\u00f3n. \u00bfC\u00f3mo no va a merecer esa hinchada militante y comprometida un d\u00eda que los recuerde y celebre?<\/p>\n\n\n\n<p>Feliz d\u00eda, amigos hinchas del viejo Racing Club! Con toda mi admiraci\u00f3n.<\/p>\n","protected":false},"excerpt":{"rendered":"<p>En l\u00edneas generales eso del D\u00eda del Hincha me parece un absurdo. \u00bfQu\u00e9 es lo&#8230;<\/p>\n","protected":false},"author":7,"featured_media":1433,"comment_status":"open","ping_status":"open","sticky":false,"template":"","format":"standard","meta":{"footnotes":""},"categories":[10],"tags":[],"class_list":["post-1431","post","type-post","status-publish","format-standard","has-post-thumbnail","hentry","category-hincha-del-juego"],"yoast_head":"<!-- This site is optimized with the Yoast SEO plugin v19.5.1 - https:\/\/yoast.com\/wordpress\/plugins\/seo\/ -->\n<title>Los de afuera son de palo, dec\u00eda Obdulio - LA PATRIA FUTBOLERA<\/title>\n<meta name=\"robots\" content=\"index, follow, max-snippet:-1, max-image-preview:large, max-video-preview:-1\" \/>\n<link rel=\"canonical\" href=\"https:\/\/lapatriafutbolera.com.ar\/index.php\/2023\/03\/07\/los-de-afuera-son-de-palo-decia-obdulio\/\" \/>\n<meta property=\"og:locale\" content=\"es_ES\" \/>\n<meta property=\"og:type\" content=\"article\" \/>\n<meta property=\"og:title\" content=\"Los de afuera son de palo, dec\u00eda Obdulio - LA PATRIA FUTBOLERA\" \/>\n<meta property=\"og:description\" content=\"En l\u00edneas generales eso del D\u00eda del Hincha me parece un absurdo. \u00bfQu\u00e9 es lo...\" \/>\n<meta property=\"og:url\" content=\"https:\/\/lapatriafutbolera.com.ar\/index.php\/2023\/03\/07\/los-de-afuera-son-de-palo-decia-obdulio\/\" \/>\n<meta property=\"og:site_name\" content=\"LA PATRIA FUTBOLERA\" \/>\n<meta property=\"article:published_time\" content=\"2023-03-07T14:30:00+00:00\" \/>\n<meta property=\"article:modified_time\" content=\"2023-03-08T14:52:49+00:00\" \/>\n<meta name=\"author\" content=\"Diego Joy\" \/>\n<meta name=\"twitter:card\" content=\"summary_large_image\" \/>\n<meta name=\"twitter:image\" content=\"https:\/\/lapatriafutbolera.com.ar\/wp-content\/uploads\/2023\/03\/cilindro-racing-1.jpg\" \/>\n<meta name=\"twitter:label1\" content=\"Escrito por\" \/>\n\t<meta name=\"twitter:data1\" content=\"Diego Joy\" \/>\n\t<meta name=\"twitter:label2\" content=\"Tiempo de lectura\" \/>\n\t<meta name=\"twitter:data2\" content=\"2 minutos\" \/>\n<script type=\"application\/ld+json\" class=\"yoast-schema-graph\">{\"@context\":\"https:\/\/schema.org\",\"@graph\":[{\"@type\":\"Article\",\"@id\":\"https:\/\/lapatriafutbolera.com.ar\/index.php\/2023\/03\/07\/los-de-afuera-son-de-palo-decia-obdulio\/#article\",\"isPartOf\":{\"@id\":\"https:\/\/lapatriafutbolera.com.ar\/index.php\/2023\/03\/07\/los-de-afuera-son-de-palo-decia-obdulio\/\"},\"author\":{\"name\":\"Diego Joy\",\"@id\":\"https:\/\/lapatriafutbolera.com.ar\/#\/schema\/person\/e49f5482d3756b13d01cd253cbc91c9f\"},\"headline\":\"Los de afuera son de palo, dec\u00eda Obdulio\",\"datePublished\":\"2023-03-07T14:30:00+00:00\",\"dateModified\":\"2023-03-08T14:52:49+00:00\",\"mainEntityOfPage\":{\"@id\":\"https:\/\/lapatriafutbolera.com.ar\/index.php\/2023\/03\/07\/los-de-afuera-son-de-palo-decia-obdulio\/\"},\"wordCount\":396,\"commentCount\":0,\"publisher\":{\"@id\":\"https:\/\/lapatriafutbolera.com.ar\/#organization\"},\"articleSection\":[\"Hincha del Juego\"],\"inLanguage\":\"es-AR\",\"potentialAction\":[{\"@type\":\"CommentAction\",\"name\":\"Comment\",\"target\":[\"https:\/\/lapatriafutbolera.com.ar\/index.php\/2023\/03\/07\/los-de-afuera-son-de-palo-decia-obdulio\/#respond\"]}]},{\"@type\":\"WebPage\",\"@id\":\"https:\/\/lapatriafutbolera.com.ar\/index.php\/2023\/03\/07\/los-de-afuera-son-de-palo-decia-obdulio\/\",\"url\":\"https:\/\/lapatriafutbolera.com.ar\/index.php\/2023\/03\/07\/los-de-afuera-son-de-palo-decia-obdulio\/\",\"name\":\"Los de afuera son de palo, dec\u00eda Obdulio - LA PATRIA FUTBOLERA\",\"isPartOf\":{\"@id\":\"https:\/\/lapatriafutbolera.com.ar\/#website\"},\"datePublished\":\"2023-03-07T14:30:00+00:00\",\"dateModified\":\"2023-03-08T14:52:49+00:00\",\"breadcrumb\":{\"@id\":\"https:\/\/lapatriafutbolera.com.ar\/index.php\/2023\/03\/07\/los-de-afuera-son-de-palo-decia-obdulio\/#breadcrumb\"},\"inLanguage\":\"es-AR\",\"potentialAction\":[{\"@type\":\"ReadAction\",\"target\":[\"https:\/\/lapatriafutbolera.com.ar\/index.php\/2023\/03\/07\/los-de-afuera-son-de-palo-decia-obdulio\/\"]}]},{\"@type\":\"BreadcrumbList\",\"@id\":\"https:\/\/lapatriafutbolera.com.ar\/index.php\/2023\/03\/07\/los-de-afuera-son-de-palo-decia-obdulio\/#breadcrumb\",\"itemListElement\":[{\"@type\":\"ListItem\",\"position\":1,\"name\":\"Inicio\",\"item\":\"https:\/\/lapatriafutbolera.com.ar\/\"},{\"@type\":\"ListItem\",\"position\":2,\"name\":\"Los de afuera son de palo, dec\u00eda Obdulio\"}]},{\"@type\":\"WebSite\",\"@id\":\"https:\/\/lapatriafutbolera.com.ar\/#website\",\"url\":\"https:\/\/lapatriafutbolera.com.ar\/\",\"name\":\"LA PATRIA FUTBOLERA\",\"description\":\"\",\"publisher\":{\"@id\":\"https:\/\/lapatriafutbolera.com.ar\/#organization\"},\"potentialAction\":[{\"@type\":\"SearchAction\",\"target\":{\"@type\":\"EntryPoint\",\"urlTemplate\":\"https:\/\/lapatriafutbolera.com.ar\/?s={search_term_string}\"},\"query-input\":\"required name=search_term_string\"}],\"inLanguage\":\"es-AR\"},{\"@type\":\"Organization\",\"@id\":\"https:\/\/lapatriafutbolera.com.ar\/#organization\",\"name\":\"LA PATRIA FUTBOLERA\",\"url\":\"https:\/\/lapatriafutbolera.com.ar\/\",\"sameAs\":[],\"logo\":{\"@type\":\"ImageObject\",\"inLanguage\":\"es-AR\",\"@id\":\"https:\/\/lapatriafutbolera.com.ar\/#\/schema\/logo\/image\/\",\"url\":\"https:\/\/lapatriafutbolera.com.ar\/wp-content\/uploads\/2025\/03\/cropped-LA-PATRIA-14.jpg\",\"contentUrl\":\"https:\/\/lapatriafutbolera.com.ar\/wp-content\/uploads\/2025\/03\/cropped-LA-PATRIA-14.jpg\",\"width\":1308,\"height\":221,\"caption\":\"LA PATRIA FUTBOLERA\"},\"image\":{\"@id\":\"https:\/\/lapatriafutbolera.com.ar\/#\/schema\/logo\/image\/\"}},{\"@type\":\"Person\",\"@id\":\"https:\/\/lapatriafutbolera.com.ar\/#\/schema\/person\/e49f5482d3756b13d01cd253cbc91c9f\",\"name\":\"Diego Joy\",\"image\":{\"@type\":\"ImageObject\",\"inLanguage\":\"es-AR\",\"@id\":\"https:\/\/lapatriafutbolera.com.ar\/#\/schema\/person\/image\/\",\"url\":\"https:\/\/secure.gravatar.com\/avatar\/52a725e9cb5a91747a880972f4bce8fdead4cb339ff6d70a4bf4cccfb55e91fe?s=96&d=mm&r=g\",\"contentUrl\":\"https:\/\/secure.gravatar.com\/avatar\/52a725e9cb5a91747a880972f4bce8fdead4cb339ff6d70a4bf4cccfb55e91fe?s=96&d=mm&r=g\",\"caption\":\"Diego Joy\"},\"url\":\"https:\/\/lapatriafutbolera.com.ar\/index.php\/author\/diego-joy\/\"}]}<\/script>\n<!-- \/ Yoast SEO plugin. -->","yoast_head_json":{"title":"Los de afuera son de palo, dec\u00eda Obdulio - LA PATRIA FUTBOLERA","robots":{"index":"index","follow":"follow","max-snippet":"max-snippet:-1","max-image-preview":"max-image-preview:large","max-video-preview":"max-video-preview:-1"},"canonical":"https:\/\/lapatriafutbolera.com.ar\/index.php\/2023\/03\/07\/los-de-afuera-son-de-palo-decia-obdulio\/","og_locale":"es_ES","og_type":"article","og_title":"Los de afuera son de palo, dec\u00eda Obdulio - LA PATRIA FUTBOLERA","og_description":"En l\u00edneas generales eso del D\u00eda del Hincha me parece un absurdo. \u00bfQu\u00e9 es lo...","og_url":"https:\/\/lapatriafutbolera.com.ar\/index.php\/2023\/03\/07\/los-de-afuera-son-de-palo-decia-obdulio\/","og_site_name":"LA PATRIA FUTBOLERA","article_published_time":"2023-03-07T14:30:00+00:00","article_modified_time":"2023-03-08T14:52:49+00:00","author":"Diego Joy","twitter_card":"summary_large_image","twitter_image":"https:\/\/lapatriafutbolera.com.ar\/wp-content\/uploads\/2023\/03\/cilindro-racing-1.jpg","twitter_misc":{"Escrito por":"Diego Joy","Tiempo de lectura":"2 minutos"},"schema":{"@context":"https:\/\/schema.org","@graph":[{"@type":"Article","@id":"https:\/\/lapatriafutbolera.com.ar\/index.php\/2023\/03\/07\/los-de-afuera-son-de-palo-decia-obdulio\/#article","isPartOf":{"@id":"https:\/\/lapatriafutbolera.com.ar\/index.php\/2023\/03\/07\/los-de-afuera-son-de-palo-decia-obdulio\/"},"author":{"name":"Diego Joy","@id":"https:\/\/lapatriafutbolera.com.ar\/#\/schema\/person\/e49f5482d3756b13d01cd253cbc91c9f"},"headline":"Los de afuera son de palo, dec\u00eda Obdulio","datePublished":"2023-03-07T14:30:00+00:00","dateModified":"2023-03-08T14:52:49+00:00","mainEntityOfPage":{"@id":"https:\/\/lapatriafutbolera.com.ar\/index.php\/2023\/03\/07\/los-de-afuera-son-de-palo-decia-obdulio\/"},"wordCount":396,"commentCount":0,"publisher":{"@id":"https:\/\/lapatriafutbolera.com.ar\/#organization"},"articleSection":["Hincha del Juego"],"inLanguage":"es-AR","potentialAction":[{"@type":"CommentAction","name":"Comment","target":["https:\/\/lapatriafutbolera.com.ar\/index.php\/2023\/03\/07\/los-de-afuera-son-de-palo-decia-obdulio\/#respond"]}]},{"@type":"WebPage","@id":"https:\/\/lapatriafutbolera.com.ar\/index.php\/2023\/03\/07\/los-de-afuera-son-de-palo-decia-obdulio\/","url":"https:\/\/lapatriafutbolera.com.ar\/index.php\/2023\/03\/07\/los-de-afuera-son-de-palo-decia-obdulio\/","name":"Los de afuera son de palo, dec\u00eda Obdulio - LA PATRIA FUTBOLERA","isPartOf":{"@id":"https:\/\/lapatriafutbolera.com.ar\/#website"},"datePublished":"2023-03-07T14:30:00+00:00","dateModified":"2023-03-08T14:52:49+00:00","breadcrumb":{"@id":"https:\/\/lapatriafutbolera.com.ar\/index.php\/2023\/03\/07\/los-de-afuera-son-de-palo-decia-obdulio\/#breadcrumb"},"inLanguage":"es-AR","potentialAction":[{"@type":"ReadAction","target":["https:\/\/lapatriafutbolera.com.ar\/index.php\/2023\/03\/07\/los-de-afuera-son-de-palo-decia-obdulio\/"]}]},{"@type":"BreadcrumbList","@id":"https:\/\/lapatriafutbolera.com.ar\/index.php\/2023\/03\/07\/los-de-afuera-son-de-palo-decia-obdulio\/#breadcrumb","itemListElement":[{"@type":"ListItem","position":1,"name":"Inicio","item":"https:\/\/lapatriafutbolera.com.ar\/"},{"@type":"ListItem","position":2,"name":"Los de afuera son de palo, dec\u00eda Obdulio"}]},{"@type":"WebSite","@id":"https:\/\/lapatriafutbolera.com.ar\/#website","url":"https:\/\/lapatriafutbolera.com.ar\/","name":"LA PATRIA FUTBOLERA","description":"","publisher":{"@id":"https:\/\/lapatriafutbolera.com.ar\/#organization"},"potentialAction":[{"@type":"SearchAction","target":{"@type":"EntryPoint","urlTemplate":"https:\/\/lapatriafutbolera.com.ar\/?s={search_term_string}"},"query-input":"required name=search_term_string"}],"inLanguage":"es-AR"},{"@type":"Organization","@id":"https:\/\/lapatriafutbolera.com.ar\/#organization","name":"LA PATRIA FUTBOLERA","url":"https:\/\/lapatriafutbolera.com.ar\/","sameAs":[],"logo":{"@type":"ImageObject","inLanguage":"es-AR","@id":"https:\/\/lapatriafutbolera.com.ar\/#\/schema\/logo\/image\/","url":"https:\/\/lapatriafutbolera.com.ar\/wp-content\/uploads\/2025\/03\/cropped-LA-PATRIA-14.jpg","contentUrl":"https:\/\/lapatriafutbolera.com.ar\/wp-content\/uploads\/2025\/03\/cropped-LA-PATRIA-14.jpg","width":1308,"height":221,"caption":"LA PATRIA FUTBOLERA"},"image":{"@id":"https:\/\/lapatriafutbolera.com.ar\/#\/schema\/logo\/image\/"}},{"@type":"Person","@id":"https:\/\/lapatriafutbolera.com.ar\/#\/schema\/person\/e49f5482d3756b13d01cd253cbc91c9f","name":"Diego Joy","image":{"@type":"ImageObject","inLanguage":"es-AR","@id":"https:\/\/lapatriafutbolera.com.ar\/#\/schema\/person\/image\/","url":"https:\/\/secure.gravatar.com\/avatar\/52a725e9cb5a91747a880972f4bce8fdead4cb339ff6d70a4bf4cccfb55e91fe?s=96&d=mm&r=g","contentUrl":"https:\/\/secure.gravatar.com\/avatar\/52a725e9cb5a91747a880972f4bce8fdead4cb339ff6d70a4bf4cccfb55e91fe?s=96&d=mm&r=g","caption":"Diego Joy"},"url":"https:\/\/lapatriafutbolera.com.ar\/index.php\/author\/diego-joy\/"}]}},"_links":{"self":[{"href":"https:\/\/lapatriafutbolera.com.ar\/index.php\/wp-json\/wp\/v2\/posts\/1431","targetHints":{"allow":["GET"]}}],"collection":[{"href":"https:\/\/lapatriafutbolera.com.ar\/index.php\/wp-json\/wp\/v2\/posts"}],"about":[{"href":"https:\/\/lapatriafutbolera.com.ar\/index.php\/wp-json\/wp\/v2\/types\/post"}],"author":[{"embeddable":true,"href":"https:\/\/lapatriafutbolera.com.ar\/index.php\/wp-json\/wp\/v2\/users\/7"}],"replies":[{"embeddable":true,"href":"https:\/\/lapatriafutbolera.com.ar\/index.php\/wp-json\/wp\/v2\/comments?post=1431"}],"version-history":[{"count":1,"href":"https:\/\/lapatriafutbolera.com.ar\/index.php\/wp-json\/wp\/v2\/posts\/1431\/revisions"}],"predecessor-version":[{"id":1434,"href":"https:\/\/lapatriafutbolera.com.ar\/index.php\/wp-json\/wp\/v2\/posts\/1431\/revisions\/1434"}],"wp:featuredmedia":[{"embeddable":true,"href":"https:\/\/lapatriafutbolera.com.ar\/index.php\/wp-json\/wp\/v2\/media\/1433"}],"wp:attachment":[{"href":"https:\/\/lapatriafutbolera.com.ar\/index.php\/wp-json\/wp\/v2\/media?parent=1431"}],"wp:term":[{"taxonomy":"category","embeddable":true,"href":"https:\/\/lapatriafutbolera.com.ar\/index.php\/wp-json\/wp\/v2\/categories?post=1431"},{"taxonomy":"post_tag","embeddable":true,"href":"https:\/\/lapatriafutbolera.com.ar\/index.php\/wp-json\/wp\/v2\/tags?post=1431"}],"curies":[{"name":"wp","href":"https:\/\/api.w.org\/{rel}","templated":true}]}}