{"id":1479,"date":"2023-03-28T23:19:00","date_gmt":"2023-03-29T02:19:00","guid":{"rendered":"https:\/\/lapatriafutbolera.com.ar\/?p=1479"},"modified":"2023-03-29T16:22:34","modified_gmt":"2023-03-29T19:22:34","slug":"7-de-oro","status":"publish","type":"post","link":"https:\/\/lapatriafutbolera.com.ar\/index.php\/2023\/03\/28\/7-de-oro\/","title":{"rendered":"7 de oro"},"content":{"rendered":"\n<h4 class=\"wp-block-heading\">Argentina cerr\u00f3 la fiesta de los campeones del mundo con goleada 7-0 a Curazao, en el que incluy\u00f3 un hat-trick de Lionel Messi y la centena de goles de albiceleste.<\/h4>\n\n\n\n<p>La<strong>\u00a0Selecci\u00f3n Argentina<\/strong>\u00a0termin\u00f3 su gira de festejo de los campeones del mundo en Santiago del Estero. Ante 42.000 personas en el Estadio Madre de Ciudades,\u00a0<strong>Lionel Messi<\/strong>\u00a0se dio el gusto de meter otro hattrick y llegar al gol n\u00famero 100 en su carrera como jugador albiceleste en la\u00a0<strong>goleada por 7-0 a Curazao.<\/strong><\/p>\n\n\n\n<p>Argentina tuvo chances en el primer tiempo de abrir el marcador. Lautaro Mart\u00ednez tuvo una chance inmejorable con una asistencia de Lionel, pero inexplicablemente la pelota se le fue entre las piernas. Est\u00e1 salado el \u2018Toro\u2019, que sigue con el traj\u00edn sin convertir en tiempo regular para la Selecci\u00f3n.<\/p>\n\n\n\n<p>Mientras Argentina empez\u00f3 a dominar el encuentro de la mano de un enorme Gio Lo Celso, a los 19 minutos iba a llegar el gol de la historia:&nbsp;<strong>el volante del Villarreal asisti\u00f3 a Lionel Messi, que luego de burlar a dos defensores, sac\u00f3 un remate fuerte y esquinado a la derecha de Room para el 1-0 y su gol 100 en la Argentina.<\/strong><\/p>\n\n\n\n<p>Y el primer gol destap\u00f3 todos los que siguieron: a los 22<strong>, Pezella cabece\u00f3 tras el corner, la sacan en la l\u00ednea y Nico Gonz\u00e1lez defini\u00f3 de cabeza para el segundo.<\/strong>&nbsp;A los 32, asistencia del propio Nico para que<strong>&nbsp;Messi defina y convierta el 3-0.<\/strong>&nbsp;La r\u00e1faga iba a continuar 2 minutos m\u00e1s tarde, con&nbsp;<strong>otra asistencia del 10 y definici\u00f3n excelsa de Enzo Fern\u00e1ndez para el 4-0.<\/strong><\/p>\n\n\n\n<p>La cuenta del primer tiempo se cerrar\u00eda a los 37, con&nbsp;<strong>otro pase de Gio Lo Celso y en el mano a mano ante Room, Messi defini\u00f3 para su hattrick, ocasi\u00f3n 57 en su carrera que convierte 3 o m\u00e1s goles<\/strong>&nbsp;el capit\u00e1n de la Selecci\u00f3n.<\/p>\n\n\n\n<p>En el segundo tiempo tras los cambios,&nbsp;<strong>entraron De Paul, Palacios, Foyth y Dybala<\/strong>&nbsp;para distribuir cargas. As\u00ed en un segundo tiempo sin tantas situaciones, lleg\u00f3<strong>&nbsp;el sexto: mano de Cuco Martina en el \u00e1rea y penal que defini\u00f3 \u00c1ngel Di Mar\u00eda.<\/strong><\/p>\n\n\n\n<p>El s\u00e9ptimo lleg\u00f3 tras un<strong>&nbsp;desborde de Paulo Dybala por izquierda y Gonzalo Montiel, el autor del penal m\u00e1s importante en Qatar le dio de primera para sellar el marcador con un 7-0 inobjetable&nbsp;<\/strong>en la fiesta de los campeones en Santiago del Estero.<\/p>\n\n\n\n<p><strong>Mayor goleada en la era Scaloni superando a la hecha a Estonia en junio pasado, tambi\u00e9n el partido que m\u00e1s goles convirti\u00f3 la Scaloneta superando los 6 a Ecuador en 2019<\/strong>, todas estad\u00edsticas esperadas en un amistoso donde Argentina mostr\u00f3 su poder\u00edo y que deja atr\u00e1s los festejos del campe\u00f3n del mundo para centrarse en lo que viene:&nbsp;<strong>fecha FIFA en junio para preparar las Eliminatorias en Septiembre.<\/strong><\/p>\n","protected":false},"excerpt":{"rendered":"<p>Argentina cerr\u00f3 la fiesta de los campeones del mundo con goleada 7-0 a Curazao, en&#8230;<\/p>\n","protected":false},"author":4,"featured_media":1480,"comment_status":"open","ping_status":"open","sticky":false,"template":"","format":"standard","meta":{"footnotes":""},"categories":[19],"tags":[],"class_list":["post-1479","post","type-post","status-publish","format-standard","has-post-thumbnail","hentry","category-seleccion-mayor"],"yoast_head":"<!-- This site is optimized with the Yoast SEO plugin v19.5.1 - https:\/\/yoast.com\/wordpress\/plugins\/seo\/ -->\n<title>7 de oro - LA PATRIA FUTBOLERA<\/title>\n<meta name=\"robots\" content=\"index, follow, max-snippet:-1, max-image-preview:large, max-video-preview:-1\" \/>\n<link rel=\"canonical\" href=\"https:\/\/lapatriafutbolera.com.ar\/index.php\/2023\/03\/28\/7-de-oro\/\" \/>\n<meta property=\"og:locale\" content=\"es_ES\" \/>\n<meta property=\"og:type\" content=\"article\" \/>\n<meta property=\"og:title\" content=\"7 de oro - LA PATRIA FUTBOLERA\" \/>\n<meta property=\"og:description\" content=\"Argentina cerr\u00f3 la fiesta de los campeones del mundo con goleada 7-0 a Curazao, en...\" \/>\n<meta property=\"og:url\" content=\"https:\/\/lapatriafutbolera.com.ar\/index.php\/2023\/03\/28\/7-de-oro\/\" \/>\n<meta property=\"og:site_name\" content=\"LA PATRIA FUTBOLERA\" \/>\n<meta property=\"article:published_time\" content=\"2023-03-29T02:19:00+00:00\" \/>\n<meta property=\"article:modified_time\" content=\"2023-03-29T19:22:34+00:00\" \/>\n<meta property=\"og:image\" content=\"https:\/\/lapatriafutbolera.com.ar\/wp-content\/uploads\/2023\/03\/RNOHPCSZRFC2XNVMYELJZDWOXU.jpg\" \/>\n\t<meta property=\"og:image:width\" content=\"580\" \/>\n\t<meta property=\"og:image:height\" content=\"330\" \/>\n\t<meta property=\"og:image:type\" content=\"image\/jpeg\" \/>\n<meta name=\"author\" content=\"Redacci\u00f3n LPF\" \/>\n<meta name=\"twitter:card\" content=\"summary_large_image\" \/>\n<meta name=\"twitter:label1\" content=\"Escrito por\" \/>\n\t<meta name=\"twitter:data1\" content=\"Redacci\u00f3n LPF\" \/>\n\t<meta name=\"twitter:label2\" content=\"Tiempo de lectura\" \/>\n\t<meta name=\"twitter:data2\" content=\"3 minutos\" \/>\n<script type=\"application\/ld+json\" class=\"yoast-schema-graph\">{\"@context\":\"https:\/\/schema.org\",\"@graph\":[{\"@type\":\"Article\",\"@id\":\"https:\/\/lapatriafutbolera.com.ar\/index.php\/2023\/03\/28\/7-de-oro\/#article\",\"isPartOf\":{\"@id\":\"https:\/\/lapatriafutbolera.com.ar\/index.php\/2023\/03\/28\/7-de-oro\/\"},\"author\":{\"name\":\"Redacci\u00f3n LPF\",\"@id\":\"https:\/\/lapatriafutbolera.com.ar\/#\/schema\/person\/eb56fb3a7e76133611d5b2d9f706bd97\"},\"headline\":\"7 de oro\",\"datePublished\":\"2023-03-29T02:19:00+00:00\",\"dateModified\":\"2023-03-29T19:22:34+00:00\",\"mainEntityOfPage\":{\"@id\":\"https:\/\/lapatriafutbolera.com.ar\/index.php\/2023\/03\/28\/7-de-oro\/\"},\"wordCount\":494,\"commentCount\":0,\"publisher\":{\"@id\":\"https:\/\/lapatriafutbolera.com.ar\/#organization\"},\"articleSection\":[\"Selecci\u00f3n Mayor\"],\"inLanguage\":\"es-AR\",\"potentialAction\":[{\"@type\":\"CommentAction\",\"name\":\"Comment\",\"target\":[\"https:\/\/lapatriafutbolera.com.ar\/index.php\/2023\/03\/28\/7-de-oro\/#respond\"]}]},{\"@type\":\"WebPage\",\"@id\":\"https:\/\/lapatriafutbolera.com.ar\/index.php\/2023\/03\/28\/7-de-oro\/\",\"url\":\"https:\/\/lapatriafutbolera.com.ar\/index.php\/2023\/03\/28\/7-de-oro\/\",\"name\":\"7 de oro - LA PATRIA FUTBOLERA\",\"isPartOf\":{\"@id\":\"https:\/\/lapatriafutbolera.com.ar\/#website\"},\"datePublished\":\"2023-03-29T02:19:00+00:00\",\"dateModified\":\"2023-03-29T19:22:34+00:00\",\"breadcrumb\":{\"@id\":\"https:\/\/lapatriafutbolera.com.ar\/index.php\/2023\/03\/28\/7-de-oro\/#breadcrumb\"},\"inLanguage\":\"es-AR\",\"potentialAction\":[{\"@type\":\"ReadAction\",\"target\":[\"https:\/\/lapatriafutbolera.com.ar\/index.php\/2023\/03\/28\/7-de-oro\/\"]}]},{\"@type\":\"BreadcrumbList\",\"@id\":\"https:\/\/lapatriafutbolera.com.ar\/index.php\/2023\/03\/28\/7-de-oro\/#breadcrumb\",\"itemListElement\":[{\"@type\":\"ListItem\",\"position\":1,\"name\":\"Inicio\",\"item\":\"https:\/\/lapatriafutbolera.com.ar\/\"},{\"@type\":\"ListItem\",\"position\":2,\"name\":\"7 de oro\"}]},{\"@type\":\"WebSite\",\"@id\":\"https:\/\/lapatriafutbolera.com.ar\/#website\",\"url\":\"https:\/\/lapatriafutbolera.com.ar\/\",\"name\":\"LA PATRIA FUTBOLERA\",\"description\":\"\",\"publisher\":{\"@id\":\"https:\/\/lapatriafutbolera.com.ar\/#organization\"},\"potentialAction\":[{\"@type\":\"SearchAction\",\"target\":{\"@type\":\"EntryPoint\",\"urlTemplate\":\"https:\/\/lapatriafutbolera.com.ar\/?s={search_term_string}\"},\"query-input\":\"required name=search_term_string\"}],\"inLanguage\":\"es-AR\"},{\"@type\":\"Organization\",\"@id\":\"https:\/\/lapatriafutbolera.com.ar\/#organization\",\"name\":\"LA PATRIA FUTBOLERA\",\"url\":\"https:\/\/lapatriafutbolera.com.ar\/\",\"sameAs\":[],\"logo\":{\"@type\":\"ImageObject\",\"inLanguage\":\"es-AR\",\"@id\":\"https:\/\/lapatriafutbolera.com.ar\/#\/schema\/logo\/image\/\",\"url\":\"https:\/\/lapatriafutbolera.com.ar\/wp-content\/uploads\/2025\/03\/cropped-LA-PATRIA-14.jpg\",\"contentUrl\":\"https:\/\/lapatriafutbolera.com.ar\/wp-content\/uploads\/2025\/03\/cropped-LA-PATRIA-14.jpg\",\"width\":1308,\"height\":221,\"caption\":\"LA PATRIA FUTBOLERA\"},\"image\":{\"@id\":\"https:\/\/lapatriafutbolera.com.ar\/#\/schema\/logo\/image\/\"}},{\"@type\":\"Person\",\"@id\":\"https:\/\/lapatriafutbolera.com.ar\/#\/schema\/person\/eb56fb3a7e76133611d5b2d9f706bd97\",\"name\":\"Redacci\u00f3n LPF\",\"image\":{\"@type\":\"ImageObject\",\"inLanguage\":\"es-AR\",\"@id\":\"https:\/\/lapatriafutbolera.com.ar\/#\/schema\/person\/image\/\",\"url\":\"https:\/\/secure.gravatar.com\/avatar\/57dc12e3750972170624cd118ca21d4157841e9e7b211e6dfe7a00b61088d285?s=96&d=mm&r=g\",\"contentUrl\":\"https:\/\/secure.gravatar.com\/avatar\/57dc12e3750972170624cd118ca21d4157841e9e7b211e6dfe7a00b61088d285?s=96&d=mm&r=g\",\"caption\":\"Redacci\u00f3n LPF\"},\"sameAs\":[\"http:\/\/lapatriafutbolera.com.ar\"],\"url\":\"https:\/\/lapatriafutbolera.com.ar\/index.php\/author\/redaccion-lpf\/\"}]}<\/script>\n<!-- \/ Yoast SEO plugin. -->","yoast_head_json":{"title":"7 de oro - LA PATRIA FUTBOLERA","robots":{"index":"index","follow":"follow","max-snippet":"max-snippet:-1","max-image-preview":"max-image-preview:large","max-video-preview":"max-video-preview:-1"},"canonical":"https:\/\/lapatriafutbolera.com.ar\/index.php\/2023\/03\/28\/7-de-oro\/","og_locale":"es_ES","og_type":"article","og_title":"7 de oro - LA PATRIA FUTBOLERA","og_description":"Argentina cerr\u00f3 la fiesta de los campeones del mundo con goleada 7-0 a Curazao, en...","og_url":"https:\/\/lapatriafutbolera.com.ar\/index.php\/2023\/03\/28\/7-de-oro\/","og_site_name":"LA PATRIA FUTBOLERA","article_published_time":"2023-03-29T02:19:00+00:00","article_modified_time":"2023-03-29T19:22:34+00:00","og_image":[{"width":580,"height":330,"url":"https:\/\/lapatriafutbolera.com.ar\/wp-content\/uploads\/2023\/03\/RNOHPCSZRFC2XNVMYELJZDWOXU.jpg","type":"image\/jpeg"}],"author":"Redacci\u00f3n LPF","twitter_card":"summary_large_image","twitter_misc":{"Escrito por":"Redacci\u00f3n LPF","Tiempo de lectura":"3 minutos"},"schema":{"@context":"https:\/\/schema.org","@graph":[{"@type":"Article","@id":"https:\/\/lapatriafutbolera.com.ar\/index.php\/2023\/03\/28\/7-de-oro\/#article","isPartOf":{"@id":"https:\/\/lapatriafutbolera.com.ar\/index.php\/2023\/03\/28\/7-de-oro\/"},"author":{"name":"Redacci\u00f3n LPF","@id":"https:\/\/lapatriafutbolera.com.ar\/#\/schema\/person\/eb56fb3a7e76133611d5b2d9f706bd97"},"headline":"7 de oro","datePublished":"2023-03-29T02:19:00+00:00","dateModified":"2023-03-29T19:22:34+00:00","mainEntityOfPage":{"@id":"https:\/\/lapatriafutbolera.com.ar\/index.php\/2023\/03\/28\/7-de-oro\/"},"wordCount":494,"commentCount":0,"publisher":{"@id":"https:\/\/lapatriafutbolera.com.ar\/#organization"},"articleSection":["Selecci\u00f3n Mayor"],"inLanguage":"es-AR","potentialAction":[{"@type":"CommentAction","name":"Comment","target":["https:\/\/lapatriafutbolera.com.ar\/index.php\/2023\/03\/28\/7-de-oro\/#respond"]}]},{"@type":"WebPage","@id":"https:\/\/lapatriafutbolera.com.ar\/index.php\/2023\/03\/28\/7-de-oro\/","url":"https:\/\/lapatriafutbolera.com.ar\/index.php\/2023\/03\/28\/7-de-oro\/","name":"7 de oro - LA PATRIA FUTBOLERA","isPartOf":{"@id":"https:\/\/lapatriafutbolera.com.ar\/#website"},"datePublished":"2023-03-29T02:19:00+00:00","dateModified":"2023-03-29T19:22:34+00:00","breadcrumb":{"@id":"https:\/\/lapatriafutbolera.com.ar\/index.php\/2023\/03\/28\/7-de-oro\/#breadcrumb"},"inLanguage":"es-AR","potentialAction":[{"@type":"ReadAction","target":["https:\/\/lapatriafutbolera.com.ar\/index.php\/2023\/03\/28\/7-de-oro\/"]}]},{"@type":"BreadcrumbList","@id":"https:\/\/lapatriafutbolera.com.ar\/index.php\/2023\/03\/28\/7-de-oro\/#breadcrumb","itemListElement":[{"@type":"ListItem","position":1,"name":"Inicio","item":"https:\/\/lapatriafutbolera.com.ar\/"},{"@type":"ListItem","position":2,"name":"7 de oro"}]},{"@type":"WebSite","@id":"https:\/\/lapatriafutbolera.com.ar\/#website","url":"https:\/\/lapatriafutbolera.com.ar\/","name":"LA PATRIA FUTBOLERA","description":"","publisher":{"@id":"https:\/\/lapatriafutbolera.com.ar\/#organization"},"potentialAction":[{"@type":"SearchAction","target":{"@type":"EntryPoint","urlTemplate":"https:\/\/lapatriafutbolera.com.ar\/?s={search_term_string}"},"query-input":"required name=search_term_string"}],"inLanguage":"es-AR"},{"@type":"Organization","@id":"https:\/\/lapatriafutbolera.com.ar\/#organization","name":"LA PATRIA FUTBOLERA","url":"https:\/\/lapatriafutbolera.com.ar\/","sameAs":[],"logo":{"@type":"ImageObject","inLanguage":"es-AR","@id":"https:\/\/lapatriafutbolera.com.ar\/#\/schema\/logo\/image\/","url":"https:\/\/lapatriafutbolera.com.ar\/wp-content\/uploads\/2025\/03\/cropped-LA-PATRIA-14.jpg","contentUrl":"https:\/\/lapatriafutbolera.com.ar\/wp-content\/uploads\/2025\/03\/cropped-LA-PATRIA-14.jpg","width":1308,"height":221,"caption":"LA PATRIA FUTBOLERA"},"image":{"@id":"https:\/\/lapatriafutbolera.com.ar\/#\/schema\/logo\/image\/"}},{"@type":"Person","@id":"https:\/\/lapatriafutbolera.com.ar\/#\/schema\/person\/eb56fb3a7e76133611d5b2d9f706bd97","name":"Redacci\u00f3n LPF","image":{"@type":"ImageObject","inLanguage":"es-AR","@id":"https:\/\/lapatriafutbolera.com.ar\/#\/schema\/person\/image\/","url":"https:\/\/secure.gravatar.com\/avatar\/57dc12e3750972170624cd118ca21d4157841e9e7b211e6dfe7a00b61088d285?s=96&d=mm&r=g","contentUrl":"https:\/\/secure.gravatar.com\/avatar\/57dc12e3750972170624cd118ca21d4157841e9e7b211e6dfe7a00b61088d285?s=96&d=mm&r=g","caption":"Redacci\u00f3n LPF"},"sameAs":["http:\/\/lapatriafutbolera.com.ar"],"url":"https:\/\/lapatriafutbolera.com.ar\/index.php\/author\/redaccion-lpf\/"}]}},"_links":{"self":[{"href":"https:\/\/lapatriafutbolera.com.ar\/index.php\/wp-json\/wp\/v2\/posts\/1479","targetHints":{"allow":["GET"]}}],"collection":[{"href":"https:\/\/lapatriafutbolera.com.ar\/index.php\/wp-json\/wp\/v2\/posts"}],"about":[{"href":"https:\/\/lapatriafutbolera.com.ar\/index.php\/wp-json\/wp\/v2\/types\/post"}],"author":[{"embeddable":true,"href":"https:\/\/lapatriafutbolera.com.ar\/index.php\/wp-json\/wp\/v2\/users\/4"}],"replies":[{"embeddable":true,"href":"https:\/\/lapatriafutbolera.com.ar\/index.php\/wp-json\/wp\/v2\/comments?post=1479"}],"version-history":[{"count":1,"href":"https:\/\/lapatriafutbolera.com.ar\/index.php\/wp-json\/wp\/v2\/posts\/1479\/revisions"}],"predecessor-version":[{"id":1481,"href":"https:\/\/lapatriafutbolera.com.ar\/index.php\/wp-json\/wp\/v2\/posts\/1479\/revisions\/1481"}],"wp:featuredmedia":[{"embeddable":true,"href":"https:\/\/lapatriafutbolera.com.ar\/index.php\/wp-json\/wp\/v2\/media\/1480"}],"wp:attachment":[{"href":"https:\/\/lapatriafutbolera.com.ar\/index.php\/wp-json\/wp\/v2\/media?parent=1479"}],"wp:term":[{"taxonomy":"category","embeddable":true,"href":"https:\/\/lapatriafutbolera.com.ar\/index.php\/wp-json\/wp\/v2\/categories?post=1479"},{"taxonomy":"post_tag","embeddable":true,"href":"https:\/\/lapatriafutbolera.com.ar\/index.php\/wp-json\/wp\/v2\/tags?post=1479"}],"curies":[{"name":"wp","href":"https:\/\/api.w.org\/{rel}","templated":true}]}}