{"id":1515,"date":"2023-04-13T16:18:00","date_gmt":"2023-04-13T19:18:00","guid":{"rendered":"https:\/\/lapatriafutbolera.com.ar\/?p=1515"},"modified":"2023-04-18T16:21:19","modified_gmt":"2023-04-18T19:21:19","slug":"galeano-el-crack","status":"publish","type":"post","link":"https:\/\/lapatriafutbolera.com.ar\/index.php\/2023\/04\/13\/galeano-el-crack\/","title":{"rendered":"Galeano, el crack"},"content":{"rendered":"\n<h4 class=\"wp-block-heading\">(Lo que sali\u00f3 el 13 de abril del 2015 cuando nos avisaron que Eduardo Galeano se muri\u00f3 y cuando nos dimos cuenta de que lo \u00edbamos a sentir vivo siempre)<\/h4>\n\n\n\n<p>Todos sab\u00edamos que nos gustaba el f\u00fatbol. Un d\u00eda vino Eduardo Galeano y nos explic\u00f3 por qu\u00e9.<\/p>\n\n\n\n<p>Nos lo explic\u00f3 no desde el p\u00falpito al que vaya a saber en nombre de cu\u00e1l vanidad se amarran tantos acad\u00e9micos sino como lo que era, lo que en cada palabra era, aunque uno no le viera de cerca la calva noble ni tuviera o fuera a tener la suerte de tratarlo mano a mano aunque sea durante un caf\u00e9: un compa\u00f1ero. Nos dijo que el secreto del f\u00fatbol resid\u00eda en los pies de los desarrapados del mundo, en la voluntad de libertad de los hombres de cualquier geograf\u00eda y en la sonrisa de los que respiran en el anonimato desde la cuna a la tumba. Eso nos dijo en todos sus art\u00edculos y en \u201cEl f\u00fatbol a sol y sombra\u201d, un libro que es id\u00e9ntico al f\u00fatbol en, por lo menos, dos cosas: asombra a cada segundo y merece la eternidad.<\/p>\n\n\n\n<p>Nos dijo eso Galeano, pero lo dijo, claro, inevitablemente, mejor. Nos lo dijo as\u00ed al definir al f\u00fatbol como lo que el f\u00fatbol es: \u201cEsa locura que hace que el hombre sea ni\u00f1o por un rato\u201d. Y nos dijo que eso era, a pesar de los pesares, o sea a pesar de los pesares del universo injusto que Galeano describ\u00eda en cada una de sus p\u00e1ginas con poes\u00eda rabiosa y sin condescendencia, con fe en el futuro y con dolor por el presente, con la camiseta del equipo de los que est\u00e1n jodidos y sin ninguna ropa m\u00e1s.<\/p>\n\n\n\n<p>A pesar de los pesares, el f\u00fatbol. Lo proclamaba y lo argumentaba Galeano, mirador de partidos con pasi\u00f3n, mirador de partidos sin ingenuidad. A pesar de que \u201cla historia del f\u00fatbol es un triste viaje del placer al deber\u201d, que es una oraci\u00f3n inaugural en \u201cEl f\u00fatbol a sol y sombra\u201d. Y a pesar de que \u201cel juego se ha convertido en espect\u00e1culo, con pocos protagonistas y muchos espectadores\u201d, una macana que lo lastimaba de manera especial porque Galeano jam\u00e1s public\u00f3 una l\u00ednea en la que no reivindicara que cada persona es protagonista por ser persona y no por su renombre, algo que permite entender que sus obras est\u00e9n habitadas y engalanadas por las voces de los no escuchados del planeta. Y a pesar de que los verdaderos miserables, es decir los productores y no las v\u00edctimas de la miseria, se hayan apropiado de excesivas cosas de los pueblos, entre ellas de las decisiones del f\u00fatbol. Y a pesar del propio juego que, \u201cprisionero de la tecnocracia del f\u00fatbol profesional\u201d, oblig\u00f3 a lo que Galeano era y a lo que Galeano nos record\u00f3 que \u00e9ramos y deb\u00edamos ser: \u201cmendigos del buen f\u00fatbol\u201d. \u201cMendigos del buen f\u00fatbol\u201d, \u201cmendigos del buen f\u00fatbol\u201d, \u201cmendigos del f\u00fatbol\u201d. Conviene decirlo y sentirlo muchas veces porque lo dijo muchas veces y porque \u201cmendigos\u201d en el enorme Galeano no significaba una resignaci\u00f3n sino una memoria -de fuego, como todas sus memorias- de que ni siquiera en la mayor de las derrotas hab\u00eda que desencantarse sin regreso. En alguna parte, mirando, buscando, peleando, inclusive mendigando, habr\u00eda una luz desde la que reconstruir una ilusi\u00f3n.<\/p>\n\n\n\n<p>A trav\u00e9s de su trabajo incesante y militante de cronista de \u00e9poca, nos dijo Galeano por qu\u00e9 nos empecin\u00e1bamos en paladear f\u00fatbol a despecho de tanta podredumbre sembrada en los estadios, m\u00e1s all\u00e1 de tanta inequidad sobre la Tierra. Feliz Galeano, gigante Galeano, generoso Galeano, que avis\u00f3, que sigue avisando: \u201cPor suerte, todav\u00eda aparece en las canchas, aunque sea muy de vez en cuando, alg\u00fan carasucia que se sale del libreto y comete el disparate de gambetear a todo el equipo rival, y al juez, y al p\u00fablico de las tribunas, por el puro goce del cuerpo que se lanza a la prohibida aventura de la libertad\u201d. \u201cProhibida aventura de la libertad\u201d. Ah\u00ed est\u00e1, queda dicho. No, no: \u201cqueda dicho\u201d es una expresi\u00f3n que no alcanza. \u201cProhibida aventura de la libertad\u201d es mucho m\u00e1s. Queda dicho y de modo hermoso: por eso es que todos sab\u00edamos que nos gustaba el f\u00fatbol y Galeano nos vino a explicar por qu\u00e9.<\/p>\n\n\n\n<p>Nos vino a explicar por qu\u00e9 el f\u00fatbol, por qu\u00e9 la tenacidad de la esperanza, por qu\u00e9 tanta vena abierta, por qu\u00e9 la literatura tiene que ver con la emoci\u00f3n, por qu\u00e9 un escritor no respira afuera de su tiempo, por qu\u00e9 entre todo lo cabe de un arco a otro o de un p\u00e1rrafo a otro caben en especial las ideas, por qu\u00e9 un texto vale la pena si defiende alg\u00fan derecho que no sea, que nunca sea, el derecho a la indiferencia. Lo que no nos explic\u00f3 Galeano es por qu\u00e9 bast\u00f3 con leerlo para que se nos hiciera tan respetable, tan necesario, tan fundamental, tan querible. No lo explic\u00f3 pero estar\u00e1 clar\u00edsimo en cada porvenir y, tambi\u00e9n est\u00e1 clar\u00edsimo ahora. Salud, maestro: lo abrazamos hasta el sol y hasta la sombra, hasta cada segundo de buen f\u00fatbol, hasta los fuegos de la memoria y de los sue\u00f1os, hasta el gol y hasta la vida y, por supuesto, como le corresponde a un crack de todas las canchas, hasta la victoria siempre.&nbsp;<\/p>\n","protected":false},"excerpt":{"rendered":"<p>(Lo que sali\u00f3 el 13 de abril del 2015 cuando nos avisaron que Eduardo Galeano&#8230;<\/p>\n","protected":false},"author":10,"featured_media":1517,"comment_status":"open","ping_status":"open","sticky":false,"template":"","format":"standard","meta":{"footnotes":""},"categories":[85],"tags":[],"class_list":["post-1515","post","type-post","status-publish","format-standard","has-post-thumbnail","hentry","category-el-tipo-que-marca-juega-y-escribe"],"yoast_head":"<!-- This site is optimized with the Yoast SEO plugin v19.5.1 - https:\/\/yoast.com\/wordpress\/plugins\/seo\/ -->\n<title>Galeano, el crack - LA PATRIA FUTBOLERA<\/title>\n<meta name=\"robots\" content=\"index, follow, max-snippet:-1, max-image-preview:large, max-video-preview:-1\" \/>\n<link rel=\"canonical\" href=\"https:\/\/lapatriafutbolera.com.ar\/index.php\/2023\/04\/13\/galeano-el-crack\/\" \/>\n<meta property=\"og:locale\" content=\"es_ES\" \/>\n<meta property=\"og:type\" content=\"article\" \/>\n<meta property=\"og:title\" content=\"Galeano, el crack - LA PATRIA FUTBOLERA\" \/>\n<meta property=\"og:description\" content=\"(Lo que sali\u00f3 el 13 de abril del 2015 cuando nos avisaron que Eduardo Galeano...\" \/>\n<meta property=\"og:url\" content=\"https:\/\/lapatriafutbolera.com.ar\/index.php\/2023\/04\/13\/galeano-el-crack\/\" \/>\n<meta property=\"og:site_name\" content=\"LA PATRIA FUTBOLERA\" \/>\n<meta property=\"article:published_time\" content=\"2023-04-13T19:18:00+00:00\" \/>\n<meta property=\"article:modified_time\" content=\"2023-04-18T19:21:19+00:00\" \/>\n<meta property=\"og:image\" content=\"https:\/\/lapatriafutbolera.com.ar\/wp-content\/uploads\/2023\/04\/329989553_739519537899385_4321856615920628025_n.jpg\" \/>\n\t<meta property=\"og:image:width\" content=\"1105\" \/>\n\t<meta property=\"og:image:height\" content=\"729\" \/>\n\t<meta property=\"og:image:type\" content=\"image\/jpeg\" \/>\n<meta name=\"author\" content=\"Ariel Scher\" \/>\n<meta name=\"twitter:card\" content=\"summary_large_image\" \/>\n<meta name=\"twitter:label1\" content=\"Escrito por\" \/>\n\t<meta name=\"twitter:data1\" content=\"Ariel Scher\" \/>\n\t<meta name=\"twitter:label2\" content=\"Tiempo de lectura\" \/>\n\t<meta name=\"twitter:data2\" content=\"5 minutos\" \/>\n<script type=\"application\/ld+json\" class=\"yoast-schema-graph\">{\"@context\":\"https:\/\/schema.org\",\"@graph\":[{\"@type\":\"Article\",\"@id\":\"https:\/\/lapatriafutbolera.com.ar\/index.php\/2023\/04\/13\/galeano-el-crack\/#article\",\"isPartOf\":{\"@id\":\"https:\/\/lapatriafutbolera.com.ar\/index.php\/2023\/04\/13\/galeano-el-crack\/\"},\"author\":{\"name\":\"Ariel Scher\",\"@id\":\"https:\/\/lapatriafutbolera.com.ar\/#\/schema\/person\/b678f896a0a50faecac575b8609d71aa\"},\"headline\":\"Galeano, el crack\",\"datePublished\":\"2023-04-13T19:18:00+00:00\",\"dateModified\":\"2023-04-18T19:21:19+00:00\",\"mainEntityOfPage\":{\"@id\":\"https:\/\/lapatriafutbolera.com.ar\/index.php\/2023\/04\/13\/galeano-el-crack\/\"},\"wordCount\":951,\"commentCount\":0,\"publisher\":{\"@id\":\"https:\/\/lapatriafutbolera.com.ar\/#organization\"},\"articleSection\":[\"El Tipo que marca, juega y escribe\"],\"inLanguage\":\"es-AR\",\"potentialAction\":[{\"@type\":\"CommentAction\",\"name\":\"Comment\",\"target\":[\"https:\/\/lapatriafutbolera.com.ar\/index.php\/2023\/04\/13\/galeano-el-crack\/#respond\"]}]},{\"@type\":\"WebPage\",\"@id\":\"https:\/\/lapatriafutbolera.com.ar\/index.php\/2023\/04\/13\/galeano-el-crack\/\",\"url\":\"https:\/\/lapatriafutbolera.com.ar\/index.php\/2023\/04\/13\/galeano-el-crack\/\",\"name\":\"Galeano, el crack - LA PATRIA FUTBOLERA\",\"isPartOf\":{\"@id\":\"https:\/\/lapatriafutbolera.com.ar\/#website\"},\"datePublished\":\"2023-04-13T19:18:00+00:00\",\"dateModified\":\"2023-04-18T19:21:19+00:00\",\"breadcrumb\":{\"@id\":\"https:\/\/lapatriafutbolera.com.ar\/index.php\/2023\/04\/13\/galeano-el-crack\/#breadcrumb\"},\"inLanguage\":\"es-AR\",\"potentialAction\":[{\"@type\":\"ReadAction\",\"target\":[\"https:\/\/lapatriafutbolera.com.ar\/index.php\/2023\/04\/13\/galeano-el-crack\/\"]}]},{\"@type\":\"BreadcrumbList\",\"@id\":\"https:\/\/lapatriafutbolera.com.ar\/index.php\/2023\/04\/13\/galeano-el-crack\/#breadcrumb\",\"itemListElement\":[{\"@type\":\"ListItem\",\"position\":1,\"name\":\"Inicio\",\"item\":\"https:\/\/lapatriafutbolera.com.ar\/\"},{\"@type\":\"ListItem\",\"position\":2,\"name\":\"Galeano, el crack\"}]},{\"@type\":\"WebSite\",\"@id\":\"https:\/\/lapatriafutbolera.com.ar\/#website\",\"url\":\"https:\/\/lapatriafutbolera.com.ar\/\",\"name\":\"LA PATRIA FUTBOLERA\",\"description\":\"\",\"publisher\":{\"@id\":\"https:\/\/lapatriafutbolera.com.ar\/#organization\"},\"potentialAction\":[{\"@type\":\"SearchAction\",\"target\":{\"@type\":\"EntryPoint\",\"urlTemplate\":\"https:\/\/lapatriafutbolera.com.ar\/?s={search_term_string}\"},\"query-input\":\"required name=search_term_string\"}],\"inLanguage\":\"es-AR\"},{\"@type\":\"Organization\",\"@id\":\"https:\/\/lapatriafutbolera.com.ar\/#organization\",\"name\":\"LA PATRIA FUTBOLERA\",\"url\":\"https:\/\/lapatriafutbolera.com.ar\/\",\"sameAs\":[],\"logo\":{\"@type\":\"ImageObject\",\"inLanguage\":\"es-AR\",\"@id\":\"https:\/\/lapatriafutbolera.com.ar\/#\/schema\/logo\/image\/\",\"url\":\"https:\/\/lapatriafutbolera.com.ar\/wp-content\/uploads\/2025\/03\/cropped-LA-PATRIA-14.jpg\",\"contentUrl\":\"https:\/\/lapatriafutbolera.com.ar\/wp-content\/uploads\/2025\/03\/cropped-LA-PATRIA-14.jpg\",\"width\":1308,\"height\":221,\"caption\":\"LA PATRIA FUTBOLERA\"},\"image\":{\"@id\":\"https:\/\/lapatriafutbolera.com.ar\/#\/schema\/logo\/image\/\"}},{\"@type\":\"Person\",\"@id\":\"https:\/\/lapatriafutbolera.com.ar\/#\/schema\/person\/b678f896a0a50faecac575b8609d71aa\",\"name\":\"Ariel Scher\",\"image\":{\"@type\":\"ImageObject\",\"inLanguage\":\"es-AR\",\"@id\":\"https:\/\/lapatriafutbolera.com.ar\/#\/schema\/person\/image\/\",\"url\":\"https:\/\/secure.gravatar.com\/avatar\/76b3824675a40e45163a2a49107284188d784efa904c62a82e8b5cd2de313f08?s=96&d=mm&r=g\",\"contentUrl\":\"https:\/\/secure.gravatar.com\/avatar\/76b3824675a40e45163a2a49107284188d784efa904c62a82e8b5cd2de313f08?s=96&d=mm&r=g\",\"caption\":\"Ariel Scher\"},\"url\":\"https:\/\/lapatriafutbolera.com.ar\/index.php\/author\/ariel-scher\/\"}]}<\/script>\n<!-- \/ Yoast SEO plugin. -->","yoast_head_json":{"title":"Galeano, el crack - LA PATRIA FUTBOLERA","robots":{"index":"index","follow":"follow","max-snippet":"max-snippet:-1","max-image-preview":"max-image-preview:large","max-video-preview":"max-video-preview:-1"},"canonical":"https:\/\/lapatriafutbolera.com.ar\/index.php\/2023\/04\/13\/galeano-el-crack\/","og_locale":"es_ES","og_type":"article","og_title":"Galeano, el crack - LA PATRIA FUTBOLERA","og_description":"(Lo que sali\u00f3 el 13 de abril del 2015 cuando nos avisaron que Eduardo Galeano...","og_url":"https:\/\/lapatriafutbolera.com.ar\/index.php\/2023\/04\/13\/galeano-el-crack\/","og_site_name":"LA PATRIA FUTBOLERA","article_published_time":"2023-04-13T19:18:00+00:00","article_modified_time":"2023-04-18T19:21:19+00:00","og_image":[{"width":1105,"height":729,"url":"https:\/\/lapatriafutbolera.com.ar\/wp-content\/uploads\/2023\/04\/329989553_739519537899385_4321856615920628025_n.jpg","type":"image\/jpeg"}],"author":"Ariel Scher","twitter_card":"summary_large_image","twitter_misc":{"Escrito por":"Ariel Scher","Tiempo de lectura":"5 minutos"},"schema":{"@context":"https:\/\/schema.org","@graph":[{"@type":"Article","@id":"https:\/\/lapatriafutbolera.com.ar\/index.php\/2023\/04\/13\/galeano-el-crack\/#article","isPartOf":{"@id":"https:\/\/lapatriafutbolera.com.ar\/index.php\/2023\/04\/13\/galeano-el-crack\/"},"author":{"name":"Ariel Scher","@id":"https:\/\/lapatriafutbolera.com.ar\/#\/schema\/person\/b678f896a0a50faecac575b8609d71aa"},"headline":"Galeano, el crack","datePublished":"2023-04-13T19:18:00+00:00","dateModified":"2023-04-18T19:21:19+00:00","mainEntityOfPage":{"@id":"https:\/\/lapatriafutbolera.com.ar\/index.php\/2023\/04\/13\/galeano-el-crack\/"},"wordCount":951,"commentCount":0,"publisher":{"@id":"https:\/\/lapatriafutbolera.com.ar\/#organization"},"articleSection":["El Tipo que marca, juega y escribe"],"inLanguage":"es-AR","potentialAction":[{"@type":"CommentAction","name":"Comment","target":["https:\/\/lapatriafutbolera.com.ar\/index.php\/2023\/04\/13\/galeano-el-crack\/#respond"]}]},{"@type":"WebPage","@id":"https:\/\/lapatriafutbolera.com.ar\/index.php\/2023\/04\/13\/galeano-el-crack\/","url":"https:\/\/lapatriafutbolera.com.ar\/index.php\/2023\/04\/13\/galeano-el-crack\/","name":"Galeano, el crack - LA PATRIA FUTBOLERA","isPartOf":{"@id":"https:\/\/lapatriafutbolera.com.ar\/#website"},"datePublished":"2023-04-13T19:18:00+00:00","dateModified":"2023-04-18T19:21:19+00:00","breadcrumb":{"@id":"https:\/\/lapatriafutbolera.com.ar\/index.php\/2023\/04\/13\/galeano-el-crack\/#breadcrumb"},"inLanguage":"es-AR","potentialAction":[{"@type":"ReadAction","target":["https:\/\/lapatriafutbolera.com.ar\/index.php\/2023\/04\/13\/galeano-el-crack\/"]}]},{"@type":"BreadcrumbList","@id":"https:\/\/lapatriafutbolera.com.ar\/index.php\/2023\/04\/13\/galeano-el-crack\/#breadcrumb","itemListElement":[{"@type":"ListItem","position":1,"name":"Inicio","item":"https:\/\/lapatriafutbolera.com.ar\/"},{"@type":"ListItem","position":2,"name":"Galeano, el crack"}]},{"@type":"WebSite","@id":"https:\/\/lapatriafutbolera.com.ar\/#website","url":"https:\/\/lapatriafutbolera.com.ar\/","name":"LA PATRIA FUTBOLERA","description":"","publisher":{"@id":"https:\/\/lapatriafutbolera.com.ar\/#organization"},"potentialAction":[{"@type":"SearchAction","target":{"@type":"EntryPoint","urlTemplate":"https:\/\/lapatriafutbolera.com.ar\/?s={search_term_string}"},"query-input":"required name=search_term_string"}],"inLanguage":"es-AR"},{"@type":"Organization","@id":"https:\/\/lapatriafutbolera.com.ar\/#organization","name":"LA PATRIA FUTBOLERA","url":"https:\/\/lapatriafutbolera.com.ar\/","sameAs":[],"logo":{"@type":"ImageObject","inLanguage":"es-AR","@id":"https:\/\/lapatriafutbolera.com.ar\/#\/schema\/logo\/image\/","url":"https:\/\/lapatriafutbolera.com.ar\/wp-content\/uploads\/2025\/03\/cropped-LA-PATRIA-14.jpg","contentUrl":"https:\/\/lapatriafutbolera.com.ar\/wp-content\/uploads\/2025\/03\/cropped-LA-PATRIA-14.jpg","width":1308,"height":221,"caption":"LA PATRIA FUTBOLERA"},"image":{"@id":"https:\/\/lapatriafutbolera.com.ar\/#\/schema\/logo\/image\/"}},{"@type":"Person","@id":"https:\/\/lapatriafutbolera.com.ar\/#\/schema\/person\/b678f896a0a50faecac575b8609d71aa","name":"Ariel Scher","image":{"@type":"ImageObject","inLanguage":"es-AR","@id":"https:\/\/lapatriafutbolera.com.ar\/#\/schema\/person\/image\/","url":"https:\/\/secure.gravatar.com\/avatar\/76b3824675a40e45163a2a49107284188d784efa904c62a82e8b5cd2de313f08?s=96&d=mm&r=g","contentUrl":"https:\/\/secure.gravatar.com\/avatar\/76b3824675a40e45163a2a49107284188d784efa904c62a82e8b5cd2de313f08?s=96&d=mm&r=g","caption":"Ariel Scher"},"url":"https:\/\/lapatriafutbolera.com.ar\/index.php\/author\/ariel-scher\/"}]}},"_links":{"self":[{"href":"https:\/\/lapatriafutbolera.com.ar\/index.php\/wp-json\/wp\/v2\/posts\/1515","targetHints":{"allow":["GET"]}}],"collection":[{"href":"https:\/\/lapatriafutbolera.com.ar\/index.php\/wp-json\/wp\/v2\/posts"}],"about":[{"href":"https:\/\/lapatriafutbolera.com.ar\/index.php\/wp-json\/wp\/v2\/types\/post"}],"author":[{"embeddable":true,"href":"https:\/\/lapatriafutbolera.com.ar\/index.php\/wp-json\/wp\/v2\/users\/10"}],"replies":[{"embeddable":true,"href":"https:\/\/lapatriafutbolera.com.ar\/index.php\/wp-json\/wp\/v2\/comments?post=1515"}],"version-history":[{"count":1,"href":"https:\/\/lapatriafutbolera.com.ar\/index.php\/wp-json\/wp\/v2\/posts\/1515\/revisions"}],"predecessor-version":[{"id":1518,"href":"https:\/\/lapatriafutbolera.com.ar\/index.php\/wp-json\/wp\/v2\/posts\/1515\/revisions\/1518"}],"wp:featuredmedia":[{"embeddable":true,"href":"https:\/\/lapatriafutbolera.com.ar\/index.php\/wp-json\/wp\/v2\/media\/1517"}],"wp:attachment":[{"href":"https:\/\/lapatriafutbolera.com.ar\/index.php\/wp-json\/wp\/v2\/media?parent=1515"}],"wp:term":[{"taxonomy":"category","embeddable":true,"href":"https:\/\/lapatriafutbolera.com.ar\/index.php\/wp-json\/wp\/v2\/categories?post=1515"},{"taxonomy":"post_tag","embeddable":true,"href":"https:\/\/lapatriafutbolera.com.ar\/index.php\/wp-json\/wp\/v2\/tags?post=1515"}],"curies":[{"name":"wp","href":"https:\/\/api.w.org\/{rel}","templated":true}]}}