{"id":1541,"date":"2023-04-15T18:04:29","date_gmt":"2023-04-15T21:04:29","guid":{"rendered":"https:\/\/lapatriafutbolera.com.ar\/?p=1541"},"modified":"2023-04-22T18:08:36","modified_gmt":"2023-04-22T21:08:36","slug":"otra-vez-el-mejor-tinto-es-de-argentina","status":"publish","type":"post","link":"https:\/\/lapatriafutbolera.com.ar\/index.php\/2023\/04\/15\/otra-vez-el-mejor-tinto-es-de-argentina\/","title":{"rendered":"Otra vez, el mejor tinto es de Argentina"},"content":{"rendered":"\n<h4 class=\"wp-block-heading\">Con dos goles de Santiago L\u00f3pez, los dirigidos por Diego Placente se impusieron por la segunda fecha del hexagonal final que definir\u00e1 a los cuatro clasificados a la Copa del Mundo.<\/h4>\n\n\n\n<p>La\u00a0<strong>selecci\u00f3n argentina Sub 17<\/strong>\u00a0venci\u00f3 2-1 a\u00a0<strong>Venezuela\u00a0<\/strong>en el\u00a0<em>Estadio Rodrigo Paz Delgado<\/em>\u00a0de Quito por la segunda fecha del hexagonal final correspondiente al\u00a0<strong>Sudamericano\u00a0<\/strong>de la categor\u00eda. Los dirigidos por\u00a0<strong>Diego Placente<\/strong>\u00a0contin\u00faan invictos y quedaron a un paso de garantizar la clasificaci\u00f3n al Mundial.\u00a0<strong>Santiago L\u00f3pez<\/strong>\u00a0anot\u00f3 los goles de la victoria, mientras que\u00a0<strong>Lucciano Reinoso<\/strong>\u00a0marc\u00f3 la igualdad transitoria.<\/p>\n\n\n\n<p>A pesar del antecedente m\u00e1s reciente con derrota por 4-2 en el Grupo B, la&nbsp;<em>Vinotinto<\/em>&nbsp;sali\u00f3 decidida en los primeros minutos a buscar la ventaja y reponerse del mal debut en la segunda instancia de la competici\u00f3n ante Brasil (1-2).&nbsp;<strong>David Mart\u00ednez<\/strong>&nbsp;fue el futbolista m\u00e1s peligroso con distintos remates que forzaron al arquero,&nbsp;<strong>Froil\u00e1n D\u00edaz<\/strong>, pero con el paso de los minutos la&nbsp;<em>Albiceleste&nbsp;<\/em>se fue asentando en los 2850 metros de altura de la&nbsp;<em>Casa Blanca<\/em>, donde hace de local la Liga de Quito. A los 13 minutos,&nbsp;<strong>L\u00f3pez<\/strong>&nbsp;encar\u00f3 desde la izquierda al centro y le quem\u00f3 las manos al guardameta&nbsp;<strong>Jorge S\u00e1nchez<\/strong>, pero 60 segundos m\u00e1s tarde tuvo revancha para se\u00f1alar el primer gol del partido. Tan solo 9 minutos despu\u00e9s, la alegr\u00eda del festejo lleg\u00f3 a su fin por el tanto de&nbsp;<strong>Reinoso<\/strong>.<\/p>\n\n\n\n<p>M\u00e1s all\u00e1 de este golpe, la&nbsp;<em>Celeste y Blanca<\/em>&nbsp;continu\u00f3 exhibiendo su superioridad en la capital ecuatoriana. La&nbsp;<a href=\"https:\/\/www.infobae.com\/deportes\/2023\/04\/14\/el-show-del-diablito-echeverri-en-el-triunfo-de-la-seleccion-sub-17-ante-venezuela-una-pisada-de-lujo-y-sus-chances-mas-claras\/\" target=\"_blank\" rel=\"noreferrer noopener\">explosi\u00f3n del&nbsp;<em>Diablito&nbsp;<\/em>Echeverri alter\u00f3 los cimientos contrarios en la \u00faltima l\u00ednea defensiva<\/a>, pero la falta de eficacia en los metros finales imposibilit\u00f3 desnivelar la balanza hasta el cuarto minuto agregado. Tras una doble tapada de&nbsp;<strong>S\u00e1nchez<\/strong>, el juvenil de&nbsp;<strong>Independiente&nbsp;<\/strong>volvi\u00f3 a aparecer para estampar su doblete de camino a los vestuarios.<\/p>\n\n\n\n<p>En el regreso al campo de juego,&nbsp;<strong>Echeverri&nbsp;<\/strong>tuvo la ocasi\u00f3n m\u00e1s clara en los primeros instantes del segundo tiempo con un disparo que se march\u00f3 por un costado y le priv\u00f3 de marcar su quinto gol en el Sudamericano. Tambi\u00e9n registra tres asistencias, estad\u00edstica que fija su participaci\u00f3n directa en siete de las trece anotaciones que sumaron los de Placente, para ser&nbsp;<a href=\"https:\/\/www.infobae.com\/deportes\/2023\/04\/13\/el-boom-por-el-diablito-echeverri-river-plate-busca-subir-su-clausula-ante-el-asedio-de-los-grandes-de-europa\/\" target=\"_blank\" rel=\"noreferrer noopener\">una de las grandes joyas del campeonato<\/a>. Tampoco hay que dejar de lado lo hecho por su compa\u00f1ero en las juveniles de&nbsp;<strong>River Plate<\/strong>,&nbsp;<strong>Agust\u00edn Ruberto<\/strong>&nbsp;ni el buen nivel que mostr\u00f3 el goleador de la noche.<\/p>\n\n\n\n<p><img loading=\"lazy\" decoding=\"async\" alt=\"Argentina venci\u00f3 2-0 a Chile en la primera fecha del Hexagonal Final (@Argentina)\" height=\"1080\" width=\"1920\" class=\"\" src=\"https:\/\/cloudfront-us-east-1.images.arcpublishing.com\/infobae\/HMCAH6PZQND6NBJAH57BPJA2EM.jpg\" srcset=\"https:\/\/www.infobae.com\/new-resizer\/t98P5TrNTvJ3_3OAp__5Dl_wIQk=\/420x236\/filters:format(webp):quality(85)\/cloudfront-us-east-1.images.arcpublishing.com\/infobae\/HMCAH6PZQND6NBJAH57BPJA2EM.jpg 420w,https:\/\/www.infobae.com\/new-resizer\/31t_e0QpKvGtXf2DaWw0gO10W1U=\/768x432\/filters:format(webp):quality(85)\/cloudfront-us-east-1.images.arcpublishing.com\/infobae\/HMCAH6PZQND6NBJAH57BPJA2EM.jpg 768w,https:\/\/www.infobae.com\/new-resizer\/jyLs_FajJ1qXomM5Ja-ccFCu7UQ=\/992x558\/filters:format(webp):quality(85)\/cloudfront-us-east-1.images.arcpublishing.com\/infobae\/HMCAH6PZQND6NBJAH57BPJA2EM.jpg 992w,https:\/\/www.infobae.com\/new-resizer\/tR5z1YmQgjtqJaFmeDlY0LtGY78=\/1200x675\/filters:format(webp):quality(85)\/cloudfront-us-east-1.images.arcpublishing.com\/infobae\/HMCAH6PZQND6NBJAH57BPJA2EM.jpg 1200w,https:\/\/www.infobae.com\/new-resizer\/I0T9r-6fwDZvN_VKVMedaohtOUo=\/1440x810\/filters:format(webp):quality(85)\/cloudfront-us-east-1.images.arcpublishing.com\/infobae\/HMCAH6PZQND6NBJAH57BPJA2EM.jpg 1440w\">Argentina venci\u00f3 2-0 a Chile en la primera fecha del Hexagonal Final (@Argentina)<\/p>\n\n\n\n<p>Estos intentos fueron respondidos por la figura venezolana,\u00a0<strong>Juan Arango Tortolero<\/strong>, quien gener\u00f3 dos tiros que se marcharon a cent\u00edmetros del arco defendido por D\u00edaz. Vale destacar que el delantero anot\u00f3 dos de los siete tantos de su selecci\u00f3n. Los cambios modificaron el tr\u00e1mite en Quito, pero Argentina se adapt\u00f3 al traj\u00edn y tuvo oportunidades para liquidar el pleito con sendos avances del\u00a0<em>Diablito<\/em>. Las falencias en la definici\u00f3n dejaron el marcador abierto en el tramo final, aunque nunca estuvo en riesgo el triunfo.<\/p>\n\n\n\n<p>Actualmente, Argentina es uno de los dos combinados que est\u00e1 invicto en seis presentaciones junto con Brasil. Los de Placente ganaron cinco duelos y empataron uno, mismos n\u00fameros que sus pares de la&nbsp;<em>Verdeamarela<\/em>&nbsp;que tienen como figuras a&nbsp;<strong>Kau\u00e4 El\u00edas<\/strong>&nbsp;(uno de los m\u00e1ximos goleadores del torneo) y&nbsp;<strong>Dudu<\/strong>. Reci\u00e9n se ver\u00e1n las caras en el cl\u00e1sico de la 5\u00aa fecha de este hexagonal final y habr\u00e1 que ver si ese encuentro ser\u00e1 definitorio o tendr\u00e1 todos los resultados cerrados. Esto se produce porque ambos son l\u00edderes de la zona con 6 unidades y lograr\u00e1n el pasaje a la Copa del Mundo si vencen en sus respectivos duelos ante Paraguay y Ecuador.<\/p>\n\n\n\n<p>Los cuatro primeros de esta tabla sacar\u00e1n el boleto al Mundial Sub 20 que se realizar\u00e1 del&nbsp;<strong>10 de noviembre al 2 de diciembre<\/strong>&nbsp;en una sede que FIFA confirmar\u00e1 en las pr\u00f3ximas semanas tras quitarle esa potestad a Per\u00fa.<\/p>\n\n\n\n<p><strong>FORMACIONES<\/strong><\/p>\n\n\n\n<p><strong>Argentina<\/strong>: Froil\u00e1n D\u00edaz; Dylan Gorosito, Tob\u00edas Palacio, Juan Manuel Villalba, Octavio Ontivero; Claudio Echeverri, Gustavo Albarrac\u00edn, Mariano Gerez, Santiago L\u00f3pez; Ian Subiabre y Agust\u00edn Ruberto.\u00a0<strong>DT<\/strong>: Diego Placente.<\/p>\n\n\n\n<p><strong>Venezuela<\/strong>: Jorge S\u00e1nchez; Juberth Berm\u00fadez, Rai Hidalgo, Leenhan Romero, Santiago Jos\u00e9 Silva; Jos\u00e9 Correa, Giovanny Sequera; David Mart\u00ednez, Lucciano Reinoso, Juan Arango; y \u00c1ngel Borgo.&nbsp;<strong>DT<\/strong>: Ricardo Alfredo Vali\u00f1o.<\/p>\n\n\n\n<p><strong>Estadio<\/strong>:&nbsp;<em>Estadio Rodrigo Paz Delgado&nbsp;<\/em>(Quito)<\/p>\n\n\n\n<p><strong>Lunes 17 de abril<\/strong><\/p>\n\n\n\n<p>16.00 Paraguay \u2013 Argentina, en el Estadio Rodrigo Paz Delgado<\/p>\n\n\n\n<p>18.30 Chile \u2013 Venezuela, en el Estadio Atahualpa<\/p>\n\n\n\n<p>21.00 Ecuador \u2013 Brasil, en el Estadio Atahualpa<\/p>\n\n\n\n<p><strong>Jueves 20 de abril<\/strong><\/p>\n\n\n\n<p>14.00 Venezuela \u2013 Paraguay, en el Estadio Rodrigo Paz Delgado<\/p>\n\n\n\n<p>18.30 Chile \u2013 Brasil, en el Estadio Rodrigo Paz Delgado<\/p>\n\n\n\n<p>21.00 Argentina \u2013 Ecuador, en el Estadio Atahualpa<\/p>\n\n\n\n<p><strong>Domingo 23 de abril<\/strong><\/p>\n\n\n\n<p>Venezuela &#8211; Ecuador<\/p>\n\n\n\n<p>Paraguay &#8211; Chile<\/p>\n\n\n\n<p>Brasil &#8211; Argentina<\/p>\n\n\n\n<p><em><strong>* Horario de Argentina<\/strong><\/em><\/p>\n\n\n\n<p><strong>El plantel argentino para el Sudamericano en Ecuador:<\/strong><\/p>\n\n\n\n<p>Los jugadores elegidos son: Lorenzo Luchino (Sevilla), Froil\u00e1n D\u00edaz (Uni\u00f3n de Santa Fe), Enrique Maza (Atl\u00e9tico Tucum\u00e1n), Dylan Gorosito (Boca Juniors), Ulises Gim\u00e9nez (River Plate), Juan Gim\u00e9nez (Rosario Central), Tobias Palacio (Argentinos Juniors), Gonzalo Escudero (Racing Club), Juan Villalba (V\u00e9lez Sarsfield), Axel Cabellos (Racing Club), Octavio Ontivero (Lan\u00fas), Camilo Rey Domenech (Boca Juniors)*, Gustavo Albarrac\u00edn (Talleres de C\u00f3rdoba), Mariano Gerez (Lan\u00fas), Valentino Acu\u00f1a (Newell\u2019s Old Boys), Kevin Gutierrez (Rosario Central), Claudio Echeverri (River Plate), Maximiliano Porcel (V\u00e9lez Sarsfield), Agust\u00edn Ruberto (River Plate), Alejo Sarco (V\u00e9lez Sarsfield), Ian Subiabre (River Plate), Santiago L\u00f3pez (Independiente) y Benjam\u00edn Acosta (Lan\u00fas).<\/p>\n","protected":false},"excerpt":{"rendered":"<p>Con dos goles de Santiago L\u00f3pez, los dirigidos por Diego Placente se impusieron por la&#8230;<\/p>\n","protected":false},"author":4,"featured_media":1542,"comment_status":"open","ping_status":"open","sticky":false,"template":"","format":"standard","meta":{"footnotes":""},"categories":[104],"tags":[],"class_list":["post-1541","post","type-post","status-publish","format-standard","has-post-thumbnail","hentry","category-sub-17"],"yoast_head":"<!-- This site is optimized with the Yoast SEO plugin v19.5.1 - https:\/\/yoast.com\/wordpress\/plugins\/seo\/ -->\n<title>Otra vez, el mejor tinto es de Argentina - LA PATRIA FUTBOLERA<\/title>\n<meta name=\"robots\" content=\"index, follow, max-snippet:-1, max-image-preview:large, max-video-preview:-1\" \/>\n<link rel=\"canonical\" href=\"https:\/\/lapatriafutbolera.com.ar\/index.php\/2023\/04\/15\/otra-vez-el-mejor-tinto-es-de-argentina\/\" \/>\n<meta property=\"og:locale\" content=\"es_ES\" \/>\n<meta property=\"og:type\" content=\"article\" \/>\n<meta property=\"og:title\" content=\"Otra vez, el mejor tinto es de Argentina - LA PATRIA FUTBOLERA\" \/>\n<meta property=\"og:description\" content=\"Con dos goles de Santiago L\u00f3pez, los dirigidos por Diego Placente se impusieron por la...\" \/>\n<meta property=\"og:url\" content=\"https:\/\/lapatriafutbolera.com.ar\/index.php\/2023\/04\/15\/otra-vez-el-mejor-tinto-es-de-argentina\/\" \/>\n<meta property=\"og:site_name\" content=\"LA PATRIA FUTBOLERA\" \/>\n<meta property=\"article:published_time\" content=\"2023-04-15T21:04:29+00:00\" \/>\n<meta property=\"article:modified_time\" content=\"2023-04-22T21:08:36+00:00\" \/>\n<meta property=\"og:image\" content=\"https:\/\/lapatriafutbolera.com.ar\/wp-content\/uploads\/2023\/04\/descarga-89.jpg\" \/>\n\t<meta property=\"og:image:width\" content=\"299\" \/>\n\t<meta property=\"og:image:height\" content=\"168\" \/>\n\t<meta property=\"og:image:type\" content=\"image\/jpeg\" \/>\n<meta name=\"author\" content=\"Redacci\u00f3n LPF\" \/>\n<meta name=\"twitter:card\" content=\"summary_large_image\" \/>\n<meta name=\"twitter:label1\" content=\"Escrito por\" \/>\n\t<meta name=\"twitter:data1\" content=\"Redacci\u00f3n LPF\" \/>\n\t<meta name=\"twitter:label2\" content=\"Tiempo de lectura\" \/>\n\t<meta name=\"twitter:data2\" content=\"5 minutos\" \/>\n<script type=\"application\/ld+json\" class=\"yoast-schema-graph\">{\"@context\":\"https:\/\/schema.org\",\"@graph\":[{\"@type\":\"Article\",\"@id\":\"https:\/\/lapatriafutbolera.com.ar\/index.php\/2023\/04\/15\/otra-vez-el-mejor-tinto-es-de-argentina\/#article\",\"isPartOf\":{\"@id\":\"https:\/\/lapatriafutbolera.com.ar\/index.php\/2023\/04\/15\/otra-vez-el-mejor-tinto-es-de-argentina\/\"},\"author\":{\"name\":\"Redacci\u00f3n LPF\",\"@id\":\"https:\/\/lapatriafutbolera.com.ar\/#\/schema\/person\/eb56fb3a7e76133611d5b2d9f706bd97\"},\"headline\":\"Otra vez, el mejor tinto es de Argentina\",\"datePublished\":\"2023-04-15T21:04:29+00:00\",\"dateModified\":\"2023-04-22T21:08:36+00:00\",\"mainEntityOfPage\":{\"@id\":\"https:\/\/lapatriafutbolera.com.ar\/index.php\/2023\/04\/15\/otra-vez-el-mejor-tinto-es-de-argentina\/\"},\"wordCount\":996,\"commentCount\":0,\"publisher\":{\"@id\":\"https:\/\/lapatriafutbolera.com.ar\/#organization\"},\"articleSection\":[\"Sub 17\"],\"inLanguage\":\"es-AR\",\"potentialAction\":[{\"@type\":\"CommentAction\",\"name\":\"Comment\",\"target\":[\"https:\/\/lapatriafutbolera.com.ar\/index.php\/2023\/04\/15\/otra-vez-el-mejor-tinto-es-de-argentina\/#respond\"]}]},{\"@type\":\"WebPage\",\"@id\":\"https:\/\/lapatriafutbolera.com.ar\/index.php\/2023\/04\/15\/otra-vez-el-mejor-tinto-es-de-argentina\/\",\"url\":\"https:\/\/lapatriafutbolera.com.ar\/index.php\/2023\/04\/15\/otra-vez-el-mejor-tinto-es-de-argentina\/\",\"name\":\"Otra vez, el mejor tinto es de Argentina - LA PATRIA FUTBOLERA\",\"isPartOf\":{\"@id\":\"https:\/\/lapatriafutbolera.com.ar\/#website\"},\"datePublished\":\"2023-04-15T21:04:29+00:00\",\"dateModified\":\"2023-04-22T21:08:36+00:00\",\"breadcrumb\":{\"@id\":\"https:\/\/lapatriafutbolera.com.ar\/index.php\/2023\/04\/15\/otra-vez-el-mejor-tinto-es-de-argentina\/#breadcrumb\"},\"inLanguage\":\"es-AR\",\"potentialAction\":[{\"@type\":\"ReadAction\",\"target\":[\"https:\/\/lapatriafutbolera.com.ar\/index.php\/2023\/04\/15\/otra-vez-el-mejor-tinto-es-de-argentina\/\"]}]},{\"@type\":\"BreadcrumbList\",\"@id\":\"https:\/\/lapatriafutbolera.com.ar\/index.php\/2023\/04\/15\/otra-vez-el-mejor-tinto-es-de-argentina\/#breadcrumb\",\"itemListElement\":[{\"@type\":\"ListItem\",\"position\":1,\"name\":\"Inicio\",\"item\":\"https:\/\/lapatriafutbolera.com.ar\/\"},{\"@type\":\"ListItem\",\"position\":2,\"name\":\"Otra vez, el mejor tinto es de Argentina\"}]},{\"@type\":\"WebSite\",\"@id\":\"https:\/\/lapatriafutbolera.com.ar\/#website\",\"url\":\"https:\/\/lapatriafutbolera.com.ar\/\",\"name\":\"LA PATRIA FUTBOLERA\",\"description\":\"\",\"publisher\":{\"@id\":\"https:\/\/lapatriafutbolera.com.ar\/#organization\"},\"potentialAction\":[{\"@type\":\"SearchAction\",\"target\":{\"@type\":\"EntryPoint\",\"urlTemplate\":\"https:\/\/lapatriafutbolera.com.ar\/?s={search_term_string}\"},\"query-input\":\"required name=search_term_string\"}],\"inLanguage\":\"es-AR\"},{\"@type\":\"Organization\",\"@id\":\"https:\/\/lapatriafutbolera.com.ar\/#organization\",\"name\":\"LA PATRIA FUTBOLERA\",\"url\":\"https:\/\/lapatriafutbolera.com.ar\/\",\"sameAs\":[],\"logo\":{\"@type\":\"ImageObject\",\"inLanguage\":\"es-AR\",\"@id\":\"https:\/\/lapatriafutbolera.com.ar\/#\/schema\/logo\/image\/\",\"url\":\"https:\/\/lapatriafutbolera.com.ar\/wp-content\/uploads\/2025\/03\/cropped-LA-PATRIA-14.jpg\",\"contentUrl\":\"https:\/\/lapatriafutbolera.com.ar\/wp-content\/uploads\/2025\/03\/cropped-LA-PATRIA-14.jpg\",\"width\":1308,\"height\":221,\"caption\":\"LA PATRIA FUTBOLERA\"},\"image\":{\"@id\":\"https:\/\/lapatriafutbolera.com.ar\/#\/schema\/logo\/image\/\"}},{\"@type\":\"Person\",\"@id\":\"https:\/\/lapatriafutbolera.com.ar\/#\/schema\/person\/eb56fb3a7e76133611d5b2d9f706bd97\",\"name\":\"Redacci\u00f3n LPF\",\"image\":{\"@type\":\"ImageObject\",\"inLanguage\":\"es-AR\",\"@id\":\"https:\/\/lapatriafutbolera.com.ar\/#\/schema\/person\/image\/\",\"url\":\"https:\/\/secure.gravatar.com\/avatar\/57dc12e3750972170624cd118ca21d4157841e9e7b211e6dfe7a00b61088d285?s=96&d=mm&r=g\",\"contentUrl\":\"https:\/\/secure.gravatar.com\/avatar\/57dc12e3750972170624cd118ca21d4157841e9e7b211e6dfe7a00b61088d285?s=96&d=mm&r=g\",\"caption\":\"Redacci\u00f3n LPF\"},\"sameAs\":[\"http:\/\/lapatriafutbolera.com.ar\"],\"url\":\"https:\/\/lapatriafutbolera.com.ar\/index.php\/author\/redaccion-lpf\/\"}]}<\/script>\n<!-- \/ Yoast SEO plugin. -->","yoast_head_json":{"title":"Otra vez, el mejor tinto es de Argentina - LA PATRIA FUTBOLERA","robots":{"index":"index","follow":"follow","max-snippet":"max-snippet:-1","max-image-preview":"max-image-preview:large","max-video-preview":"max-video-preview:-1"},"canonical":"https:\/\/lapatriafutbolera.com.ar\/index.php\/2023\/04\/15\/otra-vez-el-mejor-tinto-es-de-argentina\/","og_locale":"es_ES","og_type":"article","og_title":"Otra vez, el mejor tinto es de Argentina - LA PATRIA FUTBOLERA","og_description":"Con dos goles de Santiago L\u00f3pez, los dirigidos por Diego Placente se impusieron por la...","og_url":"https:\/\/lapatriafutbolera.com.ar\/index.php\/2023\/04\/15\/otra-vez-el-mejor-tinto-es-de-argentina\/","og_site_name":"LA PATRIA FUTBOLERA","article_published_time":"2023-04-15T21:04:29+00:00","article_modified_time":"2023-04-22T21:08:36+00:00","og_image":[{"width":299,"height":168,"url":"https:\/\/lapatriafutbolera.com.ar\/wp-content\/uploads\/2023\/04\/descarga-89.jpg","type":"image\/jpeg"}],"author":"Redacci\u00f3n LPF","twitter_card":"summary_large_image","twitter_misc":{"Escrito por":"Redacci\u00f3n LPF","Tiempo de lectura":"5 minutos"},"schema":{"@context":"https:\/\/schema.org","@graph":[{"@type":"Article","@id":"https:\/\/lapatriafutbolera.com.ar\/index.php\/2023\/04\/15\/otra-vez-el-mejor-tinto-es-de-argentina\/#article","isPartOf":{"@id":"https:\/\/lapatriafutbolera.com.ar\/index.php\/2023\/04\/15\/otra-vez-el-mejor-tinto-es-de-argentina\/"},"author":{"name":"Redacci\u00f3n LPF","@id":"https:\/\/lapatriafutbolera.com.ar\/#\/schema\/person\/eb56fb3a7e76133611d5b2d9f706bd97"},"headline":"Otra vez, el mejor tinto es de Argentina","datePublished":"2023-04-15T21:04:29+00:00","dateModified":"2023-04-22T21:08:36+00:00","mainEntityOfPage":{"@id":"https:\/\/lapatriafutbolera.com.ar\/index.php\/2023\/04\/15\/otra-vez-el-mejor-tinto-es-de-argentina\/"},"wordCount":996,"commentCount":0,"publisher":{"@id":"https:\/\/lapatriafutbolera.com.ar\/#organization"},"articleSection":["Sub 17"],"inLanguage":"es-AR","potentialAction":[{"@type":"CommentAction","name":"Comment","target":["https:\/\/lapatriafutbolera.com.ar\/index.php\/2023\/04\/15\/otra-vez-el-mejor-tinto-es-de-argentina\/#respond"]}]},{"@type":"WebPage","@id":"https:\/\/lapatriafutbolera.com.ar\/index.php\/2023\/04\/15\/otra-vez-el-mejor-tinto-es-de-argentina\/","url":"https:\/\/lapatriafutbolera.com.ar\/index.php\/2023\/04\/15\/otra-vez-el-mejor-tinto-es-de-argentina\/","name":"Otra vez, el mejor tinto es de Argentina - LA PATRIA FUTBOLERA","isPartOf":{"@id":"https:\/\/lapatriafutbolera.com.ar\/#website"},"datePublished":"2023-04-15T21:04:29+00:00","dateModified":"2023-04-22T21:08:36+00:00","breadcrumb":{"@id":"https:\/\/lapatriafutbolera.com.ar\/index.php\/2023\/04\/15\/otra-vez-el-mejor-tinto-es-de-argentina\/#breadcrumb"},"inLanguage":"es-AR","potentialAction":[{"@type":"ReadAction","target":["https:\/\/lapatriafutbolera.com.ar\/index.php\/2023\/04\/15\/otra-vez-el-mejor-tinto-es-de-argentina\/"]}]},{"@type":"BreadcrumbList","@id":"https:\/\/lapatriafutbolera.com.ar\/index.php\/2023\/04\/15\/otra-vez-el-mejor-tinto-es-de-argentina\/#breadcrumb","itemListElement":[{"@type":"ListItem","position":1,"name":"Inicio","item":"https:\/\/lapatriafutbolera.com.ar\/"},{"@type":"ListItem","position":2,"name":"Otra vez, el mejor tinto es de Argentina"}]},{"@type":"WebSite","@id":"https:\/\/lapatriafutbolera.com.ar\/#website","url":"https:\/\/lapatriafutbolera.com.ar\/","name":"LA PATRIA FUTBOLERA","description":"","publisher":{"@id":"https:\/\/lapatriafutbolera.com.ar\/#organization"},"potentialAction":[{"@type":"SearchAction","target":{"@type":"EntryPoint","urlTemplate":"https:\/\/lapatriafutbolera.com.ar\/?s={search_term_string}"},"query-input":"required name=search_term_string"}],"inLanguage":"es-AR"},{"@type":"Organization","@id":"https:\/\/lapatriafutbolera.com.ar\/#organization","name":"LA PATRIA FUTBOLERA","url":"https:\/\/lapatriafutbolera.com.ar\/","sameAs":[],"logo":{"@type":"ImageObject","inLanguage":"es-AR","@id":"https:\/\/lapatriafutbolera.com.ar\/#\/schema\/logo\/image\/","url":"https:\/\/lapatriafutbolera.com.ar\/wp-content\/uploads\/2025\/03\/cropped-LA-PATRIA-14.jpg","contentUrl":"https:\/\/lapatriafutbolera.com.ar\/wp-content\/uploads\/2025\/03\/cropped-LA-PATRIA-14.jpg","width":1308,"height":221,"caption":"LA PATRIA FUTBOLERA"},"image":{"@id":"https:\/\/lapatriafutbolera.com.ar\/#\/schema\/logo\/image\/"}},{"@type":"Person","@id":"https:\/\/lapatriafutbolera.com.ar\/#\/schema\/person\/eb56fb3a7e76133611d5b2d9f706bd97","name":"Redacci\u00f3n LPF","image":{"@type":"ImageObject","inLanguage":"es-AR","@id":"https:\/\/lapatriafutbolera.com.ar\/#\/schema\/person\/image\/","url":"https:\/\/secure.gravatar.com\/avatar\/57dc12e3750972170624cd118ca21d4157841e9e7b211e6dfe7a00b61088d285?s=96&d=mm&r=g","contentUrl":"https:\/\/secure.gravatar.com\/avatar\/57dc12e3750972170624cd118ca21d4157841e9e7b211e6dfe7a00b61088d285?s=96&d=mm&r=g","caption":"Redacci\u00f3n LPF"},"sameAs":["http:\/\/lapatriafutbolera.com.ar"],"url":"https:\/\/lapatriafutbolera.com.ar\/index.php\/author\/redaccion-lpf\/"}]}},"_links":{"self":[{"href":"https:\/\/lapatriafutbolera.com.ar\/index.php\/wp-json\/wp\/v2\/posts\/1541","targetHints":{"allow":["GET"]}}],"collection":[{"href":"https:\/\/lapatriafutbolera.com.ar\/index.php\/wp-json\/wp\/v2\/posts"}],"about":[{"href":"https:\/\/lapatriafutbolera.com.ar\/index.php\/wp-json\/wp\/v2\/types\/post"}],"author":[{"embeddable":true,"href":"https:\/\/lapatriafutbolera.com.ar\/index.php\/wp-json\/wp\/v2\/users\/4"}],"replies":[{"embeddable":true,"href":"https:\/\/lapatriafutbolera.com.ar\/index.php\/wp-json\/wp\/v2\/comments?post=1541"}],"version-history":[{"count":1,"href":"https:\/\/lapatriafutbolera.com.ar\/index.php\/wp-json\/wp\/v2\/posts\/1541\/revisions"}],"predecessor-version":[{"id":1543,"href":"https:\/\/lapatriafutbolera.com.ar\/index.php\/wp-json\/wp\/v2\/posts\/1541\/revisions\/1543"}],"wp:featuredmedia":[{"embeddable":true,"href":"https:\/\/lapatriafutbolera.com.ar\/index.php\/wp-json\/wp\/v2\/media\/1542"}],"wp:attachment":[{"href":"https:\/\/lapatriafutbolera.com.ar\/index.php\/wp-json\/wp\/v2\/media?parent=1541"}],"wp:term":[{"taxonomy":"category","embeddable":true,"href":"https:\/\/lapatriafutbolera.com.ar\/index.php\/wp-json\/wp\/v2\/categories?post=1541"},{"taxonomy":"post_tag","embeddable":true,"href":"https:\/\/lapatriafutbolera.com.ar\/index.php\/wp-json\/wp\/v2\/tags?post=1541"}],"curies":[{"name":"wp","href":"https:\/\/api.w.org\/{rel}","templated":true}]}}