{"id":1549,"date":"2023-04-21T18:15:14","date_gmt":"2023-04-21T21:15:14","guid":{"rendered":"https:\/\/lapatriafutbolera.com.ar\/?p=1549"},"modified":"2023-04-22T18:41:25","modified_gmt":"2023-04-22T21:41:25","slug":"el-invicto-se-fue-ante-los-locales","status":"publish","type":"post","link":"https:\/\/lapatriafutbolera.com.ar\/index.php\/2023\/04\/21\/el-invicto-se-fue-ante-los-locales\/","title":{"rendered":"El invicto se fue ante los locales"},"content":{"rendered":"\n<h4 class=\"wp-block-heading\">El equipo de Diego Placente no pudo recuperarse del golazo de Kendry P\u00e1ez (5\u2032PT) y se alej\u00f3 de la chance de t\u00edtulo. A falta de una fecha, los locales son l\u00edderes junto a Brasil, tres puntos m\u00e1s que la Albiceleste.<\/h4>\n\n\n\n<p><strong>La selecci\u00f3n argentina Sub 17 ya se asegur\u00f3 su lugar en el pr\u00f3ximo Mundial<\/strong>\u00a0de la categor\u00eda y en su lucha por lograr el t\u00edtulo del torneo que se juega en\u00a0<strong>Ecuador, cay\u00f3 1 a 0 ante el local y perdi\u00f3 el invicto en el certamen.<\/strong>\u00a0En el estadio Ol\u00edmpico Atahualpa de Quito, el duro combinado local se lleg\u00f3 el triunfo en la pen\u00faltima fecha del Hexagonal final gracias al golazo a los cinco minutos de\u00a0<strong>Kendry P\u00e1ez<\/strong>.<\/p>\n\n\n\n<p>De esta manera,&nbsp;<em>la Albiceleste<\/em>&nbsp;qued\u00f3 con&nbsp;<strong>7 puntos (+2) en lo que va del Hexagonal<\/strong>&nbsp;y se mantiene a tres de&nbsp;<strong>la cima<\/strong>&nbsp;que ahora est\u00e1&nbsp;<strong>en poder de&nbsp;<\/strong><em><strong>La Tri<\/strong><\/em>&nbsp;(+6).&nbsp;<strong>Brasil<\/strong>, que gole\u00f3 en primer turno a Chile, tambi\u00e9n suma&nbsp;<strong>10 unidades<\/strong>&nbsp;pero cuenta con +5 de diferencia de gol. El pr\u00f3ximo domingo 23 ser\u00e1 la \u00faltima presentaci\u00f3n del seleccionado. Y su rival ser\u00e1, ni m\u00e1s ni menos, que la Verdeamarela.&nbsp;<strong>La Albiceleste deber\u00e1 ganar por una diferencia de dos goles y esperar que Ecuador pierda por tres de diferencia&nbsp;<\/strong>para lograr el t\u00edtulo.<\/p>\n\n\n\n<p><img loading=\"lazy\" decoding=\"async\" alt=\"(@LaTri)\" height=\"1080\" width=\"1920\" class=\"\" src=\"https:\/\/cloudfront-us-east-1.images.arcpublishing.com\/infobae\/XSZQPUR2CZE4VLQE7QNRUXOO64.jfif\" srcset=\"https:\/\/www.infobae.com\/new-resizer\/m4oiL9fKwoPpEf0fLJsZuHxFLco=\/420x236\/filters:format(webp):quality(85)\/cloudfront-us-east-1.images.arcpublishing.com\/infobae\/XSZQPUR2CZE4VLQE7QNRUXOO64.jfif 420w,https:\/\/www.infobae.com\/new-resizer\/3BywZep-VKcVQ66qK6tt9JFh8zg=\/768x432\/filters:format(webp):quality(85)\/cloudfront-us-east-1.images.arcpublishing.com\/infobae\/XSZQPUR2CZE4VLQE7QNRUXOO64.jfif 768w,https:\/\/www.infobae.com\/new-resizer\/Vj2PUqKsUzgN6x_u6TeZyx2IE6c=\/992x558\/filters:format(webp):quality(85)\/cloudfront-us-east-1.images.arcpublishing.com\/infobae\/XSZQPUR2CZE4VLQE7QNRUXOO64.jfif 992w,https:\/\/www.infobae.com\/new-resizer\/ACwPRI2k9ObPUoaTIBPBA3VCL5c=\/1200x675\/filters:format(webp):quality(85)\/cloudfront-us-east-1.images.arcpublishing.com\/infobae\/XSZQPUR2CZE4VLQE7QNRUXOO64.jfif 1200w,https:\/\/www.infobae.com\/new-resizer\/5U9jzJ6A_y5HRow1RO-Cj4Z6X5Q=\/1440x810\/filters:format(webp):quality(85)\/cloudfront-us-east-1.images.arcpublishing.com\/infobae\/XSZQPUR2CZE4VLQE7QNRUXOO64.jfif 1440w\">(@LaTri)<\/p>\n\n\n\n<p>El encuentro arranc\u00f3 con mucho\u00a0<strong>ritmo, intensidad y velocidad<\/strong>\u00a0de ambos bandos. Argentina se enfrent\u00f3 a uno de los rivales m\u00e1s duros del Sudamericano. Pese a ello, a los tres minutos fue el equipo de Placente el que\u00a0<strong>avis\u00f3 por intermedio de<\/strong>\u00a0<strong>Tob\u00edas Palacio de cabeza<\/strong>, luego de un tiro de esquina preciso de Echeverri.<\/p>\n\n\n\n<p><strong>Argentina&nbsp;<\/strong>manten\u00eda la presi\u00f3n alta, hasta que a los cinco minutos&nbsp;<strong>retrocedi\u00f3 mal<\/strong>&nbsp;y le permiti\u00f3 al mejor jugador ecuatoriano,&nbsp;<strong>Kendry P\u00e1ez<\/strong>, marcar la apertura del marcador. El 10 de&nbsp;<em>La Tri<\/em>&nbsp;<strong>se meti\u00f3 al \u00e1rea a pura gambeta y remat\u00f3 muy fuerte<\/strong>&nbsp;para dejar sin reacci\u00f3n a Froil\u00e1n D\u00edaz.<\/p>\n\n\n\n<p>La Albiceleste sigui\u00f3 insistiendo y a los 8\u2032 Acosta habilit\u00f3 de excelente manera para el\u00a0<strong>Diablito Echeverri<\/strong>, quien\u00a0<strong>prob\u00f3 desde la medialuna\u00a0<\/strong>y se encontr\u00f3 con el arquero Loor para contener. Bajo una tenue lluvia que luego pas\u00f3 a ser m\u00e1s intensa, el partido se torn\u00f3 de ida y vuelta.<\/p>\n\n\n\n<p>Al promediar la etapa, Argentina por poco no lleg\u00f3 a la igualdad. Tras un centro de Dylan Gorosito,\u00a0<strong>Agust\u00edn Ruberto conect\u00f3 de cabeza y la pelota peg\u00f3 en el travesa\u00f1o<\/strong>. En esta acci\u00f3n, el guardameta ecuatoriano estaba vencido, pero cont\u00f3 con la fortuna a su favor.<\/p>\n\n\n\n<p><img loading=\"lazy\" decoding=\"async\" alt=\"(@Argentina)\" height=\"1080\" width=\"1620\" class=\"\" src=\"https:\/\/cloudfront-us-east-1.images.arcpublishing.com\/infobae\/XDQVEMP4YNBSJCL6RRIF6KVRPA.jfif\" srcset=\"https:\/\/www.infobae.com\/new-resizer\/iOtFsCtLb-_tfrEJ5V0zz--Guvc=\/420x280\/filters:format(webp):quality(85)\/cloudfront-us-east-1.images.arcpublishing.com\/infobae\/XDQVEMP4YNBSJCL6RRIF6KVRPA.jfif 420w,https:\/\/www.infobae.com\/new-resizer\/aD_F33cvo3MILja6uocCosenXyE=\/768x512\/filters:format(webp):quality(85)\/cloudfront-us-east-1.images.arcpublishing.com\/infobae\/XDQVEMP4YNBSJCL6RRIF6KVRPA.jfif 768w,https:\/\/www.infobae.com\/new-resizer\/6xekuPNIsZm2Z_-MzGIEUJw-W7Q=\/992x661\/filters:format(webp):quality(85)\/cloudfront-us-east-1.images.arcpublishing.com\/infobae\/XDQVEMP4YNBSJCL6RRIF6KVRPA.jfif 992w,https:\/\/www.infobae.com\/new-resizer\/sbbpmneJLLuw2fZlYMbycBm0hO8=\/1200x800\/filters:format(webp):quality(85)\/cloudfront-us-east-1.images.arcpublishing.com\/infobae\/XDQVEMP4YNBSJCL6RRIF6KVRPA.jfif 1200w,https:\/\/www.infobae.com\/new-resizer\/27hGtaGJs9uICAKg6KT9FBxb4_E=\/1440x960\/filters:format(webp):quality(85)\/cloudfront-us-east-1.images.arcpublishing.com\/infobae\/XDQVEMP4YNBSJCL6RRIF6KVRPA.jfif 1440w\">(@Argentina)<\/p>\n\n\n\n<p>En el complemento, Argentina sali\u00f3 con todo. Placente dispuso los ingresos de Kevin Guti\u00e9rrez, Valentino Acu\u00f1a y Axel Cabellos en lugar de Albarrac\u00edn, Santi L\u00f3pez y Ontiveros. Casi de principio a fin en esta etapa, la Albiceleste domin\u00f3 y cont\u00f3 con chances para igualar. Lo tuvo Kevin Guti\u00e9rrez en dos oportunidades, una pareci\u00f3 que le cometieron penal, que el \u00e1rbitro desestim\u00f3, y otro fue con un remate desde media distancia.<\/p>\n\n\n\n<p>Argentina sigui\u00f3 insistiendo y por poco no logr\u00f3 la igualdad a los 10 minutos cuando tuvo tres chances en apenas dos minutos. Todos fueron con remates desde la puerta del \u00e1rea: el primero fue Acosta, se le sum\u00f3 el Diablito Echeverri y Guti\u00e9rrez casi conecta. Pese al empuje y las ganas, con el correr de los minutos, sumado al campo pesado por la lluvia, el equipo nacional sinti\u00f3 el desgaste y termin\u00f3 lamentando su primera derrota en el Sudamericano.<\/p>\n\n\n\n<p>Durante la fase de grupos la gan\u00f3 con tres victorias y una igualdad, y luego en la zona de seis triunf\u00f3 dos veces y sum\u00f3 otro empate. Este \u00faltimo sin goles ante Paraguay, rival con el que ya se hab\u00eda enfrentado en la fase de grupos. Dicho resultado, si bien jugaron en la primera hora, les sirvi\u00f3 para confirmar su plaza mundialista.<\/p>\n\n\n\n<p>Por el lado del conjunto ecuatoriano, el combinado que tiene a Diego Mart\u00ednez como DT ven\u00eda de igualar 2-2 ante Brasil, otro de los candidatos a quedarse con el Sudamericano. Antes, venci\u00f3 3-0 a Chile y por 3-1 al seleccionado paraguayo.<\/p>\n\n\n\n<p><strong>Formaciones:<\/strong><\/p>\n\n\n\n<p><strong>Argentina<\/strong>: Froil\u00e1n D\u00edaz; Dylan Gorosito, Tob\u00edas Palacio, Juan Manuel Villalba, Octavio Ontivero; Gustavo Albarrac\u00edn, Mariano Gerez, Claudio Echeverri; Benjam\u00edn Acosta, Santiago L\u00f3pez y Agust\u00edn Ruberto.&nbsp;<strong>DT:<\/strong>&nbsp;Diego Placente.<\/p>\n\n\n\n<p><strong>Ecuador<\/strong>: Cristhian Loor; Jes\u00fas Polo, Ivis Davis, Jair Collahuazo, Elkin Ruiz; Kendry P\u00e1ez, Juan Rodr\u00edguez, Jairo Reyes; Allen Obando, Michael Berm\u00fadez y Keny Arroyo.<strong>&nbsp;DT:<\/strong>&nbsp;Diego Mart\u00ednez.<\/p>\n\n\n\n<p><strong>Estadio<\/strong>: Ol\u00edmpico Atahualpa, Quito.<\/p>\n","protected":false},"excerpt":{"rendered":"<p>El equipo de Diego Placente no pudo recuperarse del golazo de Kendry P\u00e1ez (5\u2032PT) y&#8230;<\/p>\n","protected":false},"author":4,"featured_media":1550,"comment_status":"open","ping_status":"open","sticky":false,"template":"","format":"standard","meta":{"footnotes":""},"categories":[104],"tags":[],"class_list":["post-1549","post","type-post","status-publish","format-standard","has-post-thumbnail","hentry","category-sub-17"],"yoast_head":"<!-- This site is optimized with the Yoast SEO plugin v19.5.1 - https:\/\/yoast.com\/wordpress\/plugins\/seo\/ -->\n<title>El invicto se fue ante los locales - LA PATRIA FUTBOLERA<\/title>\n<meta name=\"robots\" content=\"index, follow, max-snippet:-1, max-image-preview:large, max-video-preview:-1\" \/>\n<link rel=\"canonical\" href=\"https:\/\/lapatriafutbolera.com.ar\/index.php\/2023\/04\/21\/el-invicto-se-fue-ante-los-locales\/\" \/>\n<meta property=\"og:locale\" content=\"es_ES\" \/>\n<meta property=\"og:type\" content=\"article\" \/>\n<meta property=\"og:title\" content=\"El invicto se fue ante los locales - LA PATRIA FUTBOLERA\" \/>\n<meta property=\"og:description\" content=\"El equipo de Diego Placente no pudo recuperarse del golazo de Kendry P\u00e1ez (5\u2032PT) y...\" \/>\n<meta property=\"og:url\" content=\"https:\/\/lapatriafutbolera.com.ar\/index.php\/2023\/04\/21\/el-invicto-se-fue-ante-los-locales\/\" \/>\n<meta property=\"og:site_name\" content=\"LA PATRIA FUTBOLERA\" \/>\n<meta property=\"article:published_time\" content=\"2023-04-21T21:15:14+00:00\" \/>\n<meta property=\"article:modified_time\" content=\"2023-04-22T21:41:25+00:00\" \/>\n<meta property=\"og:image\" content=\"https:\/\/lapatriafutbolera.com.ar\/wp-content\/uploads\/2023\/04\/7in-vGjF4_360x240__1.webp\" \/>\n\t<meta property=\"og:image:width\" content=\"360\" \/>\n\t<meta property=\"og:image:height\" content=\"240\" \/>\n\t<meta property=\"og:image:type\" content=\"image\/webp\" \/>\n<meta name=\"author\" content=\"Redacci\u00f3n LPF\" \/>\n<meta name=\"twitter:card\" content=\"summary_large_image\" \/>\n<meta name=\"twitter:label1\" content=\"Escrito por\" \/>\n\t<meta name=\"twitter:data1\" content=\"Redacci\u00f3n LPF\" \/>\n\t<meta name=\"twitter:label2\" content=\"Tiempo de lectura\" \/>\n\t<meta name=\"twitter:data2\" content=\"4 minutos\" \/>\n<script type=\"application\/ld+json\" class=\"yoast-schema-graph\">{\"@context\":\"https:\/\/schema.org\",\"@graph\":[{\"@type\":\"Article\",\"@id\":\"https:\/\/lapatriafutbolera.com.ar\/index.php\/2023\/04\/21\/el-invicto-se-fue-ante-los-locales\/#article\",\"isPartOf\":{\"@id\":\"https:\/\/lapatriafutbolera.com.ar\/index.php\/2023\/04\/21\/el-invicto-se-fue-ante-los-locales\/\"},\"author\":{\"name\":\"Redacci\u00f3n LPF\",\"@id\":\"https:\/\/lapatriafutbolera.com.ar\/#\/schema\/person\/eb56fb3a7e76133611d5b2d9f706bd97\"},\"headline\":\"El invicto se fue ante los locales\",\"datePublished\":\"2023-04-21T21:15:14+00:00\",\"dateModified\":\"2023-04-22T21:41:25+00:00\",\"mainEntityOfPage\":{\"@id\":\"https:\/\/lapatriafutbolera.com.ar\/index.php\/2023\/04\/21\/el-invicto-se-fue-ante-los-locales\/\"},\"wordCount\":800,\"commentCount\":0,\"publisher\":{\"@id\":\"https:\/\/lapatriafutbolera.com.ar\/#organization\"},\"articleSection\":[\"Sub 17\"],\"inLanguage\":\"es-AR\",\"potentialAction\":[{\"@type\":\"CommentAction\",\"name\":\"Comment\",\"target\":[\"https:\/\/lapatriafutbolera.com.ar\/index.php\/2023\/04\/21\/el-invicto-se-fue-ante-los-locales\/#respond\"]}]},{\"@type\":\"WebPage\",\"@id\":\"https:\/\/lapatriafutbolera.com.ar\/index.php\/2023\/04\/21\/el-invicto-se-fue-ante-los-locales\/\",\"url\":\"https:\/\/lapatriafutbolera.com.ar\/index.php\/2023\/04\/21\/el-invicto-se-fue-ante-los-locales\/\",\"name\":\"El invicto se fue ante los locales - LA PATRIA FUTBOLERA\",\"isPartOf\":{\"@id\":\"https:\/\/lapatriafutbolera.com.ar\/#website\"},\"datePublished\":\"2023-04-21T21:15:14+00:00\",\"dateModified\":\"2023-04-22T21:41:25+00:00\",\"breadcrumb\":{\"@id\":\"https:\/\/lapatriafutbolera.com.ar\/index.php\/2023\/04\/21\/el-invicto-se-fue-ante-los-locales\/#breadcrumb\"},\"inLanguage\":\"es-AR\",\"potentialAction\":[{\"@type\":\"ReadAction\",\"target\":[\"https:\/\/lapatriafutbolera.com.ar\/index.php\/2023\/04\/21\/el-invicto-se-fue-ante-los-locales\/\"]}]},{\"@type\":\"BreadcrumbList\",\"@id\":\"https:\/\/lapatriafutbolera.com.ar\/index.php\/2023\/04\/21\/el-invicto-se-fue-ante-los-locales\/#breadcrumb\",\"itemListElement\":[{\"@type\":\"ListItem\",\"position\":1,\"name\":\"Inicio\",\"item\":\"https:\/\/lapatriafutbolera.com.ar\/\"},{\"@type\":\"ListItem\",\"position\":2,\"name\":\"El invicto se fue ante los locales\"}]},{\"@type\":\"WebSite\",\"@id\":\"https:\/\/lapatriafutbolera.com.ar\/#website\",\"url\":\"https:\/\/lapatriafutbolera.com.ar\/\",\"name\":\"LA PATRIA FUTBOLERA\",\"description\":\"\",\"publisher\":{\"@id\":\"https:\/\/lapatriafutbolera.com.ar\/#organization\"},\"potentialAction\":[{\"@type\":\"SearchAction\",\"target\":{\"@type\":\"EntryPoint\",\"urlTemplate\":\"https:\/\/lapatriafutbolera.com.ar\/?s={search_term_string}\"},\"query-input\":\"required name=search_term_string\"}],\"inLanguage\":\"es-AR\"},{\"@type\":\"Organization\",\"@id\":\"https:\/\/lapatriafutbolera.com.ar\/#organization\",\"name\":\"LA PATRIA FUTBOLERA\",\"url\":\"https:\/\/lapatriafutbolera.com.ar\/\",\"sameAs\":[],\"logo\":{\"@type\":\"ImageObject\",\"inLanguage\":\"es-AR\",\"@id\":\"https:\/\/lapatriafutbolera.com.ar\/#\/schema\/logo\/image\/\",\"url\":\"https:\/\/lapatriafutbolera.com.ar\/wp-content\/uploads\/2025\/03\/cropped-LA-PATRIA-14.jpg\",\"contentUrl\":\"https:\/\/lapatriafutbolera.com.ar\/wp-content\/uploads\/2025\/03\/cropped-LA-PATRIA-14.jpg\",\"width\":1308,\"height\":221,\"caption\":\"LA PATRIA FUTBOLERA\"},\"image\":{\"@id\":\"https:\/\/lapatriafutbolera.com.ar\/#\/schema\/logo\/image\/\"}},{\"@type\":\"Person\",\"@id\":\"https:\/\/lapatriafutbolera.com.ar\/#\/schema\/person\/eb56fb3a7e76133611d5b2d9f706bd97\",\"name\":\"Redacci\u00f3n LPF\",\"image\":{\"@type\":\"ImageObject\",\"inLanguage\":\"es-AR\",\"@id\":\"https:\/\/lapatriafutbolera.com.ar\/#\/schema\/person\/image\/\",\"url\":\"https:\/\/secure.gravatar.com\/avatar\/57dc12e3750972170624cd118ca21d4157841e9e7b211e6dfe7a00b61088d285?s=96&d=mm&r=g\",\"contentUrl\":\"https:\/\/secure.gravatar.com\/avatar\/57dc12e3750972170624cd118ca21d4157841e9e7b211e6dfe7a00b61088d285?s=96&d=mm&r=g\",\"caption\":\"Redacci\u00f3n LPF\"},\"sameAs\":[\"http:\/\/lapatriafutbolera.com.ar\"],\"url\":\"https:\/\/lapatriafutbolera.com.ar\/index.php\/author\/redaccion-lpf\/\"}]}<\/script>\n<!-- \/ Yoast SEO plugin. -->","yoast_head_json":{"title":"El invicto se fue ante los locales - LA PATRIA FUTBOLERA","robots":{"index":"index","follow":"follow","max-snippet":"max-snippet:-1","max-image-preview":"max-image-preview:large","max-video-preview":"max-video-preview:-1"},"canonical":"https:\/\/lapatriafutbolera.com.ar\/index.php\/2023\/04\/21\/el-invicto-se-fue-ante-los-locales\/","og_locale":"es_ES","og_type":"article","og_title":"El invicto se fue ante los locales - LA PATRIA FUTBOLERA","og_description":"El equipo de Diego Placente no pudo recuperarse del golazo de Kendry P\u00e1ez (5\u2032PT) y...","og_url":"https:\/\/lapatriafutbolera.com.ar\/index.php\/2023\/04\/21\/el-invicto-se-fue-ante-los-locales\/","og_site_name":"LA PATRIA FUTBOLERA","article_published_time":"2023-04-21T21:15:14+00:00","article_modified_time":"2023-04-22T21:41:25+00:00","og_image":[{"width":360,"height":240,"url":"https:\/\/lapatriafutbolera.com.ar\/wp-content\/uploads\/2023\/04\/7in-vGjF4_360x240__1.webp","type":"image\/webp"}],"author":"Redacci\u00f3n LPF","twitter_card":"summary_large_image","twitter_misc":{"Escrito por":"Redacci\u00f3n LPF","Tiempo de lectura":"4 minutos"},"schema":{"@context":"https:\/\/schema.org","@graph":[{"@type":"Article","@id":"https:\/\/lapatriafutbolera.com.ar\/index.php\/2023\/04\/21\/el-invicto-se-fue-ante-los-locales\/#article","isPartOf":{"@id":"https:\/\/lapatriafutbolera.com.ar\/index.php\/2023\/04\/21\/el-invicto-se-fue-ante-los-locales\/"},"author":{"name":"Redacci\u00f3n LPF","@id":"https:\/\/lapatriafutbolera.com.ar\/#\/schema\/person\/eb56fb3a7e76133611d5b2d9f706bd97"},"headline":"El invicto se fue ante los locales","datePublished":"2023-04-21T21:15:14+00:00","dateModified":"2023-04-22T21:41:25+00:00","mainEntityOfPage":{"@id":"https:\/\/lapatriafutbolera.com.ar\/index.php\/2023\/04\/21\/el-invicto-se-fue-ante-los-locales\/"},"wordCount":800,"commentCount":0,"publisher":{"@id":"https:\/\/lapatriafutbolera.com.ar\/#organization"},"articleSection":["Sub 17"],"inLanguage":"es-AR","potentialAction":[{"@type":"CommentAction","name":"Comment","target":["https:\/\/lapatriafutbolera.com.ar\/index.php\/2023\/04\/21\/el-invicto-se-fue-ante-los-locales\/#respond"]}]},{"@type":"WebPage","@id":"https:\/\/lapatriafutbolera.com.ar\/index.php\/2023\/04\/21\/el-invicto-se-fue-ante-los-locales\/","url":"https:\/\/lapatriafutbolera.com.ar\/index.php\/2023\/04\/21\/el-invicto-se-fue-ante-los-locales\/","name":"El invicto se fue ante los locales - LA PATRIA FUTBOLERA","isPartOf":{"@id":"https:\/\/lapatriafutbolera.com.ar\/#website"},"datePublished":"2023-04-21T21:15:14+00:00","dateModified":"2023-04-22T21:41:25+00:00","breadcrumb":{"@id":"https:\/\/lapatriafutbolera.com.ar\/index.php\/2023\/04\/21\/el-invicto-se-fue-ante-los-locales\/#breadcrumb"},"inLanguage":"es-AR","potentialAction":[{"@type":"ReadAction","target":["https:\/\/lapatriafutbolera.com.ar\/index.php\/2023\/04\/21\/el-invicto-se-fue-ante-los-locales\/"]}]},{"@type":"BreadcrumbList","@id":"https:\/\/lapatriafutbolera.com.ar\/index.php\/2023\/04\/21\/el-invicto-se-fue-ante-los-locales\/#breadcrumb","itemListElement":[{"@type":"ListItem","position":1,"name":"Inicio","item":"https:\/\/lapatriafutbolera.com.ar\/"},{"@type":"ListItem","position":2,"name":"El invicto se fue ante los locales"}]},{"@type":"WebSite","@id":"https:\/\/lapatriafutbolera.com.ar\/#website","url":"https:\/\/lapatriafutbolera.com.ar\/","name":"LA PATRIA FUTBOLERA","description":"","publisher":{"@id":"https:\/\/lapatriafutbolera.com.ar\/#organization"},"potentialAction":[{"@type":"SearchAction","target":{"@type":"EntryPoint","urlTemplate":"https:\/\/lapatriafutbolera.com.ar\/?s={search_term_string}"},"query-input":"required name=search_term_string"}],"inLanguage":"es-AR"},{"@type":"Organization","@id":"https:\/\/lapatriafutbolera.com.ar\/#organization","name":"LA PATRIA FUTBOLERA","url":"https:\/\/lapatriafutbolera.com.ar\/","sameAs":[],"logo":{"@type":"ImageObject","inLanguage":"es-AR","@id":"https:\/\/lapatriafutbolera.com.ar\/#\/schema\/logo\/image\/","url":"https:\/\/lapatriafutbolera.com.ar\/wp-content\/uploads\/2025\/03\/cropped-LA-PATRIA-14.jpg","contentUrl":"https:\/\/lapatriafutbolera.com.ar\/wp-content\/uploads\/2025\/03\/cropped-LA-PATRIA-14.jpg","width":1308,"height":221,"caption":"LA PATRIA FUTBOLERA"},"image":{"@id":"https:\/\/lapatriafutbolera.com.ar\/#\/schema\/logo\/image\/"}},{"@type":"Person","@id":"https:\/\/lapatriafutbolera.com.ar\/#\/schema\/person\/eb56fb3a7e76133611d5b2d9f706bd97","name":"Redacci\u00f3n LPF","image":{"@type":"ImageObject","inLanguage":"es-AR","@id":"https:\/\/lapatriafutbolera.com.ar\/#\/schema\/person\/image\/","url":"https:\/\/secure.gravatar.com\/avatar\/57dc12e3750972170624cd118ca21d4157841e9e7b211e6dfe7a00b61088d285?s=96&d=mm&r=g","contentUrl":"https:\/\/secure.gravatar.com\/avatar\/57dc12e3750972170624cd118ca21d4157841e9e7b211e6dfe7a00b61088d285?s=96&d=mm&r=g","caption":"Redacci\u00f3n LPF"},"sameAs":["http:\/\/lapatriafutbolera.com.ar"],"url":"https:\/\/lapatriafutbolera.com.ar\/index.php\/author\/redaccion-lpf\/"}]}},"_links":{"self":[{"href":"https:\/\/lapatriafutbolera.com.ar\/index.php\/wp-json\/wp\/v2\/posts\/1549","targetHints":{"allow":["GET"]}}],"collection":[{"href":"https:\/\/lapatriafutbolera.com.ar\/index.php\/wp-json\/wp\/v2\/posts"}],"about":[{"href":"https:\/\/lapatriafutbolera.com.ar\/index.php\/wp-json\/wp\/v2\/types\/post"}],"author":[{"embeddable":true,"href":"https:\/\/lapatriafutbolera.com.ar\/index.php\/wp-json\/wp\/v2\/users\/4"}],"replies":[{"embeddable":true,"href":"https:\/\/lapatriafutbolera.com.ar\/index.php\/wp-json\/wp\/v2\/comments?post=1549"}],"version-history":[{"count":1,"href":"https:\/\/lapatriafutbolera.com.ar\/index.php\/wp-json\/wp\/v2\/posts\/1549\/revisions"}],"predecessor-version":[{"id":1551,"href":"https:\/\/lapatriafutbolera.com.ar\/index.php\/wp-json\/wp\/v2\/posts\/1549\/revisions\/1551"}],"wp:featuredmedia":[{"embeddable":true,"href":"https:\/\/lapatriafutbolera.com.ar\/index.php\/wp-json\/wp\/v2\/media\/1550"}],"wp:attachment":[{"href":"https:\/\/lapatriafutbolera.com.ar\/index.php\/wp-json\/wp\/v2\/media?parent=1549"}],"wp:term":[{"taxonomy":"category","embeddable":true,"href":"https:\/\/lapatriafutbolera.com.ar\/index.php\/wp-json\/wp\/v2\/categories?post=1549"},{"taxonomy":"post_tag","embeddable":true,"href":"https:\/\/lapatriafutbolera.com.ar\/index.php\/wp-json\/wp\/v2\/tags?post=1549"}],"curies":[{"name":"wp","href":"https:\/\/api.w.org\/{rel}","templated":true}]}}