{"id":1552,"date":"2023-04-21T18:43:07","date_gmt":"2023-04-21T21:43:07","guid":{"rendered":"https:\/\/lapatriafutbolera.com.ar\/?p=1552"},"modified":"2023-04-22T18:48:26","modified_gmt":"2023-04-22T21:48:26","slug":"habemus-fixture","status":"publish","type":"post","link":"https:\/\/lapatriafutbolera.com.ar\/index.php\/2023\/04\/21\/habemus-fixture\/","title":{"rendered":"Habemus Fixture"},"content":{"rendered":"\n<p>La FIFA sorteo la distribucion de los equipos clasificados al proximo Mundial Sub 20 Argentina 2023. Los rivales de la Albiceleste seran Uzbekistan, Guatemala y Nueva Zelanda.<\/p>\n\n\n\n<h2 class=\"wp-block-heading\">Fixture del Mundial Sub-20: grupos, fechas y todas las selecciones<\/h2>\n\n\n\n<h3 class=\"wp-block-heading\">Grupo A<\/h3>\n\n\n\n<p><strong>Fecha 1<\/strong><\/p>\n\n\n\n<ul class=\"wp-block-list\">\n<li><strong>Argentina<\/strong>&nbsp;vs. Uzbekist\u00e1n | Estadio \u00danico Madre de Ciudades, 20 de mayo y horario a confirmar<\/li>\n\n\n\n<li>Guatemala vs. Nueva Zelanda | Estadio \u00danico Madre de Ciudades, 20 de mayo y horario a confirmar<\/li>\n<\/ul>\n\n\n\n<p><strong>Fecha 2<\/strong><\/p>\n\n\n\n<ul class=\"wp-block-list\">\n<li><strong>Argentina<\/strong>&nbsp;vs. Guatemala | Estadio \u00danico Madre de Ciudades, 23 de mayo y horario a confirmar<\/li>\n\n\n\n<li>Uzbekist\u00e1n vs. Nueva Zelanda | Estadio \u00danico Madre de Ciudades, 23 de mayo y horario a confirmar<\/li>\n<\/ul>\n\n\n\n<p><strong>Fecha 3<\/strong><\/p>\n\n\n\n<ul class=\"wp-block-list\">\n<li><strong>Argentina<\/strong>&nbsp;vs. Nueva Zelanda | San Juan del Bicentenario, 26 de mayo y horario a confirmar<\/li>\n\n\n\n<li>Uzbekist\u00e1n vs. Guatemala | Estadio \u00danico Madre de Ciudades, 26 de mayo y horario a confirmar<\/li>\n<\/ul>\n\n\n\n<h3 class=\"wp-block-heading\">Grupo B<\/h3>\n\n\n\n<p><strong>Fecha 1<\/strong><\/p>\n\n\n\n<ul class=\"wp-block-list\">\n<li>Estados Unidos vs. Ecuador | San Juan del Bicentenario, 20 de mayo y estadio a confirmar<\/li>\n\n\n\n<li>Fiji vs. Eslovaquia | San Juan del Bicentenario, 20 de mayo y estadio a confirmar<\/li>\n<\/ul>\n\n\n\n<p><strong>Fecha 2<\/strong><\/p>\n\n\n\n<ul class=\"wp-block-list\">\n<li>Estados Unidos vs. Fiji | San Juan del Bicentenario, 23 de mayo y estadio a confirmar<\/li>\n\n\n\n<li>Ecuador vs. Eslovaquia | San Juan del Bicentenario, 23 de mayo y estadio a confirmar<\/li>\n<\/ul>\n\n\n\n<p><strong>Fecha 3<\/strong><\/p>\n\n\n\n<ul class=\"wp-block-list\">\n<li>Estados Unidos vs. Eslovaquia | San Juan del Bicentenario, 26 de mayo y estadio a confirmar<\/li>\n\n\n\n<li>Ecuador vs. Fiji | Estadio \u00danico Madre de Ciudades, 26 de mayo y horario a confirmar<\/li>\n<\/ul>\n\n\n\n<figure class=\"wp-block-image\"><img decoding=\"async\" src=\"https:\/\/media.tycsports.com\/files\/2023\/04\/21\/558802\/sorteo-mundial-sub-20_w416.webp\" alt=\"Sorteo Mundial Sub-20\" title=\"Sorteo Mundial Sub-20\"\/><\/figure>\n\n\n\n<h3 class=\"wp-block-heading\">Grupo C<\/h3>\n\n\n\n<p><strong>Fecha 1<\/strong><\/p>\n\n\n\n<ul class=\"wp-block-list\">\n<li>Senegal vs. Jap\u00f3n | Diego Armando Maradona de La Plata, 21 de mayo y estadio a confirmar<\/li>\n\n\n\n<li>Israel vs. Colombia | Diego Armando Maradona de La Plata, 21 de mayo y estadio a confirmar<\/li>\n<\/ul>\n\n\n\n<p><strong>Fecha 2<\/strong><\/p>\n\n\n\n<ul class=\"wp-block-list\">\n<li>Senegal vs. Israel | Diego Armando Maradona de La Plata, 24 de mayo y estadio a confirmar<\/li>\n\n\n\n<li>Colombia vs. Jap\u00f3n | Diego Armando Maradona de La Plata, 24 de mayo y estadio a confirmar<\/li>\n<\/ul>\n\n\n\n<p><strong>Fecha 3<\/strong><\/p>\n\n\n\n<ul class=\"wp-block-list\">\n<li>Senegal vs. Colombia | Diego Armando Maradona de La Plata, 27 de mayo y estadio a confirmar<\/li>\n\n\n\n<li>Jap\u00f3n vs. Israel | Malvinas Argentinas de Mendoza, 27 de mayo y estadio a confirmar<\/li>\n<\/ul>\n\n\n\n<h3 class=\"wp-block-heading\">Grupo D<\/h3>\n\n\n\n<p><strong>Fecha 1<\/strong><\/p>\n\n\n\n<ul class=\"wp-block-list\">\n<li>Italia vs. Brasil | Malvinas Argentinas de Mendoza, 21 de mayo y estadio a confirmar<\/li>\n\n\n\n<li>Nigeria vs. Rep\u00fablica Dominicana | Malvinas Argentinas de Mendoza, 21 de mayo y estadio a confirmar<\/li>\n<\/ul>\n\n\n\n<p><strong>Fecha 2<\/strong><\/p>\n\n\n\n<ul class=\"wp-block-list\">\n<li>Italia vs. Nigeria | Malvinas Argentinas de Mendoza, 24 de mayo y estadio a confirmar<\/li>\n\n\n\n<li>Brasil vs. Rep\u00fablica Dominicana | Malvinas Argentinas de Mendoza, 24 de mayo y estadio a confirmar<\/li>\n<\/ul>\n\n\n\n<p><strong>Fecha 3<\/strong><\/p>\n\n\n\n<ul class=\"wp-block-list\">\n<li>Italia vs. Rep\u00fablica Dominicana | Malvinas Argentinas de Mendoza, 27 de mayo y estadio a confirmar<\/li>\n\n\n\n<li>Brasil vs. Nigeria | Diego Armando Maradona de La Plata, 27 de mayo y estadio a confirmar<\/li>\n<\/ul>\n\n\n\n<h3 class=\"wp-block-heading\">Grupo E<\/h3>\n\n\n\n<p><strong>Fecha 1<\/strong><\/p>\n\n\n\n<ul class=\"wp-block-list\">\n<li>Uruguay vs. Irak | Diego Armando Maradona de La Plata, 22 de mayo y estadio a confirmar<\/li>\n\n\n\n<li>Inglaterra vs. T\u00fanez | Diego Armando Maradona de La Plata, 22 de mayo y estadio a confirmar<\/li>\n<\/ul>\n\n\n\n<p><strong>Fecha 2<\/strong><\/p>\n\n\n\n<ul class=\"wp-block-list\">\n<li>Uruguay vs. Inglaterra | Diego Armando Maradona de La Plata, 25 de mayo y estadio a confirmar<\/li>\n\n\n\n<li>Irak vs. T\u00fanez | Diego Armando Maradona de La Plata, 22 de mayo y estadio a confirmar<\/li>\n<\/ul>\n\n\n\n<p><strong>Fecha 3<\/strong><\/p>\n\n\n\n<ul class=\"wp-block-list\">\n<li>Uruguay vs. T\u00fanez | Malvinas Argentinas de Mendoza, 28 de mayo y estadio a confirmar<\/li>\n\n\n\n<li>Irak vs. Inglaterra | Diego Armando Maradona de La Plata, 28 de mayo y estadio a confirmar<\/li>\n<\/ul>\n\n\n\n<h2 class=\"wp-block-heading\">Grupo F<\/h2>\n\n\n\n<p><strong>Fecha 1<\/strong><\/p>\n\n\n\n<ul class=\"wp-block-list\">\n<li>Francia vs. Corea del Sur | Malvinas Argentinas de Mendoza, 22 de mayo y estadio a confirmar<\/li>\n\n\n\n<li>Gambia vs. Honduras | Malvinas Argentinas de Mendoza, 22 de mayo y estadio a confirmar<\/li>\n<\/ul>\n\n\n\n<p><strong>Fecha 2<\/strong><\/p>\n\n\n\n<ul class=\"wp-block-list\">\n<li>Francia vs. Gambia | Malvinas Argentinas de Mendoza, 25 de mayo y estadio a confirmar<\/li>\n\n\n\n<li>Corea del Sur vs. Honduras | Malvinas Argentinas de Mendoza, 25 de mayo y estadio a confirmar<\/li>\n<\/ul>\n\n\n\n<p><strong>Fecha 3<\/strong><\/p>\n\n\n\n<ul class=\"wp-block-list\">\n<li>Francia vs. Honduras | Diego Armando Maradona de La Plata, 28 de mayo y estadio a confirmar<\/li>\n\n\n\n<li>Corea del Sur vs. Gambia | Malvinas Argentinas de Mendoza, 28 de mayo y estadio a confirmar<\/li>\n<\/ul>\n\n\n\n<figure class=\"wp-block-image\"><img decoding=\"async\" src=\"https:\/\/media.tycsports.com\/files\/2023\/04\/21\/558864\/mundial-sub-20-calendario_w416.webp\" alt=\"Mundial Sub-20 calendario\" title=\"Mundial Sub-20 calendario\"\/><\/figure>\n\n\n\n<h2 class=\"wp-block-heading\">Mundial Sub-20: c\u00f3mo se juega y el formato<\/h2>\n\n\n\n<p><strong>La fase de grupos del Mundial Sub 20 2023 constar\u00e1 de seis zonas de cuatro equipos cada una.<\/strong>&nbsp;Cada uno de los grupos tendr\u00e1 un cabeza de serie, con el organizador Argentina integrando el Grupo A. Adem\u00e1s,&nbsp;<strong>los pa\u00edses de una misma confederaci\u00f3n no pueden compartir zona.<\/strong><\/p>\n\n\n\n<p><strong>Pasar\u00e1n a octavos de final el primero y el segundo de cada grupo, m\u00e1s los cuatro mejores terceros.<\/strong>&nbsp;A partir de ah\u00ed comenzar\u00e1 la fase eliminatoria hasta llegar a la gran final, la cual se jugar\u00eda en el Estadio \u00danico de La Plata.<\/p>\n\n\n\n<h2 class=\"wp-block-heading\">Ver el Mundial Sub-20 Argentina 2023 EN VIVO, por TV y ONLINE<\/h2>\n\n\n\n<p>El evento ser\u00e1 transmitido por la pantalla de&nbsp;<strong>TyC Sports.<\/strong>&nbsp;Adem\u00e1s, vas a poder seguir el Mundial Sub-20 en detalle desde el sitio web&nbsp;<a href=\"http:\/\/www.tycsports.com.\/\">www.tycsports.com.<\/a><\/p>\n\n\n\n<p>La cita mundialista se podr\u00e1 ver tambi\u00e9n desde una PC o cualquier dispositivo m\u00f3vil a trav\u00e9s de\u00a0<strong>TyC Sports Play<\/strong>. Para eso, hay que acceder a<a href=\"http:\/\/play.tycsports.com\/\" target=\"_blank\" rel=\"noreferrer noopener\">\u00a0play.tycsports.com<\/a>\u00a0y, de ese modo, pod\u00e9s vivir EN VIVO el Mundial. Si a\u00fan no lo hiciste, deb\u00e9s registrarte de manera gratuita en simples pasos y luego asentar la cuenta de tu cableoperador. <\/p>\n","protected":false},"excerpt":{"rendered":"<p>La FIFA sorteo la distribucion de los equipos clasificados al proximo Mundial Sub 20 Argentina&#8230;<\/p>\n","protected":false},"author":4,"featured_media":1553,"comment_status":"open","ping_status":"open","sticky":false,"template":"","format":"standard","meta":{"footnotes":""},"categories":[95],"tags":[],"class_list":["post-1552","post","type-post","status-publish","format-standard","has-post-thumbnail","hentry","category-sub-20"],"yoast_head":"<!-- This site is optimized with the Yoast SEO plugin v19.5.1 - https:\/\/yoast.com\/wordpress\/plugins\/seo\/ -->\n<title>Habemus Fixture - LA PATRIA FUTBOLERA<\/title>\n<meta name=\"robots\" content=\"index, follow, max-snippet:-1, max-image-preview:large, max-video-preview:-1\" \/>\n<link rel=\"canonical\" href=\"https:\/\/lapatriafutbolera.com.ar\/index.php\/2023\/04\/21\/habemus-fixture\/\" \/>\n<meta property=\"og:locale\" content=\"es_ES\" \/>\n<meta property=\"og:type\" content=\"article\" \/>\n<meta property=\"og:title\" content=\"Habemus Fixture - LA PATRIA FUTBOLERA\" \/>\n<meta property=\"og:description\" content=\"La FIFA sorteo la distribucion de los equipos clasificados al proximo Mundial Sub 20 Argentina...\" \/>\n<meta property=\"og:url\" content=\"https:\/\/lapatriafutbolera.com.ar\/index.php\/2023\/04\/21\/habemus-fixture\/\" \/>\n<meta property=\"og:site_name\" content=\"LA PATRIA FUTBOLERA\" \/>\n<meta property=\"article:published_time\" content=\"2023-04-21T21:43:07+00:00\" \/>\n<meta property=\"article:modified_time\" content=\"2023-04-22T21:48:26+00:00\" \/>\n<meta property=\"og:image\" content=\"https:\/\/lapatriafutbolera.com.ar\/wp-content\/uploads\/2023\/04\/sorteo-mundial-sub-20_862x485.webp\" \/>\n\t<meta property=\"og:image:width\" content=\"862\" \/>\n\t<meta property=\"og:image:height\" content=\"485\" \/>\n\t<meta property=\"og:image:type\" content=\"image\/webp\" \/>\n<meta name=\"author\" content=\"Redacci\u00f3n LPF\" \/>\n<meta name=\"twitter:card\" content=\"summary_large_image\" \/>\n<meta name=\"twitter:label1\" content=\"Escrito por\" \/>\n\t<meta name=\"twitter:data1\" content=\"Redacci\u00f3n LPF\" \/>\n\t<meta name=\"twitter:label2\" content=\"Tiempo de lectura\" \/>\n\t<meta name=\"twitter:data2\" content=\"4 minutos\" \/>\n<script type=\"application\/ld+json\" class=\"yoast-schema-graph\">{\"@context\":\"https:\/\/schema.org\",\"@graph\":[{\"@type\":\"Article\",\"@id\":\"https:\/\/lapatriafutbolera.com.ar\/index.php\/2023\/04\/21\/habemus-fixture\/#article\",\"isPartOf\":{\"@id\":\"https:\/\/lapatriafutbolera.com.ar\/index.php\/2023\/04\/21\/habemus-fixture\/\"},\"author\":{\"name\":\"Redacci\u00f3n LPF\",\"@id\":\"https:\/\/lapatriafutbolera.com.ar\/#\/schema\/person\/eb56fb3a7e76133611d5b2d9f706bd97\"},\"headline\":\"Habemus Fixture\",\"datePublished\":\"2023-04-21T21:43:07+00:00\",\"dateModified\":\"2023-04-22T21:48:26+00:00\",\"mainEntityOfPage\":{\"@id\":\"https:\/\/lapatriafutbolera.com.ar\/index.php\/2023\/04\/21\/habemus-fixture\/\"},\"wordCount\":809,\"commentCount\":0,\"publisher\":{\"@id\":\"https:\/\/lapatriafutbolera.com.ar\/#organization\"},\"articleSection\":[\"Sub 20\"],\"inLanguage\":\"es-AR\",\"potentialAction\":[{\"@type\":\"CommentAction\",\"name\":\"Comment\",\"target\":[\"https:\/\/lapatriafutbolera.com.ar\/index.php\/2023\/04\/21\/habemus-fixture\/#respond\"]}]},{\"@type\":\"WebPage\",\"@id\":\"https:\/\/lapatriafutbolera.com.ar\/index.php\/2023\/04\/21\/habemus-fixture\/\",\"url\":\"https:\/\/lapatriafutbolera.com.ar\/index.php\/2023\/04\/21\/habemus-fixture\/\",\"name\":\"Habemus Fixture - LA PATRIA FUTBOLERA\",\"isPartOf\":{\"@id\":\"https:\/\/lapatriafutbolera.com.ar\/#website\"},\"datePublished\":\"2023-04-21T21:43:07+00:00\",\"dateModified\":\"2023-04-22T21:48:26+00:00\",\"breadcrumb\":{\"@id\":\"https:\/\/lapatriafutbolera.com.ar\/index.php\/2023\/04\/21\/habemus-fixture\/#breadcrumb\"},\"inLanguage\":\"es-AR\",\"potentialAction\":[{\"@type\":\"ReadAction\",\"target\":[\"https:\/\/lapatriafutbolera.com.ar\/index.php\/2023\/04\/21\/habemus-fixture\/\"]}]},{\"@type\":\"BreadcrumbList\",\"@id\":\"https:\/\/lapatriafutbolera.com.ar\/index.php\/2023\/04\/21\/habemus-fixture\/#breadcrumb\",\"itemListElement\":[{\"@type\":\"ListItem\",\"position\":1,\"name\":\"Inicio\",\"item\":\"https:\/\/lapatriafutbolera.com.ar\/\"},{\"@type\":\"ListItem\",\"position\":2,\"name\":\"Habemus Fixture\"}]},{\"@type\":\"WebSite\",\"@id\":\"https:\/\/lapatriafutbolera.com.ar\/#website\",\"url\":\"https:\/\/lapatriafutbolera.com.ar\/\",\"name\":\"LA PATRIA FUTBOLERA\",\"description\":\"\",\"publisher\":{\"@id\":\"https:\/\/lapatriafutbolera.com.ar\/#organization\"},\"potentialAction\":[{\"@type\":\"SearchAction\",\"target\":{\"@type\":\"EntryPoint\",\"urlTemplate\":\"https:\/\/lapatriafutbolera.com.ar\/?s={search_term_string}\"},\"query-input\":\"required name=search_term_string\"}],\"inLanguage\":\"es-AR\"},{\"@type\":\"Organization\",\"@id\":\"https:\/\/lapatriafutbolera.com.ar\/#organization\",\"name\":\"LA PATRIA FUTBOLERA\",\"url\":\"https:\/\/lapatriafutbolera.com.ar\/\",\"sameAs\":[],\"logo\":{\"@type\":\"ImageObject\",\"inLanguage\":\"es-AR\",\"@id\":\"https:\/\/lapatriafutbolera.com.ar\/#\/schema\/logo\/image\/\",\"url\":\"https:\/\/lapatriafutbolera.com.ar\/wp-content\/uploads\/2025\/03\/cropped-LA-PATRIA-14.jpg\",\"contentUrl\":\"https:\/\/lapatriafutbolera.com.ar\/wp-content\/uploads\/2025\/03\/cropped-LA-PATRIA-14.jpg\",\"width\":1308,\"height\":221,\"caption\":\"LA PATRIA FUTBOLERA\"},\"image\":{\"@id\":\"https:\/\/lapatriafutbolera.com.ar\/#\/schema\/logo\/image\/\"}},{\"@type\":\"Person\",\"@id\":\"https:\/\/lapatriafutbolera.com.ar\/#\/schema\/person\/eb56fb3a7e76133611d5b2d9f706bd97\",\"name\":\"Redacci\u00f3n LPF\",\"image\":{\"@type\":\"ImageObject\",\"inLanguage\":\"es-AR\",\"@id\":\"https:\/\/lapatriafutbolera.com.ar\/#\/schema\/person\/image\/\",\"url\":\"https:\/\/secure.gravatar.com\/avatar\/57dc12e3750972170624cd118ca21d4157841e9e7b211e6dfe7a00b61088d285?s=96&d=mm&r=g\",\"contentUrl\":\"https:\/\/secure.gravatar.com\/avatar\/57dc12e3750972170624cd118ca21d4157841e9e7b211e6dfe7a00b61088d285?s=96&d=mm&r=g\",\"caption\":\"Redacci\u00f3n LPF\"},\"sameAs\":[\"http:\/\/lapatriafutbolera.com.ar\"],\"url\":\"https:\/\/lapatriafutbolera.com.ar\/index.php\/author\/redaccion-lpf\/\"}]}<\/script>\n<!-- \/ Yoast SEO plugin. -->","yoast_head_json":{"title":"Habemus Fixture - LA PATRIA FUTBOLERA","robots":{"index":"index","follow":"follow","max-snippet":"max-snippet:-1","max-image-preview":"max-image-preview:large","max-video-preview":"max-video-preview:-1"},"canonical":"https:\/\/lapatriafutbolera.com.ar\/index.php\/2023\/04\/21\/habemus-fixture\/","og_locale":"es_ES","og_type":"article","og_title":"Habemus Fixture - LA PATRIA FUTBOLERA","og_description":"La FIFA sorteo la distribucion de los equipos clasificados al proximo Mundial Sub 20 Argentina...","og_url":"https:\/\/lapatriafutbolera.com.ar\/index.php\/2023\/04\/21\/habemus-fixture\/","og_site_name":"LA PATRIA FUTBOLERA","article_published_time":"2023-04-21T21:43:07+00:00","article_modified_time":"2023-04-22T21:48:26+00:00","og_image":[{"width":862,"height":485,"url":"https:\/\/lapatriafutbolera.com.ar\/wp-content\/uploads\/2023\/04\/sorteo-mundial-sub-20_862x485.webp","type":"image\/webp"}],"author":"Redacci\u00f3n LPF","twitter_card":"summary_large_image","twitter_misc":{"Escrito por":"Redacci\u00f3n LPF","Tiempo de lectura":"4 minutos"},"schema":{"@context":"https:\/\/schema.org","@graph":[{"@type":"Article","@id":"https:\/\/lapatriafutbolera.com.ar\/index.php\/2023\/04\/21\/habemus-fixture\/#article","isPartOf":{"@id":"https:\/\/lapatriafutbolera.com.ar\/index.php\/2023\/04\/21\/habemus-fixture\/"},"author":{"name":"Redacci\u00f3n LPF","@id":"https:\/\/lapatriafutbolera.com.ar\/#\/schema\/person\/eb56fb3a7e76133611d5b2d9f706bd97"},"headline":"Habemus Fixture","datePublished":"2023-04-21T21:43:07+00:00","dateModified":"2023-04-22T21:48:26+00:00","mainEntityOfPage":{"@id":"https:\/\/lapatriafutbolera.com.ar\/index.php\/2023\/04\/21\/habemus-fixture\/"},"wordCount":809,"commentCount":0,"publisher":{"@id":"https:\/\/lapatriafutbolera.com.ar\/#organization"},"articleSection":["Sub 20"],"inLanguage":"es-AR","potentialAction":[{"@type":"CommentAction","name":"Comment","target":["https:\/\/lapatriafutbolera.com.ar\/index.php\/2023\/04\/21\/habemus-fixture\/#respond"]}]},{"@type":"WebPage","@id":"https:\/\/lapatriafutbolera.com.ar\/index.php\/2023\/04\/21\/habemus-fixture\/","url":"https:\/\/lapatriafutbolera.com.ar\/index.php\/2023\/04\/21\/habemus-fixture\/","name":"Habemus Fixture - LA PATRIA FUTBOLERA","isPartOf":{"@id":"https:\/\/lapatriafutbolera.com.ar\/#website"},"datePublished":"2023-04-21T21:43:07+00:00","dateModified":"2023-04-22T21:48:26+00:00","breadcrumb":{"@id":"https:\/\/lapatriafutbolera.com.ar\/index.php\/2023\/04\/21\/habemus-fixture\/#breadcrumb"},"inLanguage":"es-AR","potentialAction":[{"@type":"ReadAction","target":["https:\/\/lapatriafutbolera.com.ar\/index.php\/2023\/04\/21\/habemus-fixture\/"]}]},{"@type":"BreadcrumbList","@id":"https:\/\/lapatriafutbolera.com.ar\/index.php\/2023\/04\/21\/habemus-fixture\/#breadcrumb","itemListElement":[{"@type":"ListItem","position":1,"name":"Inicio","item":"https:\/\/lapatriafutbolera.com.ar\/"},{"@type":"ListItem","position":2,"name":"Habemus Fixture"}]},{"@type":"WebSite","@id":"https:\/\/lapatriafutbolera.com.ar\/#website","url":"https:\/\/lapatriafutbolera.com.ar\/","name":"LA PATRIA FUTBOLERA","description":"","publisher":{"@id":"https:\/\/lapatriafutbolera.com.ar\/#organization"},"potentialAction":[{"@type":"SearchAction","target":{"@type":"EntryPoint","urlTemplate":"https:\/\/lapatriafutbolera.com.ar\/?s={search_term_string}"},"query-input":"required name=search_term_string"}],"inLanguage":"es-AR"},{"@type":"Organization","@id":"https:\/\/lapatriafutbolera.com.ar\/#organization","name":"LA PATRIA FUTBOLERA","url":"https:\/\/lapatriafutbolera.com.ar\/","sameAs":[],"logo":{"@type":"ImageObject","inLanguage":"es-AR","@id":"https:\/\/lapatriafutbolera.com.ar\/#\/schema\/logo\/image\/","url":"https:\/\/lapatriafutbolera.com.ar\/wp-content\/uploads\/2025\/03\/cropped-LA-PATRIA-14.jpg","contentUrl":"https:\/\/lapatriafutbolera.com.ar\/wp-content\/uploads\/2025\/03\/cropped-LA-PATRIA-14.jpg","width":1308,"height":221,"caption":"LA PATRIA FUTBOLERA"},"image":{"@id":"https:\/\/lapatriafutbolera.com.ar\/#\/schema\/logo\/image\/"}},{"@type":"Person","@id":"https:\/\/lapatriafutbolera.com.ar\/#\/schema\/person\/eb56fb3a7e76133611d5b2d9f706bd97","name":"Redacci\u00f3n LPF","image":{"@type":"ImageObject","inLanguage":"es-AR","@id":"https:\/\/lapatriafutbolera.com.ar\/#\/schema\/person\/image\/","url":"https:\/\/secure.gravatar.com\/avatar\/57dc12e3750972170624cd118ca21d4157841e9e7b211e6dfe7a00b61088d285?s=96&d=mm&r=g","contentUrl":"https:\/\/secure.gravatar.com\/avatar\/57dc12e3750972170624cd118ca21d4157841e9e7b211e6dfe7a00b61088d285?s=96&d=mm&r=g","caption":"Redacci\u00f3n LPF"},"sameAs":["http:\/\/lapatriafutbolera.com.ar"],"url":"https:\/\/lapatriafutbolera.com.ar\/index.php\/author\/redaccion-lpf\/"}]}},"_links":{"self":[{"href":"https:\/\/lapatriafutbolera.com.ar\/index.php\/wp-json\/wp\/v2\/posts\/1552","targetHints":{"allow":["GET"]}}],"collection":[{"href":"https:\/\/lapatriafutbolera.com.ar\/index.php\/wp-json\/wp\/v2\/posts"}],"about":[{"href":"https:\/\/lapatriafutbolera.com.ar\/index.php\/wp-json\/wp\/v2\/types\/post"}],"author":[{"embeddable":true,"href":"https:\/\/lapatriafutbolera.com.ar\/index.php\/wp-json\/wp\/v2\/users\/4"}],"replies":[{"embeddable":true,"href":"https:\/\/lapatriafutbolera.com.ar\/index.php\/wp-json\/wp\/v2\/comments?post=1552"}],"version-history":[{"count":2,"href":"https:\/\/lapatriafutbolera.com.ar\/index.php\/wp-json\/wp\/v2\/posts\/1552\/revisions"}],"predecessor-version":[{"id":1555,"href":"https:\/\/lapatriafutbolera.com.ar\/index.php\/wp-json\/wp\/v2\/posts\/1552\/revisions\/1555"}],"wp:featuredmedia":[{"embeddable":true,"href":"https:\/\/lapatriafutbolera.com.ar\/index.php\/wp-json\/wp\/v2\/media\/1553"}],"wp:attachment":[{"href":"https:\/\/lapatriafutbolera.com.ar\/index.php\/wp-json\/wp\/v2\/media?parent=1552"}],"wp:term":[{"taxonomy":"category","embeddable":true,"href":"https:\/\/lapatriafutbolera.com.ar\/index.php\/wp-json\/wp\/v2\/categories?post=1552"},{"taxonomy":"post_tag","embeddable":true,"href":"https:\/\/lapatriafutbolera.com.ar\/index.php\/wp-json\/wp\/v2\/tags?post=1552"}],"curies":[{"name":"wp","href":"https:\/\/api.w.org\/{rel}","templated":true}]}}