{"id":1603,"date":"2023-05-24T11:02:25","date_gmt":"2023-05-24T14:02:25","guid":{"rendered":"https:\/\/lapatriafutbolera.com.ar\/?p=1603"},"modified":"2023-05-30T16:02:26","modified_gmt":"2023-05-30T19:02:26","slug":"tricota-y-adentro","status":"publish","type":"post","link":"https:\/\/lapatriafutbolera.com.ar\/index.php\/2023\/05\/24\/tricota-y-adentro\/","title":{"rendered":"Tricota y adentro"},"content":{"rendered":"\n<h4 class=\"wp-block-heading\">V\u00e9liz, Romero y Perrone, los autores de los goles argentinos en la tarde noche de Santiago del Estero en la victoria 3 a 0 ante Guatemala.<\/h4>\n\n\n\n<iframe loading=\"lazy\" width=\"560\" height=\"415\" src=\"https:\/\/www.youtube.com\/embed\/gNoiggxWsnA\" title=\"YouTube video player\" frameborder=\"0\" allow=\"accelerometer; autoplay; clipboard-write; encrypted-media; gyroscope; picture-in-picture; web-share\" allowfullscreen><\/iframe>\n\n\n\n<p><strong>Con su amplia victoria por 3 a 0 ante Guatemala en Santiago del Estero, el Seleccionado Sub 20 de la Argentina cumpli\u00f3 su primer objetivo: la clasificaci\u00f3n a los octavos de final.<\/strong>&nbsp;Y con puntaje ideal (dos jugados y dos ganados) el viernes a las 18 en el estadio del Bicentenario de San Juan y frente a Nueva Zelanda ir\u00e1 por otra meta: quedar primero en el grupo A.&nbsp;<strong>Alejo Veliz<\/strong>&nbsp;con otro cabezazo,&nbsp;<strong>Luka Romero<\/strong>&nbsp;con un notable zurdazo desde fuera del \u00e1rea y&nbsp;<strong>M\u00e1ximo Perrone&nbsp;<\/strong>tras un rebote en el arquero anotaron los goles del equipo que dirige Javier Mascherano que, al igual que los guatemaltecos,<strong>&nbsp;termin\u00f3 con diez hombres por la expulsi\u00f3n de Tom\u00e1s Avil\u00e9s en el segundo tiempo.<\/strong><\/p>\n\n\n\n<p><strong>El triunfo no corri\u00f3 riesgos<\/strong>&nbsp;porque Guatemala pareci\u00f3 m\u00e1s preocupado en perder por poco que en jugar mano a mano. Por eso, l<strong>a Argentina edific\u00f3 un dominio sereno sustentado en el control total que tuvo de la pelota y del juego<\/strong>&nbsp;a lo largo de todo el anochecer santiague\u00f1o. En el primer tiempo, los zurdos&nbsp;<strong>Mat\u00edas Soul\u00e9<\/strong>&nbsp;y&nbsp;<strong>Valent\u00edn Carboni<\/strong>&nbsp;establecieron buenas conexiones movi\u00e9ndose por adentro y bien abiertos por los costados Gauto por la derecha y Barco por la izquierda le dieron amplitud a los ataques.<\/p>\n\n\n\n<p>En el segundo tiempo, salieron Soule, Carboni y Barco, entraron Luka Romero, Rom\u00e1n Vega y Gino Infantino, luego lo hizo Federico Redondo y no hubo modificaciones.&nbsp;<strong>Pero a\u00fan as\u00ed el equipo tuvo altibajos.&nbsp;<\/strong>Ni siquiera pudo aprovecharse la ventaja que le concedi\u00f3 la expulsi\u00f3n del guatemalteco Carlos Santos a los 12 minutos del complemento.&nbsp;<strong>Demasiado r\u00edgido en lo posicional, con mucho juego al pie, poca b\u00fasqueda de los espacios y escasas rotaciones, Argentina cay\u00f3 en pozos de inexpresividad que de a ratos plancharon el partido y lo condenaron al aburrimiento.<\/strong><\/p>\n\n\n\n<p>Las limitaciones de Guatemala evitaron males mayores. Pero habr\u00e1 que ver si la Sub 20 de Mascherano puede absorber esas ca\u00eddas de tensi\u00f3n cuando llegue el momento de los cruces mano a mano contra rivales con m\u00e1s ambiciones. S<strong>igue quedando la sensaci\u00f3n que el equipo terminar\u00e1 encontrando su mejor versi\u00f3n con el correr de los partidos.&nbsp;<\/strong>Mientras tanto, sigue ganando y ya est\u00e1 en octavos. No es poco.<\/p>\n\n\n\n<p><strong>Argentina, que logr\u00f3 el segundo \u00e9xito al hilo tras el 2-1 ante Uzbekist\u00e1n, alcanz\u00f3 las 6 unidades<\/strong>, mientras que Guatemala (0) qued\u00f3 con chances m\u00ednimas de avanzar a la siguiente instancia.&nbsp;<\/p>\n\n\n\n<p>Tanto&nbsp;<strong>Argentina como Guatemala terminaron con diez jugadores por las expulsiones de Tom\u00e1s Avil\u00e9s, en su debut como titular, y Carlos Santos<\/strong>.<\/p>\n","protected":false},"excerpt":{"rendered":"<p>V\u00e9liz, Romero y Perrone, los autores de los goles argentinos en la tarde noche de&#8230;<\/p>\n","protected":false},"author":4,"featured_media":1604,"comment_status":"open","ping_status":"open","sticky":false,"template":"","format":"standard","meta":{"footnotes":""},"categories":[95],"tags":[],"class_list":["post-1603","post","type-post","status-publish","format-standard","has-post-thumbnail","hentry","category-sub-20"],"yoast_head":"<!-- This site is optimized with the Yoast SEO plugin v19.5.1 - https:\/\/yoast.com\/wordpress\/plugins\/seo\/ -->\n<title>Tricota y adentro - LA PATRIA FUTBOLERA<\/title>\n<meta name=\"robots\" content=\"index, follow, max-snippet:-1, max-image-preview:large, max-video-preview:-1\" \/>\n<link rel=\"canonical\" href=\"https:\/\/lapatriafutbolera.com.ar\/index.php\/2023\/05\/24\/tricota-y-adentro\/\" \/>\n<meta property=\"og:locale\" content=\"es_ES\" \/>\n<meta property=\"og:type\" content=\"article\" \/>\n<meta property=\"og:title\" content=\"Tricota y adentro - LA PATRIA FUTBOLERA\" \/>\n<meta property=\"og:description\" content=\"V\u00e9liz, Romero y Perrone, los autores de los goles argentinos en la tarde noche de...\" \/>\n<meta property=\"og:url\" content=\"https:\/\/lapatriafutbolera.com.ar\/index.php\/2023\/05\/24\/tricota-y-adentro\/\" \/>\n<meta property=\"og:site_name\" content=\"LA PATRIA FUTBOLERA\" \/>\n<meta property=\"article:published_time\" content=\"2023-05-24T14:02:25+00:00\" \/>\n<meta property=\"article:modified_time\" content=\"2023-05-30T19:02:26+00:00\" \/>\n<meta property=\"og:image\" content=\"https:\/\/lapatriafutbolera.com.ar\/wp-content\/uploads\/2023\/05\/729103-festejo-20argentino.jpg\" \/>\n\t<meta property=\"og:image:width\" content=\"960\" \/>\n\t<meta property=\"og:image:height\" content=\"640\" \/>\n\t<meta property=\"og:image:type\" content=\"image\/jpeg\" \/>\n<meta name=\"author\" content=\"Redacci\u00f3n LPF\" \/>\n<meta name=\"twitter:card\" content=\"summary_large_image\" \/>\n<meta name=\"twitter:label1\" content=\"Escrito por\" \/>\n\t<meta name=\"twitter:data1\" content=\"Redacci\u00f3n LPF\" \/>\n\t<meta name=\"twitter:label2\" content=\"Tiempo de lectura\" \/>\n\t<meta name=\"twitter:data2\" content=\"2 minutos\" \/>\n<script type=\"application\/ld+json\" class=\"yoast-schema-graph\">{\"@context\":\"https:\/\/schema.org\",\"@graph\":[{\"@type\":\"Article\",\"@id\":\"https:\/\/lapatriafutbolera.com.ar\/index.php\/2023\/05\/24\/tricota-y-adentro\/#article\",\"isPartOf\":{\"@id\":\"https:\/\/lapatriafutbolera.com.ar\/index.php\/2023\/05\/24\/tricota-y-adentro\/\"},\"author\":{\"name\":\"Redacci\u00f3n LPF\",\"@id\":\"https:\/\/lapatriafutbolera.com.ar\/#\/schema\/person\/eb56fb3a7e76133611d5b2d9f706bd97\"},\"headline\":\"Tricota y adentro\",\"datePublished\":\"2023-05-24T14:02:25+00:00\",\"dateModified\":\"2023-05-30T19:02:26+00:00\",\"mainEntityOfPage\":{\"@id\":\"https:\/\/lapatriafutbolera.com.ar\/index.php\/2023\/05\/24\/tricota-y-adentro\/\"},\"wordCount\":484,\"commentCount\":0,\"publisher\":{\"@id\":\"https:\/\/lapatriafutbolera.com.ar\/#organization\"},\"articleSection\":[\"Sub 20\"],\"inLanguage\":\"es-AR\",\"potentialAction\":[{\"@type\":\"CommentAction\",\"name\":\"Comment\",\"target\":[\"https:\/\/lapatriafutbolera.com.ar\/index.php\/2023\/05\/24\/tricota-y-adentro\/#respond\"]}]},{\"@type\":\"WebPage\",\"@id\":\"https:\/\/lapatriafutbolera.com.ar\/index.php\/2023\/05\/24\/tricota-y-adentro\/\",\"url\":\"https:\/\/lapatriafutbolera.com.ar\/index.php\/2023\/05\/24\/tricota-y-adentro\/\",\"name\":\"Tricota y adentro - LA PATRIA FUTBOLERA\",\"isPartOf\":{\"@id\":\"https:\/\/lapatriafutbolera.com.ar\/#website\"},\"datePublished\":\"2023-05-24T14:02:25+00:00\",\"dateModified\":\"2023-05-30T19:02:26+00:00\",\"breadcrumb\":{\"@id\":\"https:\/\/lapatriafutbolera.com.ar\/index.php\/2023\/05\/24\/tricota-y-adentro\/#breadcrumb\"},\"inLanguage\":\"es-AR\",\"potentialAction\":[{\"@type\":\"ReadAction\",\"target\":[\"https:\/\/lapatriafutbolera.com.ar\/index.php\/2023\/05\/24\/tricota-y-adentro\/\"]}]},{\"@type\":\"BreadcrumbList\",\"@id\":\"https:\/\/lapatriafutbolera.com.ar\/index.php\/2023\/05\/24\/tricota-y-adentro\/#breadcrumb\",\"itemListElement\":[{\"@type\":\"ListItem\",\"position\":1,\"name\":\"Inicio\",\"item\":\"https:\/\/lapatriafutbolera.com.ar\/\"},{\"@type\":\"ListItem\",\"position\":2,\"name\":\"Tricota y adentro\"}]},{\"@type\":\"WebSite\",\"@id\":\"https:\/\/lapatriafutbolera.com.ar\/#website\",\"url\":\"https:\/\/lapatriafutbolera.com.ar\/\",\"name\":\"LA PATRIA FUTBOLERA\",\"description\":\"\",\"publisher\":{\"@id\":\"https:\/\/lapatriafutbolera.com.ar\/#organization\"},\"potentialAction\":[{\"@type\":\"SearchAction\",\"target\":{\"@type\":\"EntryPoint\",\"urlTemplate\":\"https:\/\/lapatriafutbolera.com.ar\/?s={search_term_string}\"},\"query-input\":\"required name=search_term_string\"}],\"inLanguage\":\"es-AR\"},{\"@type\":\"Organization\",\"@id\":\"https:\/\/lapatriafutbolera.com.ar\/#organization\",\"name\":\"LA PATRIA FUTBOLERA\",\"url\":\"https:\/\/lapatriafutbolera.com.ar\/\",\"sameAs\":[],\"logo\":{\"@type\":\"ImageObject\",\"inLanguage\":\"es-AR\",\"@id\":\"https:\/\/lapatriafutbolera.com.ar\/#\/schema\/logo\/image\/\",\"url\":\"https:\/\/lapatriafutbolera.com.ar\/wp-content\/uploads\/2025\/03\/cropped-LA-PATRIA-14.jpg\",\"contentUrl\":\"https:\/\/lapatriafutbolera.com.ar\/wp-content\/uploads\/2025\/03\/cropped-LA-PATRIA-14.jpg\",\"width\":1308,\"height\":221,\"caption\":\"LA PATRIA FUTBOLERA\"},\"image\":{\"@id\":\"https:\/\/lapatriafutbolera.com.ar\/#\/schema\/logo\/image\/\"}},{\"@type\":\"Person\",\"@id\":\"https:\/\/lapatriafutbolera.com.ar\/#\/schema\/person\/eb56fb3a7e76133611d5b2d9f706bd97\",\"name\":\"Redacci\u00f3n LPF\",\"image\":{\"@type\":\"ImageObject\",\"inLanguage\":\"es-AR\",\"@id\":\"https:\/\/lapatriafutbolera.com.ar\/#\/schema\/person\/image\/\",\"url\":\"https:\/\/secure.gravatar.com\/avatar\/57dc12e3750972170624cd118ca21d4157841e9e7b211e6dfe7a00b61088d285?s=96&d=mm&r=g\",\"contentUrl\":\"https:\/\/secure.gravatar.com\/avatar\/57dc12e3750972170624cd118ca21d4157841e9e7b211e6dfe7a00b61088d285?s=96&d=mm&r=g\",\"caption\":\"Redacci\u00f3n LPF\"},\"sameAs\":[\"http:\/\/lapatriafutbolera.com.ar\"],\"url\":\"https:\/\/lapatriafutbolera.com.ar\/index.php\/author\/redaccion-lpf\/\"}]}<\/script>\n<!-- \/ Yoast SEO plugin. -->","yoast_head_json":{"title":"Tricota y adentro - LA PATRIA FUTBOLERA","robots":{"index":"index","follow":"follow","max-snippet":"max-snippet:-1","max-image-preview":"max-image-preview:large","max-video-preview":"max-video-preview:-1"},"canonical":"https:\/\/lapatriafutbolera.com.ar\/index.php\/2023\/05\/24\/tricota-y-adentro\/","og_locale":"es_ES","og_type":"article","og_title":"Tricota y adentro - LA PATRIA FUTBOLERA","og_description":"V\u00e9liz, Romero y Perrone, los autores de los goles argentinos en la tarde noche de...","og_url":"https:\/\/lapatriafutbolera.com.ar\/index.php\/2023\/05\/24\/tricota-y-adentro\/","og_site_name":"LA PATRIA FUTBOLERA","article_published_time":"2023-05-24T14:02:25+00:00","article_modified_time":"2023-05-30T19:02:26+00:00","og_image":[{"width":960,"height":640,"url":"https:\/\/lapatriafutbolera.com.ar\/wp-content\/uploads\/2023\/05\/729103-festejo-20argentino.jpg","type":"image\/jpeg"}],"author":"Redacci\u00f3n LPF","twitter_card":"summary_large_image","twitter_misc":{"Escrito por":"Redacci\u00f3n LPF","Tiempo de lectura":"2 minutos"},"schema":{"@context":"https:\/\/schema.org","@graph":[{"@type":"Article","@id":"https:\/\/lapatriafutbolera.com.ar\/index.php\/2023\/05\/24\/tricota-y-adentro\/#article","isPartOf":{"@id":"https:\/\/lapatriafutbolera.com.ar\/index.php\/2023\/05\/24\/tricota-y-adentro\/"},"author":{"name":"Redacci\u00f3n LPF","@id":"https:\/\/lapatriafutbolera.com.ar\/#\/schema\/person\/eb56fb3a7e76133611d5b2d9f706bd97"},"headline":"Tricota y adentro","datePublished":"2023-05-24T14:02:25+00:00","dateModified":"2023-05-30T19:02:26+00:00","mainEntityOfPage":{"@id":"https:\/\/lapatriafutbolera.com.ar\/index.php\/2023\/05\/24\/tricota-y-adentro\/"},"wordCount":484,"commentCount":0,"publisher":{"@id":"https:\/\/lapatriafutbolera.com.ar\/#organization"},"articleSection":["Sub 20"],"inLanguage":"es-AR","potentialAction":[{"@type":"CommentAction","name":"Comment","target":["https:\/\/lapatriafutbolera.com.ar\/index.php\/2023\/05\/24\/tricota-y-adentro\/#respond"]}]},{"@type":"WebPage","@id":"https:\/\/lapatriafutbolera.com.ar\/index.php\/2023\/05\/24\/tricota-y-adentro\/","url":"https:\/\/lapatriafutbolera.com.ar\/index.php\/2023\/05\/24\/tricota-y-adentro\/","name":"Tricota y adentro - LA PATRIA FUTBOLERA","isPartOf":{"@id":"https:\/\/lapatriafutbolera.com.ar\/#website"},"datePublished":"2023-05-24T14:02:25+00:00","dateModified":"2023-05-30T19:02:26+00:00","breadcrumb":{"@id":"https:\/\/lapatriafutbolera.com.ar\/index.php\/2023\/05\/24\/tricota-y-adentro\/#breadcrumb"},"inLanguage":"es-AR","potentialAction":[{"@type":"ReadAction","target":["https:\/\/lapatriafutbolera.com.ar\/index.php\/2023\/05\/24\/tricota-y-adentro\/"]}]},{"@type":"BreadcrumbList","@id":"https:\/\/lapatriafutbolera.com.ar\/index.php\/2023\/05\/24\/tricota-y-adentro\/#breadcrumb","itemListElement":[{"@type":"ListItem","position":1,"name":"Inicio","item":"https:\/\/lapatriafutbolera.com.ar\/"},{"@type":"ListItem","position":2,"name":"Tricota y adentro"}]},{"@type":"WebSite","@id":"https:\/\/lapatriafutbolera.com.ar\/#website","url":"https:\/\/lapatriafutbolera.com.ar\/","name":"LA PATRIA FUTBOLERA","description":"","publisher":{"@id":"https:\/\/lapatriafutbolera.com.ar\/#organization"},"potentialAction":[{"@type":"SearchAction","target":{"@type":"EntryPoint","urlTemplate":"https:\/\/lapatriafutbolera.com.ar\/?s={search_term_string}"},"query-input":"required name=search_term_string"}],"inLanguage":"es-AR"},{"@type":"Organization","@id":"https:\/\/lapatriafutbolera.com.ar\/#organization","name":"LA PATRIA FUTBOLERA","url":"https:\/\/lapatriafutbolera.com.ar\/","sameAs":[],"logo":{"@type":"ImageObject","inLanguage":"es-AR","@id":"https:\/\/lapatriafutbolera.com.ar\/#\/schema\/logo\/image\/","url":"https:\/\/lapatriafutbolera.com.ar\/wp-content\/uploads\/2025\/03\/cropped-LA-PATRIA-14.jpg","contentUrl":"https:\/\/lapatriafutbolera.com.ar\/wp-content\/uploads\/2025\/03\/cropped-LA-PATRIA-14.jpg","width":1308,"height":221,"caption":"LA PATRIA FUTBOLERA"},"image":{"@id":"https:\/\/lapatriafutbolera.com.ar\/#\/schema\/logo\/image\/"}},{"@type":"Person","@id":"https:\/\/lapatriafutbolera.com.ar\/#\/schema\/person\/eb56fb3a7e76133611d5b2d9f706bd97","name":"Redacci\u00f3n LPF","image":{"@type":"ImageObject","inLanguage":"es-AR","@id":"https:\/\/lapatriafutbolera.com.ar\/#\/schema\/person\/image\/","url":"https:\/\/secure.gravatar.com\/avatar\/57dc12e3750972170624cd118ca21d4157841e9e7b211e6dfe7a00b61088d285?s=96&d=mm&r=g","contentUrl":"https:\/\/secure.gravatar.com\/avatar\/57dc12e3750972170624cd118ca21d4157841e9e7b211e6dfe7a00b61088d285?s=96&d=mm&r=g","caption":"Redacci\u00f3n LPF"},"sameAs":["http:\/\/lapatriafutbolera.com.ar"],"url":"https:\/\/lapatriafutbolera.com.ar\/index.php\/author\/redaccion-lpf\/"}]}},"_links":{"self":[{"href":"https:\/\/lapatriafutbolera.com.ar\/index.php\/wp-json\/wp\/v2\/posts\/1603","targetHints":{"allow":["GET"]}}],"collection":[{"href":"https:\/\/lapatriafutbolera.com.ar\/index.php\/wp-json\/wp\/v2\/posts"}],"about":[{"href":"https:\/\/lapatriafutbolera.com.ar\/index.php\/wp-json\/wp\/v2\/types\/post"}],"author":[{"embeddable":true,"href":"https:\/\/lapatriafutbolera.com.ar\/index.php\/wp-json\/wp\/v2\/users\/4"}],"replies":[{"embeddable":true,"href":"https:\/\/lapatriafutbolera.com.ar\/index.php\/wp-json\/wp\/v2\/comments?post=1603"}],"version-history":[{"count":2,"href":"https:\/\/lapatriafutbolera.com.ar\/index.php\/wp-json\/wp\/v2\/posts\/1603\/revisions"}],"predecessor-version":[{"id":1612,"href":"https:\/\/lapatriafutbolera.com.ar\/index.php\/wp-json\/wp\/v2\/posts\/1603\/revisions\/1612"}],"wp:featuredmedia":[{"embeddable":true,"href":"https:\/\/lapatriafutbolera.com.ar\/index.php\/wp-json\/wp\/v2\/media\/1604"}],"wp:attachment":[{"href":"https:\/\/lapatriafutbolera.com.ar\/index.php\/wp-json\/wp\/v2\/media?parent=1603"}],"wp:term":[{"taxonomy":"category","embeddable":true,"href":"https:\/\/lapatriafutbolera.com.ar\/index.php\/wp-json\/wp\/v2\/categories?post=1603"},{"taxonomy":"post_tag","embeddable":true,"href":"https:\/\/lapatriafutbolera.com.ar\/index.php\/wp-json\/wp\/v2\/tags?post=1603"}],"curies":[{"name":"wp","href":"https:\/\/api.w.org\/{rel}","templated":true}]}}