{"id":1609,"date":"2023-05-30T15:47:28","date_gmt":"2023-05-30T18:47:28","guid":{"rendered":"https:\/\/lapatriafutbolera.com.ar\/?p=1609"},"modified":"2023-05-30T15:47:29","modified_gmt":"2023-05-30T18:47:29","slug":"nigeria-la-escala-en-octavos","status":"publish","type":"post","link":"https:\/\/lapatriafutbolera.com.ar\/index.php\/2023\/05\/30\/nigeria-la-escala-en-octavos\/","title":{"rendered":"Nigeria, la escala en Octavos"},"content":{"rendered":"\n<p>El seleccionado africano finaliz\u00f3 por detr\u00e1s de Brasil e Italia en el grupo D y se clasific\u00f3 a la instancia de eliminaci\u00f3n directa como uno de los cuatro mejores terceros. Todo lo que ten\u00e9s que saber.<\/p>\n\n\n\n<p>El domingo 28 mayo de 2023 se defini\u00f3 que el\u00a0<strong>rival de\u00a0<a href=\"https:\/\/442.perfil.com\/noticias\/seleccion-argentina\/argentina-tiene-rival-confirmado-para-los-octavos-del-mundial-sub-20-nigeria.phtml\" target=\"_blank\" rel=\"noreferrer noopener\">Argentina<\/a>\u00a0en los octavos de final del Mundial Sub 20 ser\u00e1\u00a0<a href=\"http:\/\/https\/\/442.perfil.com\/noticias\/futbol\/acusan-al-capitan-de-nigeria-de-haber-falsificado-datos-para-jugar-el-mundial-sub-20.phtml#:~:text=El%20referente%20de%20la%20Selecci%C3%B3n,la%20Copa%20del%20Mundo%20juvenil.&amp;text=El%20capit%C3%A1n%20de%20la%20Selecci%C3%B3n,la%20prensa%20de%20ese%20pa%C3%ADs.\" target=\"_blank\" rel=\"noreferrer noopener\">Nigeria<\/a><\/strong>.\u00a0Tras la resoluci\u00f3n del grupo E, se confirm\u00f3 que Jap\u00f3n, tercero del grupo C, se qued\u00f3 afuera de la competencia, por lo que el conjunto africano, que termin\u00f3 en el tercer lugar del D, con los mismos puntos que Brasil e Italia pero peor diferencia de gol, se medir\u00e1 ante el seleccionado anfitri\u00f3n.\u00a0<\/p>\n\n\n\n<h2 class=\"wp-block-heading\">El Mundial de Nigeria<\/h2>\n\n\n\n<p><strong>Nigeria disputa su 13\u00aa Copa del Mundo juvenil&nbsp;<\/strong>y su otra mejor actuaci\u00f3n, adem\u00e1s del subcampeonato en 2005, fue cuando tambi\u00e9n jug\u00f3 la final de la edici\u00f3n de 1989 que perdi\u00f3 ante Portugal.&nbsp;<strong><em>Las \u00c1guilas<\/em>&nbsp;clasificaron a este Mundial tras terminar en el tercer lugar de la Copa Africana de Naciones<\/strong>&nbsp;que se disput\u00f3 a principios de a\u00f1o.<\/p>\n\n\n\n<p>El plantel lleg\u00f3 al pa\u00eds el pasado 8 de mayo a Buenos Aires y durante la preparaci\u00f3n<strong>&nbsp;jugaron un amistoso contra los suplentes de Almirante Brown&nbsp;<\/strong>que termin\u00f3 en empate 2-2.<\/p>\n\n\n\n<p>Nigeria cay\u00f3 en el&nbsp;<strong>&#8220;grupo de la muerte&#8221;&nbsp;<\/strong>junto a Brasil e Italia m\u00e1s el debutante Rep\u00fablica Dominicana.Pese a la dificultad de la zona, el equipo dirigido por&nbsp;<strong>Ladan Bosso&nbsp;<\/strong>termin\u00f3 con dos triunfos, una derrota, cuatro goles a favor y tres en contra.<\/p>\n\n\n\n<p>Debut\u00f3 con&nbsp;<strong>victoria ante Dominicana<\/strong>&nbsp;(2-1), despu\u00e9s&nbsp;<strong>super\u00f3 a Italia<\/strong>&nbsp;por (2-0), ambos en Mendoza, y cerr\u00f3 con<strong>&nbsp;derrota ante Brasil<\/strong>&nbsp;(2-0), en La Plata.<\/p>\n\n\n\n<figure class=\"wp-block-image\"><img decoding=\"async\" src=\"https:\/\/fotos.perfil.com\/\/2023\/05\/26\/900\/0\/nigeria-sub-20-1575840.jpg\" alt=\"Nigeria Sub 20\"\/><\/figure>\n\n\n\n<h2 class=\"wp-block-heading\">El \u00fanico antecedente<\/h2>\n\n\n\n<p>Argentina y Nigeria&nbsp;<strong>se enfrentaron solo una vez<\/strong>&nbsp;en la historia de los mundiales sub 20 y el resultado fue favorable para el combinado albiceleste.<\/p>\n\n\n\n<p>El cruce fue nada m\u00e1s ni nada menos que en la final del 2005, d\u00f3nde&nbsp;<strong>con dos goles de Lionel Messi, el seleccionado que dirig\u00eda Francisco Ferraro le gan\u00f3 por 2-1 al encabezado por John Obi Mikel y se consagr\u00f3 campe\u00f3n en Pa\u00edses Bajos.<\/strong>&nbsp;Aquella Copa del Mundo fue&nbsp;el quinto de los seis t\u00edtulos mundiales que gan\u00f3 la albiceleste en la categor\u00eda.&nbsp;<\/p>\n\n\n\n<h2 class=\"wp-block-heading\">\u00bfCu\u00e1ndo se jugar\u00e1 Argentina-Nigeria por los octavos del Mundial?<\/h2>\n\n\n\n<p>El encuentro se disputar\u00e1 en San Juan,&nbsp;<strong>el mi\u00e9rcoles 31 de mayo a las 18 horas<\/strong>, en el&nbsp;<strong>Estadio San Juan del Bicentenario.&nbsp;<\/strong>El ganador de este cruce se enfrentar\u00e1 en cuartos de final a quien resulte vencedor del duelo entre&nbsp;<strong>Ecuador y Corea del Sur.<\/strong><\/p>\n","protected":false},"excerpt":{"rendered":"<p>El seleccionado africano finaliz\u00f3 por detr\u00e1s de Brasil e Italia en el grupo D y&#8230;<\/p>\n","protected":false},"author":4,"featured_media":1610,"comment_status":"open","ping_status":"open","sticky":false,"template":"","format":"standard","meta":{"footnotes":""},"categories":[95],"tags":[],"class_list":["post-1609","post","type-post","status-publish","format-standard","has-post-thumbnail","hentry","category-sub-20"],"yoast_head":"<!-- This site is optimized with the Yoast SEO plugin v19.5.1 - https:\/\/yoast.com\/wordpress\/plugins\/seo\/ -->\n<title>Nigeria, la escala en Octavos - LA PATRIA FUTBOLERA<\/title>\n<meta name=\"robots\" content=\"index, follow, max-snippet:-1, max-image-preview:large, max-video-preview:-1\" \/>\n<link rel=\"canonical\" href=\"https:\/\/lapatriafutbolera.com.ar\/index.php\/2023\/05\/30\/nigeria-la-escala-en-octavos\/\" \/>\n<meta property=\"og:locale\" content=\"es_ES\" \/>\n<meta property=\"og:type\" content=\"article\" \/>\n<meta property=\"og:title\" content=\"Nigeria, la escala en Octavos - LA PATRIA FUTBOLERA\" \/>\n<meta property=\"og:description\" content=\"El seleccionado africano finaliz\u00f3 por detr\u00e1s de Brasil e Italia en el grupo D y...\" \/>\n<meta property=\"og:url\" content=\"https:\/\/lapatriafutbolera.com.ar\/index.php\/2023\/05\/30\/nigeria-la-escala-en-octavos\/\" \/>\n<meta property=\"og:site_name\" content=\"LA PATRIA FUTBOLERA\" \/>\n<meta property=\"article:published_time\" content=\"2023-05-30T18:47:28+00:00\" \/>\n<meta property=\"article:modified_time\" content=\"2023-05-30T18:47:29+00:00\" \/>\n<meta property=\"og:image\" content=\"https:\/\/lapatriafutbolera.com.ar\/wp-content\/uploads\/2023\/05\/nigeria-sub-20-1577559.jpg\" \/>\n\t<meta property=\"og:image:width\" content=\"1140\" \/>\n\t<meta property=\"og:image:height\" content=\"641\" \/>\n\t<meta property=\"og:image:type\" content=\"image\/jpeg\" \/>\n<meta name=\"author\" content=\"Redacci\u00f3n LPF\" \/>\n<meta name=\"twitter:card\" content=\"summary_large_image\" \/>\n<meta name=\"twitter:label1\" content=\"Escrito por\" \/>\n\t<meta name=\"twitter:data1\" content=\"Redacci\u00f3n LPF\" \/>\n\t<meta name=\"twitter:label2\" content=\"Tiempo de lectura\" \/>\n\t<meta name=\"twitter:data2\" content=\"2 minutos\" \/>\n<script type=\"application\/ld+json\" class=\"yoast-schema-graph\">{\"@context\":\"https:\/\/schema.org\",\"@graph\":[{\"@type\":\"Article\",\"@id\":\"https:\/\/lapatriafutbolera.com.ar\/index.php\/2023\/05\/30\/nigeria-la-escala-en-octavos\/#article\",\"isPartOf\":{\"@id\":\"https:\/\/lapatriafutbolera.com.ar\/index.php\/2023\/05\/30\/nigeria-la-escala-en-octavos\/\"},\"author\":{\"name\":\"Redacci\u00f3n LPF\",\"@id\":\"https:\/\/lapatriafutbolera.com.ar\/#\/schema\/person\/eb56fb3a7e76133611d5b2d9f706bd97\"},\"headline\":\"Nigeria, la escala en Octavos\",\"datePublished\":\"2023-05-30T18:47:28+00:00\",\"dateModified\":\"2023-05-30T18:47:29+00:00\",\"mainEntityOfPage\":{\"@id\":\"https:\/\/lapatriafutbolera.com.ar\/index.php\/2023\/05\/30\/nigeria-la-escala-en-octavos\/\"},\"wordCount\":467,\"commentCount\":0,\"publisher\":{\"@id\":\"https:\/\/lapatriafutbolera.com.ar\/#organization\"},\"articleSection\":[\"Sub 20\"],\"inLanguage\":\"es-AR\",\"potentialAction\":[{\"@type\":\"CommentAction\",\"name\":\"Comment\",\"target\":[\"https:\/\/lapatriafutbolera.com.ar\/index.php\/2023\/05\/30\/nigeria-la-escala-en-octavos\/#respond\"]}]},{\"@type\":\"WebPage\",\"@id\":\"https:\/\/lapatriafutbolera.com.ar\/index.php\/2023\/05\/30\/nigeria-la-escala-en-octavos\/\",\"url\":\"https:\/\/lapatriafutbolera.com.ar\/index.php\/2023\/05\/30\/nigeria-la-escala-en-octavos\/\",\"name\":\"Nigeria, la escala en Octavos - LA PATRIA FUTBOLERA\",\"isPartOf\":{\"@id\":\"https:\/\/lapatriafutbolera.com.ar\/#website\"},\"datePublished\":\"2023-05-30T18:47:28+00:00\",\"dateModified\":\"2023-05-30T18:47:29+00:00\",\"breadcrumb\":{\"@id\":\"https:\/\/lapatriafutbolera.com.ar\/index.php\/2023\/05\/30\/nigeria-la-escala-en-octavos\/#breadcrumb\"},\"inLanguage\":\"es-AR\",\"potentialAction\":[{\"@type\":\"ReadAction\",\"target\":[\"https:\/\/lapatriafutbolera.com.ar\/index.php\/2023\/05\/30\/nigeria-la-escala-en-octavos\/\"]}]},{\"@type\":\"BreadcrumbList\",\"@id\":\"https:\/\/lapatriafutbolera.com.ar\/index.php\/2023\/05\/30\/nigeria-la-escala-en-octavos\/#breadcrumb\",\"itemListElement\":[{\"@type\":\"ListItem\",\"position\":1,\"name\":\"Inicio\",\"item\":\"https:\/\/lapatriafutbolera.com.ar\/\"},{\"@type\":\"ListItem\",\"position\":2,\"name\":\"Nigeria, la escala en Octavos\"}]},{\"@type\":\"WebSite\",\"@id\":\"https:\/\/lapatriafutbolera.com.ar\/#website\",\"url\":\"https:\/\/lapatriafutbolera.com.ar\/\",\"name\":\"LA PATRIA FUTBOLERA\",\"description\":\"\",\"publisher\":{\"@id\":\"https:\/\/lapatriafutbolera.com.ar\/#organization\"},\"potentialAction\":[{\"@type\":\"SearchAction\",\"target\":{\"@type\":\"EntryPoint\",\"urlTemplate\":\"https:\/\/lapatriafutbolera.com.ar\/?s={search_term_string}\"},\"query-input\":\"required name=search_term_string\"}],\"inLanguage\":\"es-AR\"},{\"@type\":\"Organization\",\"@id\":\"https:\/\/lapatriafutbolera.com.ar\/#organization\",\"name\":\"LA PATRIA FUTBOLERA\",\"url\":\"https:\/\/lapatriafutbolera.com.ar\/\",\"sameAs\":[],\"logo\":{\"@type\":\"ImageObject\",\"inLanguage\":\"es-AR\",\"@id\":\"https:\/\/lapatriafutbolera.com.ar\/#\/schema\/logo\/image\/\",\"url\":\"https:\/\/lapatriafutbolera.com.ar\/wp-content\/uploads\/2025\/03\/cropped-LA-PATRIA-14.jpg\",\"contentUrl\":\"https:\/\/lapatriafutbolera.com.ar\/wp-content\/uploads\/2025\/03\/cropped-LA-PATRIA-14.jpg\",\"width\":1308,\"height\":221,\"caption\":\"LA PATRIA FUTBOLERA\"},\"image\":{\"@id\":\"https:\/\/lapatriafutbolera.com.ar\/#\/schema\/logo\/image\/\"}},{\"@type\":\"Person\",\"@id\":\"https:\/\/lapatriafutbolera.com.ar\/#\/schema\/person\/eb56fb3a7e76133611d5b2d9f706bd97\",\"name\":\"Redacci\u00f3n LPF\",\"image\":{\"@type\":\"ImageObject\",\"inLanguage\":\"es-AR\",\"@id\":\"https:\/\/lapatriafutbolera.com.ar\/#\/schema\/person\/image\/\",\"url\":\"https:\/\/secure.gravatar.com\/avatar\/57dc12e3750972170624cd118ca21d4157841e9e7b211e6dfe7a00b61088d285?s=96&d=mm&r=g\",\"contentUrl\":\"https:\/\/secure.gravatar.com\/avatar\/57dc12e3750972170624cd118ca21d4157841e9e7b211e6dfe7a00b61088d285?s=96&d=mm&r=g\",\"caption\":\"Redacci\u00f3n LPF\"},\"sameAs\":[\"http:\/\/lapatriafutbolera.com.ar\"],\"url\":\"https:\/\/lapatriafutbolera.com.ar\/index.php\/author\/redaccion-lpf\/\"}]}<\/script>\n<!-- \/ Yoast SEO plugin. -->","yoast_head_json":{"title":"Nigeria, la escala en Octavos - LA PATRIA FUTBOLERA","robots":{"index":"index","follow":"follow","max-snippet":"max-snippet:-1","max-image-preview":"max-image-preview:large","max-video-preview":"max-video-preview:-1"},"canonical":"https:\/\/lapatriafutbolera.com.ar\/index.php\/2023\/05\/30\/nigeria-la-escala-en-octavos\/","og_locale":"es_ES","og_type":"article","og_title":"Nigeria, la escala en Octavos - LA PATRIA FUTBOLERA","og_description":"El seleccionado africano finaliz\u00f3 por detr\u00e1s de Brasil e Italia en el grupo D y...","og_url":"https:\/\/lapatriafutbolera.com.ar\/index.php\/2023\/05\/30\/nigeria-la-escala-en-octavos\/","og_site_name":"LA PATRIA FUTBOLERA","article_published_time":"2023-05-30T18:47:28+00:00","article_modified_time":"2023-05-30T18:47:29+00:00","og_image":[{"width":1140,"height":641,"url":"https:\/\/lapatriafutbolera.com.ar\/wp-content\/uploads\/2023\/05\/nigeria-sub-20-1577559.jpg","type":"image\/jpeg"}],"author":"Redacci\u00f3n LPF","twitter_card":"summary_large_image","twitter_misc":{"Escrito por":"Redacci\u00f3n LPF","Tiempo de lectura":"2 minutos"},"schema":{"@context":"https:\/\/schema.org","@graph":[{"@type":"Article","@id":"https:\/\/lapatriafutbolera.com.ar\/index.php\/2023\/05\/30\/nigeria-la-escala-en-octavos\/#article","isPartOf":{"@id":"https:\/\/lapatriafutbolera.com.ar\/index.php\/2023\/05\/30\/nigeria-la-escala-en-octavos\/"},"author":{"name":"Redacci\u00f3n LPF","@id":"https:\/\/lapatriafutbolera.com.ar\/#\/schema\/person\/eb56fb3a7e76133611d5b2d9f706bd97"},"headline":"Nigeria, la escala en Octavos","datePublished":"2023-05-30T18:47:28+00:00","dateModified":"2023-05-30T18:47:29+00:00","mainEntityOfPage":{"@id":"https:\/\/lapatriafutbolera.com.ar\/index.php\/2023\/05\/30\/nigeria-la-escala-en-octavos\/"},"wordCount":467,"commentCount":0,"publisher":{"@id":"https:\/\/lapatriafutbolera.com.ar\/#organization"},"articleSection":["Sub 20"],"inLanguage":"es-AR","potentialAction":[{"@type":"CommentAction","name":"Comment","target":["https:\/\/lapatriafutbolera.com.ar\/index.php\/2023\/05\/30\/nigeria-la-escala-en-octavos\/#respond"]}]},{"@type":"WebPage","@id":"https:\/\/lapatriafutbolera.com.ar\/index.php\/2023\/05\/30\/nigeria-la-escala-en-octavos\/","url":"https:\/\/lapatriafutbolera.com.ar\/index.php\/2023\/05\/30\/nigeria-la-escala-en-octavos\/","name":"Nigeria, la escala en Octavos - LA PATRIA FUTBOLERA","isPartOf":{"@id":"https:\/\/lapatriafutbolera.com.ar\/#website"},"datePublished":"2023-05-30T18:47:28+00:00","dateModified":"2023-05-30T18:47:29+00:00","breadcrumb":{"@id":"https:\/\/lapatriafutbolera.com.ar\/index.php\/2023\/05\/30\/nigeria-la-escala-en-octavos\/#breadcrumb"},"inLanguage":"es-AR","potentialAction":[{"@type":"ReadAction","target":["https:\/\/lapatriafutbolera.com.ar\/index.php\/2023\/05\/30\/nigeria-la-escala-en-octavos\/"]}]},{"@type":"BreadcrumbList","@id":"https:\/\/lapatriafutbolera.com.ar\/index.php\/2023\/05\/30\/nigeria-la-escala-en-octavos\/#breadcrumb","itemListElement":[{"@type":"ListItem","position":1,"name":"Inicio","item":"https:\/\/lapatriafutbolera.com.ar\/"},{"@type":"ListItem","position":2,"name":"Nigeria, la escala en Octavos"}]},{"@type":"WebSite","@id":"https:\/\/lapatriafutbolera.com.ar\/#website","url":"https:\/\/lapatriafutbolera.com.ar\/","name":"LA PATRIA FUTBOLERA","description":"","publisher":{"@id":"https:\/\/lapatriafutbolera.com.ar\/#organization"},"potentialAction":[{"@type":"SearchAction","target":{"@type":"EntryPoint","urlTemplate":"https:\/\/lapatriafutbolera.com.ar\/?s={search_term_string}"},"query-input":"required name=search_term_string"}],"inLanguage":"es-AR"},{"@type":"Organization","@id":"https:\/\/lapatriafutbolera.com.ar\/#organization","name":"LA PATRIA FUTBOLERA","url":"https:\/\/lapatriafutbolera.com.ar\/","sameAs":[],"logo":{"@type":"ImageObject","inLanguage":"es-AR","@id":"https:\/\/lapatriafutbolera.com.ar\/#\/schema\/logo\/image\/","url":"https:\/\/lapatriafutbolera.com.ar\/wp-content\/uploads\/2025\/03\/cropped-LA-PATRIA-14.jpg","contentUrl":"https:\/\/lapatriafutbolera.com.ar\/wp-content\/uploads\/2025\/03\/cropped-LA-PATRIA-14.jpg","width":1308,"height":221,"caption":"LA PATRIA FUTBOLERA"},"image":{"@id":"https:\/\/lapatriafutbolera.com.ar\/#\/schema\/logo\/image\/"}},{"@type":"Person","@id":"https:\/\/lapatriafutbolera.com.ar\/#\/schema\/person\/eb56fb3a7e76133611d5b2d9f706bd97","name":"Redacci\u00f3n LPF","image":{"@type":"ImageObject","inLanguage":"es-AR","@id":"https:\/\/lapatriafutbolera.com.ar\/#\/schema\/person\/image\/","url":"https:\/\/secure.gravatar.com\/avatar\/57dc12e3750972170624cd118ca21d4157841e9e7b211e6dfe7a00b61088d285?s=96&d=mm&r=g","contentUrl":"https:\/\/secure.gravatar.com\/avatar\/57dc12e3750972170624cd118ca21d4157841e9e7b211e6dfe7a00b61088d285?s=96&d=mm&r=g","caption":"Redacci\u00f3n LPF"},"sameAs":["http:\/\/lapatriafutbolera.com.ar"],"url":"https:\/\/lapatriafutbolera.com.ar\/index.php\/author\/redaccion-lpf\/"}]}},"_links":{"self":[{"href":"https:\/\/lapatriafutbolera.com.ar\/index.php\/wp-json\/wp\/v2\/posts\/1609","targetHints":{"allow":["GET"]}}],"collection":[{"href":"https:\/\/lapatriafutbolera.com.ar\/index.php\/wp-json\/wp\/v2\/posts"}],"about":[{"href":"https:\/\/lapatriafutbolera.com.ar\/index.php\/wp-json\/wp\/v2\/types\/post"}],"author":[{"embeddable":true,"href":"https:\/\/lapatriafutbolera.com.ar\/index.php\/wp-json\/wp\/v2\/users\/4"}],"replies":[{"embeddable":true,"href":"https:\/\/lapatriafutbolera.com.ar\/index.php\/wp-json\/wp\/v2\/comments?post=1609"}],"version-history":[{"count":1,"href":"https:\/\/lapatriafutbolera.com.ar\/index.php\/wp-json\/wp\/v2\/posts\/1609\/revisions"}],"predecessor-version":[{"id":1611,"href":"https:\/\/lapatriafutbolera.com.ar\/index.php\/wp-json\/wp\/v2\/posts\/1609\/revisions\/1611"}],"wp:featuredmedia":[{"embeddable":true,"href":"https:\/\/lapatriafutbolera.com.ar\/index.php\/wp-json\/wp\/v2\/media\/1610"}],"wp:attachment":[{"href":"https:\/\/lapatriafutbolera.com.ar\/index.php\/wp-json\/wp\/v2\/media?parent=1609"}],"wp:term":[{"taxonomy":"category","embeddable":true,"href":"https:\/\/lapatriafutbolera.com.ar\/index.php\/wp-json\/wp\/v2\/categories?post=1609"},{"taxonomy":"post_tag","embeddable":true,"href":"https:\/\/lapatriafutbolera.com.ar\/index.php\/wp-json\/wp\/v2\/tags?post=1609"}],"curies":[{"name":"wp","href":"https:\/\/api.w.org\/{rel}","templated":true}]}}