{"id":1615,"date":"2023-06-11T21:26:09","date_gmt":"2023-06-12T00:26:09","guid":{"rendered":"https:\/\/lapatriafutbolera.com.ar\/?p=1615"},"modified":"2023-06-11T21:26:11","modified_gmt":"2023-06-12T00:26:11","slug":"argentinos-en-modo-champions","status":"publish","type":"post","link":"https:\/\/lapatriafutbolera.com.ar\/index.php\/2023\/06\/11\/argentinos-en-modo-champions\/","title":{"rendered":"Argentinos en modo Champions"},"content":{"rendered":"\n<h4 class=\"wp-block-heading\">De Di St\u00e9fano, Messi y Diego Milito a Lautaro Mart\u00ednez y Juli\u00e1n \u00c1lvarez, entre tantos, el certamen edific\u00f3 su prestigio con brillos albicelestes.<\/h4>\n\n\n\n<p>\u2013\u00bfQu\u00e9 significa jugar una final de la Champions, Diego?<br>\u2013Es coronar un sue\u00f1o.<br>Diego Milito oye la pregunta y mira hacia su interior con una energ\u00eda que es pariente de la que destin\u00f3 a mirar los arcos rivales cuando jug\u00f3 centenares de partidos y cuando jug\u00f3 detr\u00e1s de ese sue\u00f1o. El 22 de mayo de 2010 su sue\u00f1o fue m\u00e1s que un sue\u00f1o e hizo dos goles en una final para que el Inter de Jos\u00e9 Mourinho venciera al Bayern Munich en el estadio Santiago Bernab\u00e9u por 2 a 0 y se consagrara campe\u00f3n del m\u00e1s tentador de los torneos de clubes.<br>Hay una fundamentaci\u00f3n cl\u00e1sica en Milito, consultado por\u00a0<em>Acci\u00f3n<\/em>: \u00abA nivel de clubes, la Champions es la mejor competici\u00f3n. Por lo que la rodea, por lo que significa, por los rivales con los que uno se enfrenta, porque la deseaba de chiquito, porque la miraba por televisi\u00f3n. En mi caso, se dio mucho mejor de lo que pod\u00eda haberla imaginado\u00bb. Y esos argumentos podr\u00edan ser validados, palabra tras palabra, por Lautaro Mart\u00ednez, Joaqu\u00edn Correa y el juvenil Valent\u00edn Carboni, que hoy representan al Inter, que regresa a una final de Champions despu\u00e9s de aquella memoria de 2010, o por Juli\u00e1n \u00c1lvarez y M\u00e1ximo Perrone, jugadores del Manchester City, contraparte de la cita decisiva que tendr\u00e1 lugar en Estambul el 10 de junio. Extraordinario encadenamiento o quiz\u00e1s se\u00f1al de la riqueza del f\u00fatbol argentino: \u00c1lvarez y Mart\u00ednez, ahora enfrentados, fueron los centrodelanteros de la selecci\u00f3n que festej\u00f3 e hizo festejar en el Mundial de Qatar en diciembre de 2022.<br>Aquellos que triunfen en ese cruce acceder\u00e1n al umbral exclusivo que supone ser campe\u00f3n del mundo y campe\u00f3n de la Champions. All\u00ed ya toc\u00f3 la c\u00faspide Lionel Messi, con cuatro t\u00edtulos envuelto en las ropas del Barcelona (dos en sociedad con Javier Mascherano, al cabo un subcampe\u00f3n mundial). A lo Messi. En 2006 desparram\u00f3 su arte, pero una lesi\u00f3n lo margin\u00f3 desde los octavos de final. En 2009 fue suyo uno de los dos goles de 2-0 de la final al Manchester United y result\u00f3 goleador de esa edici\u00f3n. Tipo empe\u00f1ado en multiplicar sus registros de asombro, en 2011 tambi\u00e9n fue goleador y tambi\u00e9n fue certero en la final contra el Manchester United (esa vez, 3-1) y se dio el gusto de abrazarse con Gabriel Milito, el hermano de Diego, miembro de ese plantel. En 2015, se encaram\u00f3 como uno de los goleadores del torneo aunque en el 3 a 1 de cierre frente a Juventus, privilegi\u00f3 el pase-gol por sobre el gol propio. Socio de enormes aventuras de Messi, \u00c1ngel Di Mar\u00eda no comparti\u00f3 con \u00e9l una Champions, pero s\u00ed tiene en com\u00fan eso de calzarse las dos coronas porque, en 2014 y con el Real Madrid, disfrut\u00f3 luego de sudar largo contra la resistencia del Atl\u00e9tico de Madrid de Diego Simeone.\u00a0<\/p>\n\n\n\n<p><strong>Pasado luminoso<\/strong><br>No lo dice Milito pero, en alguna medida, en aquella final de 2010 se hizo cargo de un legado. La Liga de Campeones de Europa conforma una cita que fue cambiando de formato y hasta de denominaci\u00f3n a trav\u00e9s del tiempo, con un quiebre organizativo muy fuerte en 1992, pero que desde el comienzo port\u00f3 un atractivo especial. Y ofrend\u00f3 una final con goles argentinos ya en su primera versi\u00f3n. El 13 de junio de 1956, en el Parque de los Pr\u00edncipes de Par\u00eds, el Real Madrid, que se llevar\u00eda las primeras cinco ediciones, remont\u00f3 una jornada dif\u00edcil y le gan\u00f3 por 4 a 3 al Stade de Reims. Alfredo Di St\u00e9fano, quien naci\u00f3 en Barracas casi 53 a\u00f1os antes de que Milito lo hiciera en Bernal, convirti\u00f3 uno de los goles. Otros dos los meti\u00f3 H\u00e9ctor Rial, oriundo de Pergamino.<br>Se ve que Di St\u00e9fano y Rial se entusiasmaron. En 1957, Di St\u00e9fano aport\u00f3 un gol en el 2-0 con el que el Real Madrid acumul\u00f3 su segundo festejo. En 1958, hubo un gol de Rial y otro de Di St\u00e9fano \u2013dirigidos por Luis Carniglia, otro argentino\u2013 para imponerse al Milan, al que no le alcanz\u00f3 el tanto de Ernesto Grillo, estandarte de la argentinidad futbolera, que compart\u00eda el ataque con su connacional Ernesto Cucchiaroni. La novedad para 1959 no la trajo Di St\u00e9fano, que enfatiz\u00f3 su h\u00e1bito y le dio una de las conquistas al Real Madrid en la final con 2-0 sobre el Stade de Reims. Lo original residi\u00f3 en el arco campe\u00f3n, donde daba garant\u00edas, bien argentino, Rogelio Dom\u00ednguez. Tres goles m\u00e1s brotaron del genio de Di St\u00e9fano en el quinto de los cinco j\u00fabilos al hilo, cuando el Real Madrid se impuso por 7-3 al Eintracht Frankfurt en el Hampden Park de Glasgow el 18 de octubre de 1960.<br>Cierto es que ni goles ni vuelta ol\u00edmpico agreg\u00f3 Di St\u00e9fano a sus archivos en su sexta final, la de 1962, con derrota ante el Benfica, donde relumbraba Eusebio. No obstante, hasta los tropezones posibilitaron verificar que hay personas y hay competiciones que parecen inventadas para respirar cerca. Tanta sociedad de aquel crack argentino con esa Copa se cristaliz\u00f3 en un dato de desenlace: la presentaci\u00f3n que cerr\u00f3 su carrera en el Real Madrid aconteci\u00f3 en la final de la Champions en la que su equipo cay\u00f3 por 3 a 1 frente al Inter en 1964. Nadie en el conjunto italiano pronunciaba por esa \u00e9poca el apellido Milito o los nombres de Javier Zanetti, Esteban Cambiasso y Walter Samuel, que tambi\u00e9n formaron parte del campe\u00f3n de 2010. Qu\u00e9 notable: a Helenio Herrera, el director t\u00e9cnico que pudo contra Di St\u00e9fano y sus socios, alguien que escalar\u00eda a bicampe\u00f3n en la temporada siguiente, lo hab\u00edan parido en suelo porte\u00f1o durante el oto\u00f1o de 1910.<br><br><strong>El rito sagrado<\/strong><br>De cualquier manera, tama\u00f1a impronta del Real Madrid, cuyos muchachos alzaron el trofeo catorce veces, explica que el listado argentino ostente unos cuantos campeones m\u00e1s con esa camiseta. El entrerriano Roque Olsen contribuy\u00f3 en 1956 y 1957. El gran Fernando Redondo engalan\u00f3 el c\u00e9sped en los \u00e9xitos de 1998 y de 2000 (adem\u00e1s de su pasaje menos protag\u00f3nico por el Milan campe\u00f3n de 2003). Y Santiago Solari corrobor\u00f3 que Hampden Park le sienta fen\u00f3meno al Real Madrid en la definici\u00f3n de la Champions del 2002 cuando hasta intervino en la jugada del m\u00edtico golazo de Zinedine Zidane para doblegar al Bayer Leverkusen en el que actuaba Diego Placente. Caso curioso: aunque vio todo desde el banco de los suplentes, el arquero Albano Bizzarri tambi\u00e9n celebr\u00f3 en el 2000 contra un Valencia orientado por su compatriota H\u00e9ctor C\u00faper y en el que eran claves Mauricio Pellegrino, el Kily Gonz\u00e1lez y Claudio L\u00f3pez.&nbsp;Es esa una historia pr\u00f3xima a la de Juan Pablo Sorin, quien, jovenc\u00edsimo, estuvo en uno de los partidos de la Juventus que se llev\u00f3 la Champions de 1996. Y eso suma m\u00e1s que lo que jugaron Jos\u00e9 Antonio Chamot con el Milan campe\u00f3n en 2003 o Maximilano L\u00f3pez en el Barcelona de 2006. Sus circunstancias sobresalen como antag\u00f3nicas a las de Hern\u00e1n Crespo en 2005: brill\u00f3 en un partidazo y fue autor de dos de los tres tantos con los que el Milan empat\u00f3 3 a 3 en la final con el Liverpool pero la tanda de penales, a pesar de semejante m\u00e9rito, lo dej\u00f3 con las manos vac\u00edas.<br>Carlos Tevez, que palpit\u00f3 ilusiones de Champions con una gama variada de clubes, vestido de la Juventus se frustr\u00f3 en la final de 2015 al chocar con el Barcelona de Messi. Para entonces ya era propietario de una singularidad en la n\u00f3mina de argentinos que intervinieron en el mayor de los shows futboleros de Europa. Hab\u00eda obtenido la Copa con el Manchester United, en Mosc\u00fa, y en 2008, en una definici\u00f3n por tiros desde el punto penal enfrente del Chelsea. Le toc\u00f3 ejecutar el primero de la serie y envi\u00f3 la pelota a la red. No es el \u00fanico argentino que pate\u00f3 exacto en una instancia as\u00ed. El Kily Gonz\u00e1lez tambi\u00e9n lo logr\u00f3 en la final contra el Bayern Munich de 2001, aunque su Valencia acert\u00f3 menos remates y eso lo posterg\u00f3 a ser subcampe\u00f3n.<br>Desde la econom\u00eda, se aducir\u00e1 con certeza que el peso de la Champions se mide en euros, ya que son m\u00e1s de 1.000 millones los que se reparten entre los participantes en la edici\u00f3n 2022-2023, algo as\u00ed como el monto que, en marzo de este a\u00f1o, la Uni\u00f3n Europea financi\u00f3 para que Ucrania comprara obuses. Desde las ciencias sociales, tal vez haya que preguntarse, como el soci\u00f3logo espa\u00f1ol Jos\u00e9 Luis Castilla Vallejos, si la Champions es \u00abun campeonato de f\u00fatbol o un rito sagrado\u00bb, dado que \u00abeste campeonato futbol\u00edstico conecta de forma directa con la construcci\u00f3n directa de una tribu global transversal\u00bb. Desde la industria de la comunicaci\u00f3n, se a\u00f1adir\u00e1 que, en unos cuantos de los d\u00edas del presente, los partidos de la Champions, esos en los que algunos argentinos despliegan su aventura, modelan el acontecimiento humano que m\u00e1s humanos miran en simult\u00e1neo.<br>Pero hay quien dispone de la perspectiva para narrar todo eso de modo m\u00e1s directo.<br>Con los recuerdos de esos dos goles de 2010 al Bayern Munich que jam\u00e1s envejecen y con la ansiedad de ver qu\u00e9 sucede entre Manchester City e Inter, Milito persevera en su hip\u00f3tesis y en sus felicidades.<br>\u2013Diego, \u00bfqu\u00e9 es jugar una final de Champions y, encima, ganarla?<br>\u2013Un sue\u00f1o vuelto realidad.<\/p>\n","protected":false},"excerpt":{"rendered":"<p>De Di St\u00e9fano, Messi y Diego Milito a Lautaro Mart\u00ednez y Juli\u00e1n \u00c1lvarez, entre tantos,&#8230;<\/p>\n","protected":false},"author":10,"featured_media":1616,"comment_status":"open","ping_status":"open","sticky":false,"template":"","format":"standard","meta":{"footnotes":""},"categories":[85],"tags":[],"class_list":["post-1615","post","type-post","status-publish","format-standard","has-post-thumbnail","hentry","category-el-tipo-que-marca-juega-y-escribe"],"yoast_head":"<!-- This site is optimized with the Yoast SEO plugin v19.5.1 - https:\/\/yoast.com\/wordpress\/plugins\/seo\/ -->\n<title>Argentinos en modo Champions - LA PATRIA FUTBOLERA<\/title>\n<meta name=\"robots\" content=\"index, follow, max-snippet:-1, max-image-preview:large, max-video-preview:-1\" \/>\n<link rel=\"canonical\" href=\"https:\/\/lapatriafutbolera.com.ar\/index.php\/2023\/06\/11\/argentinos-en-modo-champions\/\" \/>\n<meta property=\"og:locale\" content=\"es_ES\" \/>\n<meta property=\"og:type\" content=\"article\" \/>\n<meta property=\"og:title\" content=\"Argentinos en modo Champions - LA PATRIA FUTBOLERA\" \/>\n<meta property=\"og:description\" content=\"De Di St\u00e9fano, Messi y Diego Milito a Lautaro Mart\u00ednez y Juli\u00e1n \u00c1lvarez, entre tantos,...\" \/>\n<meta property=\"og:url\" content=\"https:\/\/lapatriafutbolera.com.ar\/index.php\/2023\/06\/11\/argentinos-en-modo-champions\/\" \/>\n<meta property=\"og:site_name\" content=\"LA PATRIA FUTBOLERA\" \/>\n<meta property=\"article:published_time\" content=\"2023-06-12T00:26:09+00:00\" \/>\n<meta property=\"article:modified_time\" content=\"2023-06-12T00:26:11+00:00\" \/>\n<meta property=\"og:image\" content=\"https:\/\/lapatriafutbolera.com.ar\/wp-content\/uploads\/2023\/06\/GettyImages-1258594072-scaled.webp\" \/>\n\t<meta property=\"og:image:width\" content=\"2560\" \/>\n\t<meta property=\"og:image:height\" content=\"1440\" \/>\n\t<meta property=\"og:image:type\" content=\"image\/webp\" \/>\n<meta name=\"author\" content=\"Ariel Scher\" \/>\n<meta name=\"twitter:card\" content=\"summary_large_image\" \/>\n<meta name=\"twitter:label1\" content=\"Escrito por\" \/>\n\t<meta name=\"twitter:data1\" content=\"Ariel Scher\" \/>\n\t<meta name=\"twitter:label2\" content=\"Tiempo de lectura\" \/>\n\t<meta name=\"twitter:data2\" content=\"8 minutos\" \/>\n<script type=\"application\/ld+json\" class=\"yoast-schema-graph\">{\"@context\":\"https:\/\/schema.org\",\"@graph\":[{\"@type\":\"Article\",\"@id\":\"https:\/\/lapatriafutbolera.com.ar\/index.php\/2023\/06\/11\/argentinos-en-modo-champions\/#article\",\"isPartOf\":{\"@id\":\"https:\/\/lapatriafutbolera.com.ar\/index.php\/2023\/06\/11\/argentinos-en-modo-champions\/\"},\"author\":{\"name\":\"Ariel Scher\",\"@id\":\"https:\/\/lapatriafutbolera.com.ar\/#\/schema\/person\/b678f896a0a50faecac575b8609d71aa\"},\"headline\":\"Argentinos en modo Champions\",\"datePublished\":\"2023-06-12T00:26:09+00:00\",\"dateModified\":\"2023-06-12T00:26:11+00:00\",\"mainEntityOfPage\":{\"@id\":\"https:\/\/lapatriafutbolera.com.ar\/index.php\/2023\/06\/11\/argentinos-en-modo-champions\/\"},\"wordCount\":1654,\"commentCount\":0,\"publisher\":{\"@id\":\"https:\/\/lapatriafutbolera.com.ar\/#organization\"},\"articleSection\":[\"El Tipo que marca, juega y escribe\"],\"inLanguage\":\"es-AR\",\"potentialAction\":[{\"@type\":\"CommentAction\",\"name\":\"Comment\",\"target\":[\"https:\/\/lapatriafutbolera.com.ar\/index.php\/2023\/06\/11\/argentinos-en-modo-champions\/#respond\"]}]},{\"@type\":\"WebPage\",\"@id\":\"https:\/\/lapatriafutbolera.com.ar\/index.php\/2023\/06\/11\/argentinos-en-modo-champions\/\",\"url\":\"https:\/\/lapatriafutbolera.com.ar\/index.php\/2023\/06\/11\/argentinos-en-modo-champions\/\",\"name\":\"Argentinos en modo Champions - LA PATRIA FUTBOLERA\",\"isPartOf\":{\"@id\":\"https:\/\/lapatriafutbolera.com.ar\/#website\"},\"datePublished\":\"2023-06-12T00:26:09+00:00\",\"dateModified\":\"2023-06-12T00:26:11+00:00\",\"breadcrumb\":{\"@id\":\"https:\/\/lapatriafutbolera.com.ar\/index.php\/2023\/06\/11\/argentinos-en-modo-champions\/#breadcrumb\"},\"inLanguage\":\"es-AR\",\"potentialAction\":[{\"@type\":\"ReadAction\",\"target\":[\"https:\/\/lapatriafutbolera.com.ar\/index.php\/2023\/06\/11\/argentinos-en-modo-champions\/\"]}]},{\"@type\":\"BreadcrumbList\",\"@id\":\"https:\/\/lapatriafutbolera.com.ar\/index.php\/2023\/06\/11\/argentinos-en-modo-champions\/#breadcrumb\",\"itemListElement\":[{\"@type\":\"ListItem\",\"position\":1,\"name\":\"Inicio\",\"item\":\"https:\/\/lapatriafutbolera.com.ar\/\"},{\"@type\":\"ListItem\",\"position\":2,\"name\":\"Argentinos en modo Champions\"}]},{\"@type\":\"WebSite\",\"@id\":\"https:\/\/lapatriafutbolera.com.ar\/#website\",\"url\":\"https:\/\/lapatriafutbolera.com.ar\/\",\"name\":\"LA PATRIA FUTBOLERA\",\"description\":\"\",\"publisher\":{\"@id\":\"https:\/\/lapatriafutbolera.com.ar\/#organization\"},\"potentialAction\":[{\"@type\":\"SearchAction\",\"target\":{\"@type\":\"EntryPoint\",\"urlTemplate\":\"https:\/\/lapatriafutbolera.com.ar\/?s={search_term_string}\"},\"query-input\":\"required name=search_term_string\"}],\"inLanguage\":\"es-AR\"},{\"@type\":\"Organization\",\"@id\":\"https:\/\/lapatriafutbolera.com.ar\/#organization\",\"name\":\"LA PATRIA FUTBOLERA\",\"url\":\"https:\/\/lapatriafutbolera.com.ar\/\",\"sameAs\":[],\"logo\":{\"@type\":\"ImageObject\",\"inLanguage\":\"es-AR\",\"@id\":\"https:\/\/lapatriafutbolera.com.ar\/#\/schema\/logo\/image\/\",\"url\":\"https:\/\/lapatriafutbolera.com.ar\/wp-content\/uploads\/2025\/03\/cropped-LA-PATRIA-14.jpg\",\"contentUrl\":\"https:\/\/lapatriafutbolera.com.ar\/wp-content\/uploads\/2025\/03\/cropped-LA-PATRIA-14.jpg\",\"width\":1308,\"height\":221,\"caption\":\"LA PATRIA FUTBOLERA\"},\"image\":{\"@id\":\"https:\/\/lapatriafutbolera.com.ar\/#\/schema\/logo\/image\/\"}},{\"@type\":\"Person\",\"@id\":\"https:\/\/lapatriafutbolera.com.ar\/#\/schema\/person\/b678f896a0a50faecac575b8609d71aa\",\"name\":\"Ariel Scher\",\"image\":{\"@type\":\"ImageObject\",\"inLanguage\":\"es-AR\",\"@id\":\"https:\/\/lapatriafutbolera.com.ar\/#\/schema\/person\/image\/\",\"url\":\"https:\/\/secure.gravatar.com\/avatar\/76b3824675a40e45163a2a49107284188d784efa904c62a82e8b5cd2de313f08?s=96&d=mm&r=g\",\"contentUrl\":\"https:\/\/secure.gravatar.com\/avatar\/76b3824675a40e45163a2a49107284188d784efa904c62a82e8b5cd2de313f08?s=96&d=mm&r=g\",\"caption\":\"Ariel Scher\"},\"url\":\"https:\/\/lapatriafutbolera.com.ar\/index.php\/author\/ariel-scher\/\"}]}<\/script>\n<!-- \/ Yoast SEO plugin. -->","yoast_head_json":{"title":"Argentinos en modo Champions - LA PATRIA FUTBOLERA","robots":{"index":"index","follow":"follow","max-snippet":"max-snippet:-1","max-image-preview":"max-image-preview:large","max-video-preview":"max-video-preview:-1"},"canonical":"https:\/\/lapatriafutbolera.com.ar\/index.php\/2023\/06\/11\/argentinos-en-modo-champions\/","og_locale":"es_ES","og_type":"article","og_title":"Argentinos en modo Champions - LA PATRIA FUTBOLERA","og_description":"De Di St\u00e9fano, Messi y Diego Milito a Lautaro Mart\u00ednez y Juli\u00e1n \u00c1lvarez, entre tantos,...","og_url":"https:\/\/lapatriafutbolera.com.ar\/index.php\/2023\/06\/11\/argentinos-en-modo-champions\/","og_site_name":"LA PATRIA FUTBOLERA","article_published_time":"2023-06-12T00:26:09+00:00","article_modified_time":"2023-06-12T00:26:11+00:00","og_image":[{"width":2560,"height":1440,"url":"https:\/\/lapatriafutbolera.com.ar\/wp-content\/uploads\/2023\/06\/GettyImages-1258594072-scaled.webp","type":"image\/webp"}],"author":"Ariel Scher","twitter_card":"summary_large_image","twitter_misc":{"Escrito por":"Ariel Scher","Tiempo de lectura":"8 minutos"},"schema":{"@context":"https:\/\/schema.org","@graph":[{"@type":"Article","@id":"https:\/\/lapatriafutbolera.com.ar\/index.php\/2023\/06\/11\/argentinos-en-modo-champions\/#article","isPartOf":{"@id":"https:\/\/lapatriafutbolera.com.ar\/index.php\/2023\/06\/11\/argentinos-en-modo-champions\/"},"author":{"name":"Ariel Scher","@id":"https:\/\/lapatriafutbolera.com.ar\/#\/schema\/person\/b678f896a0a50faecac575b8609d71aa"},"headline":"Argentinos en modo Champions","datePublished":"2023-06-12T00:26:09+00:00","dateModified":"2023-06-12T00:26:11+00:00","mainEntityOfPage":{"@id":"https:\/\/lapatriafutbolera.com.ar\/index.php\/2023\/06\/11\/argentinos-en-modo-champions\/"},"wordCount":1654,"commentCount":0,"publisher":{"@id":"https:\/\/lapatriafutbolera.com.ar\/#organization"},"articleSection":["El Tipo que marca, juega y escribe"],"inLanguage":"es-AR","potentialAction":[{"@type":"CommentAction","name":"Comment","target":["https:\/\/lapatriafutbolera.com.ar\/index.php\/2023\/06\/11\/argentinos-en-modo-champions\/#respond"]}]},{"@type":"WebPage","@id":"https:\/\/lapatriafutbolera.com.ar\/index.php\/2023\/06\/11\/argentinos-en-modo-champions\/","url":"https:\/\/lapatriafutbolera.com.ar\/index.php\/2023\/06\/11\/argentinos-en-modo-champions\/","name":"Argentinos en modo Champions - LA PATRIA FUTBOLERA","isPartOf":{"@id":"https:\/\/lapatriafutbolera.com.ar\/#website"},"datePublished":"2023-06-12T00:26:09+00:00","dateModified":"2023-06-12T00:26:11+00:00","breadcrumb":{"@id":"https:\/\/lapatriafutbolera.com.ar\/index.php\/2023\/06\/11\/argentinos-en-modo-champions\/#breadcrumb"},"inLanguage":"es-AR","potentialAction":[{"@type":"ReadAction","target":["https:\/\/lapatriafutbolera.com.ar\/index.php\/2023\/06\/11\/argentinos-en-modo-champions\/"]}]},{"@type":"BreadcrumbList","@id":"https:\/\/lapatriafutbolera.com.ar\/index.php\/2023\/06\/11\/argentinos-en-modo-champions\/#breadcrumb","itemListElement":[{"@type":"ListItem","position":1,"name":"Inicio","item":"https:\/\/lapatriafutbolera.com.ar\/"},{"@type":"ListItem","position":2,"name":"Argentinos en modo Champions"}]},{"@type":"WebSite","@id":"https:\/\/lapatriafutbolera.com.ar\/#website","url":"https:\/\/lapatriafutbolera.com.ar\/","name":"LA PATRIA FUTBOLERA","description":"","publisher":{"@id":"https:\/\/lapatriafutbolera.com.ar\/#organization"},"potentialAction":[{"@type":"SearchAction","target":{"@type":"EntryPoint","urlTemplate":"https:\/\/lapatriafutbolera.com.ar\/?s={search_term_string}"},"query-input":"required name=search_term_string"}],"inLanguage":"es-AR"},{"@type":"Organization","@id":"https:\/\/lapatriafutbolera.com.ar\/#organization","name":"LA PATRIA FUTBOLERA","url":"https:\/\/lapatriafutbolera.com.ar\/","sameAs":[],"logo":{"@type":"ImageObject","inLanguage":"es-AR","@id":"https:\/\/lapatriafutbolera.com.ar\/#\/schema\/logo\/image\/","url":"https:\/\/lapatriafutbolera.com.ar\/wp-content\/uploads\/2025\/03\/cropped-LA-PATRIA-14.jpg","contentUrl":"https:\/\/lapatriafutbolera.com.ar\/wp-content\/uploads\/2025\/03\/cropped-LA-PATRIA-14.jpg","width":1308,"height":221,"caption":"LA PATRIA FUTBOLERA"},"image":{"@id":"https:\/\/lapatriafutbolera.com.ar\/#\/schema\/logo\/image\/"}},{"@type":"Person","@id":"https:\/\/lapatriafutbolera.com.ar\/#\/schema\/person\/b678f896a0a50faecac575b8609d71aa","name":"Ariel Scher","image":{"@type":"ImageObject","inLanguage":"es-AR","@id":"https:\/\/lapatriafutbolera.com.ar\/#\/schema\/person\/image\/","url":"https:\/\/secure.gravatar.com\/avatar\/76b3824675a40e45163a2a49107284188d784efa904c62a82e8b5cd2de313f08?s=96&d=mm&r=g","contentUrl":"https:\/\/secure.gravatar.com\/avatar\/76b3824675a40e45163a2a49107284188d784efa904c62a82e8b5cd2de313f08?s=96&d=mm&r=g","caption":"Ariel Scher"},"url":"https:\/\/lapatriafutbolera.com.ar\/index.php\/author\/ariel-scher\/"}]}},"_links":{"self":[{"href":"https:\/\/lapatriafutbolera.com.ar\/index.php\/wp-json\/wp\/v2\/posts\/1615","targetHints":{"allow":["GET"]}}],"collection":[{"href":"https:\/\/lapatriafutbolera.com.ar\/index.php\/wp-json\/wp\/v2\/posts"}],"about":[{"href":"https:\/\/lapatriafutbolera.com.ar\/index.php\/wp-json\/wp\/v2\/types\/post"}],"author":[{"embeddable":true,"href":"https:\/\/lapatriafutbolera.com.ar\/index.php\/wp-json\/wp\/v2\/users\/10"}],"replies":[{"embeddable":true,"href":"https:\/\/lapatriafutbolera.com.ar\/index.php\/wp-json\/wp\/v2\/comments?post=1615"}],"version-history":[{"count":1,"href":"https:\/\/lapatriafutbolera.com.ar\/index.php\/wp-json\/wp\/v2\/posts\/1615\/revisions"}],"predecessor-version":[{"id":1617,"href":"https:\/\/lapatriafutbolera.com.ar\/index.php\/wp-json\/wp\/v2\/posts\/1615\/revisions\/1617"}],"wp:featuredmedia":[{"embeddable":true,"href":"https:\/\/lapatriafutbolera.com.ar\/index.php\/wp-json\/wp\/v2\/media\/1616"}],"wp:attachment":[{"href":"https:\/\/lapatriafutbolera.com.ar\/index.php\/wp-json\/wp\/v2\/media?parent=1615"}],"wp:term":[{"taxonomy":"category","embeddable":true,"href":"https:\/\/lapatriafutbolera.com.ar\/index.php\/wp-json\/wp\/v2\/categories?post=1615"},{"taxonomy":"post_tag","embeddable":true,"href":"https:\/\/lapatriafutbolera.com.ar\/index.php\/wp-json\/wp\/v2\/tags?post=1615"}],"curies":[{"name":"wp","href":"https:\/\/api.w.org\/{rel}","templated":true}]}}