{"id":1637,"date":"2023-06-14T19:08:07","date_gmt":"2023-06-14T22:08:07","guid":{"rendered":"https:\/\/lapatriafutbolera.com.ar\/?p=1637"},"modified":"2023-06-14T19:08:09","modified_gmt":"2023-06-14T22:08:09","slug":"avanzan-los-entrenamientos","status":"publish","type":"post","link":"https:\/\/lapatriafutbolera.com.ar\/index.php\/2023\/06\/14\/avanzan-los-entrenamientos\/","title":{"rendered":"Avanzan los entrenamientos"},"content":{"rendered":"\n<p>Cada vez est\u00e1 m\u00e1s cerca: se aproxima el Mundial Femenino de Australia\/Nueva Zelanda 2023, que contar\u00e1 con la participaci\u00f3n de la Selecci\u00f3n Argentina por cuarta vez en la historia. En este torneo, la Albiceleste buscar\u00e1 obtener su primer triunfo en un certamen ecum\u00e9nico. Ya en Francia 2019, las jugadoras mostraron su temple y juego al lograr quedarse con los primeros puntos tras un sacrificado empate ante Jap\u00f3n y una \u00e9pica igualdad ag\u00f3nica ante Escocia. Sin embargo, Argentina va por m\u00e1s y sue\u00f1a con superar la fase de grupos. Claro que no ser\u00e1 nada f\u00e1cil: Italia, Sud\u00e1frica y Suecia ser\u00e1n los rivales en esta ocasi\u00f3n.<\/p>\n\n\n\n<p>Para llegar de la mejor manera a la competencia,&nbsp; Germ\u00e1n Portanova y su cuerpo t\u00e9cnico comenzaron con los entrenamientos este lunes 12 de junio en el Predio Lionel Messi. Durante esta primera semana se presentar\u00e1n 16 jugadoras para las pr\u00e1cticas matutinas. Es importante destacar que durante las pr\u00f3ximas semanas la citaci\u00f3n variar\u00e1 y se ir\u00e1n incorporando m\u00e1s futbolistas, a medida que finalicen sus obligaciones con sus clubes. El listado definitivo para la cita mundial ser\u00e1 comunicado el 11 de julio.<\/p>\n\n\n\n<p><em>Actividad del mi\u00e9rcoles&nbsp;<\/em><\/p>\n\n\n\n<p>Las futbolistas comenzaron el d\u00eda en el gimnasio del Complejo 1, con un circuito de tren inferior a cargo de los preparadores f\u00edsicos Franco Caponetto y Osvaldo Conte. Se realiz\u00f3 mayor hincapi\u00e9 en la explosividad y movilidad durante los ejercicios.&nbsp;<\/p>\n\n\n\n<p>Ya en el campo de juego, las futbolistas comenzaron a trabajar en parejas con distintas consignas de pases y traslado de bal\u00f3n.&nbsp;<\/p>\n\n\n\n<p>Luego se realizaron los habituales circuitos de pases, seguido de ejercicios de presi\u00f3n y defensa.&nbsp;<\/p>\n\n\n\n<p>Finalmente, junto a los jugadores juveniles de Sportivo Italiano, se trabajaron movimientos t\u00e1cticos defensivos en espacio reducido.&nbsp;<\/p>\n\n\n\n<p>Por otra parte, las futbolistas que jugaron ayer (Milagros Martin, Julieta Martinez y Maricel Pereyra) realizaron trabajos regenerativos.<\/p>\n\n\n\n<p>Las jugadoras fueron liberadas tras la pr\u00e1ctica y volver\u00e1n al trabajo ma\u00f1ana.&nbsp;<\/p>\n\n\n\n<p><em>Cronograma<\/em><br>Lunes 12 de junio<br>09.30 Gimnasio<br>10.30 Entrenamiento<\/p>\n\n\n\n<p>Martes 13 de junio<br>09.30 Gimnasio<br>10.30 Entrenamiento<\/p>\n\n\n\n<p>Mi\u00e9rcoles 14 de junio<br>09.30 Gimnasio<br>10.30 Entrenamiento<\/p>\n\n\n\n<p>Jueves 15 de junio<br>09.30 Gimnasio<br>10.30 Entrenamiento<\/p>\n\n\n\n<p>Viernes 16 de junio<br>09.30 Gimnasio<br>10.30 Entrenamiento<\/p>\n\n\n\n<figure class=\"wp-block-image\"><img decoding=\"async\" src=\"https:\/\/www.afa.com.ar\/upload\/torneo\/Placas%20categor%C3%ADas\/2023\/Marzo\/HUELVA.jpg\" alt=\"\"\/><\/figure>\n\n\n\n<p>Fuente: https:\/\/www.afa.com.ar\/es\/posts\/comienzan-los-entrenamientos-de-cara-al-mundial-femenino<\/p>\n","protected":false},"excerpt":{"rendered":"<p>Cada vez est\u00e1 m\u00e1s cerca: se aproxima el Mundial Femenino de Australia\/Nueva Zelanda 2023, que&#8230;<\/p>\n","protected":false},"author":4,"featured_media":1638,"comment_status":"open","ping_status":"open","sticky":false,"template":"","format":"standard","meta":{"footnotes":""},"categories":[19],"tags":[],"class_list":["post-1637","post","type-post","status-publish","format-standard","has-post-thumbnail","hentry","category-seleccion-mayor"],"yoast_head":"<!-- This site is optimized with the Yoast SEO plugin v19.5.1 - https:\/\/yoast.com\/wordpress\/plugins\/seo\/ -->\n<title>Avanzan los entrenamientos - LA PATRIA FUTBOLERA<\/title>\n<meta name=\"robots\" content=\"index, follow, max-snippet:-1, max-image-preview:large, max-video-preview:-1\" \/>\n<link rel=\"canonical\" href=\"https:\/\/lapatriafutbolera.com.ar\/index.php\/2023\/06\/14\/avanzan-los-entrenamientos\/\" \/>\n<meta property=\"og:locale\" content=\"es_ES\" \/>\n<meta property=\"og:type\" content=\"article\" \/>\n<meta property=\"og:title\" content=\"Avanzan los entrenamientos - LA PATRIA FUTBOLERA\" \/>\n<meta property=\"og:description\" content=\"Cada vez est\u00e1 m\u00e1s cerca: se aproxima el Mundial Femenino de Australia\/Nueva Zelanda 2023, que...\" \/>\n<meta property=\"og:url\" content=\"https:\/\/lapatriafutbolera.com.ar\/index.php\/2023\/06\/14\/avanzan-los-entrenamientos\/\" \/>\n<meta property=\"og:site_name\" content=\"LA PATRIA FUTBOLERA\" \/>\n<meta property=\"article:published_time\" content=\"2023-06-14T22:08:07+00:00\" \/>\n<meta property=\"article:modified_time\" content=\"2023-06-14T22:08:09+00:00\" \/>\n<meta property=\"og:image\" content=\"https:\/\/lapatriafutbolera.com.ar\/wp-content\/uploads\/2023\/06\/16648227772986-scaled.jpg\" \/>\n\t<meta property=\"og:image:width\" content=\"2560\" \/>\n\t<meta property=\"og:image:height\" content=\"1707\" \/>\n\t<meta property=\"og:image:type\" content=\"image\/jpeg\" \/>\n<meta name=\"author\" content=\"Redacci\u00f3n LPF\" \/>\n<meta name=\"twitter:card\" content=\"summary_large_image\" \/>\n<meta name=\"twitter:label1\" content=\"Escrito por\" \/>\n\t<meta name=\"twitter:data1\" content=\"Redacci\u00f3n LPF\" \/>\n\t<meta name=\"twitter:label2\" content=\"Tiempo de lectura\" \/>\n\t<meta name=\"twitter:data2\" content=\"2 minutos\" \/>\n<script type=\"application\/ld+json\" class=\"yoast-schema-graph\">{\"@context\":\"https:\/\/schema.org\",\"@graph\":[{\"@type\":\"Article\",\"@id\":\"https:\/\/lapatriafutbolera.com.ar\/index.php\/2023\/06\/14\/avanzan-los-entrenamientos\/#article\",\"isPartOf\":{\"@id\":\"https:\/\/lapatriafutbolera.com.ar\/index.php\/2023\/06\/14\/avanzan-los-entrenamientos\/\"},\"author\":{\"name\":\"Redacci\u00f3n LPF\",\"@id\":\"https:\/\/lapatriafutbolera.com.ar\/#\/schema\/person\/eb56fb3a7e76133611d5b2d9f706bd97\"},\"headline\":\"Avanzan los entrenamientos\",\"datePublished\":\"2023-06-14T22:08:07+00:00\",\"dateModified\":\"2023-06-14T22:08:09+00:00\",\"mainEntityOfPage\":{\"@id\":\"https:\/\/lapatriafutbolera.com.ar\/index.php\/2023\/06\/14\/avanzan-los-entrenamientos\/\"},\"wordCount\":380,\"commentCount\":0,\"publisher\":{\"@id\":\"https:\/\/lapatriafutbolera.com.ar\/#organization\"},\"articleSection\":[\"Selecci\u00f3n Mayor\"],\"inLanguage\":\"es-AR\",\"potentialAction\":[{\"@type\":\"CommentAction\",\"name\":\"Comment\",\"target\":[\"https:\/\/lapatriafutbolera.com.ar\/index.php\/2023\/06\/14\/avanzan-los-entrenamientos\/#respond\"]}]},{\"@type\":\"WebPage\",\"@id\":\"https:\/\/lapatriafutbolera.com.ar\/index.php\/2023\/06\/14\/avanzan-los-entrenamientos\/\",\"url\":\"https:\/\/lapatriafutbolera.com.ar\/index.php\/2023\/06\/14\/avanzan-los-entrenamientos\/\",\"name\":\"Avanzan los entrenamientos - LA PATRIA FUTBOLERA\",\"isPartOf\":{\"@id\":\"https:\/\/lapatriafutbolera.com.ar\/#website\"},\"datePublished\":\"2023-06-14T22:08:07+00:00\",\"dateModified\":\"2023-06-14T22:08:09+00:00\",\"breadcrumb\":{\"@id\":\"https:\/\/lapatriafutbolera.com.ar\/index.php\/2023\/06\/14\/avanzan-los-entrenamientos\/#breadcrumb\"},\"inLanguage\":\"es-AR\",\"potentialAction\":[{\"@type\":\"ReadAction\",\"target\":[\"https:\/\/lapatriafutbolera.com.ar\/index.php\/2023\/06\/14\/avanzan-los-entrenamientos\/\"]}]},{\"@type\":\"BreadcrumbList\",\"@id\":\"https:\/\/lapatriafutbolera.com.ar\/index.php\/2023\/06\/14\/avanzan-los-entrenamientos\/#breadcrumb\",\"itemListElement\":[{\"@type\":\"ListItem\",\"position\":1,\"name\":\"Inicio\",\"item\":\"https:\/\/lapatriafutbolera.com.ar\/\"},{\"@type\":\"ListItem\",\"position\":2,\"name\":\"Avanzan los entrenamientos\"}]},{\"@type\":\"WebSite\",\"@id\":\"https:\/\/lapatriafutbolera.com.ar\/#website\",\"url\":\"https:\/\/lapatriafutbolera.com.ar\/\",\"name\":\"LA PATRIA FUTBOLERA\",\"description\":\"\",\"publisher\":{\"@id\":\"https:\/\/lapatriafutbolera.com.ar\/#organization\"},\"potentialAction\":[{\"@type\":\"SearchAction\",\"target\":{\"@type\":\"EntryPoint\",\"urlTemplate\":\"https:\/\/lapatriafutbolera.com.ar\/?s={search_term_string}\"},\"query-input\":\"required name=search_term_string\"}],\"inLanguage\":\"es-AR\"},{\"@type\":\"Organization\",\"@id\":\"https:\/\/lapatriafutbolera.com.ar\/#organization\",\"name\":\"LA PATRIA FUTBOLERA\",\"url\":\"https:\/\/lapatriafutbolera.com.ar\/\",\"sameAs\":[],\"logo\":{\"@type\":\"ImageObject\",\"inLanguage\":\"es-AR\",\"@id\":\"https:\/\/lapatriafutbolera.com.ar\/#\/schema\/logo\/image\/\",\"url\":\"https:\/\/lapatriafutbolera.com.ar\/wp-content\/uploads\/2025\/03\/cropped-LA-PATRIA-14.jpg\",\"contentUrl\":\"https:\/\/lapatriafutbolera.com.ar\/wp-content\/uploads\/2025\/03\/cropped-LA-PATRIA-14.jpg\",\"width\":1308,\"height\":221,\"caption\":\"LA PATRIA FUTBOLERA\"},\"image\":{\"@id\":\"https:\/\/lapatriafutbolera.com.ar\/#\/schema\/logo\/image\/\"}},{\"@type\":\"Person\",\"@id\":\"https:\/\/lapatriafutbolera.com.ar\/#\/schema\/person\/eb56fb3a7e76133611d5b2d9f706bd97\",\"name\":\"Redacci\u00f3n LPF\",\"image\":{\"@type\":\"ImageObject\",\"inLanguage\":\"es-AR\",\"@id\":\"https:\/\/lapatriafutbolera.com.ar\/#\/schema\/person\/image\/\",\"url\":\"https:\/\/secure.gravatar.com\/avatar\/57dc12e3750972170624cd118ca21d4157841e9e7b211e6dfe7a00b61088d285?s=96&d=mm&r=g\",\"contentUrl\":\"https:\/\/secure.gravatar.com\/avatar\/57dc12e3750972170624cd118ca21d4157841e9e7b211e6dfe7a00b61088d285?s=96&d=mm&r=g\",\"caption\":\"Redacci\u00f3n LPF\"},\"sameAs\":[\"http:\/\/lapatriafutbolera.com.ar\"],\"url\":\"https:\/\/lapatriafutbolera.com.ar\/index.php\/author\/redaccion-lpf\/\"}]}<\/script>\n<!-- \/ Yoast SEO plugin. -->","yoast_head_json":{"title":"Avanzan los entrenamientos - LA PATRIA FUTBOLERA","robots":{"index":"index","follow":"follow","max-snippet":"max-snippet:-1","max-image-preview":"max-image-preview:large","max-video-preview":"max-video-preview:-1"},"canonical":"https:\/\/lapatriafutbolera.com.ar\/index.php\/2023\/06\/14\/avanzan-los-entrenamientos\/","og_locale":"es_ES","og_type":"article","og_title":"Avanzan los entrenamientos - LA PATRIA FUTBOLERA","og_description":"Cada vez est\u00e1 m\u00e1s cerca: se aproxima el Mundial Femenino de Australia\/Nueva Zelanda 2023, que...","og_url":"https:\/\/lapatriafutbolera.com.ar\/index.php\/2023\/06\/14\/avanzan-los-entrenamientos\/","og_site_name":"LA PATRIA FUTBOLERA","article_published_time":"2023-06-14T22:08:07+00:00","article_modified_time":"2023-06-14T22:08:09+00:00","og_image":[{"width":2560,"height":1707,"url":"https:\/\/lapatriafutbolera.com.ar\/wp-content\/uploads\/2023\/06\/16648227772986-scaled.jpg","type":"image\/jpeg"}],"author":"Redacci\u00f3n LPF","twitter_card":"summary_large_image","twitter_misc":{"Escrito por":"Redacci\u00f3n LPF","Tiempo de lectura":"2 minutos"},"schema":{"@context":"https:\/\/schema.org","@graph":[{"@type":"Article","@id":"https:\/\/lapatriafutbolera.com.ar\/index.php\/2023\/06\/14\/avanzan-los-entrenamientos\/#article","isPartOf":{"@id":"https:\/\/lapatriafutbolera.com.ar\/index.php\/2023\/06\/14\/avanzan-los-entrenamientos\/"},"author":{"name":"Redacci\u00f3n LPF","@id":"https:\/\/lapatriafutbolera.com.ar\/#\/schema\/person\/eb56fb3a7e76133611d5b2d9f706bd97"},"headline":"Avanzan los entrenamientos","datePublished":"2023-06-14T22:08:07+00:00","dateModified":"2023-06-14T22:08:09+00:00","mainEntityOfPage":{"@id":"https:\/\/lapatriafutbolera.com.ar\/index.php\/2023\/06\/14\/avanzan-los-entrenamientos\/"},"wordCount":380,"commentCount":0,"publisher":{"@id":"https:\/\/lapatriafutbolera.com.ar\/#organization"},"articleSection":["Selecci\u00f3n Mayor"],"inLanguage":"es-AR","potentialAction":[{"@type":"CommentAction","name":"Comment","target":["https:\/\/lapatriafutbolera.com.ar\/index.php\/2023\/06\/14\/avanzan-los-entrenamientos\/#respond"]}]},{"@type":"WebPage","@id":"https:\/\/lapatriafutbolera.com.ar\/index.php\/2023\/06\/14\/avanzan-los-entrenamientos\/","url":"https:\/\/lapatriafutbolera.com.ar\/index.php\/2023\/06\/14\/avanzan-los-entrenamientos\/","name":"Avanzan los entrenamientos - LA PATRIA FUTBOLERA","isPartOf":{"@id":"https:\/\/lapatriafutbolera.com.ar\/#website"},"datePublished":"2023-06-14T22:08:07+00:00","dateModified":"2023-06-14T22:08:09+00:00","breadcrumb":{"@id":"https:\/\/lapatriafutbolera.com.ar\/index.php\/2023\/06\/14\/avanzan-los-entrenamientos\/#breadcrumb"},"inLanguage":"es-AR","potentialAction":[{"@type":"ReadAction","target":["https:\/\/lapatriafutbolera.com.ar\/index.php\/2023\/06\/14\/avanzan-los-entrenamientos\/"]}]},{"@type":"BreadcrumbList","@id":"https:\/\/lapatriafutbolera.com.ar\/index.php\/2023\/06\/14\/avanzan-los-entrenamientos\/#breadcrumb","itemListElement":[{"@type":"ListItem","position":1,"name":"Inicio","item":"https:\/\/lapatriafutbolera.com.ar\/"},{"@type":"ListItem","position":2,"name":"Avanzan los entrenamientos"}]},{"@type":"WebSite","@id":"https:\/\/lapatriafutbolera.com.ar\/#website","url":"https:\/\/lapatriafutbolera.com.ar\/","name":"LA PATRIA FUTBOLERA","description":"","publisher":{"@id":"https:\/\/lapatriafutbolera.com.ar\/#organization"},"potentialAction":[{"@type":"SearchAction","target":{"@type":"EntryPoint","urlTemplate":"https:\/\/lapatriafutbolera.com.ar\/?s={search_term_string}"},"query-input":"required name=search_term_string"}],"inLanguage":"es-AR"},{"@type":"Organization","@id":"https:\/\/lapatriafutbolera.com.ar\/#organization","name":"LA PATRIA FUTBOLERA","url":"https:\/\/lapatriafutbolera.com.ar\/","sameAs":[],"logo":{"@type":"ImageObject","inLanguage":"es-AR","@id":"https:\/\/lapatriafutbolera.com.ar\/#\/schema\/logo\/image\/","url":"https:\/\/lapatriafutbolera.com.ar\/wp-content\/uploads\/2025\/03\/cropped-LA-PATRIA-14.jpg","contentUrl":"https:\/\/lapatriafutbolera.com.ar\/wp-content\/uploads\/2025\/03\/cropped-LA-PATRIA-14.jpg","width":1308,"height":221,"caption":"LA PATRIA FUTBOLERA"},"image":{"@id":"https:\/\/lapatriafutbolera.com.ar\/#\/schema\/logo\/image\/"}},{"@type":"Person","@id":"https:\/\/lapatriafutbolera.com.ar\/#\/schema\/person\/eb56fb3a7e76133611d5b2d9f706bd97","name":"Redacci\u00f3n LPF","image":{"@type":"ImageObject","inLanguage":"es-AR","@id":"https:\/\/lapatriafutbolera.com.ar\/#\/schema\/person\/image\/","url":"https:\/\/secure.gravatar.com\/avatar\/57dc12e3750972170624cd118ca21d4157841e9e7b211e6dfe7a00b61088d285?s=96&d=mm&r=g","contentUrl":"https:\/\/secure.gravatar.com\/avatar\/57dc12e3750972170624cd118ca21d4157841e9e7b211e6dfe7a00b61088d285?s=96&d=mm&r=g","caption":"Redacci\u00f3n LPF"},"sameAs":["http:\/\/lapatriafutbolera.com.ar"],"url":"https:\/\/lapatriafutbolera.com.ar\/index.php\/author\/redaccion-lpf\/"}]}},"_links":{"self":[{"href":"https:\/\/lapatriafutbolera.com.ar\/index.php\/wp-json\/wp\/v2\/posts\/1637","targetHints":{"allow":["GET"]}}],"collection":[{"href":"https:\/\/lapatriafutbolera.com.ar\/index.php\/wp-json\/wp\/v2\/posts"}],"about":[{"href":"https:\/\/lapatriafutbolera.com.ar\/index.php\/wp-json\/wp\/v2\/types\/post"}],"author":[{"embeddable":true,"href":"https:\/\/lapatriafutbolera.com.ar\/index.php\/wp-json\/wp\/v2\/users\/4"}],"replies":[{"embeddable":true,"href":"https:\/\/lapatriafutbolera.com.ar\/index.php\/wp-json\/wp\/v2\/comments?post=1637"}],"version-history":[{"count":1,"href":"https:\/\/lapatriafutbolera.com.ar\/index.php\/wp-json\/wp\/v2\/posts\/1637\/revisions"}],"predecessor-version":[{"id":1639,"href":"https:\/\/lapatriafutbolera.com.ar\/index.php\/wp-json\/wp\/v2\/posts\/1637\/revisions\/1639"}],"wp:featuredmedia":[{"embeddable":true,"href":"https:\/\/lapatriafutbolera.com.ar\/index.php\/wp-json\/wp\/v2\/media\/1638"}],"wp:attachment":[{"href":"https:\/\/lapatriafutbolera.com.ar\/index.php\/wp-json\/wp\/v2\/media?parent=1637"}],"wp:term":[{"taxonomy":"category","embeddable":true,"href":"https:\/\/lapatriafutbolera.com.ar\/index.php\/wp-json\/wp\/v2\/categories?post=1637"},{"taxonomy":"post_tag","embeddable":true,"href":"https:\/\/lapatriafutbolera.com.ar\/index.php\/wp-json\/wp\/v2\/tags?post=1637"}],"curies":[{"name":"wp","href":"https:\/\/api.w.org\/{rel}","templated":true}]}}