{"id":1755,"date":"2023-07-22T16:07:00","date_gmt":"2023-07-22T19:07:00","guid":{"rendered":"https:\/\/lapatriafutbolera.com.ar\/?p=1755"},"modified":"2023-07-25T11:53:24","modified_gmt":"2023-07-25T14:53:24","slug":"las-aguilas-negras-tienen-su-mundial","status":"publish","type":"post","link":"https:\/\/lapatriafutbolera.com.ar\/index.php\/2023\/07\/22\/las-aguilas-negras-tienen-su-mundial\/","title":{"rendered":"Las Aguilas Negras tienen su mundial"},"content":{"rendered":"\n<h4 class=\"wp-block-heading\">Nigeria tiene la oportunidad de dar la campanada en este Mundial. Gran parte de su \u00e9xito depender\u00e1 de las actuaciones de la delantera del Barcelona Asisat Oshoala, que brill\u00f3 durante su campa\u00f1a de clasificaci\u00f3n.<\/h4>\n\n\n\n<p>La&nbsp;<strong>Selecci\u00f3n femenina de&nbsp;<a href=\"https:\/\/es.wikipedia.org\/wiki\/F%C3%BAtbol\">f\u00fatbol<\/a>&nbsp;de&nbsp;<a href=\"https:\/\/es.wikipedia.org\/wiki\/Nigeria\">Nigeria<\/a><\/strong> es el equipo representativo de&nbsp;<a href=\"https:\/\/es.wikipedia.org\/wiki\/Nigeria\">Nigeria<\/a>&nbsp;en las competiciones oficiales femeninas de la&nbsp;<a href=\"https:\/\/es.wikipedia.org\/wiki\/FIFA\">FIFA<\/a>. Es organizada por la&nbsp;<a href=\"https:\/\/es.wikipedia.org\/wiki\/Federaci%C3%B3n_Nigeriana_de_F%C3%BAtbol\">Federaci\u00f3n Nigeriana de F\u00fatbol<\/a>&nbsp;que a su vez esta afiliada a la&nbsp;<a href=\"https:\/\/es.wikipedia.org\/wiki\/Confederaci%C3%B3n_Africana_de_F%C3%BAtbol\">Confederaci\u00f3n Africana de F\u00fatbol<\/a>&nbsp;(CAF).<\/p>\n\n\n\n<p>Es una de las mejores selecciones del continente&nbsp;<a href=\"https:\/\/es.wikipedia.org\/wiki\/Africano\">africano<\/a>, se consagr\u00f3 campe\u00f3n en 11 de las 13 ediciones del&nbsp;<a href=\"https:\/\/es.wikipedia.org\/wiki\/Campeonato_Femenino_Africano_de_F%C3%BAtbol\">Campeonato Africano<\/a>&nbsp;siendo la selecci\u00f3n m\u00e1s laureada y la que m\u00e1s veces disput\u00f3 el torneo continental (junto a&nbsp;<a href=\"https:\/\/es.wikipedia.org\/wiki\/Selecci%C3%B3n_femenina_de_f%C3%BAtbol_de_Camer%C3%BAn\">Camer\u00fan<\/a>).<\/p>\n\n\n\n<p>Ha disputado las ocho ediciones del&nbsp;<a href=\"https:\/\/es.wikipedia.org\/wiki\/Copa_Mundial_de_F%C3%BAtbol_Femenino\">Mundial<\/a>&nbsp;celebradas entre&nbsp;<a href=\"https:\/\/es.wikipedia.org\/wiki\/Copa_Mundial_Femenina_de_F%C3%BAtbol_de_1991\">1991<\/a>&nbsp;y&nbsp;<a href=\"https:\/\/es.wikipedia.org\/wiki\/Copa_Mundial_Femenina_de_F%C3%BAtbol_de_2019\">2019<\/a>, su mejor resultado fue en&nbsp;<a href=\"https:\/\/es.wikipedia.org\/wiki\/Copa_Mundial_Femenina_de_F%C3%BAtbol_de_1999\">Estados Unidos 1999<\/a>&nbsp;en donde alcanz\u00f3 los cuartos de final.<\/p>\n\n\n\n<h2 class=\"wp-block-heading\"><a href=\"https:\/\/es.wikipedia.org\/wiki\/Copa_Mundial_Femenina_de_F%C3%BAtbol\">Copa Mundial Femenina de F\u00fatbol<\/a><\/h2>\n\n\n\n<figure class=\"wp-block-table\"><table><tbody><tr><th>A\u00f1o<\/th><th>Resultado<\/th><th>Posici\u00f3n<\/th><th>PJ<\/th><th>G<\/th><th>E<\/th><th>P<\/th><th>GF<\/th><th>GC<\/th><\/tr><tr><td><a href=\"https:\/\/es.wikipedia.org\/wiki\/Archivo:Flag_of_the_People%27s_Republic_of_China.svg\"><\/a>&nbsp;<a href=\"https:\/\/es.wikipedia.org\/wiki\/Copa_Mundial_Femenina_de_F%C3%BAtbol_de_1991\">1991<\/a><\/td><td>Fase de grupos<\/td><td>10\u00ba<\/td><td>3<\/td><td>0<\/td><td>0<\/td><td>3<\/td><td>0<\/td><td>7<\/td><\/tr><tr><td><a href=\"https:\/\/es.wikipedia.org\/wiki\/Archivo:Flag_of_Sweden.svg\"><\/a>&nbsp;<a href=\"https:\/\/es.wikipedia.org\/wiki\/Copa_Mundial_Femenina_de_F%C3%BAtbol_de_1995\">1995<\/a><\/td><td>Fase de grupos<\/td><td>11\u00ba<\/td><td>3<\/td><td>0<\/td><td>1<\/td><td>2<\/td><td>5<\/td><td>14<\/td><\/tr><tr><td><a href=\"https:\/\/es.wikipedia.org\/wiki\/Archivo:Flag_of_the_United_States.svg\"><\/a>&nbsp;<a href=\"https:\/\/es.wikipedia.org\/wiki\/Copa_Mundial_Femenina_de_F%C3%BAtbol_de_1999\">1999<\/a><\/td><td>Cuartos de final<\/td><td>7\u00ba<\/td><td>4<\/td><td>2<\/td><td>0<\/td><td>2<\/td><td>8<\/td><td>12<\/td><\/tr><tr><td><a href=\"https:\/\/es.wikipedia.org\/wiki\/Archivo:Flag_of_the_United_States.svg\"><\/a>&nbsp;<a href=\"https:\/\/es.wikipedia.org\/wiki\/Copa_Mundial_Femenina_de_F%C3%BAtbol_de_2003\">2003<\/a><\/td><td>Fase de grupos<\/td><td>15\u00ba<\/td><td>3<\/td><td>0<\/td><td>0<\/td><td>3<\/td><td>0<\/td><td>11<\/td><\/tr><tr><td><a href=\"https:\/\/es.wikipedia.org\/wiki\/Archivo:Flag_of_the_People%27s_Republic_of_China.svg\"><\/a>&nbsp;<a href=\"https:\/\/es.wikipedia.org\/wiki\/Copa_Mundial_Femenina_de_F%C3%BAtbol_de_2007\">2007<\/a><\/td><td>Fase de grupos<\/td><td>13\u00ba<\/td><td>3<\/td><td>0<\/td><td>1<\/td><td>2<\/td><td>1<\/td><td>4<\/td><\/tr><tr><td><a href=\"https:\/\/es.wikipedia.org\/wiki\/Archivo:Flag_of_Germany.svg\"><\/a>&nbsp;<a href=\"https:\/\/es.wikipedia.org\/wiki\/Copa_Mundial_Femenina_de_F%C3%BAtbol_de_2011\">2011<\/a><\/td><td>Fase de grupos<\/td><td>9.\u00ba<\/td><td>3<\/td><td>1<\/td><td>0<\/td><td>2<\/td><td>1<\/td><td>2<\/td><\/tr><tr><td><a href=\"https:\/\/es.wikipedia.org\/wiki\/Archivo:Flag_of_Canada.svg\"><\/a>&nbsp;<a href=\"https:\/\/es.wikipedia.org\/wiki\/Copa_Mundial_Femenina_de_F%C3%BAtbol_de_2015\">2015<\/a><\/td><td>Fase de grupos<\/td><td>21.\u00ba<\/td><td>3<\/td><td>0<\/td><td>1<\/td><td>2<\/td><td>3<\/td><td>6<\/td><\/tr><tr><td><a href=\"https:\/\/es.wikipedia.org\/wiki\/Archivo:Flag_of_France_(1794%E2%80%931815,_1830%E2%80%931974,_2020%E2%80%93present).svg\"><\/a>&nbsp;<a href=\"https:\/\/es.wikipedia.org\/wiki\/Copa_Mundial_Femenina_de_F%C3%BAtbol_de_2019\">2019<\/a><\/td><td>Octavos de final<\/td><td>16.\u00ba<\/td><td>4<\/td><td>1<\/td><td>0<\/td><td>3<\/td><td>2<\/td><td>7<\/td><\/tr><tr><td><a href=\"https:\/\/es.wikipedia.org\/wiki\/Archivo:Flag_of_Australia_(converted).svg\"><\/a>&nbsp;<a href=\"https:\/\/es.wikipedia.org\/wiki\/Archivo:Flag_of_New_Zealand.svg\"><\/a>&nbsp;<a href=\"https:\/\/es.wikipedia.org\/wiki\/Copa_Mundial_Femenina_de_F%C3%BAtbol_de_2023\">2023<\/a><\/td><td>Clasific\u00f3<\/td><td>.\u00ba<\/td><td>&#8211;<\/td><td>&#8211;<\/td><td>&#8211;<\/td><td>&#8211;<\/td><td>&#8211;<\/td><td>&#8211;<\/td><\/tr><tr><td><a href=\"https:\/\/es.wikipedia.org\/wiki\/Archivo:Flag_of_None.svg\"><\/a>&nbsp;<a href=\"https:\/\/es.wikipedia.org\/w\/index.php?title=Copa_Mundial_Femenina_de_F%C3%BAtbol_de_2027&amp;action=edit&amp;redlink=1\">2027<\/a><\/td><td>Por definir<\/td><td>.\u00ba<\/td><td>&#8211;<\/td><td>&#8211;<\/td><td>&#8211;<\/td><td>&#8211;<\/td><td>&#8211;<\/td><td>&#8211;<\/td><\/tr><tr><td><strong>Total<\/strong><\/td><td><strong>8\/8<\/strong><\/td><td><strong>14<\/strong><\/td><td><strong>26<\/strong><\/td><td><strong>4<\/strong><\/td><td><strong>3<\/strong><\/td><td><strong>19<\/strong><\/td><td><strong>20<\/strong><\/td><td><strong>63<\/strong><\/td><\/tr><\/tbody><\/table><\/figure>\n\n\n\n<h2 class=\"wp-block-heading\"><a href=\"https:\/\/es.wikipedia.org\/wiki\/F%C3%BAtbol_en_los_Juegos_Ol%C3%ADmpicos\">Juegos Ol\u00edmpicos<\/a><\/h2>\n\n\n\n<figure class=\"wp-block-table\"><table><tbody><tr><th>A\u00f1o<\/th><th>Resultado<\/th><th>PJ<\/th><th>G<\/th><th>E<\/th><th>P<\/th><th>GF<\/th><th>GC<\/th><\/tr><tr><td><a href=\"https:\/\/es.wikipedia.org\/wiki\/Archivo:Flag_of_the_United_States.svg\"><\/a>&nbsp;<a href=\"https:\/\/es.wikipedia.org\/wiki\/Anexo:Torneo_femenino_de_f%C3%BAtbol_en_los_Juegos_Ol%C3%ADmpicos_de_Atlanta_1996\">1996<\/a><\/td><td colspan=\"8\">No clasific\u00f3<\/td><\/tr><tr><td><a href=\"https:\/\/es.wikipedia.org\/wiki\/Archivo:Flag_of_Australia_(converted).svg\"><\/a>&nbsp;<a href=\"https:\/\/es.wikipedia.org\/wiki\/Anexo:Torneo_femenino_de_f%C3%BAtbol_en_los_Juegos_Ol%C3%ADmpicos_de_S%C3%ADdney_2000\">2000<\/a><\/td><td>Fase de grupos<\/td><td>3<\/td><td>0<\/td><td>0<\/td><td>3<\/td><td>3<\/td><td>9<\/td><\/tr><tr><td><a href=\"https:\/\/es.wikipedia.org\/wiki\/Archivo:Flag_of_Greece.svg\"><\/a>&nbsp;<a href=\"https:\/\/es.wikipedia.org\/wiki\/Anexo:Torneo_femenino_de_f%C3%BAtbol_en_los_Juegos_Ol%C3%ADmpicos_de_Atenas_2004\">2004<\/a><\/td><td>Cuartos de final<\/td><td>3<\/td><td>1<\/td><td>0<\/td><td>2<\/td><td>3<\/td><td>4<\/td><\/tr><tr><td><a href=\"https:\/\/es.wikipedia.org\/wiki\/Archivo:Flag_of_the_People%27s_Republic_of_China.svg\"><\/a>&nbsp;<a href=\"https:\/\/es.wikipedia.org\/wiki\/Anexo:Torneo_femenino_de_f%C3%BAtbol_en_los_Juegos_Ol%C3%ADmpicos_de_Pek%C3%ADn_2008\">2008<\/a><\/td><td>Fase de grupos<\/td><td>3<\/td><td>0<\/td><td>0<\/td><td>3<\/td><td>1<\/td><td>5<\/td><\/tr><tr><td><a href=\"https:\/\/es.wikipedia.org\/wiki\/Archivo:Flag_of_the_United_Kingdom_(3-5).svg\"><\/a>&nbsp;<a href=\"https:\/\/es.wikipedia.org\/wiki\/Anexo:Torneo_femenino_de_f%C3%BAtbol_en_los_Juegos_Ol%C3%ADmpicos_de_Londres_2012\">2012<\/a><\/td><td colspan=\"8\" rowspan=\"3\">No clasific\u00f3<\/td><\/tr><tr><td><a href=\"https:\/\/es.wikipedia.org\/wiki\/Archivo:Flag_of_Brazil.svg\"><\/a>&nbsp;<a href=\"https:\/\/es.wikipedia.org\/wiki\/Anexo:Torneo_femenino_de_f%C3%BAtbol_en_los_Juegos_Ol%C3%ADmpicos_de_R%C3%ADo_de_Janeiro_2016\">2016<\/a><\/td><\/tr><tr><td><a href=\"https:\/\/es.wikipedia.org\/wiki\/Archivo:Flag_of_Japan.svg\"><\/a>&nbsp;<a href=\"https:\/\/es.wikipedia.org\/wiki\/Anexo:Torneo_femenino_de_f%C3%BAtbol_en_los_Juegos_Ol%C3%ADmpicos_de_Tokio_2020\">2021<\/a><\/td><\/tr><tr><td><a href=\"https:\/\/es.wikipedia.org\/wiki\/Archivo:Flag_of_France_(1794%E2%80%931815,_1830%E2%80%931974,_2020%E2%80%93present).svg\"><\/a>&nbsp;<a href=\"https:\/\/es.wikipedia.org\/w\/index.php?title=Anexo:Torneo_femenino_de_f%C3%BAtbol_en_los_Juegos_Ol%C3%ADmpicos_de_Par%C3%ADs_2024&amp;action=edit&amp;redlink=1\">2024<\/a><\/td><td colspan=\"8\">Por definir<\/td><\/tr><tr><td><strong>Total<\/strong><\/td><td>3\/6<\/td><td>9<\/td><td>1<\/td><td>0<\/td><td>8<\/td><td>7<\/td><td>18<\/td><\/tr><\/tbody><\/table><\/figure>\n\n\n\n<h2 class=\"wp-block-heading\"><a href=\"https:\/\/es.wikipedia.org\/wiki\/Campeonato_Femenino_Africano_de_F%C3%BAtbol\">Campeonato Femenino Africano de F\u00fatbol<\/a><\/h2>\n\n\n\n<figure class=\"wp-block-table\"><table><tbody><tr><th>A\u00f1o<\/th><th>Ronda<\/th><th>PJ<\/th><th>G<\/th><th>E<\/th><th>P<\/th><th>GF<\/th><th>GC<\/th><\/tr><tr><td><a href=\"https:\/\/es.wikipedia.org\/wiki\/Campeonato_Femenino_Africano_de_F%C3%BAtbol_1991\">1991<\/a><\/td><td><strong>Campe\u00f3n<\/strong><\/td><td>6<\/td><td>6<\/td><td>0<\/td><td>0<\/td><td>20<\/td><td>2<\/td><\/tr><tr><td><a href=\"https:\/\/en.wikipedia.org\/wiki\/1995_Women%27s_African_Football_Championship\">1995<\/a><\/td><td><strong>Campe\u00f3n<\/strong><\/td><td>6<\/td><td>6<\/td><td>0<\/td><td>0<\/td><td>27<\/td><td>2<\/td><\/tr><tr><td><a href=\"https:\/\/es.wikipedia.org\/wiki\/Archivo:Flag_of_Nigeria.svg\"><\/a>&nbsp;<a href=\"https:\/\/en.wikipedia.org\/wiki\/1998_Women%27s_African_Football_Championship\">1998<\/a><\/td><td><strong>Campe\u00f3n<\/strong><\/td><td>5<\/td><td>5<\/td><td>0<\/td><td>0<\/td><td>28<\/td><td>0<\/td><\/tr><tr><td><a href=\"https:\/\/es.wikipedia.org\/wiki\/Archivo:Flag_of_South_Africa.svg\"><\/a>&nbsp;<a href=\"https:\/\/en.wikipedia.org\/wiki\/2000_Women%27s_African_Football_Championship\">2000<\/a><\/td><td><strong>Campe\u00f3n<\/strong><\/td><td>5<\/td><td>4<\/td><td>1<\/td><td>0<\/td><td>19<\/td><td>2<\/td><\/tr><tr><td><a href=\"https:\/\/es.wikipedia.org\/wiki\/Archivo:Flag_of_Nigeria.svg\"><\/a>&nbsp;<a href=\"https:\/\/en.wikipedia.org\/wiki\/2002_Women%27s_African_Football_Championship\">2002<\/a><\/td><td><strong>Campe\u00f3n<\/strong><\/td><td>5<\/td><td>4<\/td><td>0<\/td><td>1<\/td><td>15<\/td><td>2<\/td><\/tr><tr><td><a href=\"https:\/\/es.wikipedia.org\/wiki\/Archivo:Flag_of_South_Africa.svg\"><\/a>&nbsp;<a href=\"https:\/\/en.wikipedia.org\/wiki\/2004_Women%27s_African_Football_Championship\">2004<\/a><\/td><td><strong>Campe\u00f3n<\/strong><\/td><td>5<\/td><td>4<\/td><td>1<\/td><td>0<\/td><td>18<\/td><td>2<\/td><\/tr><tr><td><a href=\"https:\/\/es.wikipedia.org\/wiki\/Archivo:Flag_of_Nigeria.svg\"><\/a>&nbsp;<a href=\"https:\/\/en.wikipedia.org\/wiki\/2006_Women%27s_African_Football_Championship\">2006<\/a><\/td><td><strong>Campe\u00f3n<\/strong><\/td><td>5<\/td><td>5<\/td><td>0<\/td><td>0<\/td><td>18<\/td><td>2<\/td><\/tr><tr><td><a href=\"https:\/\/es.wikipedia.org\/wiki\/Archivo:Flag_of_Equatorial_Guinea.svg\"><\/a>&nbsp;<a href=\"https:\/\/en.wikipedia.org\/wiki\/2008_Women%27s_African_Football_Championship\">2008<\/a><\/td><td><strong>Tercer lugar<\/strong><\/td><td>5<\/td><td>1<\/td><td>3<\/td><td>1<\/td><td>3<\/td><td>3<\/td><\/tr><tr><td><a href=\"https:\/\/es.wikipedia.org\/wiki\/Archivo:Flag_of_South_Africa.svg\"><\/a>&nbsp;<a href=\"https:\/\/en.wikipedia.org\/wiki\/2010_African_Women%27s_Football_Championship\">2010<\/a><\/td><td><strong>Campe\u00f3n<\/strong><\/td><td>5<\/td><td>5<\/td><td>0<\/td><td>0<\/td><td>19<\/td><td>4<\/td><\/tr><tr><td><a href=\"https:\/\/es.wikipedia.org\/wiki\/Archivo:Flag_of_Equatorial_Guinea.svg\"><\/a>&nbsp;<a href=\"https:\/\/en.wikipedia.org\/wiki\/2012_African_Women%27s_Championship\">2012<\/a><\/td><td><strong>Cuarto lugar<\/strong><\/td><td>5<\/td><td>3<\/td><td>0<\/td><td>2<\/td><td>8<\/td><td>4<\/td><\/tr><tr><td><a href=\"https:\/\/es.wikipedia.org\/wiki\/Archivo:Flag_of_Namibia.svg\"><\/a>&nbsp;<a href=\"https:\/\/es.wikipedia.org\/wiki\/Campeonato_Femenino_de_la_CAF_2014\">2014<\/a><\/td><td><strong>Campe\u00f3n<\/strong><\/td><td>5<\/td><td>5<\/td><td>0<\/td><td>0<\/td><td>16<\/td><td>3<\/td><\/tr><tr><td><a href=\"https:\/\/es.wikipedia.org\/wiki\/Archivo:Flag_of_Cameroon.svg\"><\/a>&nbsp;<a href=\"https:\/\/es.wikipedia.org\/wiki\/Campeonato_Femenino_de_la_CAF_2016\">2016<\/a><\/td><td><strong>Campe\u00f3n<\/strong><\/td><td>5<\/td><td>4<\/td><td>1<\/td><td>0<\/td><td>13<\/td><td>1<\/td><\/tr><tr><td><a href=\"https:\/\/es.wikipedia.org\/wiki\/Archivo:Flag_of_Ghana.svg\"><\/a>&nbsp;<a href=\"https:\/\/es.wikipedia.org\/wiki\/Campeonato_Femenino_de_la_CAF_2018\">2018<\/a><\/td><td><strong>Campe\u00f3n<\/strong><\/td><td>5<\/td><td>2<\/td><td>2<\/td><td>1<\/td><td>10<\/td><td>1<\/td><\/tr><tr><td><a href=\"https:\/\/es.wikipedia.org\/wiki\/Archivo:Flag_of_Morocco.svg\"><\/a>&nbsp;<a href=\"https:\/\/es.wikipedia.org\/wiki\/Copa_Africana_de_Naciones_Femenina_2022\">2022<\/a><\/td><td><strong>Cuarto lugar<\/strong><\/td><td>6<\/td><td>3<\/td><td>1<\/td><td>2<\/td><td>9<\/td><td>4<\/td><\/tr><tr><td>Total<\/td><td><strong>11 T\u00edtulos<\/strong><\/td><td>73<\/td><td>57<\/td><td>9<\/td><td>7<\/td><td>223<\/td><td>32<\/td><\/tr><\/tbody><\/table><\/figure>\n\n\n\n<h2 class=\"wp-block-heading\"><a href=\"https:\/\/es.wikipedia.org\/wiki\/F%C3%BAtbol_en_los_Juegos_Panafricanos\">Juegos Panafricanos<\/a><\/h2>\n\n\n\n<figure class=\"wp-block-table\"><table><tbody><tr><th>A\u00f1o<\/th><th>Ronda<\/th><th>PJ<\/th><th>G<\/th><th>E<\/th><th>P<\/th><th>GF<\/th><th>GC<\/th><\/tr><tr><td><a href=\"https:\/\/es.wikipedia.org\/wiki\/Archivo:Flag_of_Nigeria.svg\"><\/a>&nbsp;<a href=\"https:\/\/en.wikipedia.org\/wiki\/Football_at_the_2003_All-Africa_Games_%E2%80%93_Women%27s_tournament\">2003<\/a><\/td><td><strong>Campe\u00f3n<\/strong><\/td><td>5<\/td><td>5<\/td><td>0<\/td><td>0<\/td><td>17<\/td><td>1<\/td><\/tr><tr><td><a href=\"https:\/\/es.wikipedia.org\/wiki\/Archivo:Flag_of_Algeria.svg\"><\/a>&nbsp;<a href=\"https:\/\/en.wikipedia.org\/wiki\/Football_at_the_2007_All-Africa_Games_%E2%80%93_Women%27s_tournament\">2007<\/a><\/td><td><strong>Campe\u00f3n<\/strong><\/td><td>4<\/td><td>3<\/td><td>1<\/td><td>0<\/td><td>14<\/td><td>2<\/td><\/tr><tr><td><a href=\"https:\/\/es.wikipedia.org\/wiki\/Archivo:Flag_of_Mozambique.svg\"><\/a>&nbsp;<a href=\"https:\/\/en.wikipedia.org\/wiki\/Football_at_the_2011_All-Africa_Games_%E2%80%93_Women%27s_tournament\">2011<\/a><\/td><td><em>No clasific\u00f3<\/em><\/td><td>0<\/td><td>0<\/td><td>0<\/td><td>0<\/td><td>0<\/td><td>0<\/td><\/tr><tr><td><a href=\"https:\/\/es.wikipedia.org\/wiki\/Archivo:Flag_of_the_Republic_of_the_Congo.svg\"><\/a>&nbsp;<a href=\"https:\/\/en.wikipedia.org\/wiki\/Football_at_the_2015_African_Games_%E2%80%93_Women%27s_tournament\">2015<\/a><\/td><td><strong>Cuarto lugar<\/strong><\/td><td>5<\/td><td>2<\/td><td>0<\/td><td>3<\/td><td>11<\/td><td>7<\/td><\/tr><tr><td>Total<\/td><td><strong>3\/4<\/strong><\/td><td>14<\/td><td>10<\/td><td>1<\/td><td>3<\/td><td>42<\/td><td>10<\/td><\/tr><\/tbody><\/table><\/figure>\n\n\n\n<p>El seleccionador Randy Waldrum dio a conocer el 16 de junio su lista definitiva de 23 integrantes para la Copa Mundial Femenina 2023.<\/p>\n\n\n\n<figure class=\"wp-block-table\"><table><thead><tr><th>Posici\u00f3n<\/th><th>Nombre<\/th><th>Club<\/th><\/tr><\/thead><tbody><tr><td>Arquera<\/td><td>Chiamaka Nnadozie&nbsp;<\/td><td>Paris FC<\/td><\/tr><tr><td>Arquera<\/td><td>Tochukwu Oluehi&nbsp;<\/td><td>Hakkarigucu Spor<\/td><\/tr><tr><td>Arquera<\/td><td>Yewande Balogun&nbsp;<\/td><td>Saint-Etienne&nbsp;<\/td><\/tr><tr><td>Defensa<\/td><td>Onome Ebi&nbsp;<\/td><td>Abia Angels<\/td><\/tr><tr><td>Defensa<\/td><td>Osinachi Ohale&nbsp;<\/td><td>Deportivo Alaves<\/td><\/tr><tr><td>Defensa<\/td><td>Glory Ogbonna<\/td><td>Besiktas&nbsp;<\/td><\/tr><tr><td>Defensa<\/td><td>Ashleigh Plumptre<\/td><td>Leicester City<\/td><\/tr><tr><td>Defensa<\/td><td>Rofiat Imuran&nbsp;<\/td><td>Reims<\/td><\/tr><tr><td>Defensa<\/td><td>Michelle Alozie<\/td><td>Houston Dash<\/td><\/tr><tr><td>Defensa<\/td><td>Oluwatosin Demehin<\/td><td>Reims<\/td><\/tr><tr><td>Mediocampista<\/td><td>Halimatu Ayinde<\/td><td>Rosengard<\/td><\/tr><tr><td>Mediocampista<\/td><td>Rasheedat Ajibade<\/td><td>Atletico Madrid<\/td><\/tr><tr><td>Mediocampista<\/td><td>Toni Payne<\/td><td>Sevilla<\/td><\/tr><tr><td>Mediocampista<\/td><td>Christy Ucheibe&nbsp;<\/td><td>Benfica<\/td><\/tr><tr><td>Mediocampista<\/td><td>Deboran Abiodun<\/td><td>Rivers Angels<\/td><\/tr><tr><td>Mediocampista<\/td><td>Jennifer Echegini<\/td><td>Florida State University<\/td><\/tr><tr><td>Delantera<\/td><td>Uchenna Kanu&nbsp;<\/td><td>Racing Louisville<\/td><\/tr><tr><td>Delantera<\/td><td>Gift Monday&nbsp;<\/td><td>UDG Tenerife&nbsp;<\/td><\/tr><tr><td>Delantera<\/td><td>Ifeoma Onumonu&nbsp;<\/td><td>NJ\/NY Gotham FC<\/td><\/tr><tr><td>Delantera<\/td><td>Asisat Oshoala&nbsp;<\/td><td>Barcelona<\/td><\/tr><tr><td>Delantera<\/td><td>Desire Oparanozie<\/td><td>Wuhan Jianghan<\/td><\/tr><tr><td>Delantera<\/td><td>Francisca Ordega<\/td><td>CSKA Moscow<\/td><\/tr><tr><td>Delantera<\/td><td>Esther Okoronkwo&nbsp;<\/td><td>Saint-Etienne<\/td><\/tr><\/tbody><\/table><\/figure>\n","protected":false},"excerpt":{"rendered":"<p>Nigeria tiene la oportunidad de dar la campanada en este Mundial. Gran parte de su&#8230;<\/p>\n","protected":false},"author":4,"featured_media":1759,"comment_status":"open","ping_status":"open","sticky":false,"template":"","format":"standard","meta":{"footnotes":""},"categories":[108,110,123],"tags":[],"class_list":["post-1755","post","type-post","status-publish","format-standard","has-post-thumbnail","hentry","category-australia-nueva-zelanda-2023","category-grupo-b-3","category-nigeria"],"yoast_head":"<!-- This site is optimized with the Yoast SEO plugin v19.5.1 - https:\/\/yoast.com\/wordpress\/plugins\/seo\/ -->\n<title>Las Aguilas Negras tienen su mundial - LA PATRIA FUTBOLERA<\/title>\n<meta name=\"robots\" content=\"index, follow, max-snippet:-1, max-image-preview:large, max-video-preview:-1\" \/>\n<link rel=\"canonical\" href=\"https:\/\/lapatriafutbolera.com.ar\/index.php\/2023\/07\/22\/las-aguilas-negras-tienen-su-mundial\/\" \/>\n<meta property=\"og:locale\" content=\"es_ES\" \/>\n<meta property=\"og:type\" content=\"article\" \/>\n<meta property=\"og:title\" content=\"Las Aguilas Negras tienen su mundial - LA PATRIA FUTBOLERA\" \/>\n<meta property=\"og:description\" content=\"Nigeria tiene la oportunidad de dar la campanada en este Mundial. Gran parte de su...\" \/>\n<meta property=\"og:url\" content=\"https:\/\/lapatriafutbolera.com.ar\/index.php\/2023\/07\/22\/las-aguilas-negras-tienen-su-mundial\/\" \/>\n<meta property=\"og:site_name\" content=\"LA PATRIA FUTBOLERA\" \/>\n<meta property=\"article:published_time\" content=\"2023-07-22T19:07:00+00:00\" \/>\n<meta property=\"article:modified_time\" content=\"2023-07-25T14:53:24+00:00\" \/>\n<meta property=\"og:image\" content=\"https:\/\/lapatriafutbolera.com.ar\/wp-content\/uploads\/2023\/07\/download-28.jpg\" \/>\n\t<meta property=\"og:image:width\" content=\"300\" \/>\n\t<meta property=\"og:image:height\" content=\"168\" \/>\n\t<meta property=\"og:image:type\" content=\"image\/jpeg\" \/>\n<meta name=\"author\" content=\"Redacci\u00f3n LPF\" \/>\n<meta name=\"twitter:card\" content=\"summary_large_image\" \/>\n<meta name=\"twitter:label1\" content=\"Escrito por\" \/>\n\t<meta name=\"twitter:data1\" content=\"Redacci\u00f3n LPF\" \/>\n\t<meta name=\"twitter:label2\" content=\"Tiempo de lectura\" \/>\n\t<meta name=\"twitter:data2\" content=\"2 minutos\" \/>\n<script type=\"application\/ld+json\" class=\"yoast-schema-graph\">{\"@context\":\"https:\/\/schema.org\",\"@graph\":[{\"@type\":\"Article\",\"@id\":\"https:\/\/lapatriafutbolera.com.ar\/index.php\/2023\/07\/22\/las-aguilas-negras-tienen-su-mundial\/#article\",\"isPartOf\":{\"@id\":\"https:\/\/lapatriafutbolera.com.ar\/index.php\/2023\/07\/22\/las-aguilas-negras-tienen-su-mundial\/\"},\"author\":{\"name\":\"Redacci\u00f3n LPF\",\"@id\":\"https:\/\/lapatriafutbolera.com.ar\/#\/schema\/person\/eb56fb3a7e76133611d5b2d9f706bd97\"},\"headline\":\"Las Aguilas Negras tienen su mundial\",\"datePublished\":\"2023-07-22T19:07:00+00:00\",\"dateModified\":\"2023-07-25T14:53:24+00:00\",\"mainEntityOfPage\":{\"@id\":\"https:\/\/lapatriafutbolera.com.ar\/index.php\/2023\/07\/22\/las-aguilas-negras-tienen-su-mundial\/\"},\"wordCount\":414,\"commentCount\":0,\"publisher\":{\"@id\":\"https:\/\/lapatriafutbolera.com.ar\/#organization\"},\"articleSection\":[\"Australia - Nueva Zelanda 2023\",\"GRUPO B\",\"NIGERIA\"],\"inLanguage\":\"es-AR\",\"potentialAction\":[{\"@type\":\"CommentAction\",\"name\":\"Comment\",\"target\":[\"https:\/\/lapatriafutbolera.com.ar\/index.php\/2023\/07\/22\/las-aguilas-negras-tienen-su-mundial\/#respond\"]}]},{\"@type\":\"WebPage\",\"@id\":\"https:\/\/lapatriafutbolera.com.ar\/index.php\/2023\/07\/22\/las-aguilas-negras-tienen-su-mundial\/\",\"url\":\"https:\/\/lapatriafutbolera.com.ar\/index.php\/2023\/07\/22\/las-aguilas-negras-tienen-su-mundial\/\",\"name\":\"Las Aguilas Negras tienen su mundial - LA PATRIA FUTBOLERA\",\"isPartOf\":{\"@id\":\"https:\/\/lapatriafutbolera.com.ar\/#website\"},\"datePublished\":\"2023-07-22T19:07:00+00:00\",\"dateModified\":\"2023-07-25T14:53:24+00:00\",\"breadcrumb\":{\"@id\":\"https:\/\/lapatriafutbolera.com.ar\/index.php\/2023\/07\/22\/las-aguilas-negras-tienen-su-mundial\/#breadcrumb\"},\"inLanguage\":\"es-AR\",\"potentialAction\":[{\"@type\":\"ReadAction\",\"target\":[\"https:\/\/lapatriafutbolera.com.ar\/index.php\/2023\/07\/22\/las-aguilas-negras-tienen-su-mundial\/\"]}]},{\"@type\":\"BreadcrumbList\",\"@id\":\"https:\/\/lapatriafutbolera.com.ar\/index.php\/2023\/07\/22\/las-aguilas-negras-tienen-su-mundial\/#breadcrumb\",\"itemListElement\":[{\"@type\":\"ListItem\",\"position\":1,\"name\":\"Inicio\",\"item\":\"https:\/\/lapatriafutbolera.com.ar\/\"},{\"@type\":\"ListItem\",\"position\":2,\"name\":\"Las Aguilas Negras tienen su mundial\"}]},{\"@type\":\"WebSite\",\"@id\":\"https:\/\/lapatriafutbolera.com.ar\/#website\",\"url\":\"https:\/\/lapatriafutbolera.com.ar\/\",\"name\":\"LA PATRIA FUTBOLERA\",\"description\":\"\",\"publisher\":{\"@id\":\"https:\/\/lapatriafutbolera.com.ar\/#organization\"},\"potentialAction\":[{\"@type\":\"SearchAction\",\"target\":{\"@type\":\"EntryPoint\",\"urlTemplate\":\"https:\/\/lapatriafutbolera.com.ar\/?s={search_term_string}\"},\"query-input\":\"required name=search_term_string\"}],\"inLanguage\":\"es-AR\"},{\"@type\":\"Organization\",\"@id\":\"https:\/\/lapatriafutbolera.com.ar\/#organization\",\"name\":\"LA PATRIA FUTBOLERA\",\"url\":\"https:\/\/lapatriafutbolera.com.ar\/\",\"sameAs\":[],\"logo\":{\"@type\":\"ImageObject\",\"inLanguage\":\"es-AR\",\"@id\":\"https:\/\/lapatriafutbolera.com.ar\/#\/schema\/logo\/image\/\",\"url\":\"https:\/\/lapatriafutbolera.com.ar\/wp-content\/uploads\/2025\/03\/cropped-LA-PATRIA-14.jpg\",\"contentUrl\":\"https:\/\/lapatriafutbolera.com.ar\/wp-content\/uploads\/2025\/03\/cropped-LA-PATRIA-14.jpg\",\"width\":1308,\"height\":221,\"caption\":\"LA PATRIA FUTBOLERA\"},\"image\":{\"@id\":\"https:\/\/lapatriafutbolera.com.ar\/#\/schema\/logo\/image\/\"}},{\"@type\":\"Person\",\"@id\":\"https:\/\/lapatriafutbolera.com.ar\/#\/schema\/person\/eb56fb3a7e76133611d5b2d9f706bd97\",\"name\":\"Redacci\u00f3n LPF\",\"image\":{\"@type\":\"ImageObject\",\"inLanguage\":\"es-AR\",\"@id\":\"https:\/\/lapatriafutbolera.com.ar\/#\/schema\/person\/image\/\",\"url\":\"https:\/\/secure.gravatar.com\/avatar\/57dc12e3750972170624cd118ca21d4157841e9e7b211e6dfe7a00b61088d285?s=96&d=mm&r=g\",\"contentUrl\":\"https:\/\/secure.gravatar.com\/avatar\/57dc12e3750972170624cd118ca21d4157841e9e7b211e6dfe7a00b61088d285?s=96&d=mm&r=g\",\"caption\":\"Redacci\u00f3n LPF\"},\"sameAs\":[\"http:\/\/lapatriafutbolera.com.ar\"],\"url\":\"https:\/\/lapatriafutbolera.com.ar\/index.php\/author\/redaccion-lpf\/\"}]}<\/script>\n<!-- \/ Yoast SEO plugin. -->","yoast_head_json":{"title":"Las Aguilas Negras tienen su mundial - LA PATRIA FUTBOLERA","robots":{"index":"index","follow":"follow","max-snippet":"max-snippet:-1","max-image-preview":"max-image-preview:large","max-video-preview":"max-video-preview:-1"},"canonical":"https:\/\/lapatriafutbolera.com.ar\/index.php\/2023\/07\/22\/las-aguilas-negras-tienen-su-mundial\/","og_locale":"es_ES","og_type":"article","og_title":"Las Aguilas Negras tienen su mundial - LA PATRIA FUTBOLERA","og_description":"Nigeria tiene la oportunidad de dar la campanada en este Mundial. Gran parte de su...","og_url":"https:\/\/lapatriafutbolera.com.ar\/index.php\/2023\/07\/22\/las-aguilas-negras-tienen-su-mundial\/","og_site_name":"LA PATRIA FUTBOLERA","article_published_time":"2023-07-22T19:07:00+00:00","article_modified_time":"2023-07-25T14:53:24+00:00","og_image":[{"width":300,"height":168,"url":"https:\/\/lapatriafutbolera.com.ar\/wp-content\/uploads\/2023\/07\/download-28.jpg","type":"image\/jpeg"}],"author":"Redacci\u00f3n LPF","twitter_card":"summary_large_image","twitter_misc":{"Escrito por":"Redacci\u00f3n LPF","Tiempo de lectura":"2 minutos"},"schema":{"@context":"https:\/\/schema.org","@graph":[{"@type":"Article","@id":"https:\/\/lapatriafutbolera.com.ar\/index.php\/2023\/07\/22\/las-aguilas-negras-tienen-su-mundial\/#article","isPartOf":{"@id":"https:\/\/lapatriafutbolera.com.ar\/index.php\/2023\/07\/22\/las-aguilas-negras-tienen-su-mundial\/"},"author":{"name":"Redacci\u00f3n LPF","@id":"https:\/\/lapatriafutbolera.com.ar\/#\/schema\/person\/eb56fb3a7e76133611d5b2d9f706bd97"},"headline":"Las Aguilas Negras tienen su mundial","datePublished":"2023-07-22T19:07:00+00:00","dateModified":"2023-07-25T14:53:24+00:00","mainEntityOfPage":{"@id":"https:\/\/lapatriafutbolera.com.ar\/index.php\/2023\/07\/22\/las-aguilas-negras-tienen-su-mundial\/"},"wordCount":414,"commentCount":0,"publisher":{"@id":"https:\/\/lapatriafutbolera.com.ar\/#organization"},"articleSection":["Australia - Nueva Zelanda 2023","GRUPO B","NIGERIA"],"inLanguage":"es-AR","potentialAction":[{"@type":"CommentAction","name":"Comment","target":["https:\/\/lapatriafutbolera.com.ar\/index.php\/2023\/07\/22\/las-aguilas-negras-tienen-su-mundial\/#respond"]}]},{"@type":"WebPage","@id":"https:\/\/lapatriafutbolera.com.ar\/index.php\/2023\/07\/22\/las-aguilas-negras-tienen-su-mundial\/","url":"https:\/\/lapatriafutbolera.com.ar\/index.php\/2023\/07\/22\/las-aguilas-negras-tienen-su-mundial\/","name":"Las Aguilas Negras tienen su mundial - LA PATRIA FUTBOLERA","isPartOf":{"@id":"https:\/\/lapatriafutbolera.com.ar\/#website"},"datePublished":"2023-07-22T19:07:00+00:00","dateModified":"2023-07-25T14:53:24+00:00","breadcrumb":{"@id":"https:\/\/lapatriafutbolera.com.ar\/index.php\/2023\/07\/22\/las-aguilas-negras-tienen-su-mundial\/#breadcrumb"},"inLanguage":"es-AR","potentialAction":[{"@type":"ReadAction","target":["https:\/\/lapatriafutbolera.com.ar\/index.php\/2023\/07\/22\/las-aguilas-negras-tienen-su-mundial\/"]}]},{"@type":"BreadcrumbList","@id":"https:\/\/lapatriafutbolera.com.ar\/index.php\/2023\/07\/22\/las-aguilas-negras-tienen-su-mundial\/#breadcrumb","itemListElement":[{"@type":"ListItem","position":1,"name":"Inicio","item":"https:\/\/lapatriafutbolera.com.ar\/"},{"@type":"ListItem","position":2,"name":"Las Aguilas Negras tienen su mundial"}]},{"@type":"WebSite","@id":"https:\/\/lapatriafutbolera.com.ar\/#website","url":"https:\/\/lapatriafutbolera.com.ar\/","name":"LA PATRIA FUTBOLERA","description":"","publisher":{"@id":"https:\/\/lapatriafutbolera.com.ar\/#organization"},"potentialAction":[{"@type":"SearchAction","target":{"@type":"EntryPoint","urlTemplate":"https:\/\/lapatriafutbolera.com.ar\/?s={search_term_string}"},"query-input":"required name=search_term_string"}],"inLanguage":"es-AR"},{"@type":"Organization","@id":"https:\/\/lapatriafutbolera.com.ar\/#organization","name":"LA PATRIA FUTBOLERA","url":"https:\/\/lapatriafutbolera.com.ar\/","sameAs":[],"logo":{"@type":"ImageObject","inLanguage":"es-AR","@id":"https:\/\/lapatriafutbolera.com.ar\/#\/schema\/logo\/image\/","url":"https:\/\/lapatriafutbolera.com.ar\/wp-content\/uploads\/2025\/03\/cropped-LA-PATRIA-14.jpg","contentUrl":"https:\/\/lapatriafutbolera.com.ar\/wp-content\/uploads\/2025\/03\/cropped-LA-PATRIA-14.jpg","width":1308,"height":221,"caption":"LA PATRIA FUTBOLERA"},"image":{"@id":"https:\/\/lapatriafutbolera.com.ar\/#\/schema\/logo\/image\/"}},{"@type":"Person","@id":"https:\/\/lapatriafutbolera.com.ar\/#\/schema\/person\/eb56fb3a7e76133611d5b2d9f706bd97","name":"Redacci\u00f3n LPF","image":{"@type":"ImageObject","inLanguage":"es-AR","@id":"https:\/\/lapatriafutbolera.com.ar\/#\/schema\/person\/image\/","url":"https:\/\/secure.gravatar.com\/avatar\/57dc12e3750972170624cd118ca21d4157841e9e7b211e6dfe7a00b61088d285?s=96&d=mm&r=g","contentUrl":"https:\/\/secure.gravatar.com\/avatar\/57dc12e3750972170624cd118ca21d4157841e9e7b211e6dfe7a00b61088d285?s=96&d=mm&r=g","caption":"Redacci\u00f3n LPF"},"sameAs":["http:\/\/lapatriafutbolera.com.ar"],"url":"https:\/\/lapatriafutbolera.com.ar\/index.php\/author\/redaccion-lpf\/"}]}},"_links":{"self":[{"href":"https:\/\/lapatriafutbolera.com.ar\/index.php\/wp-json\/wp\/v2\/posts\/1755","targetHints":{"allow":["GET"]}}],"collection":[{"href":"https:\/\/lapatriafutbolera.com.ar\/index.php\/wp-json\/wp\/v2\/posts"}],"about":[{"href":"https:\/\/lapatriafutbolera.com.ar\/index.php\/wp-json\/wp\/v2\/types\/post"}],"author":[{"embeddable":true,"href":"https:\/\/lapatriafutbolera.com.ar\/index.php\/wp-json\/wp\/v2\/users\/4"}],"replies":[{"embeddable":true,"href":"https:\/\/lapatriafutbolera.com.ar\/index.php\/wp-json\/wp\/v2\/comments?post=1755"}],"version-history":[{"count":2,"href":"https:\/\/lapatriafutbolera.com.ar\/index.php\/wp-json\/wp\/v2\/posts\/1755\/revisions"}],"predecessor-version":[{"id":1760,"href":"https:\/\/lapatriafutbolera.com.ar\/index.php\/wp-json\/wp\/v2\/posts\/1755\/revisions\/1760"}],"wp:featuredmedia":[{"embeddable":true,"href":"https:\/\/lapatriafutbolera.com.ar\/index.php\/wp-json\/wp\/v2\/media\/1759"}],"wp:attachment":[{"href":"https:\/\/lapatriafutbolera.com.ar\/index.php\/wp-json\/wp\/v2\/media?parent=1755"}],"wp:term":[{"taxonomy":"category","embeddable":true,"href":"https:\/\/lapatriafutbolera.com.ar\/index.php\/wp-json\/wp\/v2\/categories?post=1755"},{"taxonomy":"post_tag","embeddable":true,"href":"https:\/\/lapatriafutbolera.com.ar\/index.php\/wp-json\/wp\/v2\/tags?post=1755"}],"curies":[{"name":"wp","href":"https:\/\/api.w.org\/{rel}","templated":true}]}}