{"id":1788,"date":"2023-08-04T21:06:42","date_gmt":"2023-08-05T00:06:42","guid":{"rendered":"https:\/\/lapatriafutbolera.com.ar\/?p=1788"},"modified":"2023-08-19T21:08:56","modified_gmt":"2023-08-20T00:08:56","slug":"el-arquero-y-marilyn","status":"publish","type":"post","link":"https:\/\/lapatriafutbolera.com.ar\/index.php\/2023\/08\/04\/el-arquero-y-marilyn\/","title":{"rendered":"El arquero y Marilyn"},"content":{"rendered":"\n<p>El arquero peor criticado de la historia fue Yakov Hodorov.<\/p>\n\n\n\n<p>Habr\u00e1 quienes sostengan que eso es una arbitrariedad o, incluso, un error porque en todos los equipos de todos los barrios y en todos los equipos de la competici\u00f3n profesional hubo y hay alguien a quien le desflecaron el coraz\u00f3n por no impedir que una pelota cualquiera viajara hasta la red. Habr\u00e1 quienes aduzcan que el ranking de los maltratados lo encabezar\u00e1 hasta la eternidad el brasile\u00f1o Moacir Barbosa, un grande, a causa de la fat\u00eddica derrota de Brasil frente a Uruguay en la final del Mundial de 1950 en el Maracan\u00e1. Y habr\u00e1 otros y otras que aseveren que nadie la pas\u00f3 tan fulero como Harald Schumacher luego de sus dudas en la tarde mexicana de 1986 durante la que su Alemania debi\u00f3 conformarse con el subcampeonato ante la Argentina hecha fiesta de Maradona y compa\u00f1\u00eda. Y habr\u00e1 m\u00e1s gentes que recuerden que un tal Carlitos o un tal Roberto se mudaron de cuadra despu\u00e9s de un partido sin prensa en el que se les derritieron los dedos en demasiados de los remates de un desaf\u00edo en el que no correspond\u00eda perder.<\/p>\n\n\n\n<p>Pero lo de Hodorov resulta inalcanzable.<\/p>\n\n\n\n<p>Primero, porque se trat\u00f3 un arquero notable. Naci\u00f3 el 16 de junio de 1927 en Rish\u00f3n LeZion, unos ochos kil\u00f3metros al sur de Tel Aviv, cuando el Estado de Israel todav\u00eda no se hab\u00eda corporizado. Se volvi\u00f3 jugador de Primera Divisi\u00f3n apenas a los 15 a\u00f1os y se mantuvo en la m\u00e1xima categor\u00eda hasta 1966, cuando el documento lo situaba en la frontera de los cuatro decenios. Pas\u00f3 por seis clubes, todos israel\u00edes, sum\u00f3 t\u00edtulos y resolvi\u00f3 no migrar al Arsenal ingl\u00e9s, acaso porque, como apuntan sus bi\u00f3grafos, en la escena posterior a la Segunda Guerra Mundial lo dominaba el temor residual al espanto arrasador que hab\u00eda surcado a Europa. Pis\u00f3 el c\u00e9sped en 31 ocasiones para la selecci\u00f3n de su pa\u00eds con tanta jerarqu\u00eda que muchos archivos lo caratulan como el mejor n\u00famero 1 israel\u00ed de cualquier era. En 1958, salt\u00f3 de futbolista a mito porque se rompi\u00f3 la nariz en un duelo contra Gales, tras un choque con el grandote y goleador John Charles, y perdur\u00f3 en el arco, m\u00e1s all\u00e1 de la medicina y m\u00e1s all\u00e1 del dolor. Como los cl\u00e1sicos de su puesto, mitad eficacia y mitad poes\u00eda, sab\u00eda vencer al aire para llegar a los \u00e1ngulos m\u00e1s remotos. A nadie le estampan por casualidad un seud\u00f3nimo como el que sign\u00f3 su carrera. Bello r\u00f3tulo: El P\u00e1jaro.<\/p>\n\n\n\n<p>El P\u00e1jaro Hodorov sali\u00f3 campe\u00f3n israel\u00ed de 1957 sudando las ropas del Hapoel Tel Aviv, su conjunto entre 1947 y 1962. Transcurr\u00eda su momento cumbre. Y, a veces, en la cumbre toca recibir premios. El suyo consisti\u00f3 en un viaje. Y con qu\u00e9 destino. A Nueva York.<\/p>\n\n\n\n<p>Como emblema del Hapoel Tel Aviv y junto con sus compa\u00f1eros, Hodorov brot\u00f3 sonriente y convencido el 12 de mayo de 1957 en el estadio Ebbets Fields de la m\u00e1s famosa de las urbes estadounidenses. Nadie lo pronunciaba con la garganta al mango pero se desarrollaba un acontecimiento pol\u00edtico. El Estado de Israel cumpl\u00eda nueve a\u00f1os y, en una demostraci\u00f3n m\u00e1s de sus afiatadas relaciones con los Estados Unidos, celebraba el aniversario con, entre otras galas, un partido de f\u00fatbol. Cierto que el Ebbets Fields constitu\u00eda un recinto de b\u00e9isbol que marchar\u00eda al derrumbe tres temporadas m\u00e1s tarde y cierto es, adem\u00e1s, que un cruce de f\u00fatbol entre estadounidenses e israel\u00edes no ven\u00eda a erigirse en la cita m\u00e1s tentadora si se la comparaba, por caso, con las exhibiciones que Argentina esparci\u00f3 en el Sudamericano de Lima de ese a\u00f1o o con las magias del Brasil del joven Pel\u00e9 que se consagrar\u00eda campe\u00f3n del mundo en Suecia en 1958. Pero era f\u00fatbol. Y ah\u00ed andaba, figura de la tarde, Hodorov.<\/p>\n\n\n\n<p>Al Hapoel Tel Aviv le pusieron enfrente a una especie de selecci\u00f3n de la inestable liga yanqui y eso casi carece de relevancia. Lo relevante residi\u00f3 en quien se ubic\u00f3 enfrente de Hodorov.<br>Desde la literatura, las ciencias sociales, los feminismos, las artes esc\u00e9nicas, la filosof\u00eda est\u00e9tica y montones de espacios m\u00e1s hubo intentos, muchos de verdad maravillosos, para dimensionar ese horizonte enfrentado a Hodorov, pero, como sucede en pocas oportunidades, todo esfuerzo se torn\u00f3 insuficiente. Nada narra de modo completo a Marilyn Monroe.<\/p>\n\n\n\n<p>Marilyn Monroe, con un vestido azul y una gestualidad de m\u00e1s colores que los que existen, no arrastraba un nexo personal con el f\u00fatbol que la emparentara con millones de seres en el planeta. Para el planeta, ella portaba otra significaci\u00f3n. No obstante, como Hodorov, all\u00ed florec\u00eda, con sus mechas rubias que inspiraban a los peinadores de la Tierra, con unos zapatos de taco que complicaban la m\u00e1s m\u00ednima voluntad de jugar al f\u00fatbol, con el carisma que despabilan las diosas y los dioses al ingresar en los estadios o donde sea. Los reconstructores del hecho afirman que la clave de su presencia hay que atribuirla a su matrimonio con el dramaturgo Arthur Miller, de pertenencia firme a la comunidad jud\u00eda neoyorquina. Los que ni parpadearon durante la brevedad que la lig\u00f3 con el f\u00fatbol a\u00f1aden hasta ahora que eso ni importa como tampoco importa que ensayar\u00e1 el puntapi\u00e9 inicial tres veces. Que lo importante era ella. Ella y una brisa leve que casi auguraba los versos que Charly Garc\u00eda le dedicar\u00eda en &#8220;Marilyn, la cenicienta y las mujeres&#8221;: &#8220;Flotando en el viento la ves&#8221;.<\/p>\n\n\n\n<p>El espa\u00f1ol Carlos Mara\u00f1\u00f3n, periodista, cr\u00edtico cinematogr\u00e1fico, futbolista y miembro de una familia de futbolistas, estamp\u00f3 la imagen del Marilyn lanzando el puntapi\u00e9 inicial de aquel partido en la tapa de su librazo &#8220;F\u00fatbol y cine&#8221;. &#8220;El saque de honor m\u00e1s fotog\u00e9nico de la historia, el \u00edcono fundacional de la uni\u00f3n entre f\u00fatbol y cine&#8221;, escribi\u00f3 El reportero gr\u00e1fico Sam Wood captur\u00f3 el instante entre los instantes: la pelota que acelera hacia la c\u00e1mara o hacia el infinito, el calzado diestro de Marilyn que se olvida del suelo, el rostro impecable que no cobija o no parece cobijar ninguna de las tristezas que le poblaron la vida antes y despu\u00e9s, el punto de equilibrio dudoso que generar\u00e1 que (ya fuera de la foto) la estrella se agarre el tobillo derecho despu\u00e9s de patear, el esplendor en su condici\u00f3n m\u00e1xima porque Marilyn -la m\u00e1xima- y el f\u00fatbol -lo m\u00e1ximo- se reun\u00edan para una eternidad tal vez igual de m\u00e1xima. \u00bfQu\u00e9 m\u00e1s se pod\u00eda pedir? \u00bfQu\u00e9 m\u00e1s se puede pedir? Y Hodorov. A la derecha de Marilyn, m\u00e1s cerquita que nadie, los labios felices, el P\u00e1jaro Hodorov.<\/p>\n\n\n\n<p>Y eso podr\u00eda ser la totalidad. Una hermosa totalidad.<\/p>\n\n\n\n<p>Pero Hodorov, el de los labios felices, se transform\u00f3 en el arquero peor criticado de la historia por ese d\u00eda.<\/p>\n\n\n\n<p>Hapoel Tel Aviv se impuso a los estadounidenses por 6 a 4. Una cifra in\u00fatil hasta para la estad\u00edstica. Un testimonio esfumable para corroborar que representaba lo l\u00f3gico frente a un adversario d\u00e9bil. Y un episodio que no ocult\u00f3 un detalle: le embocaron cuatro goles.<\/p>\n\n\n\n<p>Cierta prensa israel\u00ed dijo que Hodorov estuvo lejos de arrimarse a sus desempe\u00f1os mejores porque la proximidad con Marilyn lo hab\u00eda embobado y, prisionero de las sensaciones que esa mujer desparramaba hacia cada costado de su vida, rindi\u00f3 como un desastre.<br>Hodorov llen\u00f3 de sinceridad los o\u00eddos del universo ante cada circunstancia en la que lo interrogaron por el tema. Seguro que as\u00ed se comport\u00f3 en la jornada dura del 4 de agosto de 1962 cuando Marilyn apareci\u00f3 muerta, seguro que ejerci\u00f3 coherente en cada entrevista, seguro que persisti\u00f3 hasta que, en una \u00e9poca en la que lo homenajeaban con frecuencia, le toc\u00f3 irse, a los 79 a\u00f1os, el 31 de diciembre de 2006. Invariablemente, respondi\u00f3 as\u00ed: &#8220;Los peri\u00f3dicos escribieron que me confund\u00ed y que permit\u00ed algunos goles porque hab\u00eda estado cerca de Marilyn. Es cierto, estaba un poco emocionado, \u00bfpero qui\u00e9n no estar\u00eda emocionado junto a ella?&#8221;.<\/p>\n\n\n\n<p>Unos goles son unos goles. Y ella jam\u00e1s dejar\u00e1 de ser ella.<\/p>\n\n\n\n<p>Por eso en la foto, a nada de Marilyn, el arquero peor criticado de la historia sonr\u00ede para siempre.<\/p>\n","protected":false},"excerpt":{"rendered":"<p>El arquero peor criticado de la historia fue Yakov Hodorov. Habr\u00e1 quienes sostengan que eso&#8230;<\/p>\n","protected":false},"author":10,"featured_media":1789,"comment_status":"open","ping_status":"open","sticky":false,"template":"","format":"standard","meta":{"footnotes":""},"categories":[85],"tags":[],"class_list":["post-1788","post","type-post","status-publish","format-standard","has-post-thumbnail","hentry","category-el-tipo-que-marca-juega-y-escribe"],"yoast_head":"<!-- This site is optimized with the Yoast SEO plugin v19.5.1 - https:\/\/yoast.com\/wordpress\/plugins\/seo\/ -->\n<title>El arquero y Marilyn - LA PATRIA FUTBOLERA<\/title>\n<meta name=\"robots\" content=\"index, follow, max-snippet:-1, max-image-preview:large, max-video-preview:-1\" \/>\n<link rel=\"canonical\" href=\"https:\/\/lapatriafutbolera.com.ar\/index.php\/2023\/08\/04\/el-arquero-y-marilyn\/\" \/>\n<meta property=\"og:locale\" content=\"es_ES\" \/>\n<meta property=\"og:type\" content=\"article\" \/>\n<meta property=\"og:title\" content=\"El arquero y Marilyn - LA PATRIA FUTBOLERA\" \/>\n<meta property=\"og:description\" content=\"El arquero peor criticado de la historia fue Yakov Hodorov. Habr\u00e1 quienes sostengan que eso...\" \/>\n<meta property=\"og:url\" content=\"https:\/\/lapatriafutbolera.com.ar\/index.php\/2023\/08\/04\/el-arquero-y-marilyn\/\" \/>\n<meta property=\"og:site_name\" content=\"LA PATRIA FUTBOLERA\" \/>\n<meta property=\"article:published_time\" content=\"2023-08-05T00:06:42+00:00\" \/>\n<meta property=\"article:modified_time\" content=\"2023-08-20T00:08:56+00:00\" \/>\n<meta property=\"og:image\" content=\"https:\/\/lapatriafutbolera.com.ar\/wp-content\/uploads\/2023\/08\/364058556_2578654112290270_172964180597252047_n.jpg\" \/>\n\t<meta property=\"og:image:width\" content=\"1193\" \/>\n\t<meta property=\"og:image:height\" content=\"724\" \/>\n\t<meta property=\"og:image:type\" content=\"image\/jpeg\" \/>\n<meta name=\"author\" content=\"Ariel Scher\" \/>\n<meta name=\"twitter:card\" content=\"summary_large_image\" \/>\n<meta name=\"twitter:label1\" content=\"Escrito por\" \/>\n\t<meta name=\"twitter:data1\" content=\"Ariel Scher\" \/>\n\t<meta name=\"twitter:label2\" content=\"Tiempo de lectura\" \/>\n\t<meta name=\"twitter:data2\" content=\"7 minutos\" \/>\n<script type=\"application\/ld+json\" class=\"yoast-schema-graph\">{\"@context\":\"https:\/\/schema.org\",\"@graph\":[{\"@type\":\"Article\",\"@id\":\"https:\/\/lapatriafutbolera.com.ar\/index.php\/2023\/08\/04\/el-arquero-y-marilyn\/#article\",\"isPartOf\":{\"@id\":\"https:\/\/lapatriafutbolera.com.ar\/index.php\/2023\/08\/04\/el-arquero-y-marilyn\/\"},\"author\":{\"name\":\"Ariel Scher\",\"@id\":\"https:\/\/lapatriafutbolera.com.ar\/#\/schema\/person\/b678f896a0a50faecac575b8609d71aa\"},\"headline\":\"El arquero y Marilyn\",\"datePublished\":\"2023-08-05T00:06:42+00:00\",\"dateModified\":\"2023-08-20T00:08:56+00:00\",\"mainEntityOfPage\":{\"@id\":\"https:\/\/lapatriafutbolera.com.ar\/index.php\/2023\/08\/04\/el-arquero-y-marilyn\/\"},\"wordCount\":1444,\"commentCount\":0,\"publisher\":{\"@id\":\"https:\/\/lapatriafutbolera.com.ar\/#organization\"},\"articleSection\":[\"El Tipo que marca, juega y escribe\"],\"inLanguage\":\"es-AR\",\"potentialAction\":[{\"@type\":\"CommentAction\",\"name\":\"Comment\",\"target\":[\"https:\/\/lapatriafutbolera.com.ar\/index.php\/2023\/08\/04\/el-arquero-y-marilyn\/#respond\"]}]},{\"@type\":\"WebPage\",\"@id\":\"https:\/\/lapatriafutbolera.com.ar\/index.php\/2023\/08\/04\/el-arquero-y-marilyn\/\",\"url\":\"https:\/\/lapatriafutbolera.com.ar\/index.php\/2023\/08\/04\/el-arquero-y-marilyn\/\",\"name\":\"El arquero y Marilyn - LA PATRIA FUTBOLERA\",\"isPartOf\":{\"@id\":\"https:\/\/lapatriafutbolera.com.ar\/#website\"},\"datePublished\":\"2023-08-05T00:06:42+00:00\",\"dateModified\":\"2023-08-20T00:08:56+00:00\",\"breadcrumb\":{\"@id\":\"https:\/\/lapatriafutbolera.com.ar\/index.php\/2023\/08\/04\/el-arquero-y-marilyn\/#breadcrumb\"},\"inLanguage\":\"es-AR\",\"potentialAction\":[{\"@type\":\"ReadAction\",\"target\":[\"https:\/\/lapatriafutbolera.com.ar\/index.php\/2023\/08\/04\/el-arquero-y-marilyn\/\"]}]},{\"@type\":\"BreadcrumbList\",\"@id\":\"https:\/\/lapatriafutbolera.com.ar\/index.php\/2023\/08\/04\/el-arquero-y-marilyn\/#breadcrumb\",\"itemListElement\":[{\"@type\":\"ListItem\",\"position\":1,\"name\":\"Inicio\",\"item\":\"https:\/\/lapatriafutbolera.com.ar\/\"},{\"@type\":\"ListItem\",\"position\":2,\"name\":\"El arquero y Marilyn\"}]},{\"@type\":\"WebSite\",\"@id\":\"https:\/\/lapatriafutbolera.com.ar\/#website\",\"url\":\"https:\/\/lapatriafutbolera.com.ar\/\",\"name\":\"LA PATRIA FUTBOLERA\",\"description\":\"\",\"publisher\":{\"@id\":\"https:\/\/lapatriafutbolera.com.ar\/#organization\"},\"potentialAction\":[{\"@type\":\"SearchAction\",\"target\":{\"@type\":\"EntryPoint\",\"urlTemplate\":\"https:\/\/lapatriafutbolera.com.ar\/?s={search_term_string}\"},\"query-input\":\"required name=search_term_string\"}],\"inLanguage\":\"es-AR\"},{\"@type\":\"Organization\",\"@id\":\"https:\/\/lapatriafutbolera.com.ar\/#organization\",\"name\":\"LA PATRIA FUTBOLERA\",\"url\":\"https:\/\/lapatriafutbolera.com.ar\/\",\"sameAs\":[],\"logo\":{\"@type\":\"ImageObject\",\"inLanguage\":\"es-AR\",\"@id\":\"https:\/\/lapatriafutbolera.com.ar\/#\/schema\/logo\/image\/\",\"url\":\"https:\/\/lapatriafutbolera.com.ar\/wp-content\/uploads\/2025\/03\/cropped-LA-PATRIA-14.jpg\",\"contentUrl\":\"https:\/\/lapatriafutbolera.com.ar\/wp-content\/uploads\/2025\/03\/cropped-LA-PATRIA-14.jpg\",\"width\":1308,\"height\":221,\"caption\":\"LA PATRIA FUTBOLERA\"},\"image\":{\"@id\":\"https:\/\/lapatriafutbolera.com.ar\/#\/schema\/logo\/image\/\"}},{\"@type\":\"Person\",\"@id\":\"https:\/\/lapatriafutbolera.com.ar\/#\/schema\/person\/b678f896a0a50faecac575b8609d71aa\",\"name\":\"Ariel Scher\",\"image\":{\"@type\":\"ImageObject\",\"inLanguage\":\"es-AR\",\"@id\":\"https:\/\/lapatriafutbolera.com.ar\/#\/schema\/person\/image\/\",\"url\":\"https:\/\/secure.gravatar.com\/avatar\/76b3824675a40e45163a2a49107284188d784efa904c62a82e8b5cd2de313f08?s=96&d=mm&r=g\",\"contentUrl\":\"https:\/\/secure.gravatar.com\/avatar\/76b3824675a40e45163a2a49107284188d784efa904c62a82e8b5cd2de313f08?s=96&d=mm&r=g\",\"caption\":\"Ariel Scher\"},\"url\":\"https:\/\/lapatriafutbolera.com.ar\/index.php\/author\/ariel-scher\/\"}]}<\/script>\n<!-- \/ Yoast SEO plugin. -->","yoast_head_json":{"title":"El arquero y Marilyn - LA PATRIA FUTBOLERA","robots":{"index":"index","follow":"follow","max-snippet":"max-snippet:-1","max-image-preview":"max-image-preview:large","max-video-preview":"max-video-preview:-1"},"canonical":"https:\/\/lapatriafutbolera.com.ar\/index.php\/2023\/08\/04\/el-arquero-y-marilyn\/","og_locale":"es_ES","og_type":"article","og_title":"El arquero y Marilyn - LA PATRIA FUTBOLERA","og_description":"El arquero peor criticado de la historia fue Yakov Hodorov. Habr\u00e1 quienes sostengan que eso...","og_url":"https:\/\/lapatriafutbolera.com.ar\/index.php\/2023\/08\/04\/el-arquero-y-marilyn\/","og_site_name":"LA PATRIA FUTBOLERA","article_published_time":"2023-08-05T00:06:42+00:00","article_modified_time":"2023-08-20T00:08:56+00:00","og_image":[{"width":1193,"height":724,"url":"https:\/\/lapatriafutbolera.com.ar\/wp-content\/uploads\/2023\/08\/364058556_2578654112290270_172964180597252047_n.jpg","type":"image\/jpeg"}],"author":"Ariel Scher","twitter_card":"summary_large_image","twitter_misc":{"Escrito por":"Ariel Scher","Tiempo de lectura":"7 minutos"},"schema":{"@context":"https:\/\/schema.org","@graph":[{"@type":"Article","@id":"https:\/\/lapatriafutbolera.com.ar\/index.php\/2023\/08\/04\/el-arquero-y-marilyn\/#article","isPartOf":{"@id":"https:\/\/lapatriafutbolera.com.ar\/index.php\/2023\/08\/04\/el-arquero-y-marilyn\/"},"author":{"name":"Ariel Scher","@id":"https:\/\/lapatriafutbolera.com.ar\/#\/schema\/person\/b678f896a0a50faecac575b8609d71aa"},"headline":"El arquero y Marilyn","datePublished":"2023-08-05T00:06:42+00:00","dateModified":"2023-08-20T00:08:56+00:00","mainEntityOfPage":{"@id":"https:\/\/lapatriafutbolera.com.ar\/index.php\/2023\/08\/04\/el-arquero-y-marilyn\/"},"wordCount":1444,"commentCount":0,"publisher":{"@id":"https:\/\/lapatriafutbolera.com.ar\/#organization"},"articleSection":["El Tipo que marca, juega y escribe"],"inLanguage":"es-AR","potentialAction":[{"@type":"CommentAction","name":"Comment","target":["https:\/\/lapatriafutbolera.com.ar\/index.php\/2023\/08\/04\/el-arquero-y-marilyn\/#respond"]}]},{"@type":"WebPage","@id":"https:\/\/lapatriafutbolera.com.ar\/index.php\/2023\/08\/04\/el-arquero-y-marilyn\/","url":"https:\/\/lapatriafutbolera.com.ar\/index.php\/2023\/08\/04\/el-arquero-y-marilyn\/","name":"El arquero y Marilyn - LA PATRIA FUTBOLERA","isPartOf":{"@id":"https:\/\/lapatriafutbolera.com.ar\/#website"},"datePublished":"2023-08-05T00:06:42+00:00","dateModified":"2023-08-20T00:08:56+00:00","breadcrumb":{"@id":"https:\/\/lapatriafutbolera.com.ar\/index.php\/2023\/08\/04\/el-arquero-y-marilyn\/#breadcrumb"},"inLanguage":"es-AR","potentialAction":[{"@type":"ReadAction","target":["https:\/\/lapatriafutbolera.com.ar\/index.php\/2023\/08\/04\/el-arquero-y-marilyn\/"]}]},{"@type":"BreadcrumbList","@id":"https:\/\/lapatriafutbolera.com.ar\/index.php\/2023\/08\/04\/el-arquero-y-marilyn\/#breadcrumb","itemListElement":[{"@type":"ListItem","position":1,"name":"Inicio","item":"https:\/\/lapatriafutbolera.com.ar\/"},{"@type":"ListItem","position":2,"name":"El arquero y Marilyn"}]},{"@type":"WebSite","@id":"https:\/\/lapatriafutbolera.com.ar\/#website","url":"https:\/\/lapatriafutbolera.com.ar\/","name":"LA PATRIA FUTBOLERA","description":"","publisher":{"@id":"https:\/\/lapatriafutbolera.com.ar\/#organization"},"potentialAction":[{"@type":"SearchAction","target":{"@type":"EntryPoint","urlTemplate":"https:\/\/lapatriafutbolera.com.ar\/?s={search_term_string}"},"query-input":"required name=search_term_string"}],"inLanguage":"es-AR"},{"@type":"Organization","@id":"https:\/\/lapatriafutbolera.com.ar\/#organization","name":"LA PATRIA FUTBOLERA","url":"https:\/\/lapatriafutbolera.com.ar\/","sameAs":[],"logo":{"@type":"ImageObject","inLanguage":"es-AR","@id":"https:\/\/lapatriafutbolera.com.ar\/#\/schema\/logo\/image\/","url":"https:\/\/lapatriafutbolera.com.ar\/wp-content\/uploads\/2025\/03\/cropped-LA-PATRIA-14.jpg","contentUrl":"https:\/\/lapatriafutbolera.com.ar\/wp-content\/uploads\/2025\/03\/cropped-LA-PATRIA-14.jpg","width":1308,"height":221,"caption":"LA PATRIA FUTBOLERA"},"image":{"@id":"https:\/\/lapatriafutbolera.com.ar\/#\/schema\/logo\/image\/"}},{"@type":"Person","@id":"https:\/\/lapatriafutbolera.com.ar\/#\/schema\/person\/b678f896a0a50faecac575b8609d71aa","name":"Ariel Scher","image":{"@type":"ImageObject","inLanguage":"es-AR","@id":"https:\/\/lapatriafutbolera.com.ar\/#\/schema\/person\/image\/","url":"https:\/\/secure.gravatar.com\/avatar\/76b3824675a40e45163a2a49107284188d784efa904c62a82e8b5cd2de313f08?s=96&d=mm&r=g","contentUrl":"https:\/\/secure.gravatar.com\/avatar\/76b3824675a40e45163a2a49107284188d784efa904c62a82e8b5cd2de313f08?s=96&d=mm&r=g","caption":"Ariel Scher"},"url":"https:\/\/lapatriafutbolera.com.ar\/index.php\/author\/ariel-scher\/"}]}},"_links":{"self":[{"href":"https:\/\/lapatriafutbolera.com.ar\/index.php\/wp-json\/wp\/v2\/posts\/1788","targetHints":{"allow":["GET"]}}],"collection":[{"href":"https:\/\/lapatriafutbolera.com.ar\/index.php\/wp-json\/wp\/v2\/posts"}],"about":[{"href":"https:\/\/lapatriafutbolera.com.ar\/index.php\/wp-json\/wp\/v2\/types\/post"}],"author":[{"embeddable":true,"href":"https:\/\/lapatriafutbolera.com.ar\/index.php\/wp-json\/wp\/v2\/users\/10"}],"replies":[{"embeddable":true,"href":"https:\/\/lapatriafutbolera.com.ar\/index.php\/wp-json\/wp\/v2\/comments?post=1788"}],"version-history":[{"count":1,"href":"https:\/\/lapatriafutbolera.com.ar\/index.php\/wp-json\/wp\/v2\/posts\/1788\/revisions"}],"predecessor-version":[{"id":1790,"href":"https:\/\/lapatriafutbolera.com.ar\/index.php\/wp-json\/wp\/v2\/posts\/1788\/revisions\/1790"}],"wp:featuredmedia":[{"embeddable":true,"href":"https:\/\/lapatriafutbolera.com.ar\/index.php\/wp-json\/wp\/v2\/media\/1789"}],"wp:attachment":[{"href":"https:\/\/lapatriafutbolera.com.ar\/index.php\/wp-json\/wp\/v2\/media?parent=1788"}],"wp:term":[{"taxonomy":"category","embeddable":true,"href":"https:\/\/lapatriafutbolera.com.ar\/index.php\/wp-json\/wp\/v2\/categories?post=1788"},{"taxonomy":"post_tag","embeddable":true,"href":"https:\/\/lapatriafutbolera.com.ar\/index.php\/wp-json\/wp\/v2\/tags?post=1788"}],"curies":[{"name":"wp","href":"https:\/\/api.w.org\/{rel}","templated":true}]}}