{"id":1809,"date":"2023-09-12T09:57:36","date_gmt":"2023-09-12T12:57:36","guid":{"rendered":"https:\/\/lapatriafutbolera.com.ar\/?p=1809"},"modified":"2023-09-15T09:59:05","modified_gmt":"2023-09-15T12:59:05","slug":"bolivia-argentina-un-partido-para-los-libros","status":"publish","type":"post","link":"https:\/\/lapatriafutbolera.com.ar\/index.php\/2023\/09\/12\/bolivia-argentina-un-partido-para-los-libros\/","title":{"rendered":"Bolivia-Argentina, un partido para los libros"},"content":{"rendered":"\n<p>Hay expertos en literatura que aseguran que la mejor frase publicada alguna vez en un libro lleva la firma de William Shakespeare: &#8220;Ser o no ser&#8221;. Hay otros expertos que sostienen que la mejor de las mejores es &#8220;Puto el que lee esto&#8221;, brevedad irresistible con la que el Negro Fontanarrosa inaugura su cuento &#8220;Palabras Iniciales&#8221;. Y hay una tercera especie de expertos literarios que s\u00f3lo abre la boca cuando est\u00e1 por <a><\/a>transcurrir el f\u00fatbol de Argentina-Bolivia y proclama que, si se trata de oraciones insuperables, ninguna vencer\u00e1 nunca esta del mendocino Rodolfo Braceli: &#8220;\u00bfY si resulta que de pronto se descubre que Maradona no naci\u00f3 en la Argentina sino en Bolivia?&#8221;.<\/p>\n\n\n\n<p>Braceli dej\u00f3 ese apunte cumbre entre los materiales futboleros que entrecruzan verbos sobre el f\u00fatbol de Argentina y de Bolivia en un tramo de &#8220;De f\u00fatbol somos&#8221;, un libro ancho en el que viaja de ida y de vuelta entre el ensayo y la ficci\u00f3n con la fluidez de los que narran fen\u00f3meno. Pocos tipos retrataron tanto y tan bien al Diego como \u00e9l, pero all\u00ed apel\u00f3 a ese interrogante para provocar reflexi\u00f3n sobre los bolsones de discriminaci\u00f3n que anidan en algunos sectores sociales de la Argentina. En eso, su texto se emparenta con uno del escritor boliviano Edmundo Sold\u00e1n Paz, que en los ochenta resid\u00eda en Buenos Aires y recibi\u00f3 la visita de su hermano para compartir, entre otros disfrutes, un Boca-River. En Boca, se destacaba Milton Melgar (que luego visti\u00f3 los colores de River), tan brillante en la mediacancha como Paz Sold\u00e1n generando p\u00e1ginas. De golpe, le sucedi\u00f3 lo que detall\u00f3 en su art\u00edculo &#8220;\u00a1Dejen de molestar, bolivianos!&#8221;: &#8220;De pronto, la hinchada de River comenz\u00f3 a corear: &#8216;\u00a1Bolivianos, bolivianos, bolivianos!&#8217; La reacci\u00f3n de los hinchas de Boca en torno nuestro me impact\u00f3; dec\u00edan cosas del tipo: &#8216;Nos jodieron estos gallinas. Y ahora, \u00bfc\u00f3mo les respondemos?&#8217;. No, no hab\u00eda forma. Para los hinchas de Boca, el peor insulto que se les pod\u00eda decir era &#8216;bolivianos&#8217;. Por suerte, mi hermano no entendi\u00f3 lo que pasaba; cuando me pregunt\u00f3 por qu\u00e9 los gritos de &#8216;bolivianos&#8217;, le dije, procurando disimular mi rabia, que era la forma en que la hinchada de River reconoc\u00eda el talento de Melgar&#8221;.<\/p>\n\n\n\n<p>Paz Sold\u00e1n conoc\u00eda de lo que hablaba. Aunque el grueso de su obra no remite ni a penales ni a marcadores de punta, domina los latidos que gobiernan los estadios: estudi\u00f3 en la Universidad de Alabama, en Estados Unidos, becado no por su arte con las palabras y s\u00ed por sus calidades con la pelota, en un paso clave para orientar su trayectoria como fabulador de historias. En &#8220;R\u00edo Fugitivo&#8221;, una novela que anuda con belleza la existencia con la literatura, hay un futbolista argentino fracturado y sue\u00f1os de cancha que van y vienen. Algunas alusiones amagan gui\u00f1os a Jorge Luis Borges, el m\u00e1s c\u00e9lebre despotricador contra el f\u00fatbol que pari\u00f3 la Argentina, admirador, en cambio, de Ramiro Tamayo, un poeta boliviano que jam\u00e1s public\u00f3 su poemario, de acuerdo con lo que reconstruy\u00f3 el diplom\u00e1tico argentino Albino G\u00f3mez. Aclaraci\u00f3n para minuciosos: seg\u00fan precis\u00f3 Borges, Ramiro Tamayo carec\u00eda de v\u00ednculo con Franz Tamayo, un notorio poeta de Bolivia, sin rastros futboleros a la vista, pero con al menos una expresi\u00f3n deportiva: &#8220;Hay esp\u00edritus desnudos como atletas y otros descarnados como esqueletos&#8221;. Si lo sabr\u00e1n quienes miran partidos buenos y malos.<\/p>\n\n\n\n<p>Como el f\u00fatbol, la literatura a veces es una colecci\u00f3n de l\u00f3gicas y otras veces opera como una colecci\u00f3n de casualidades. Vaya a saber cu\u00e1l de estas dos dimensiones hizo que el apellido de aquel poeta reverenciado por Borges reapareciera futbolizado en una cr\u00f3nica argentino-boliviana de Roberto Fontanarrosa. En abril de 1997, a punto de que la Selecci\u00f3n de celeste y de blanco visitara a Bolivia en La Paz en las Eliminatorias conducentes al Mundial de Francia, el Negro firm\u00f3 una pintura a la que titul\u00f3 &#8220;La Quiaca nos deja sin excusas&#8221;. Ni Borges se hubiera podido resistir al primer eslab\u00f3n de esa cadena de risas: &#8220;\u00bfJuega Fornari?&#8221;, nos consulta Diego Tamayo, corresponsal del diario de Chuquisaca &#8216;La Voz de la Vicu\u00f1a&#8217;. Le contesto que no. Que Fornari integr\u00f3 aquel famoso &#8216;equipo fantasma&#8217; que, dirigido por el Cabez\u00f3n S\u00edvori, venci\u00f3 1 a 0 a Bolivia en las eliminatorias del Mundial 74. Tamayo disculpa su desconocimiento aduciendo que Bolivia est\u00e1 muy aislada por su falta de salida al mar. Pero insiste; que bien podr\u00eda estar jugando Fornari, ya que, como todos sabemos, &#8220;los fantasmas no tienen edad&#8221;.<\/p>\n\n\n\n<p>Cierto que aquella aventura de la Selecci\u00f3n fantasma, un grupo de muchachos separado de la Selecci\u00f3n principal al solo efecto de aclimatarse a las alturas en los comienzos de la d\u00e9cada del setenta, parece un cuento m\u00e1s audaz que cualquier cuento. Y ofrenda el desenlace de asombros que rescata Fontanarrosa gracias al gol del sanjuanino Oscar Fornari. Ocurre que en los pasados zurcidos entre argentinos y bolivianos sobre el pasto abunda lo previsible pero se intercalan asombros que la literatura captura muy bien. En esa l\u00ednea de perplejidades, Gabriel Kavlin, un joven escritor de Bolivia que forma parte de la p\u00e1gina <a href=\"http:\/\/futboxmedia.com\/?fbclid=IwAR3UxtUaHm-l5BotpC_Imjf9YBxIvBwxSw9Gx5srJ9BYQQjJ24gva581eu4\" rel=\"noreferrer noopener\" target=\"_blank\">futboxmedia.com<\/a>, concibe &#8220;Herencia&#8221;, con Miguelito, futbolista de seis a\u00f1os, un protagonista que quiebra las \u00e9pocas: sue\u00f1a ahora, en estos d\u00edas, pero no se propone emular a Lionel Messi o a Cristiano Ronaldo sino a Leopoldo Luque, el centrodelantero con el que Argentina fue campe\u00f3n mundial en 1978. Est\u00e1 lleno de transmisiones orales el f\u00fatbol: a Miguelito lo inspiran los relatos de su abuelo. Y desanda asombros, precisamente, Juan Jos\u00e9 Panno en un texto del blog Misi\u00f3n Qatar dedicado a la coincidencia temporal entre la goleada por 6 a 1 de Bolivia a la Argentina que dirig\u00eda Maradona en las Eliminatorias para el Mundial 2010 y la muerte del ex presidente Ra\u00fal Alfons\u00edn. A prop\u00f3sito de Maradona: el d\u00eda en que se muri\u00f3, Mar\u00eda Galindo, ensayista y escritora boliviana, anot\u00f3: &#8220;Un rebelde al que no pudieron domesticar pero s\u00ed pudieron confundir y destruir&#8221;.<\/p>\n\n\n\n<p>Algo de Argentina suele golpear la puerta de entrada a los textos futboleros bolivianos. Se nota en la antolog\u00eda hermosa &#8220;Domingo por la tarde&#8221;, toda con cuentos compilados por Ricardo Bajo. Y tambi\u00e9n en el aporte sociol\u00f3gico de Luis H. Antezana en &#8220;Un pajarillo llamado Man\u00e9&#8221;, que incluye una menci\u00f3n al 3 a 2 con el que Bolivia super\u00f3 a Argentina en el Sudamericano de 1963, en la que fung\u00eda de local, para encaminar uno de los primeros pasos rumbo a salir campe\u00f3n. Insalteable episodio que Antezana recupera: a nada del cierre, Bolivia percibi\u00f3 que se le esfumaba la posibilidad del triunfo porque fall\u00f3 un penal, pero la vida no se agota ni cuando insin\u00faa que se agota y, en una maniobra siguiente, Camacho emboc\u00f3 el tanto de la victoria.<\/p>\n\n\n\n<p>Juan Sasturain, director de la Biblioteca Nacional argentina, pobl\u00f3 de f\u00fatbol a su novela &#8220;La lucha contin\u00faa&#8221;, en la que hay un espacio llamado &#8220;Mr. Bolivia Gym&#8221;, acaso parodiando al M\u00edster Chile de la troupe luchadora de Mart\u00edn Karadagian y sus Titanes en el Ring. Sin embargo, su contribuci\u00f3n m\u00e1s memorable a los enlaces de f\u00fatbol entre Argentina y Bolivia fue su cobertura de la Copa Am\u00e9rica de Bolivia en 1987. En la final, Brasil se impuso a los locales por 3 a 1 en el bello estadio Hernando Siles. Sasturain sigui\u00f3 el duelo en tierra boliviana pero bien distante de all\u00ed: se desplaz\u00f3 hasta La Higuera, donde mataron al Che Guevara, y palpit\u00f3 c\u00f3mo se respiraba el partido en ese sitio. Aquella Copa Am\u00e9rica anticip\u00f3 la reticencia de ciertos clubes para ceder a sus jugadores, por lo que otro enviado especial, Horacio Pagani, la defini\u00f3 -s\u00f3lo en ese sentido- como &#8220;la Copa de la mala gana&#8221;. Igual, hab\u00eda mucho para explorar. Al cabo, Pagani termin\u00f3 charlando de f\u00fatbol y de esperanzas, en la plaza principal de Cochabamba, con alguien que era ex delantero y se volver\u00eda jefe de Estado: Evo Morales.<\/p>\n\n\n\n<p>La referencia a las cr\u00f3nicas se torna inevitable porque persisten algunas inolvidables sobre los Argentina-Bolivia de Eliminatorias. Tal vez ninguna porte tanta carga descriptiva y literaria a la vez como la de Osvaldo Ardizzone, en El Gr\u00e1fico, para el magro 1 a 0 argentino de 1969 en la Bombonera que anticipaba que no habr\u00eda pasaporte hacia M\u00e9xico 70. Y hay cr\u00f3nicas maravillosas como &#8220;El secuestro m\u00e1s extra\u00f1o del f\u00fatbol&#8221;, de Axel Ayala Ugarte, sobre lo que consiste, efectivamente, el m\u00e1s extra\u00f1o de los secuestros, el del La Paz F\u00fatbol Club, en El Alto. Ah\u00ed al comienzo del segundo p\u00e1rrafo, infaltable, un argentino mete un centro para un ataque que acabar\u00e1 en gol. O como la que, en su libro &#8220;De Am\u00e9rica&#8221;, incorpora el argentino Alejandro Droznes, uno de los pocos testigos de un Petrolero del Chaco de Bolivia-Universidad Cat\u00f3lica, al que la argentinidad se le cuela en las retinas cuando ve correr a su compatriota Mat\u00edas Defederico.<\/p>\n\n\n\n<p>Salvedad imprescindible: nada del f\u00fatbol de Argentina, o del f\u00fatbol de Bolivia o del f\u00fatbol que los une y los separa arriba de un rect\u00e1ngulo verde ser\u00eda factible sin arbitrajes. Y \u00e1rbitro campe\u00f3n en cualquier torneo de \u00e1rbitros fue y ser\u00e1 William Brett Cassidy, figura de &#8220;El hijo de Butch Cassidy&#8221;, el cuento en el que el siempre grande y siempre hincha de f\u00fatbol Osvaldo Soriano inventa el Mundial de 1942 en la Patagonia. William, cuyo progenitor ejerci\u00f3 de pistolero real con un tr\u00e1nsito por esa geograf\u00eda, debe abandonar la Argentina y marcha a Bolivia para otro destino. O para otro cuento: &#8220;\u00daltimos d\u00edas de William Brett Cassidy&#8221;. \u00bfQu\u00e9 hace semejante crack en ese periplo? Huella argentina, huella de Soriano: dirige un partido entre huelguistas del esta\u00f1o y tropas del gobierno.<\/p>\n\n\n\n<p>Tanto f\u00fatbol y tanta literatura en Argentina y en Bolivia. Tanto f\u00fatbol y tanta literatura entre Argentina y Bolivia.<\/p>\n\n\n\n<p>\u00bfY por qu\u00e9?<\/p>\n\n\n\n<p>No hay respuestas enteras, pero vale ir detr\u00e1s de una que enhebr\u00f3 la escritora boliviana Camila Urioste: &#8220;El f\u00fatbol es una met\u00e1fora de la vida humana, que tambi\u00e9n es un juego, que tambi\u00e9n se juega en equipo, que tambi\u00e9n depende del destino, que es impredecible y apasionante y cada partido es una oportunidad irrepetible, pero a veces, parad\u00f3jicamente, hay segundas oportunidades, y a veces es injusto o casi siempre es injusto pero no importa, ahora ganas y ma\u00f1ana pierdes y pasado vuelves a ganar. Y a veces gana el peor y a veces nada tiene sentido, pero el disfrute est\u00e1 en el encuentro, en el juego mismo, en el sudor y el grito y el intento. La literatura tambi\u00e9n es un juego en el que te juegas la vida\u201d.<\/p>\n\n\n\n<p>Quiz\u00e1s no alcance para competir con &#8220;Ser o no ser&#8221;.<\/p>\n\n\n\n<p>Pero casi.<\/p>\n","protected":false},"excerpt":{"rendered":"<p>Hay expertos en literatura que aseguran que la mejor frase publicada alguna vez en un&#8230;<\/p>\n","protected":false},"author":10,"featured_media":1810,"comment_status":"open","ping_status":"open","sticky":false,"template":"","format":"standard","meta":{"footnotes":""},"categories":[85],"tags":[],"class_list":["post-1809","post","type-post","status-publish","format-standard","has-post-thumbnail","hentry","category-el-tipo-que-marca-juega-y-escribe"],"yoast_head":"<!-- This site is optimized with the Yoast SEO plugin v19.5.1 - https:\/\/yoast.com\/wordpress\/plugins\/seo\/ -->\n<title>Bolivia-Argentina, un partido para los libros - LA PATRIA FUTBOLERA<\/title>\n<meta name=\"robots\" content=\"index, follow, max-snippet:-1, max-image-preview:large, max-video-preview:-1\" \/>\n<link rel=\"canonical\" href=\"https:\/\/lapatriafutbolera.com.ar\/index.php\/2023\/09\/12\/bolivia-argentina-un-partido-para-los-libros\/\" \/>\n<meta property=\"og:locale\" content=\"es_ES\" \/>\n<meta property=\"og:type\" content=\"article\" \/>\n<meta property=\"og:title\" content=\"Bolivia-Argentina, un partido para los libros - LA PATRIA FUTBOLERA\" \/>\n<meta property=\"og:description\" content=\"Hay expertos en literatura que aseguran que la mejor frase publicada alguna vez en un...\" \/>\n<meta property=\"og:url\" content=\"https:\/\/lapatriafutbolera.com.ar\/index.php\/2023\/09\/12\/bolivia-argentina-un-partido-para-los-libros\/\" \/>\n<meta property=\"og:site_name\" content=\"LA PATRIA FUTBOLERA\" \/>\n<meta property=\"article:published_time\" content=\"2023-09-12T12:57:36+00:00\" \/>\n<meta property=\"article:modified_time\" content=\"2023-09-15T12:59:05+00:00\" \/>\n<meta property=\"og:image\" content=\"https:\/\/lapatriafutbolera.com.ar\/wp-content\/uploads\/2023\/09\/378192124_2604914466330901_7995786329005558302_n.jpg\" \/>\n\t<meta property=\"og:image:width\" content=\"943\" \/>\n\t<meta property=\"og:image:height\" content=\"529\" \/>\n\t<meta property=\"og:image:type\" content=\"image\/jpeg\" \/>\n<meta name=\"author\" content=\"Ariel Scher\" \/>\n<meta name=\"twitter:card\" content=\"summary_large_image\" \/>\n<meta name=\"twitter:label1\" content=\"Escrito por\" \/>\n\t<meta name=\"twitter:data1\" content=\"Ariel Scher\" \/>\n\t<meta name=\"twitter:label2\" content=\"Tiempo de lectura\" \/>\n\t<meta name=\"twitter:data2\" content=\"9 minutos\" \/>\n<script type=\"application\/ld+json\" class=\"yoast-schema-graph\">{\"@context\":\"https:\/\/schema.org\",\"@graph\":[{\"@type\":\"Article\",\"@id\":\"https:\/\/lapatriafutbolera.com.ar\/index.php\/2023\/09\/12\/bolivia-argentina-un-partido-para-los-libros\/#article\",\"isPartOf\":{\"@id\":\"https:\/\/lapatriafutbolera.com.ar\/index.php\/2023\/09\/12\/bolivia-argentina-un-partido-para-los-libros\/\"},\"author\":{\"name\":\"Ariel Scher\",\"@id\":\"https:\/\/lapatriafutbolera.com.ar\/#\/schema\/person\/b678f896a0a50faecac575b8609d71aa\"},\"headline\":\"Bolivia-Argentina, un partido para los libros\",\"datePublished\":\"2023-09-12T12:57:36+00:00\",\"dateModified\":\"2023-09-15T12:59:05+00:00\",\"mainEntityOfPage\":{\"@id\":\"https:\/\/lapatriafutbolera.com.ar\/index.php\/2023\/09\/12\/bolivia-argentina-un-partido-para-los-libros\/\"},\"wordCount\":1875,\"commentCount\":0,\"publisher\":{\"@id\":\"https:\/\/lapatriafutbolera.com.ar\/#organization\"},\"articleSection\":[\"El Tipo que marca, juega y escribe\"],\"inLanguage\":\"es-AR\",\"potentialAction\":[{\"@type\":\"CommentAction\",\"name\":\"Comment\",\"target\":[\"https:\/\/lapatriafutbolera.com.ar\/index.php\/2023\/09\/12\/bolivia-argentina-un-partido-para-los-libros\/#respond\"]}]},{\"@type\":\"WebPage\",\"@id\":\"https:\/\/lapatriafutbolera.com.ar\/index.php\/2023\/09\/12\/bolivia-argentina-un-partido-para-los-libros\/\",\"url\":\"https:\/\/lapatriafutbolera.com.ar\/index.php\/2023\/09\/12\/bolivia-argentina-un-partido-para-los-libros\/\",\"name\":\"Bolivia-Argentina, un partido para los libros - LA PATRIA FUTBOLERA\",\"isPartOf\":{\"@id\":\"https:\/\/lapatriafutbolera.com.ar\/#website\"},\"datePublished\":\"2023-09-12T12:57:36+00:00\",\"dateModified\":\"2023-09-15T12:59:05+00:00\",\"breadcrumb\":{\"@id\":\"https:\/\/lapatriafutbolera.com.ar\/index.php\/2023\/09\/12\/bolivia-argentina-un-partido-para-los-libros\/#breadcrumb\"},\"inLanguage\":\"es-AR\",\"potentialAction\":[{\"@type\":\"ReadAction\",\"target\":[\"https:\/\/lapatriafutbolera.com.ar\/index.php\/2023\/09\/12\/bolivia-argentina-un-partido-para-los-libros\/\"]}]},{\"@type\":\"BreadcrumbList\",\"@id\":\"https:\/\/lapatriafutbolera.com.ar\/index.php\/2023\/09\/12\/bolivia-argentina-un-partido-para-los-libros\/#breadcrumb\",\"itemListElement\":[{\"@type\":\"ListItem\",\"position\":1,\"name\":\"Inicio\",\"item\":\"https:\/\/lapatriafutbolera.com.ar\/\"},{\"@type\":\"ListItem\",\"position\":2,\"name\":\"Bolivia-Argentina, un partido para los libros\"}]},{\"@type\":\"WebSite\",\"@id\":\"https:\/\/lapatriafutbolera.com.ar\/#website\",\"url\":\"https:\/\/lapatriafutbolera.com.ar\/\",\"name\":\"LA PATRIA FUTBOLERA\",\"description\":\"\",\"publisher\":{\"@id\":\"https:\/\/lapatriafutbolera.com.ar\/#organization\"},\"potentialAction\":[{\"@type\":\"SearchAction\",\"target\":{\"@type\":\"EntryPoint\",\"urlTemplate\":\"https:\/\/lapatriafutbolera.com.ar\/?s={search_term_string}\"},\"query-input\":\"required name=search_term_string\"}],\"inLanguage\":\"es-AR\"},{\"@type\":\"Organization\",\"@id\":\"https:\/\/lapatriafutbolera.com.ar\/#organization\",\"name\":\"LA PATRIA FUTBOLERA\",\"url\":\"https:\/\/lapatriafutbolera.com.ar\/\",\"sameAs\":[],\"logo\":{\"@type\":\"ImageObject\",\"inLanguage\":\"es-AR\",\"@id\":\"https:\/\/lapatriafutbolera.com.ar\/#\/schema\/logo\/image\/\",\"url\":\"https:\/\/lapatriafutbolera.com.ar\/wp-content\/uploads\/2025\/03\/cropped-LA-PATRIA-14.jpg\",\"contentUrl\":\"https:\/\/lapatriafutbolera.com.ar\/wp-content\/uploads\/2025\/03\/cropped-LA-PATRIA-14.jpg\",\"width\":1308,\"height\":221,\"caption\":\"LA PATRIA FUTBOLERA\"},\"image\":{\"@id\":\"https:\/\/lapatriafutbolera.com.ar\/#\/schema\/logo\/image\/\"}},{\"@type\":\"Person\",\"@id\":\"https:\/\/lapatriafutbolera.com.ar\/#\/schema\/person\/b678f896a0a50faecac575b8609d71aa\",\"name\":\"Ariel Scher\",\"image\":{\"@type\":\"ImageObject\",\"inLanguage\":\"es-AR\",\"@id\":\"https:\/\/lapatriafutbolera.com.ar\/#\/schema\/person\/image\/\",\"url\":\"https:\/\/secure.gravatar.com\/avatar\/76b3824675a40e45163a2a49107284188d784efa904c62a82e8b5cd2de313f08?s=96&d=mm&r=g\",\"contentUrl\":\"https:\/\/secure.gravatar.com\/avatar\/76b3824675a40e45163a2a49107284188d784efa904c62a82e8b5cd2de313f08?s=96&d=mm&r=g\",\"caption\":\"Ariel Scher\"},\"url\":\"https:\/\/lapatriafutbolera.com.ar\/index.php\/author\/ariel-scher\/\"}]}<\/script>\n<!-- \/ Yoast SEO plugin. -->","yoast_head_json":{"title":"Bolivia-Argentina, un partido para los libros - LA PATRIA FUTBOLERA","robots":{"index":"index","follow":"follow","max-snippet":"max-snippet:-1","max-image-preview":"max-image-preview:large","max-video-preview":"max-video-preview:-1"},"canonical":"https:\/\/lapatriafutbolera.com.ar\/index.php\/2023\/09\/12\/bolivia-argentina-un-partido-para-los-libros\/","og_locale":"es_ES","og_type":"article","og_title":"Bolivia-Argentina, un partido para los libros - LA PATRIA FUTBOLERA","og_description":"Hay expertos en literatura que aseguran que la mejor frase publicada alguna vez en un...","og_url":"https:\/\/lapatriafutbolera.com.ar\/index.php\/2023\/09\/12\/bolivia-argentina-un-partido-para-los-libros\/","og_site_name":"LA PATRIA FUTBOLERA","article_published_time":"2023-09-12T12:57:36+00:00","article_modified_time":"2023-09-15T12:59:05+00:00","og_image":[{"width":943,"height":529,"url":"https:\/\/lapatriafutbolera.com.ar\/wp-content\/uploads\/2023\/09\/378192124_2604914466330901_7995786329005558302_n.jpg","type":"image\/jpeg"}],"author":"Ariel Scher","twitter_card":"summary_large_image","twitter_misc":{"Escrito por":"Ariel Scher","Tiempo de lectura":"9 minutos"},"schema":{"@context":"https:\/\/schema.org","@graph":[{"@type":"Article","@id":"https:\/\/lapatriafutbolera.com.ar\/index.php\/2023\/09\/12\/bolivia-argentina-un-partido-para-los-libros\/#article","isPartOf":{"@id":"https:\/\/lapatriafutbolera.com.ar\/index.php\/2023\/09\/12\/bolivia-argentina-un-partido-para-los-libros\/"},"author":{"name":"Ariel Scher","@id":"https:\/\/lapatriafutbolera.com.ar\/#\/schema\/person\/b678f896a0a50faecac575b8609d71aa"},"headline":"Bolivia-Argentina, un partido para los libros","datePublished":"2023-09-12T12:57:36+00:00","dateModified":"2023-09-15T12:59:05+00:00","mainEntityOfPage":{"@id":"https:\/\/lapatriafutbolera.com.ar\/index.php\/2023\/09\/12\/bolivia-argentina-un-partido-para-los-libros\/"},"wordCount":1875,"commentCount":0,"publisher":{"@id":"https:\/\/lapatriafutbolera.com.ar\/#organization"},"articleSection":["El Tipo que marca, juega y escribe"],"inLanguage":"es-AR","potentialAction":[{"@type":"CommentAction","name":"Comment","target":["https:\/\/lapatriafutbolera.com.ar\/index.php\/2023\/09\/12\/bolivia-argentina-un-partido-para-los-libros\/#respond"]}]},{"@type":"WebPage","@id":"https:\/\/lapatriafutbolera.com.ar\/index.php\/2023\/09\/12\/bolivia-argentina-un-partido-para-los-libros\/","url":"https:\/\/lapatriafutbolera.com.ar\/index.php\/2023\/09\/12\/bolivia-argentina-un-partido-para-los-libros\/","name":"Bolivia-Argentina, un partido para los libros - LA PATRIA FUTBOLERA","isPartOf":{"@id":"https:\/\/lapatriafutbolera.com.ar\/#website"},"datePublished":"2023-09-12T12:57:36+00:00","dateModified":"2023-09-15T12:59:05+00:00","breadcrumb":{"@id":"https:\/\/lapatriafutbolera.com.ar\/index.php\/2023\/09\/12\/bolivia-argentina-un-partido-para-los-libros\/#breadcrumb"},"inLanguage":"es-AR","potentialAction":[{"@type":"ReadAction","target":["https:\/\/lapatriafutbolera.com.ar\/index.php\/2023\/09\/12\/bolivia-argentina-un-partido-para-los-libros\/"]}]},{"@type":"BreadcrumbList","@id":"https:\/\/lapatriafutbolera.com.ar\/index.php\/2023\/09\/12\/bolivia-argentina-un-partido-para-los-libros\/#breadcrumb","itemListElement":[{"@type":"ListItem","position":1,"name":"Inicio","item":"https:\/\/lapatriafutbolera.com.ar\/"},{"@type":"ListItem","position":2,"name":"Bolivia-Argentina, un partido para los libros"}]},{"@type":"WebSite","@id":"https:\/\/lapatriafutbolera.com.ar\/#website","url":"https:\/\/lapatriafutbolera.com.ar\/","name":"LA PATRIA FUTBOLERA","description":"","publisher":{"@id":"https:\/\/lapatriafutbolera.com.ar\/#organization"},"potentialAction":[{"@type":"SearchAction","target":{"@type":"EntryPoint","urlTemplate":"https:\/\/lapatriafutbolera.com.ar\/?s={search_term_string}"},"query-input":"required name=search_term_string"}],"inLanguage":"es-AR"},{"@type":"Organization","@id":"https:\/\/lapatriafutbolera.com.ar\/#organization","name":"LA PATRIA FUTBOLERA","url":"https:\/\/lapatriafutbolera.com.ar\/","sameAs":[],"logo":{"@type":"ImageObject","inLanguage":"es-AR","@id":"https:\/\/lapatriafutbolera.com.ar\/#\/schema\/logo\/image\/","url":"https:\/\/lapatriafutbolera.com.ar\/wp-content\/uploads\/2025\/03\/cropped-LA-PATRIA-14.jpg","contentUrl":"https:\/\/lapatriafutbolera.com.ar\/wp-content\/uploads\/2025\/03\/cropped-LA-PATRIA-14.jpg","width":1308,"height":221,"caption":"LA PATRIA FUTBOLERA"},"image":{"@id":"https:\/\/lapatriafutbolera.com.ar\/#\/schema\/logo\/image\/"}},{"@type":"Person","@id":"https:\/\/lapatriafutbolera.com.ar\/#\/schema\/person\/b678f896a0a50faecac575b8609d71aa","name":"Ariel Scher","image":{"@type":"ImageObject","inLanguage":"es-AR","@id":"https:\/\/lapatriafutbolera.com.ar\/#\/schema\/person\/image\/","url":"https:\/\/secure.gravatar.com\/avatar\/76b3824675a40e45163a2a49107284188d784efa904c62a82e8b5cd2de313f08?s=96&d=mm&r=g","contentUrl":"https:\/\/secure.gravatar.com\/avatar\/76b3824675a40e45163a2a49107284188d784efa904c62a82e8b5cd2de313f08?s=96&d=mm&r=g","caption":"Ariel Scher"},"url":"https:\/\/lapatriafutbolera.com.ar\/index.php\/author\/ariel-scher\/"}]}},"_links":{"self":[{"href":"https:\/\/lapatriafutbolera.com.ar\/index.php\/wp-json\/wp\/v2\/posts\/1809","targetHints":{"allow":["GET"]}}],"collection":[{"href":"https:\/\/lapatriafutbolera.com.ar\/index.php\/wp-json\/wp\/v2\/posts"}],"about":[{"href":"https:\/\/lapatriafutbolera.com.ar\/index.php\/wp-json\/wp\/v2\/types\/post"}],"author":[{"embeddable":true,"href":"https:\/\/lapatriafutbolera.com.ar\/index.php\/wp-json\/wp\/v2\/users\/10"}],"replies":[{"embeddable":true,"href":"https:\/\/lapatriafutbolera.com.ar\/index.php\/wp-json\/wp\/v2\/comments?post=1809"}],"version-history":[{"count":1,"href":"https:\/\/lapatriafutbolera.com.ar\/index.php\/wp-json\/wp\/v2\/posts\/1809\/revisions"}],"predecessor-version":[{"id":1811,"href":"https:\/\/lapatriafutbolera.com.ar\/index.php\/wp-json\/wp\/v2\/posts\/1809\/revisions\/1811"}],"wp:featuredmedia":[{"embeddable":true,"href":"https:\/\/lapatriafutbolera.com.ar\/index.php\/wp-json\/wp\/v2\/media\/1810"}],"wp:attachment":[{"href":"https:\/\/lapatriafutbolera.com.ar\/index.php\/wp-json\/wp\/v2\/media?parent=1809"}],"wp:term":[{"taxonomy":"category","embeddable":true,"href":"https:\/\/lapatriafutbolera.com.ar\/index.php\/wp-json\/wp\/v2\/categories?post=1809"},{"taxonomy":"post_tag","embeddable":true,"href":"https:\/\/lapatriafutbolera.com.ar\/index.php\/wp-json\/wp\/v2\/tags?post=1809"}],"curies":[{"name":"wp","href":"https:\/\/api.w.org\/{rel}","templated":true}]}}