{"id":1812,"date":"2023-09-05T10:03:26","date_gmt":"2023-09-05T13:03:26","guid":{"rendered":"https:\/\/lapatriafutbolera.com.ar\/?p=1812"},"modified":"2023-09-15T10:10:14","modified_gmt":"2023-09-15T13:10:14","slug":"anoche-tuve-un-sueno","status":"publish","type":"post","link":"https:\/\/lapatriafutbolera.com.ar\/index.php\/2023\/09\/05\/anoche-tuve-un-sueno\/","title":{"rendered":"Anoche tuve un sue\u00f1o"},"content":{"rendered":"\n<h4 class=\"wp-block-heading\">Las emociones del Negro Fontanarrosa el 5 de septiembre de 1993 cuando Argentina perdi\u00f3 5-0 con Colombia, en River, por las Eliminatorias.<\/h4>\n\n\n\n<p>Faltan cinco minutos para comenzar el partido y, parafraseando a otro l\u00edder negro tr\u00e1gicamante desaparecido, le confieso a los muchachos: Anoche tuve un sue\u00f1o. Perd\u00edamos dos a cero con los colombianos con goles de Valencia y Asprilla a los 10 y 11 minutos del primer tiempo . Entonces para qu\u00e9 vamos a ver el partido? , me reprocha El Ale . Pero &#8211;duda El Colo &#8212; el partido terminaba as\u00ed o levant\u00e1bamos en el segundo tiempo? . No s\u00e9 &#8211;le digo&#8211; con dos a cero en el arranque, para qu\u00e9 iba a quedarme a verlo entero? Me fui del sue\u00f1o . No obstante, coincidimos en que ser\u00e1 sencillo verificar si el sue\u00f1o ha sido una vigorosa premonici\u00f3n o, tan solo, otra falacia del subconsciente. Si a los diez minutos no nos han metido una pepa &#8211;tranquiliza Fernando&#8211;, quiere decir que eran todas macanas . Admito que sufrimos mucho ese primer cuarto de hora, en tanto nos pregunt\u00e1bamos cu\u00e1l ser\u00eda la evaluaci\u00f3n de un sicoanalista ante esta clase de sue\u00f1o..<\/p>\n\n\n\n<p>\u00bfUna concepci\u00f3n derrotista producto de alguna defecci\u00f3n en la infancia? \u00bfO un mero desajuste de los zagueros centrales? Lo cierto es que, dos horas despu\u00e9s, todos acord\u00e1bamos en que aquel hab\u00eda sido un sue\u00f1o casi generoso, cargado de ternura. Pero que se manifestar\u00eda luego, recurrente: la noche del domingo, volv\u00ed a so\u00f1ar con los colombianos. Y anoche tambi\u00e9n: No tome tanto caf\u00e9 , me dijo el m\u00e9dico.<\/p>\n\n\n\n<p>Rinc\u00f3n ha metido el derechazo a pique, al suelo, roza en alguien, se va a la red por tercera vez y la sensaci\u00f3n entre nosotros casi no es de amargura. Es de estupor. Como si hubi\u00e9ramos abierto la azucarera y hubiese estallado una garrafa. Nos cuesta severamente recuperar el lenguaje.<\/p>\n\n\n\n<p>Se escapa Asprilla, la pone de gotera sobre la cabeza de Goyco y ya no nos preguntamos D\u00f3nde est\u00e1 la defensa? . No. D\u00f3nde est\u00e1 Defensa Civil . Esto es un desastre hist\u00f3rico. Una cat\u00e1strofe nacional. Algo parecido a cuando nev\u00f3 en Rosario o al terremoto de Caucete.<\/p>\n\n\n\n<p>Yo estaba ba\u00f1\u00e1ndome cuando Valencia meti\u00f3 el quinto, rememorar\u00e1 alguien, dentro de veinte a\u00f1os. Yo hab\u00eda ido a despedir a mi t\u00edo, que se iba a Arequito, cuando Asprilla meti\u00f3 el segundo , retacar\u00e1 otro. Creo que nos asombramos de que no se cortara la transmisi\u00f3n y apareciera el escudo nacional.<\/p>\n\n\n\n<p>Asprilla corre y parece que se va a desarmar. Bracea y mete unas zancadas de jirafa negra. Cuerpea con Borelli (que es r\u00e1pido), corriendo por un pasillito m\u00ednimo entre las piernas del Cacho y la l\u00ednea de toque. Cuando parece que Borelli va a voltearlo o lo va a enganchar con un brazo, Asprilla acelera sobre su propia aceleraci\u00f3n y, como el Correcaminos, le saca dos metros al marcador doblando en un v\u00e9rtigo por la l\u00ednea del c\u00f3rner.<\/p>\n\n\n\n<p>Rinc\u00f3n es, incluso, m\u00e1s grandote y parece hormig\u00f3n armado. Podr\u00eda ser un acompa\u00f1ante negro de Bruce Willis o de Mel Gibson. Mete la tranca y la pelota se oblonga. Salta a buscarla arriba, y parece hecho en otra escala. Cuando lo ve al Pibe traerla, Freddy huele la brisa y olfatea el hueco que le ha hecho Asprilla, vini\u00e9ndose por el medio.<\/p>\n\n\n\n<p>El Pibe parece decidirse por la izquierda pero, como en el empate del Mundial contra Alemania, sabe que Freddy llega tocando pito por la derecha. Rinc\u00f3n encara el pase y todos sabemos que ya no hay quien lo pare. Se ha puesto las botas de las siete leguas y gana ocho metros donde solo hay uno. Se da tiempo para mirarlo al Goyco, abrirse sobre su diestra y luego cruzarla bajo, sin alharaca.<\/p>\n\n\n\n<p>El Tren Valencia se alfombr\u00f3 una faja de la cabeza. Un modelo mohicano, pero m\u00e1s ancho. Impresiona m\u00e1s, quiz\u00e1, porque aqu\u00ed ya no hay ferrocarriles. Se escapa Asprilla como 11, pero parece estar solo. Mete el freno, aguarda un segundo y pone la globa, de refil\u00f3n, bien finita, por un huequito lubricado entre los zagueros.<\/p>\n\n\n\n<p>Desde el fondo mismo de la pantalla llega Valencia, a mil y ni siquiera patea. Ofrece el empeine y la deja adentro. Noin se pregunta: \u00bfCu\u00e1nto faltar\u00e1 para que los jugadores de f\u00fatbol sean todos negros, como los basquetbolistas de la NBA? Nigeria le acaba de ganar la final de los pibes a Ghana. Uno sintoniza el f\u00fatbol holand\u00e9s y, entre los rubios payos que abundan en la zona, nunca faltan cinco o seis negritos que la hacen de trapo. Cuando llegue ese d\u00eda, volver\u00e1 Michael Jackson a ser el de antes? Es el medio tiempo y se viene la noche. Decidimos que es imperioso un cambio posicional. Yo voy a donde estaba sentado Alejandro. Alejandro, a mi puesto. El Colo se corre junto a Chiquito y Fernando deja su ubicaci\u00f3n a Nem . Qui\u00e9n toma al Pibe ? , pregunta alguien. Pero eso no es todo. La vela , reclamamos a grito. Aparece Liliana con la venerada vela que permitiese el milagroso segundo puesto en el Mundial de Italia. Se prende como si fuese la apertura de las Olimpiadas. Una hora despu\u00e9s hay amargos reproches contra la vela. Ya no queda ni ese fuego sagrado. Alejandro reivindica: No permiti\u00f3 el tercero de Paraguay, defiende. Estamos de acuerdo. Tendr\u00e1 otra oportunidad contra los tanques australianos.<\/p>\n\n\n\n<p>Pienso en la alegr\u00eda de mis amigos colombianos Daniel Samper (tiene la elegancia bogotana de no llamarme desde Madrid, al final del partido); la Chiva Cort\u00e9s, Alberto Casas. Pero no me conforma. Ocurre que nos hab\u00edan enga\u00f1ado. Nos hab\u00edan dicho que el f\u00fatbol que gusta a la gente no gana. Pero, est\u00e1 demostrado, a veces, eso pasa.<\/p>\n\n\n\n<p>Como ocurre, extra\u00f1amente con el Sao Paulo, el Mil\u00e1n, el Barcelona. Sin embargo, qui\u00e9n ha dicho que todo est\u00e1 perdido? Entraremos al Mundial de Estados Unidos, aunque sea por la puerta de servicio. Y cuando estemos de nuevo todos juntos, vela y sue\u00f1o incluidos, esperando la salida de Argentina al verde c\u00e9sped del estallido de los Dodgers, ni nos acordaremos de este lacerante atardecer, oscuro como la piel de Faustino Asprilla.<\/p>\n\n\n\n<p><\/p>\n","protected":false},"excerpt":{"rendered":"<p>Las emociones del Negro Fontanarrosa el 5 de septiembre de 1993 cuando Argentina perdi\u00f3 5-0&#8230;<\/p>\n","protected":false},"author":10,"featured_media":1813,"comment_status":"open","ping_status":"open","sticky":false,"template":"","format":"standard","meta":{"footnotes":""},"categories":[14],"tags":[],"class_list":["post-1812","post","type-post","status-publish","format-standard","has-post-thumbnail","hentry","category-el-negro-canalla"],"yoast_head":"<!-- This site is optimized with the Yoast SEO plugin v19.5.1 - https:\/\/yoast.com\/wordpress\/plugins\/seo\/ -->\n<title>Anoche tuve un sue\u00f1o - LA PATRIA FUTBOLERA<\/title>\n<meta name=\"robots\" content=\"index, follow, max-snippet:-1, max-image-preview:large, max-video-preview:-1\" \/>\n<link rel=\"canonical\" href=\"https:\/\/lapatriafutbolera.com.ar\/index.php\/2023\/09\/05\/anoche-tuve-un-sueno\/\" \/>\n<meta property=\"og:locale\" content=\"es_ES\" \/>\n<meta property=\"og:type\" content=\"article\" \/>\n<meta property=\"og:title\" content=\"Anoche tuve un sue\u00f1o - LA PATRIA FUTBOLERA\" \/>\n<meta property=\"og:description\" content=\"Las emociones del Negro Fontanarrosa el 5 de septiembre de 1993 cuando Argentina perdi\u00f3 5-0...\" \/>\n<meta property=\"og:url\" content=\"https:\/\/lapatriafutbolera.com.ar\/index.php\/2023\/09\/05\/anoche-tuve-un-sueno\/\" \/>\n<meta property=\"og:site_name\" content=\"LA PATRIA FUTBOLERA\" \/>\n<meta property=\"article:published_time\" content=\"2023-09-05T13:03:26+00:00\" \/>\n<meta property=\"article:modified_time\" content=\"2023-09-15T13:10:14+00:00\" \/>\n<meta property=\"og:image\" content=\"https:\/\/lapatriafutbolera.com.ar\/wp-content\/uploads\/2023\/09\/canalla-0-5.jpg\" \/>\n\t<meta property=\"og:image:width\" content=\"1920\" \/>\n\t<meta property=\"og:image:height\" content=\"1080\" \/>\n\t<meta property=\"og:image:type\" content=\"image\/jpeg\" \/>\n<meta name=\"author\" content=\"Ariel Scher\" \/>\n<meta name=\"twitter:card\" content=\"summary_large_image\" \/>\n<meta name=\"twitter:label1\" content=\"Escrito por\" \/>\n\t<meta name=\"twitter:data1\" content=\"Ariel Scher\" \/>\n\t<meta name=\"twitter:label2\" content=\"Tiempo de lectura\" \/>\n\t<meta name=\"twitter:data2\" content=\"5 minutos\" \/>\n<script type=\"application\/ld+json\" class=\"yoast-schema-graph\">{\"@context\":\"https:\/\/schema.org\",\"@graph\":[{\"@type\":\"Article\",\"@id\":\"https:\/\/lapatriafutbolera.com.ar\/index.php\/2023\/09\/05\/anoche-tuve-un-sueno\/#article\",\"isPartOf\":{\"@id\":\"https:\/\/lapatriafutbolera.com.ar\/index.php\/2023\/09\/05\/anoche-tuve-un-sueno\/\"},\"author\":{\"name\":\"Ariel Scher\",\"@id\":\"https:\/\/lapatriafutbolera.com.ar\/#\/schema\/person\/b678f896a0a50faecac575b8609d71aa\"},\"headline\":\"Anoche tuve un sue\u00f1o\",\"datePublished\":\"2023-09-05T13:03:26+00:00\",\"dateModified\":\"2023-09-15T13:10:14+00:00\",\"mainEntityOfPage\":{\"@id\":\"https:\/\/lapatriafutbolera.com.ar\/index.php\/2023\/09\/05\/anoche-tuve-un-sueno\/\"},\"wordCount\":1075,\"commentCount\":0,\"publisher\":{\"@id\":\"https:\/\/lapatriafutbolera.com.ar\/#organization\"},\"articleSection\":[\"El Negro Canalla\"],\"inLanguage\":\"es-AR\",\"potentialAction\":[{\"@type\":\"CommentAction\",\"name\":\"Comment\",\"target\":[\"https:\/\/lapatriafutbolera.com.ar\/index.php\/2023\/09\/05\/anoche-tuve-un-sueno\/#respond\"]}]},{\"@type\":\"WebPage\",\"@id\":\"https:\/\/lapatriafutbolera.com.ar\/index.php\/2023\/09\/05\/anoche-tuve-un-sueno\/\",\"url\":\"https:\/\/lapatriafutbolera.com.ar\/index.php\/2023\/09\/05\/anoche-tuve-un-sueno\/\",\"name\":\"Anoche tuve un sue\u00f1o - LA PATRIA FUTBOLERA\",\"isPartOf\":{\"@id\":\"https:\/\/lapatriafutbolera.com.ar\/#website\"},\"datePublished\":\"2023-09-05T13:03:26+00:00\",\"dateModified\":\"2023-09-15T13:10:14+00:00\",\"breadcrumb\":{\"@id\":\"https:\/\/lapatriafutbolera.com.ar\/index.php\/2023\/09\/05\/anoche-tuve-un-sueno\/#breadcrumb\"},\"inLanguage\":\"es-AR\",\"potentialAction\":[{\"@type\":\"ReadAction\",\"target\":[\"https:\/\/lapatriafutbolera.com.ar\/index.php\/2023\/09\/05\/anoche-tuve-un-sueno\/\"]}]},{\"@type\":\"BreadcrumbList\",\"@id\":\"https:\/\/lapatriafutbolera.com.ar\/index.php\/2023\/09\/05\/anoche-tuve-un-sueno\/#breadcrumb\",\"itemListElement\":[{\"@type\":\"ListItem\",\"position\":1,\"name\":\"Inicio\",\"item\":\"https:\/\/lapatriafutbolera.com.ar\/\"},{\"@type\":\"ListItem\",\"position\":2,\"name\":\"Anoche tuve un sue\u00f1o\"}]},{\"@type\":\"WebSite\",\"@id\":\"https:\/\/lapatriafutbolera.com.ar\/#website\",\"url\":\"https:\/\/lapatriafutbolera.com.ar\/\",\"name\":\"LA PATRIA FUTBOLERA\",\"description\":\"\",\"publisher\":{\"@id\":\"https:\/\/lapatriafutbolera.com.ar\/#organization\"},\"potentialAction\":[{\"@type\":\"SearchAction\",\"target\":{\"@type\":\"EntryPoint\",\"urlTemplate\":\"https:\/\/lapatriafutbolera.com.ar\/?s={search_term_string}\"},\"query-input\":\"required name=search_term_string\"}],\"inLanguage\":\"es-AR\"},{\"@type\":\"Organization\",\"@id\":\"https:\/\/lapatriafutbolera.com.ar\/#organization\",\"name\":\"LA PATRIA FUTBOLERA\",\"url\":\"https:\/\/lapatriafutbolera.com.ar\/\",\"sameAs\":[],\"logo\":{\"@type\":\"ImageObject\",\"inLanguage\":\"es-AR\",\"@id\":\"https:\/\/lapatriafutbolera.com.ar\/#\/schema\/logo\/image\/\",\"url\":\"https:\/\/lapatriafutbolera.com.ar\/wp-content\/uploads\/2025\/03\/cropped-LA-PATRIA-14.jpg\",\"contentUrl\":\"https:\/\/lapatriafutbolera.com.ar\/wp-content\/uploads\/2025\/03\/cropped-LA-PATRIA-14.jpg\",\"width\":1308,\"height\":221,\"caption\":\"LA PATRIA FUTBOLERA\"},\"image\":{\"@id\":\"https:\/\/lapatriafutbolera.com.ar\/#\/schema\/logo\/image\/\"}},{\"@type\":\"Person\",\"@id\":\"https:\/\/lapatriafutbolera.com.ar\/#\/schema\/person\/b678f896a0a50faecac575b8609d71aa\",\"name\":\"Ariel Scher\",\"image\":{\"@type\":\"ImageObject\",\"inLanguage\":\"es-AR\",\"@id\":\"https:\/\/lapatriafutbolera.com.ar\/#\/schema\/person\/image\/\",\"url\":\"https:\/\/secure.gravatar.com\/avatar\/76b3824675a40e45163a2a49107284188d784efa904c62a82e8b5cd2de313f08?s=96&d=mm&r=g\",\"contentUrl\":\"https:\/\/secure.gravatar.com\/avatar\/76b3824675a40e45163a2a49107284188d784efa904c62a82e8b5cd2de313f08?s=96&d=mm&r=g\",\"caption\":\"Ariel Scher\"},\"url\":\"https:\/\/lapatriafutbolera.com.ar\/index.php\/author\/ariel-scher\/\"}]}<\/script>\n<!-- \/ Yoast SEO plugin. -->","yoast_head_json":{"title":"Anoche tuve un sue\u00f1o - LA PATRIA FUTBOLERA","robots":{"index":"index","follow":"follow","max-snippet":"max-snippet:-1","max-image-preview":"max-image-preview:large","max-video-preview":"max-video-preview:-1"},"canonical":"https:\/\/lapatriafutbolera.com.ar\/index.php\/2023\/09\/05\/anoche-tuve-un-sueno\/","og_locale":"es_ES","og_type":"article","og_title":"Anoche tuve un sue\u00f1o - LA PATRIA FUTBOLERA","og_description":"Las emociones del Negro Fontanarrosa el 5 de septiembre de 1993 cuando Argentina perdi\u00f3 5-0...","og_url":"https:\/\/lapatriafutbolera.com.ar\/index.php\/2023\/09\/05\/anoche-tuve-un-sueno\/","og_site_name":"LA PATRIA FUTBOLERA","article_published_time":"2023-09-05T13:03:26+00:00","article_modified_time":"2023-09-15T13:10:14+00:00","og_image":[{"width":1920,"height":1080,"url":"https:\/\/lapatriafutbolera.com.ar\/wp-content\/uploads\/2023\/09\/canalla-0-5.jpg","type":"image\/jpeg"}],"author":"Ariel Scher","twitter_card":"summary_large_image","twitter_misc":{"Escrito por":"Ariel Scher","Tiempo de lectura":"5 minutos"},"schema":{"@context":"https:\/\/schema.org","@graph":[{"@type":"Article","@id":"https:\/\/lapatriafutbolera.com.ar\/index.php\/2023\/09\/05\/anoche-tuve-un-sueno\/#article","isPartOf":{"@id":"https:\/\/lapatriafutbolera.com.ar\/index.php\/2023\/09\/05\/anoche-tuve-un-sueno\/"},"author":{"name":"Ariel Scher","@id":"https:\/\/lapatriafutbolera.com.ar\/#\/schema\/person\/b678f896a0a50faecac575b8609d71aa"},"headline":"Anoche tuve un sue\u00f1o","datePublished":"2023-09-05T13:03:26+00:00","dateModified":"2023-09-15T13:10:14+00:00","mainEntityOfPage":{"@id":"https:\/\/lapatriafutbolera.com.ar\/index.php\/2023\/09\/05\/anoche-tuve-un-sueno\/"},"wordCount":1075,"commentCount":0,"publisher":{"@id":"https:\/\/lapatriafutbolera.com.ar\/#organization"},"articleSection":["El Negro Canalla"],"inLanguage":"es-AR","potentialAction":[{"@type":"CommentAction","name":"Comment","target":["https:\/\/lapatriafutbolera.com.ar\/index.php\/2023\/09\/05\/anoche-tuve-un-sueno\/#respond"]}]},{"@type":"WebPage","@id":"https:\/\/lapatriafutbolera.com.ar\/index.php\/2023\/09\/05\/anoche-tuve-un-sueno\/","url":"https:\/\/lapatriafutbolera.com.ar\/index.php\/2023\/09\/05\/anoche-tuve-un-sueno\/","name":"Anoche tuve un sue\u00f1o - LA PATRIA FUTBOLERA","isPartOf":{"@id":"https:\/\/lapatriafutbolera.com.ar\/#website"},"datePublished":"2023-09-05T13:03:26+00:00","dateModified":"2023-09-15T13:10:14+00:00","breadcrumb":{"@id":"https:\/\/lapatriafutbolera.com.ar\/index.php\/2023\/09\/05\/anoche-tuve-un-sueno\/#breadcrumb"},"inLanguage":"es-AR","potentialAction":[{"@type":"ReadAction","target":["https:\/\/lapatriafutbolera.com.ar\/index.php\/2023\/09\/05\/anoche-tuve-un-sueno\/"]}]},{"@type":"BreadcrumbList","@id":"https:\/\/lapatriafutbolera.com.ar\/index.php\/2023\/09\/05\/anoche-tuve-un-sueno\/#breadcrumb","itemListElement":[{"@type":"ListItem","position":1,"name":"Inicio","item":"https:\/\/lapatriafutbolera.com.ar\/"},{"@type":"ListItem","position":2,"name":"Anoche tuve un sue\u00f1o"}]},{"@type":"WebSite","@id":"https:\/\/lapatriafutbolera.com.ar\/#website","url":"https:\/\/lapatriafutbolera.com.ar\/","name":"LA PATRIA FUTBOLERA","description":"","publisher":{"@id":"https:\/\/lapatriafutbolera.com.ar\/#organization"},"potentialAction":[{"@type":"SearchAction","target":{"@type":"EntryPoint","urlTemplate":"https:\/\/lapatriafutbolera.com.ar\/?s={search_term_string}"},"query-input":"required name=search_term_string"}],"inLanguage":"es-AR"},{"@type":"Organization","@id":"https:\/\/lapatriafutbolera.com.ar\/#organization","name":"LA PATRIA FUTBOLERA","url":"https:\/\/lapatriafutbolera.com.ar\/","sameAs":[],"logo":{"@type":"ImageObject","inLanguage":"es-AR","@id":"https:\/\/lapatriafutbolera.com.ar\/#\/schema\/logo\/image\/","url":"https:\/\/lapatriafutbolera.com.ar\/wp-content\/uploads\/2025\/03\/cropped-LA-PATRIA-14.jpg","contentUrl":"https:\/\/lapatriafutbolera.com.ar\/wp-content\/uploads\/2025\/03\/cropped-LA-PATRIA-14.jpg","width":1308,"height":221,"caption":"LA PATRIA FUTBOLERA"},"image":{"@id":"https:\/\/lapatriafutbolera.com.ar\/#\/schema\/logo\/image\/"}},{"@type":"Person","@id":"https:\/\/lapatriafutbolera.com.ar\/#\/schema\/person\/b678f896a0a50faecac575b8609d71aa","name":"Ariel Scher","image":{"@type":"ImageObject","inLanguage":"es-AR","@id":"https:\/\/lapatriafutbolera.com.ar\/#\/schema\/person\/image\/","url":"https:\/\/secure.gravatar.com\/avatar\/76b3824675a40e45163a2a49107284188d784efa904c62a82e8b5cd2de313f08?s=96&d=mm&r=g","contentUrl":"https:\/\/secure.gravatar.com\/avatar\/76b3824675a40e45163a2a49107284188d784efa904c62a82e8b5cd2de313f08?s=96&d=mm&r=g","caption":"Ariel Scher"},"url":"https:\/\/lapatriafutbolera.com.ar\/index.php\/author\/ariel-scher\/"}]}},"_links":{"self":[{"href":"https:\/\/lapatriafutbolera.com.ar\/index.php\/wp-json\/wp\/v2\/posts\/1812","targetHints":{"allow":["GET"]}}],"collection":[{"href":"https:\/\/lapatriafutbolera.com.ar\/index.php\/wp-json\/wp\/v2\/posts"}],"about":[{"href":"https:\/\/lapatriafutbolera.com.ar\/index.php\/wp-json\/wp\/v2\/types\/post"}],"author":[{"embeddable":true,"href":"https:\/\/lapatriafutbolera.com.ar\/index.php\/wp-json\/wp\/v2\/users\/10"}],"replies":[{"embeddable":true,"href":"https:\/\/lapatriafutbolera.com.ar\/index.php\/wp-json\/wp\/v2\/comments?post=1812"}],"version-history":[{"count":2,"href":"https:\/\/lapatriafutbolera.com.ar\/index.php\/wp-json\/wp\/v2\/posts\/1812\/revisions"}],"predecessor-version":[{"id":1816,"href":"https:\/\/lapatriafutbolera.com.ar\/index.php\/wp-json\/wp\/v2\/posts\/1812\/revisions\/1816"}],"wp:featuredmedia":[{"embeddable":true,"href":"https:\/\/lapatriafutbolera.com.ar\/index.php\/wp-json\/wp\/v2\/media\/1813"}],"wp:attachment":[{"href":"https:\/\/lapatriafutbolera.com.ar\/index.php\/wp-json\/wp\/v2\/media?parent=1812"}],"wp:term":[{"taxonomy":"category","embeddable":true,"href":"https:\/\/lapatriafutbolera.com.ar\/index.php\/wp-json\/wp\/v2\/categories?post=1812"},{"taxonomy":"post_tag","embeddable":true,"href":"https:\/\/lapatriafutbolera.com.ar\/index.php\/wp-json\/wp\/v2\/tags?post=1812"}],"curies":[{"name":"wp","href":"https:\/\/api.w.org\/{rel}","templated":true}]}}