{"id":1880,"date":"2023-10-20T10:04:22","date_gmt":"2023-10-20T13:04:22","guid":{"rendered":"https:\/\/lapatriafutbolera.com.ar\/?p=1880"},"modified":"2023-10-20T10:04:25","modified_gmt":"2023-10-20T13:04:25","slug":"soy-huerfano-de-maradona","status":"publish","type":"post","link":"https:\/\/lapatriafutbolera.com.ar\/index.php\/2023\/10\/20\/soy-huerfano-de-maradona\/","title":{"rendered":"Soy hu\u00e9rfano de Maradona"},"content":{"rendered":"\n<p>Mi primer contacto con Diego fue en 1981. Un mes antes de cumplir 7 a\u00f1os, este muchachito que ya la descosi\u00f3 en Argentinos se puse por primera vez la camiseta de Boca. \u201cLa solt\u00f3 como una l\u00e1grima\u201d, dijo V\u00edctor Hugo en Radio El Mundo cuando convirti\u00f3 su primer gol con la pilcha de mi club.<\/p>\n\n\n\n<p>Luego, todo lo conocido: Barcelona, Napoles, M\u00e9xico, Bari, Sevilla, Boston, La Boca como puntos de encuentro de un recorrido que puede graficarse como un electrocardiograma.<\/p>\n\n\n\n<p>Con el paso de los a\u00f1os me toco vivir una relaci\u00f3n ambivalente con Diego &#8211; aclaro que nunca lo vi en persona mas all\u00e1 de tenerlo a 20 metros en medio de una multitud; nunca cruc\u00e9 una palabra con \u00e9l, por lo que desecho cualquier vanidoso intento de parecerme cercano al tipo en cuesti\u00f3n &#8211; por sus constantes contradicciones &#8211; especialmente, despu\u00e9s de su retiro como futbolista profesional -.<\/p>\n\n\n\n<p>Tuve etapas de un amor furibundo &#8211; muchos de ellos, estrechamente ligados a sus logros deportivos &#8211; y momentos de un enojo de iguales proporciones &#8211; las m\u00e1s de las veces, cuando abr\u00eda la boca por el mero hecho de abrirla, que constitu\u00edan una innecesaria auto vejaci\u00f3n &#8211; .<\/p>\n\n\n\n<p>Hoy, a algunas d\u00e9cadas de esas sensaciones, siento un vac\u00edo imposible de llenar cada vez que pienso de que el cuerpo del tipo no camina, no transpira ni respira en el mundo de los mortales; que s\u00f3lo debo contentarme con su recuerdo y con mantener vivo su legado &#8211; algo que, mas all\u00e1 de todo, me llena de orgullo y considero una obligaci\u00f3n como maradoneano que soy -.<\/p>\n\n\n\n<p>El vac\u00edo no se llena por que \u00e9l se encarg\u00f3 de dejar una huella tan profunda que es imposible volver a rellenar: POR AQUI PASO DIEGO dice el t\u00e1cito cartel que me sigue como un estigma, colgado del imaginario arco por el que pasa el camino de mi vida.<\/p>\n\n\n\n<p>En mi condici\u00f3n de peridista y formador de opini\u00f3n, me resulta imposible ser cr\u00edtico de Maradona: sus contradicciones, esas que en el decir de Galeano lo transforman en EL MAS HUMANO DE LOS DIOSES me impiden colocarlo en una linea de igualdad personal. DIEGO ARMANDO MARADONA se conviriti\u00f3 en un fen\u00f3meno social cada vez que desafi\u00f3 a los poderosos que se val\u00edan de su cara y de su nombre para llenar sus arcas sin mirar atras ni preocuparse por el ser humano que habitaba dentro del mito.<\/p>\n\n\n\n<p>El mito Diego nacio el 22 de junjio del 86, cuando camino \u201cpor la tangente de la tierra\u201d para doblegar a los inventores del juego y dejarlos humillados en el barro del Azteca. Ese mito nacido en el vientre del DF mexicano fue potenciado por propios y extra\u00f1os con diversos fines, que influyeron de manera directa en la ecuaci\u00f3n que arroj\u00f3 como resultante el Diego devastado que vimos en la cancha de Gimnasia el dia de su aniversario nro 60.<\/p>\n\n\n\n<p>A Diego lo dejaron morir. Se bebieron su sangre como vampiros en abstinencia. Lo abandonaron a su suerte. Levantaron un muro de contenci\u00f3n que solo guardaba el producto, sin importancia del hombre que pedia ayuda a gritos y que nadie pudo escuchar. Me incluyo.<\/p>\n\n\n\n<p>No lo puedo superar. Solo convivir con el dolor de no tenerlo aca para celabrar cosas importantes.<\/p>\n\n\n\n<p>Pero el destino asi lo quiso. Vivio su propio calvario. Descendio al peor de los infiernos y, a\u00f1os despues, resucito para vernos desde arriba; mover los hilos que habia que mover para que el pueblo vuelva a sonreir de la mano de su MESSIas y que hoy digamo, cuando lo DEBEMOS recordar, sin un dejo de melancolia: GRACIAS POR TODO, DIEGO. TU PUEBLO TE SIGUE A DONDE VAS.<\/p>\n","protected":false},"excerpt":{"rendered":"<p>Mi primer contacto con Diego fue en 1981. Un mes antes de cumplir 7 a\u00f1os,&#8230;<\/p>\n","protected":false},"author":3,"featured_media":1881,"comment_status":"open","ping_status":"open","sticky":false,"template":"","format":"standard","meta":{"footnotes":""},"categories":[82,7],"tags":[],"class_list":["post-1880","post","type-post","status-publish","format-standard","has-post-thumbnail","hentry","category-d10s","category-editorial"],"yoast_head":"<!-- This site is optimized with the Yoast SEO plugin v19.5.1 - https:\/\/yoast.com\/wordpress\/plugins\/seo\/ -->\n<title>Soy hu\u00e9rfano de Maradona - LA PATRIA FUTBOLERA<\/title>\n<meta name=\"robots\" content=\"index, follow, max-snippet:-1, max-image-preview:large, max-video-preview:-1\" \/>\n<link rel=\"canonical\" href=\"https:\/\/lapatriafutbolera.com.ar\/index.php\/2023\/10\/20\/soy-huerfano-de-maradona\/\" \/>\n<meta property=\"og:locale\" content=\"es_ES\" \/>\n<meta property=\"og:type\" content=\"article\" \/>\n<meta property=\"og:title\" content=\"Soy hu\u00e9rfano de Maradona - LA PATRIA FUTBOLERA\" \/>\n<meta property=\"og:description\" content=\"Mi primer contacto con Diego fue en 1981. Un mes antes de cumplir 7 a\u00f1os,...\" \/>\n<meta property=\"og:url\" content=\"https:\/\/lapatriafutbolera.com.ar\/index.php\/2023\/10\/20\/soy-huerfano-de-maradona\/\" \/>\n<meta property=\"og:site_name\" content=\"LA PATRIA FUTBOLERA\" \/>\n<meta property=\"article:published_time\" content=\"2023-10-20T13:04:22+00:00\" \/>\n<meta property=\"article:modified_time\" content=\"2023-10-20T13:04:25+00:00\" \/>\n<meta property=\"og:image\" content=\"https:\/\/lapatriafutbolera.com.ar\/wp-content\/uploads\/2023\/10\/diego-talleres-color-fx-ff.webp\" \/>\n\t<meta property=\"og:image:width\" content=\"960\" \/>\n\t<meta property=\"og:image:height\" content=\"540\" \/>\n\t<meta property=\"og:image:type\" content=\"image\/webp\" \/>\n<meta name=\"author\" content=\"Mart\u00edn Ripari\" \/>\n<meta name=\"twitter:card\" content=\"summary_large_image\" \/>\n<meta name=\"twitter:label1\" content=\"Escrito por\" \/>\n\t<meta name=\"twitter:data1\" content=\"Mart\u00edn Ripari\" \/>\n\t<meta name=\"twitter:label2\" content=\"Tiempo de lectura\" \/>\n\t<meta name=\"twitter:data2\" content=\"3 minutos\" \/>\n<script type=\"application\/ld+json\" class=\"yoast-schema-graph\">{\"@context\":\"https:\/\/schema.org\",\"@graph\":[{\"@type\":\"Article\",\"@id\":\"https:\/\/lapatriafutbolera.com.ar\/index.php\/2023\/10\/20\/soy-huerfano-de-maradona\/#article\",\"isPartOf\":{\"@id\":\"https:\/\/lapatriafutbolera.com.ar\/index.php\/2023\/10\/20\/soy-huerfano-de-maradona\/\"},\"author\":{\"name\":\"Mart\u00edn Ripari\",\"@id\":\"https:\/\/lapatriafutbolera.com.ar\/#\/schema\/person\/dc3d1ee3d5b1b3798150a5bbc781935d\"},\"headline\":\"Soy hu\u00e9rfano de Maradona\",\"datePublished\":\"2023-10-20T13:04:22+00:00\",\"dateModified\":\"2023-10-20T13:04:25+00:00\",\"mainEntityOfPage\":{\"@id\":\"https:\/\/lapatriafutbolera.com.ar\/index.php\/2023\/10\/20\/soy-huerfano-de-maradona\/\"},\"wordCount\":636,\"commentCount\":0,\"publisher\":{\"@id\":\"https:\/\/lapatriafutbolera.com.ar\/#organization\"},\"articleSection\":[\"DIEGO\",\"Editorial\"],\"inLanguage\":\"es-AR\",\"potentialAction\":[{\"@type\":\"CommentAction\",\"name\":\"Comment\",\"target\":[\"https:\/\/lapatriafutbolera.com.ar\/index.php\/2023\/10\/20\/soy-huerfano-de-maradona\/#respond\"]}]},{\"@type\":\"WebPage\",\"@id\":\"https:\/\/lapatriafutbolera.com.ar\/index.php\/2023\/10\/20\/soy-huerfano-de-maradona\/\",\"url\":\"https:\/\/lapatriafutbolera.com.ar\/index.php\/2023\/10\/20\/soy-huerfano-de-maradona\/\",\"name\":\"Soy hu\u00e9rfano de Maradona - LA PATRIA FUTBOLERA\",\"isPartOf\":{\"@id\":\"https:\/\/lapatriafutbolera.com.ar\/#website\"},\"datePublished\":\"2023-10-20T13:04:22+00:00\",\"dateModified\":\"2023-10-20T13:04:25+00:00\",\"breadcrumb\":{\"@id\":\"https:\/\/lapatriafutbolera.com.ar\/index.php\/2023\/10\/20\/soy-huerfano-de-maradona\/#breadcrumb\"},\"inLanguage\":\"es-AR\",\"potentialAction\":[{\"@type\":\"ReadAction\",\"target\":[\"https:\/\/lapatriafutbolera.com.ar\/index.php\/2023\/10\/20\/soy-huerfano-de-maradona\/\"]}]},{\"@type\":\"BreadcrumbList\",\"@id\":\"https:\/\/lapatriafutbolera.com.ar\/index.php\/2023\/10\/20\/soy-huerfano-de-maradona\/#breadcrumb\",\"itemListElement\":[{\"@type\":\"ListItem\",\"position\":1,\"name\":\"Inicio\",\"item\":\"https:\/\/lapatriafutbolera.com.ar\/\"},{\"@type\":\"ListItem\",\"position\":2,\"name\":\"Soy hu\u00e9rfano de Maradona\"}]},{\"@type\":\"WebSite\",\"@id\":\"https:\/\/lapatriafutbolera.com.ar\/#website\",\"url\":\"https:\/\/lapatriafutbolera.com.ar\/\",\"name\":\"LA PATRIA FUTBOLERA\",\"description\":\"\",\"publisher\":{\"@id\":\"https:\/\/lapatriafutbolera.com.ar\/#organization\"},\"potentialAction\":[{\"@type\":\"SearchAction\",\"target\":{\"@type\":\"EntryPoint\",\"urlTemplate\":\"https:\/\/lapatriafutbolera.com.ar\/?s={search_term_string}\"},\"query-input\":\"required name=search_term_string\"}],\"inLanguage\":\"es-AR\"},{\"@type\":\"Organization\",\"@id\":\"https:\/\/lapatriafutbolera.com.ar\/#organization\",\"name\":\"LA PATRIA FUTBOLERA\",\"url\":\"https:\/\/lapatriafutbolera.com.ar\/\",\"sameAs\":[],\"logo\":{\"@type\":\"ImageObject\",\"inLanguage\":\"es-AR\",\"@id\":\"https:\/\/lapatriafutbolera.com.ar\/#\/schema\/logo\/image\/\",\"url\":\"https:\/\/lapatriafutbolera.com.ar\/wp-content\/uploads\/2025\/03\/cropped-LA-PATRIA-14.jpg\",\"contentUrl\":\"https:\/\/lapatriafutbolera.com.ar\/wp-content\/uploads\/2025\/03\/cropped-LA-PATRIA-14.jpg\",\"width\":1308,\"height\":221,\"caption\":\"LA PATRIA FUTBOLERA\"},\"image\":{\"@id\":\"https:\/\/lapatriafutbolera.com.ar\/#\/schema\/logo\/image\/\"}},{\"@type\":\"Person\",\"@id\":\"https:\/\/lapatriafutbolera.com.ar\/#\/schema\/person\/dc3d1ee3d5b1b3798150a5bbc781935d\",\"name\":\"Mart\u00edn Ripari\",\"image\":{\"@type\":\"ImageObject\",\"inLanguage\":\"es-AR\",\"@id\":\"https:\/\/lapatriafutbolera.com.ar\/#\/schema\/person\/image\/\",\"url\":\"https:\/\/secure.gravatar.com\/avatar\/0db7df26707fd8adc2b24ae87259322b0aea8d9eaf092366b1d208b0b180ee7e?s=96&d=mm&r=g\",\"contentUrl\":\"https:\/\/secure.gravatar.com\/avatar\/0db7df26707fd8adc2b24ae87259322b0aea8d9eaf092366b1d208b0b180ee7e?s=96&d=mm&r=g\",\"caption\":\"Mart\u00edn Ripari\"},\"url\":\"https:\/\/lapatriafutbolera.com.ar\/index.php\/author\/martin-ripari\/\"}]}<\/script>\n<!-- \/ Yoast SEO plugin. -->","yoast_head_json":{"title":"Soy hu\u00e9rfano de Maradona - LA PATRIA FUTBOLERA","robots":{"index":"index","follow":"follow","max-snippet":"max-snippet:-1","max-image-preview":"max-image-preview:large","max-video-preview":"max-video-preview:-1"},"canonical":"https:\/\/lapatriafutbolera.com.ar\/index.php\/2023\/10\/20\/soy-huerfano-de-maradona\/","og_locale":"es_ES","og_type":"article","og_title":"Soy hu\u00e9rfano de Maradona - LA PATRIA FUTBOLERA","og_description":"Mi primer contacto con Diego fue en 1981. Un mes antes de cumplir 7 a\u00f1os,...","og_url":"https:\/\/lapatriafutbolera.com.ar\/index.php\/2023\/10\/20\/soy-huerfano-de-maradona\/","og_site_name":"LA PATRIA FUTBOLERA","article_published_time":"2023-10-20T13:04:22+00:00","article_modified_time":"2023-10-20T13:04:25+00:00","og_image":[{"width":960,"height":540,"url":"https:\/\/lapatriafutbolera.com.ar\/wp-content\/uploads\/2023\/10\/diego-talleres-color-fx-ff.webp","type":"image\/webp"}],"author":"Mart\u00edn Ripari","twitter_card":"summary_large_image","twitter_misc":{"Escrito por":"Mart\u00edn Ripari","Tiempo de lectura":"3 minutos"},"schema":{"@context":"https:\/\/schema.org","@graph":[{"@type":"Article","@id":"https:\/\/lapatriafutbolera.com.ar\/index.php\/2023\/10\/20\/soy-huerfano-de-maradona\/#article","isPartOf":{"@id":"https:\/\/lapatriafutbolera.com.ar\/index.php\/2023\/10\/20\/soy-huerfano-de-maradona\/"},"author":{"name":"Mart\u00edn Ripari","@id":"https:\/\/lapatriafutbolera.com.ar\/#\/schema\/person\/dc3d1ee3d5b1b3798150a5bbc781935d"},"headline":"Soy hu\u00e9rfano de Maradona","datePublished":"2023-10-20T13:04:22+00:00","dateModified":"2023-10-20T13:04:25+00:00","mainEntityOfPage":{"@id":"https:\/\/lapatriafutbolera.com.ar\/index.php\/2023\/10\/20\/soy-huerfano-de-maradona\/"},"wordCount":636,"commentCount":0,"publisher":{"@id":"https:\/\/lapatriafutbolera.com.ar\/#organization"},"articleSection":["DIEGO","Editorial"],"inLanguage":"es-AR","potentialAction":[{"@type":"CommentAction","name":"Comment","target":["https:\/\/lapatriafutbolera.com.ar\/index.php\/2023\/10\/20\/soy-huerfano-de-maradona\/#respond"]}]},{"@type":"WebPage","@id":"https:\/\/lapatriafutbolera.com.ar\/index.php\/2023\/10\/20\/soy-huerfano-de-maradona\/","url":"https:\/\/lapatriafutbolera.com.ar\/index.php\/2023\/10\/20\/soy-huerfano-de-maradona\/","name":"Soy hu\u00e9rfano de Maradona - LA PATRIA FUTBOLERA","isPartOf":{"@id":"https:\/\/lapatriafutbolera.com.ar\/#website"},"datePublished":"2023-10-20T13:04:22+00:00","dateModified":"2023-10-20T13:04:25+00:00","breadcrumb":{"@id":"https:\/\/lapatriafutbolera.com.ar\/index.php\/2023\/10\/20\/soy-huerfano-de-maradona\/#breadcrumb"},"inLanguage":"es-AR","potentialAction":[{"@type":"ReadAction","target":["https:\/\/lapatriafutbolera.com.ar\/index.php\/2023\/10\/20\/soy-huerfano-de-maradona\/"]}]},{"@type":"BreadcrumbList","@id":"https:\/\/lapatriafutbolera.com.ar\/index.php\/2023\/10\/20\/soy-huerfano-de-maradona\/#breadcrumb","itemListElement":[{"@type":"ListItem","position":1,"name":"Inicio","item":"https:\/\/lapatriafutbolera.com.ar\/"},{"@type":"ListItem","position":2,"name":"Soy hu\u00e9rfano de Maradona"}]},{"@type":"WebSite","@id":"https:\/\/lapatriafutbolera.com.ar\/#website","url":"https:\/\/lapatriafutbolera.com.ar\/","name":"LA PATRIA FUTBOLERA","description":"","publisher":{"@id":"https:\/\/lapatriafutbolera.com.ar\/#organization"},"potentialAction":[{"@type":"SearchAction","target":{"@type":"EntryPoint","urlTemplate":"https:\/\/lapatriafutbolera.com.ar\/?s={search_term_string}"},"query-input":"required name=search_term_string"}],"inLanguage":"es-AR"},{"@type":"Organization","@id":"https:\/\/lapatriafutbolera.com.ar\/#organization","name":"LA PATRIA FUTBOLERA","url":"https:\/\/lapatriafutbolera.com.ar\/","sameAs":[],"logo":{"@type":"ImageObject","inLanguage":"es-AR","@id":"https:\/\/lapatriafutbolera.com.ar\/#\/schema\/logo\/image\/","url":"https:\/\/lapatriafutbolera.com.ar\/wp-content\/uploads\/2025\/03\/cropped-LA-PATRIA-14.jpg","contentUrl":"https:\/\/lapatriafutbolera.com.ar\/wp-content\/uploads\/2025\/03\/cropped-LA-PATRIA-14.jpg","width":1308,"height":221,"caption":"LA PATRIA FUTBOLERA"},"image":{"@id":"https:\/\/lapatriafutbolera.com.ar\/#\/schema\/logo\/image\/"}},{"@type":"Person","@id":"https:\/\/lapatriafutbolera.com.ar\/#\/schema\/person\/dc3d1ee3d5b1b3798150a5bbc781935d","name":"Mart\u00edn Ripari","image":{"@type":"ImageObject","inLanguage":"es-AR","@id":"https:\/\/lapatriafutbolera.com.ar\/#\/schema\/person\/image\/","url":"https:\/\/secure.gravatar.com\/avatar\/0db7df26707fd8adc2b24ae87259322b0aea8d9eaf092366b1d208b0b180ee7e?s=96&d=mm&r=g","contentUrl":"https:\/\/secure.gravatar.com\/avatar\/0db7df26707fd8adc2b24ae87259322b0aea8d9eaf092366b1d208b0b180ee7e?s=96&d=mm&r=g","caption":"Mart\u00edn Ripari"},"url":"https:\/\/lapatriafutbolera.com.ar\/index.php\/author\/martin-ripari\/"}]}},"_links":{"self":[{"href":"https:\/\/lapatriafutbolera.com.ar\/index.php\/wp-json\/wp\/v2\/posts\/1880","targetHints":{"allow":["GET"]}}],"collection":[{"href":"https:\/\/lapatriafutbolera.com.ar\/index.php\/wp-json\/wp\/v2\/posts"}],"about":[{"href":"https:\/\/lapatriafutbolera.com.ar\/index.php\/wp-json\/wp\/v2\/types\/post"}],"author":[{"embeddable":true,"href":"https:\/\/lapatriafutbolera.com.ar\/index.php\/wp-json\/wp\/v2\/users\/3"}],"replies":[{"embeddable":true,"href":"https:\/\/lapatriafutbolera.com.ar\/index.php\/wp-json\/wp\/v2\/comments?post=1880"}],"version-history":[{"count":1,"href":"https:\/\/lapatriafutbolera.com.ar\/index.php\/wp-json\/wp\/v2\/posts\/1880\/revisions"}],"predecessor-version":[{"id":1882,"href":"https:\/\/lapatriafutbolera.com.ar\/index.php\/wp-json\/wp\/v2\/posts\/1880\/revisions\/1882"}],"wp:featuredmedia":[{"embeddable":true,"href":"https:\/\/lapatriafutbolera.com.ar\/index.php\/wp-json\/wp\/v2\/media\/1881"}],"wp:attachment":[{"href":"https:\/\/lapatriafutbolera.com.ar\/index.php\/wp-json\/wp\/v2\/media?parent=1880"}],"wp:term":[{"taxonomy":"category","embeddable":true,"href":"https:\/\/lapatriafutbolera.com.ar\/index.php\/wp-json\/wp\/v2\/categories?post=1880"},{"taxonomy":"post_tag","embeddable":true,"href":"https:\/\/lapatriafutbolera.com.ar\/index.php\/wp-json\/wp\/v2\/tags?post=1880"}],"curies":[{"name":"wp","href":"https:\/\/api.w.org\/{rel}","templated":true}]}}