{"id":1883,"date":"2023-10-26T15:47:45","date_gmt":"2023-10-26T18:47:45","guid":{"rendered":"https:\/\/lapatriafutbolera.com.ar\/?p=1883"},"modified":"2023-10-26T15:48:21","modified_gmt":"2023-10-26T18:48:21","slug":"primera-victoria-la-victima-fue-bolivia","status":"publish","type":"post","link":"https:\/\/lapatriafutbolera.com.ar\/index.php\/2023\/10\/26\/primera-victoria-la-victima-fue-bolivia\/","title":{"rendered":"Primera victoria: la v\u00edctima fue Bolivia"},"content":{"rendered":"\n<h4 class=\"wp-block-heading\">La Albiceleste derrot\u00f3 3-0 a Bolivia por la segunda fecha de la fase de grupos en los Juegos que se realizan en Chile.<\/h4>\n\n\n\n<p><strong><a href=\"https:\/\/www.elgrafico.com.ar\/etiqueta\/Argentina\" target=\"_blank\" rel=\"noreferrer noopener\">ARGENTINA<\/a>&nbsp;consigui\u00f3 este&nbsp;mi\u00e9rcoles su primer triunfo en f\u00fatbol femenino en los&nbsp;<a href=\"https:\/\/www.elgrafico.com.ar\/categoria\/1146\/juegos-panamericanos\" target=\"_blank\" rel=\"noreferrer noopener\">Juegos Panamericanos de Santiago 2023<\/a>&nbsp;al derrotar por 3-0 a su par de&nbsp;<a href=\"https:\/\/www.elgrafico.com.ar\/etiqueta\/bolivia#:~:text=Art%C3%ADculos%20sobre%20Bolivia%20%7C%20El%20Gr%C3%A1fico%20Bolivia%20Lionel,privilegiado%20de%20una%20nueva%20obra%20de%20la%20Scaloneta.\" target=\"_blank\" rel=\"noreferrer noopener\">Bolivia<\/a><\/strong>, en el estadio El\u00edas Figueroa&nbsp;de la ciudad de Valpara\u00edso.<br><br>El equipo dirigido por el entrenador Germ\u00e1n Portanova, que&nbsp;<strong>hab\u00eda empatado sin goles con Costa Rica en el debut<\/strong>, se impuso con los tantos marcados por Aldana Cometti (Pt. 11m.), Eliana St\u00e1bile (St. 3m.) y Julieta Cruz (St. 45m.).<\/p>\n\n\n\n<p><br><a href=\"https:\/\/twitter.com\/Argentina\/status\/1717314742207893962?s=20\"><\/a><\/p>\n\n\n\n<p>Argentina form\u00f3 inicialmente con Laurina Oliveros; St\u00e1bile, Adriana Sachs, Cruz y Cometti; Camila G\u00f3mez Ares, Soph\u00eda Braun, Erica Lonigro; Brisa Priori, Romina N\u00fa\u00f1ez y Agostina Holzheier.<\/p>\n\n\n\n<p>Luego ingresaron Estefan\u00eda Palomar por Priori, Maricel Pereyra por N\u00fa\u00f1ez y Daiana Falf\u00e1n por G\u00f3mez Ares, todos en el arranque del segundo tiempo. A los 14m. del complemento entr\u00f3 Paulina Gramaglia por Lonigro.<\/p>\n\n\n\n<p><strong>Argentina finalizar\u00e1 su participaci\u00f3n en la etapa clasificatoria de la zona B este s\u00e1bado&nbsp;a las 13<\/strong>, cuando se enfrente a los Estados Unidos, que hoy derrotaron por 3-1 a Costa Rica.<\/p>\n\n\n\n<p>En el otro duelo de la zona&nbsp;A,&nbsp;<strong>Paraguay no tuvo piedad con Jamaica y le aplic\u00f3 un categ\u00f3rico triunfo por 10-0.<\/strong><\/p>\n","protected":false},"excerpt":{"rendered":"<p>La Albiceleste derrot\u00f3 3-0 a Bolivia por la segunda fecha de la fase de grupos&#8230;<\/p>\n","protected":false},"author":4,"featured_media":1885,"comment_status":"open","ping_status":"open","sticky":false,"template":"","format":"standard","meta":{"footnotes":""},"categories":[154],"tags":[],"class_list":["post-1883","post","type-post","status-publish","format-standard","has-post-thumbnail","hentry","category-juegos-panamericanos-2023"],"yoast_head":"<!-- This site is optimized with the Yoast SEO plugin v19.5.1 - https:\/\/yoast.com\/wordpress\/plugins\/seo\/ -->\n<title>Primera victoria: la v\u00edctima fue Bolivia - LA PATRIA FUTBOLERA<\/title>\n<meta name=\"robots\" content=\"index, follow, max-snippet:-1, max-image-preview:large, max-video-preview:-1\" \/>\n<link rel=\"canonical\" href=\"https:\/\/lapatriafutbolera.com.ar\/index.php\/2023\/10\/26\/primera-victoria-la-victima-fue-bolivia\/\" \/>\n<meta property=\"og:locale\" content=\"es_ES\" \/>\n<meta property=\"og:type\" content=\"article\" \/>\n<meta property=\"og:title\" content=\"Primera victoria: la v\u00edctima fue Bolivia - LA PATRIA FUTBOLERA\" \/>\n<meta property=\"og:description\" content=\"La Albiceleste derrot\u00f3 3-0 a Bolivia por la segunda fecha de la fase de grupos...\" \/>\n<meta property=\"og:url\" content=\"https:\/\/lapatriafutbolera.com.ar\/index.php\/2023\/10\/26\/primera-victoria-la-victima-fue-bolivia\/\" \/>\n<meta property=\"og:site_name\" content=\"LA PATRIA FUTBOLERA\" \/>\n<meta property=\"article:published_time\" content=\"2023-10-26T18:47:45+00:00\" \/>\n<meta property=\"article:modified_time\" content=\"2023-10-26T18:48:21+00:00\" \/>\n<meta property=\"og:image\" content=\"https:\/\/lapatriafutbolera.com.ar\/wp-content\/uploads\/2023\/10\/Argentina-Juegos-Panamericanos_0.jpg.webp\" \/>\n\t<meta property=\"og:image:width\" content=\"1260\" \/>\n\t<meta property=\"og:image:height\" content=\"740\" \/>\n\t<meta property=\"og:image:type\" content=\"image\/webp\" \/>\n<meta name=\"author\" content=\"Redacci\u00f3n LPF\" \/>\n<meta name=\"twitter:card\" content=\"summary_large_image\" \/>\n<meta name=\"twitter:label1\" content=\"Escrito por\" \/>\n\t<meta name=\"twitter:data1\" content=\"Redacci\u00f3n LPF\" \/>\n\t<meta name=\"twitter:label2\" content=\"Tiempo de lectura\" \/>\n\t<meta name=\"twitter:data2\" content=\"1 minuto\" \/>\n<script type=\"application\/ld+json\" class=\"yoast-schema-graph\">{\"@context\":\"https:\/\/schema.org\",\"@graph\":[{\"@type\":\"Article\",\"@id\":\"https:\/\/lapatriafutbolera.com.ar\/index.php\/2023\/10\/26\/primera-victoria-la-victima-fue-bolivia\/#article\",\"isPartOf\":{\"@id\":\"https:\/\/lapatriafutbolera.com.ar\/index.php\/2023\/10\/26\/primera-victoria-la-victima-fue-bolivia\/\"},\"author\":{\"name\":\"Redacci\u00f3n LPF\",\"@id\":\"https:\/\/lapatriafutbolera.com.ar\/#\/schema\/person\/eb56fb3a7e76133611d5b2d9f706bd97\"},\"headline\":\"Primera victoria: la v\u00edctima fue Bolivia\",\"datePublished\":\"2023-10-26T18:47:45+00:00\",\"dateModified\":\"2023-10-26T18:48:21+00:00\",\"mainEntityOfPage\":{\"@id\":\"https:\/\/lapatriafutbolera.com.ar\/index.php\/2023\/10\/26\/primera-victoria-la-victima-fue-bolivia\/\"},\"wordCount\":244,\"commentCount\":0,\"publisher\":{\"@id\":\"https:\/\/lapatriafutbolera.com.ar\/#organization\"},\"articleSection\":[\"Juegos Panamericanos 2023\"],\"inLanguage\":\"es-AR\",\"potentialAction\":[{\"@type\":\"CommentAction\",\"name\":\"Comment\",\"target\":[\"https:\/\/lapatriafutbolera.com.ar\/index.php\/2023\/10\/26\/primera-victoria-la-victima-fue-bolivia\/#respond\"]}]},{\"@type\":\"WebPage\",\"@id\":\"https:\/\/lapatriafutbolera.com.ar\/index.php\/2023\/10\/26\/primera-victoria-la-victima-fue-bolivia\/\",\"url\":\"https:\/\/lapatriafutbolera.com.ar\/index.php\/2023\/10\/26\/primera-victoria-la-victima-fue-bolivia\/\",\"name\":\"Primera victoria: la v\u00edctima fue Bolivia - LA PATRIA FUTBOLERA\",\"isPartOf\":{\"@id\":\"https:\/\/lapatriafutbolera.com.ar\/#website\"},\"datePublished\":\"2023-10-26T18:47:45+00:00\",\"dateModified\":\"2023-10-26T18:48:21+00:00\",\"breadcrumb\":{\"@id\":\"https:\/\/lapatriafutbolera.com.ar\/index.php\/2023\/10\/26\/primera-victoria-la-victima-fue-bolivia\/#breadcrumb\"},\"inLanguage\":\"es-AR\",\"potentialAction\":[{\"@type\":\"ReadAction\",\"target\":[\"https:\/\/lapatriafutbolera.com.ar\/index.php\/2023\/10\/26\/primera-victoria-la-victima-fue-bolivia\/\"]}]},{\"@type\":\"BreadcrumbList\",\"@id\":\"https:\/\/lapatriafutbolera.com.ar\/index.php\/2023\/10\/26\/primera-victoria-la-victima-fue-bolivia\/#breadcrumb\",\"itemListElement\":[{\"@type\":\"ListItem\",\"position\":1,\"name\":\"Inicio\",\"item\":\"https:\/\/lapatriafutbolera.com.ar\/\"},{\"@type\":\"ListItem\",\"position\":2,\"name\":\"Primera victoria: la v\u00edctima fue Bolivia\"}]},{\"@type\":\"WebSite\",\"@id\":\"https:\/\/lapatriafutbolera.com.ar\/#website\",\"url\":\"https:\/\/lapatriafutbolera.com.ar\/\",\"name\":\"LA PATRIA FUTBOLERA\",\"description\":\"\",\"publisher\":{\"@id\":\"https:\/\/lapatriafutbolera.com.ar\/#organization\"},\"potentialAction\":[{\"@type\":\"SearchAction\",\"target\":{\"@type\":\"EntryPoint\",\"urlTemplate\":\"https:\/\/lapatriafutbolera.com.ar\/?s={search_term_string}\"},\"query-input\":\"required name=search_term_string\"}],\"inLanguage\":\"es-AR\"},{\"@type\":\"Organization\",\"@id\":\"https:\/\/lapatriafutbolera.com.ar\/#organization\",\"name\":\"LA PATRIA FUTBOLERA\",\"url\":\"https:\/\/lapatriafutbolera.com.ar\/\",\"sameAs\":[],\"logo\":{\"@type\":\"ImageObject\",\"inLanguage\":\"es-AR\",\"@id\":\"https:\/\/lapatriafutbolera.com.ar\/#\/schema\/logo\/image\/\",\"url\":\"https:\/\/lapatriafutbolera.com.ar\/wp-content\/uploads\/2025\/03\/cropped-LA-PATRIA-14.jpg\",\"contentUrl\":\"https:\/\/lapatriafutbolera.com.ar\/wp-content\/uploads\/2025\/03\/cropped-LA-PATRIA-14.jpg\",\"width\":1308,\"height\":221,\"caption\":\"LA PATRIA FUTBOLERA\"},\"image\":{\"@id\":\"https:\/\/lapatriafutbolera.com.ar\/#\/schema\/logo\/image\/\"}},{\"@type\":\"Person\",\"@id\":\"https:\/\/lapatriafutbolera.com.ar\/#\/schema\/person\/eb56fb3a7e76133611d5b2d9f706bd97\",\"name\":\"Redacci\u00f3n LPF\",\"image\":{\"@type\":\"ImageObject\",\"inLanguage\":\"es-AR\",\"@id\":\"https:\/\/lapatriafutbolera.com.ar\/#\/schema\/person\/image\/\",\"url\":\"https:\/\/secure.gravatar.com\/avatar\/57dc12e3750972170624cd118ca21d4157841e9e7b211e6dfe7a00b61088d285?s=96&d=mm&r=g\",\"contentUrl\":\"https:\/\/secure.gravatar.com\/avatar\/57dc12e3750972170624cd118ca21d4157841e9e7b211e6dfe7a00b61088d285?s=96&d=mm&r=g\",\"caption\":\"Redacci\u00f3n LPF\"},\"sameAs\":[\"http:\/\/lapatriafutbolera.com.ar\"],\"url\":\"https:\/\/lapatriafutbolera.com.ar\/index.php\/author\/redaccion-lpf\/\"}]}<\/script>\n<!-- \/ Yoast SEO plugin. -->","yoast_head_json":{"title":"Primera victoria: la v\u00edctima fue Bolivia - LA PATRIA FUTBOLERA","robots":{"index":"index","follow":"follow","max-snippet":"max-snippet:-1","max-image-preview":"max-image-preview:large","max-video-preview":"max-video-preview:-1"},"canonical":"https:\/\/lapatriafutbolera.com.ar\/index.php\/2023\/10\/26\/primera-victoria-la-victima-fue-bolivia\/","og_locale":"es_ES","og_type":"article","og_title":"Primera victoria: la v\u00edctima fue Bolivia - LA PATRIA FUTBOLERA","og_description":"La Albiceleste derrot\u00f3 3-0 a Bolivia por la segunda fecha de la fase de grupos...","og_url":"https:\/\/lapatriafutbolera.com.ar\/index.php\/2023\/10\/26\/primera-victoria-la-victima-fue-bolivia\/","og_site_name":"LA PATRIA FUTBOLERA","article_published_time":"2023-10-26T18:47:45+00:00","article_modified_time":"2023-10-26T18:48:21+00:00","og_image":[{"width":1260,"height":740,"url":"https:\/\/lapatriafutbolera.com.ar\/wp-content\/uploads\/2023\/10\/Argentina-Juegos-Panamericanos_0.jpg.webp","type":"image\/webp"}],"author":"Redacci\u00f3n LPF","twitter_card":"summary_large_image","twitter_misc":{"Escrito por":"Redacci\u00f3n LPF","Tiempo de lectura":"1 minuto"},"schema":{"@context":"https:\/\/schema.org","@graph":[{"@type":"Article","@id":"https:\/\/lapatriafutbolera.com.ar\/index.php\/2023\/10\/26\/primera-victoria-la-victima-fue-bolivia\/#article","isPartOf":{"@id":"https:\/\/lapatriafutbolera.com.ar\/index.php\/2023\/10\/26\/primera-victoria-la-victima-fue-bolivia\/"},"author":{"name":"Redacci\u00f3n LPF","@id":"https:\/\/lapatriafutbolera.com.ar\/#\/schema\/person\/eb56fb3a7e76133611d5b2d9f706bd97"},"headline":"Primera victoria: la v\u00edctima fue Bolivia","datePublished":"2023-10-26T18:47:45+00:00","dateModified":"2023-10-26T18:48:21+00:00","mainEntityOfPage":{"@id":"https:\/\/lapatriafutbolera.com.ar\/index.php\/2023\/10\/26\/primera-victoria-la-victima-fue-bolivia\/"},"wordCount":244,"commentCount":0,"publisher":{"@id":"https:\/\/lapatriafutbolera.com.ar\/#organization"},"articleSection":["Juegos Panamericanos 2023"],"inLanguage":"es-AR","potentialAction":[{"@type":"CommentAction","name":"Comment","target":["https:\/\/lapatriafutbolera.com.ar\/index.php\/2023\/10\/26\/primera-victoria-la-victima-fue-bolivia\/#respond"]}]},{"@type":"WebPage","@id":"https:\/\/lapatriafutbolera.com.ar\/index.php\/2023\/10\/26\/primera-victoria-la-victima-fue-bolivia\/","url":"https:\/\/lapatriafutbolera.com.ar\/index.php\/2023\/10\/26\/primera-victoria-la-victima-fue-bolivia\/","name":"Primera victoria: la v\u00edctima fue Bolivia - LA PATRIA FUTBOLERA","isPartOf":{"@id":"https:\/\/lapatriafutbolera.com.ar\/#website"},"datePublished":"2023-10-26T18:47:45+00:00","dateModified":"2023-10-26T18:48:21+00:00","breadcrumb":{"@id":"https:\/\/lapatriafutbolera.com.ar\/index.php\/2023\/10\/26\/primera-victoria-la-victima-fue-bolivia\/#breadcrumb"},"inLanguage":"es-AR","potentialAction":[{"@type":"ReadAction","target":["https:\/\/lapatriafutbolera.com.ar\/index.php\/2023\/10\/26\/primera-victoria-la-victima-fue-bolivia\/"]}]},{"@type":"BreadcrumbList","@id":"https:\/\/lapatriafutbolera.com.ar\/index.php\/2023\/10\/26\/primera-victoria-la-victima-fue-bolivia\/#breadcrumb","itemListElement":[{"@type":"ListItem","position":1,"name":"Inicio","item":"https:\/\/lapatriafutbolera.com.ar\/"},{"@type":"ListItem","position":2,"name":"Primera victoria: la v\u00edctima fue Bolivia"}]},{"@type":"WebSite","@id":"https:\/\/lapatriafutbolera.com.ar\/#website","url":"https:\/\/lapatriafutbolera.com.ar\/","name":"LA PATRIA FUTBOLERA","description":"","publisher":{"@id":"https:\/\/lapatriafutbolera.com.ar\/#organization"},"potentialAction":[{"@type":"SearchAction","target":{"@type":"EntryPoint","urlTemplate":"https:\/\/lapatriafutbolera.com.ar\/?s={search_term_string}"},"query-input":"required name=search_term_string"}],"inLanguage":"es-AR"},{"@type":"Organization","@id":"https:\/\/lapatriafutbolera.com.ar\/#organization","name":"LA PATRIA FUTBOLERA","url":"https:\/\/lapatriafutbolera.com.ar\/","sameAs":[],"logo":{"@type":"ImageObject","inLanguage":"es-AR","@id":"https:\/\/lapatriafutbolera.com.ar\/#\/schema\/logo\/image\/","url":"https:\/\/lapatriafutbolera.com.ar\/wp-content\/uploads\/2025\/03\/cropped-LA-PATRIA-14.jpg","contentUrl":"https:\/\/lapatriafutbolera.com.ar\/wp-content\/uploads\/2025\/03\/cropped-LA-PATRIA-14.jpg","width":1308,"height":221,"caption":"LA PATRIA FUTBOLERA"},"image":{"@id":"https:\/\/lapatriafutbolera.com.ar\/#\/schema\/logo\/image\/"}},{"@type":"Person","@id":"https:\/\/lapatriafutbolera.com.ar\/#\/schema\/person\/eb56fb3a7e76133611d5b2d9f706bd97","name":"Redacci\u00f3n LPF","image":{"@type":"ImageObject","inLanguage":"es-AR","@id":"https:\/\/lapatriafutbolera.com.ar\/#\/schema\/person\/image\/","url":"https:\/\/secure.gravatar.com\/avatar\/57dc12e3750972170624cd118ca21d4157841e9e7b211e6dfe7a00b61088d285?s=96&d=mm&r=g","contentUrl":"https:\/\/secure.gravatar.com\/avatar\/57dc12e3750972170624cd118ca21d4157841e9e7b211e6dfe7a00b61088d285?s=96&d=mm&r=g","caption":"Redacci\u00f3n LPF"},"sameAs":["http:\/\/lapatriafutbolera.com.ar"],"url":"https:\/\/lapatriafutbolera.com.ar\/index.php\/author\/redaccion-lpf\/"}]}},"_links":{"self":[{"href":"https:\/\/lapatriafutbolera.com.ar\/index.php\/wp-json\/wp\/v2\/posts\/1883","targetHints":{"allow":["GET"]}}],"collection":[{"href":"https:\/\/lapatriafutbolera.com.ar\/index.php\/wp-json\/wp\/v2\/posts"}],"about":[{"href":"https:\/\/lapatriafutbolera.com.ar\/index.php\/wp-json\/wp\/v2\/types\/post"}],"author":[{"embeddable":true,"href":"https:\/\/lapatriafutbolera.com.ar\/index.php\/wp-json\/wp\/v2\/users\/4"}],"replies":[{"embeddable":true,"href":"https:\/\/lapatriafutbolera.com.ar\/index.php\/wp-json\/wp\/v2\/comments?post=1883"}],"version-history":[{"count":2,"href":"https:\/\/lapatriafutbolera.com.ar\/index.php\/wp-json\/wp\/v2\/posts\/1883\/revisions"}],"predecessor-version":[{"id":1890,"href":"https:\/\/lapatriafutbolera.com.ar\/index.php\/wp-json\/wp\/v2\/posts\/1883\/revisions\/1890"}],"wp:featuredmedia":[{"embeddable":true,"href":"https:\/\/lapatriafutbolera.com.ar\/index.php\/wp-json\/wp\/v2\/media\/1885"}],"wp:attachment":[{"href":"https:\/\/lapatriafutbolera.com.ar\/index.php\/wp-json\/wp\/v2\/media?parent=1883"}],"wp:term":[{"taxonomy":"category","embeddable":true,"href":"https:\/\/lapatriafutbolera.com.ar\/index.php\/wp-json\/wp\/v2\/categories?post=1883"},{"taxonomy":"post_tag","embeddable":true,"href":"https:\/\/lapatriafutbolera.com.ar\/index.php\/wp-json\/wp\/v2\/tags?post=1883"}],"curies":[{"name":"wp","href":"https:\/\/api.w.org\/{rel}","templated":true}]}}