{"id":1900,"date":"2023-11-09T10:58:00","date_gmt":"2023-11-09T13:58:00","guid":{"rendered":"https:\/\/lapatriafutbolera.com.ar\/?p=1900"},"modified":"2023-11-10T12:50:12","modified_gmt":"2023-11-10T15:50:12","slug":"triunfos-ante-ecuador-y-chile","status":"publish","type":"post","link":"https:\/\/lapatriafutbolera.com.ar\/index.php\/2023\/11\/09\/triunfos-ante-ecuador-y-chile\/","title":{"rendered":"Triunfos ante Ecuador y Chile"},"content":{"rendered":"\n<p>En los encuentros que se disputaron en el Estadio Cubierto Malvinas Argentinas de Argentinos Juniors derrot\u00f3 5-0 a los ecuatorianos y 4-0 a los trasandinos. Hoy juegan con Brasil.<\/p>\n\n\n\n<figure class=\"wp-block-image\"><img decoding=\"async\" src=\"https:\/\/www.cadena3.com\/admin\/playerswf\/fotos\/ARCHI_1034237.jpg\" alt=\"FOTO: La selecci\u00f3n argentina de Talla Baja venci\u00f3 a Ecuador y Chile\"\/><\/figure>\n\n\n\n<p>FOTO: La selecci\u00f3n argentina de Talla Baja venci\u00f3 a Ecuador y Chile\u2039\u203a<\/p>\n\n\n\n<p>La Selecci\u00f3n argentina de f\u00fatbol de talla baja disputa por estos d\u00edas el mundial de la disciplina en el Estadio Cubierto Malvinas Argentinas de Argentinos Juniors.\u00a0<\/p>\n\n\n\n<iframe loading=\"lazy\" width=\"560\" height=\"315\" src=\"https:\/\/www.youtube.com\/embed\/T5Nqyuf_vq4?si=5uKDJA_cjb0WYjYY\" title=\"YouTube video player\" frameborder=\"0\" allow=\"accelerometer; autoplay; clipboard-write; encrypted-media; gyroscope; picture-in-picture; web-share\" allowfullscreen><\/iframe>\n\n\n\n<p>Luego de un glorioso debut, donde gole\u00f3 4-0 a M\u00e9xico, le siguieron dos triunfos, uno ante Ecuador por 5-0 y otro ante Chile, a quien venci\u00f3 por 4-0.<\/p>\n\n\n\n<iframe loading=\"lazy\" width=\"560\" height=\"315\" src=\"https:\/\/www.youtube.com\/embed\/X8R2Ksbgp4k?si=SWOSsWK7ujU1QV_f\" title=\"YouTube video player\" frameborder=\"0\" allow=\"accelerometer; autoplay; clipboard-write; encrypted-media; gyroscope; picture-in-picture; web-share\" allowfullscreen><\/iframe>\n\n\n\n<p>De este modo, liderando la tabla con 13 puntos pas\u00f3 a los cuartos de final que se disputar\u00e1n este jueves y donde enfrentar\u00e1 a las 14.45 a la selecci\u00f3n de Brasil.<\/p>\n\n\n\n<p>Argentina lleg\u00f3 con muy buenos pergaminos para este certamen, ya que gan\u00f3 la Copa Am\u00e9rica del 2022 y la Eurocopa del a\u00f1o pasado, y ahora intentar\u00e1 ganar la tercera estrella al hilo si se queda con el t\u00edtulo en tierras propias.<\/p>\n\n\n\n<p>El\u00a0<strong>plantel de la Selecci\u00f3n argentina<\/strong>\u00a0lo componen: Cristian Soto, Catriel Brassesco, Gonzalo Broggi, Marcos Mulhall, Franco Chazarreta, Nathanael Castro, Agust\u00edn Ledezma, Daniel Sierra, Facundo Rojas, \u00c1ngel Ielpo, Iv\u00e1n \u00c1lvarez, Mart\u00edn Ant\u00fanez, Daniel Cervantes, Pedro Gugliotta, Marcelo Ayala, Lucas Deamigo, Alejandro Ju\u00e1rez.<\/p>\n","protected":false},"excerpt":{"rendered":"<p>En los encuentros que se disputaron en el Estadio Cubierto Malvinas Argentinas de Argentinos Juniors&#8230;<\/p>\n","protected":false},"author":3,"featured_media":1901,"comment_status":"open","ping_status":"open","sticky":false,"template":"","format":"standard","meta":{"footnotes":""},"categories":[155],"tags":[],"class_list":["post-1900","post","type-post","status-publish","format-standard","has-post-thumbnail","hentry","category-mundial-de-talla-baja"],"yoast_head":"<!-- This site is optimized with the Yoast SEO plugin v19.5.1 - https:\/\/yoast.com\/wordpress\/plugins\/seo\/ -->\n<title>Triunfos ante Ecuador y Chile - LA PATRIA FUTBOLERA<\/title>\n<meta name=\"robots\" content=\"index, follow, max-snippet:-1, max-image-preview:large, max-video-preview:-1\" \/>\n<link rel=\"canonical\" href=\"https:\/\/lapatriafutbolera.com.ar\/index.php\/2023\/11\/09\/triunfos-ante-ecuador-y-chile\/\" \/>\n<meta property=\"og:locale\" content=\"es_ES\" \/>\n<meta property=\"og:type\" content=\"article\" \/>\n<meta property=\"og:title\" content=\"Triunfos ante Ecuador y Chile - LA PATRIA FUTBOLERA\" \/>\n<meta property=\"og:description\" content=\"En los encuentros que se disputaron en el Estadio Cubierto Malvinas Argentinas de Argentinos Juniors...\" \/>\n<meta property=\"og:url\" content=\"https:\/\/lapatriafutbolera.com.ar\/index.php\/2023\/11\/09\/triunfos-ante-ecuador-y-chile\/\" \/>\n<meta property=\"og:site_name\" content=\"LA PATRIA FUTBOLERA\" \/>\n<meta property=\"article:published_time\" content=\"2023-11-09T13:58:00+00:00\" \/>\n<meta property=\"article:modified_time\" content=\"2023-11-10T15:50:12+00:00\" \/>\n<meta property=\"og:image\" content=\"https:\/\/lapatriafutbolera.com.ar\/wp-content\/uploads\/2023\/11\/WhatsApp-Image-2023-11-09-at-09.13.48.jpeg\" \/>\n\t<meta property=\"og:image:width\" content=\"1125\" \/>\n\t<meta property=\"og:image:height\" content=\"917\" \/>\n\t<meta property=\"og:image:type\" content=\"image\/jpeg\" \/>\n<meta name=\"author\" content=\"Mart\u00edn Ripari\" \/>\n<meta name=\"twitter:card\" content=\"summary_large_image\" \/>\n<meta name=\"twitter:label1\" content=\"Escrito por\" \/>\n\t<meta name=\"twitter:data1\" content=\"Mart\u00edn Ripari\" \/>\n\t<meta name=\"twitter:label2\" content=\"Tiempo de lectura\" \/>\n\t<meta name=\"twitter:data2\" content=\"1 minuto\" \/>\n<script type=\"application\/ld+json\" class=\"yoast-schema-graph\">{\"@context\":\"https:\/\/schema.org\",\"@graph\":[{\"@type\":\"Article\",\"@id\":\"https:\/\/lapatriafutbolera.com.ar\/index.php\/2023\/11\/09\/triunfos-ante-ecuador-y-chile\/#article\",\"isPartOf\":{\"@id\":\"https:\/\/lapatriafutbolera.com.ar\/index.php\/2023\/11\/09\/triunfos-ante-ecuador-y-chile\/\"},\"author\":{\"name\":\"Mart\u00edn Ripari\",\"@id\":\"https:\/\/lapatriafutbolera.com.ar\/#\/schema\/person\/dc3d1ee3d5b1b3798150a5bbc781935d\"},\"headline\":\"Triunfos ante Ecuador y Chile\",\"datePublished\":\"2023-11-09T13:58:00+00:00\",\"dateModified\":\"2023-11-10T15:50:12+00:00\",\"mainEntityOfPage\":{\"@id\":\"https:\/\/lapatriafutbolera.com.ar\/index.php\/2023\/11\/09\/triunfos-ante-ecuador-y-chile\/\"},\"wordCount\":227,\"commentCount\":0,\"publisher\":{\"@id\":\"https:\/\/lapatriafutbolera.com.ar\/#organization\"},\"articleSection\":[\"MUNDIAL DE TALLA BAJA\"],\"inLanguage\":\"es-AR\",\"potentialAction\":[{\"@type\":\"CommentAction\",\"name\":\"Comment\",\"target\":[\"https:\/\/lapatriafutbolera.com.ar\/index.php\/2023\/11\/09\/triunfos-ante-ecuador-y-chile\/#respond\"]}]},{\"@type\":\"WebPage\",\"@id\":\"https:\/\/lapatriafutbolera.com.ar\/index.php\/2023\/11\/09\/triunfos-ante-ecuador-y-chile\/\",\"url\":\"https:\/\/lapatriafutbolera.com.ar\/index.php\/2023\/11\/09\/triunfos-ante-ecuador-y-chile\/\",\"name\":\"Triunfos ante Ecuador y Chile - LA PATRIA FUTBOLERA\",\"isPartOf\":{\"@id\":\"https:\/\/lapatriafutbolera.com.ar\/#website\"},\"datePublished\":\"2023-11-09T13:58:00+00:00\",\"dateModified\":\"2023-11-10T15:50:12+00:00\",\"breadcrumb\":{\"@id\":\"https:\/\/lapatriafutbolera.com.ar\/index.php\/2023\/11\/09\/triunfos-ante-ecuador-y-chile\/#breadcrumb\"},\"inLanguage\":\"es-AR\",\"potentialAction\":[{\"@type\":\"ReadAction\",\"target\":[\"https:\/\/lapatriafutbolera.com.ar\/index.php\/2023\/11\/09\/triunfos-ante-ecuador-y-chile\/\"]}]},{\"@type\":\"BreadcrumbList\",\"@id\":\"https:\/\/lapatriafutbolera.com.ar\/index.php\/2023\/11\/09\/triunfos-ante-ecuador-y-chile\/#breadcrumb\",\"itemListElement\":[{\"@type\":\"ListItem\",\"position\":1,\"name\":\"Inicio\",\"item\":\"https:\/\/lapatriafutbolera.com.ar\/\"},{\"@type\":\"ListItem\",\"position\":2,\"name\":\"Triunfos ante Ecuador y Chile\"}]},{\"@type\":\"WebSite\",\"@id\":\"https:\/\/lapatriafutbolera.com.ar\/#website\",\"url\":\"https:\/\/lapatriafutbolera.com.ar\/\",\"name\":\"LA PATRIA FUTBOLERA\",\"description\":\"\",\"publisher\":{\"@id\":\"https:\/\/lapatriafutbolera.com.ar\/#organization\"},\"potentialAction\":[{\"@type\":\"SearchAction\",\"target\":{\"@type\":\"EntryPoint\",\"urlTemplate\":\"https:\/\/lapatriafutbolera.com.ar\/?s={search_term_string}\"},\"query-input\":\"required name=search_term_string\"}],\"inLanguage\":\"es-AR\"},{\"@type\":\"Organization\",\"@id\":\"https:\/\/lapatriafutbolera.com.ar\/#organization\",\"name\":\"LA PATRIA FUTBOLERA\",\"url\":\"https:\/\/lapatriafutbolera.com.ar\/\",\"sameAs\":[],\"logo\":{\"@type\":\"ImageObject\",\"inLanguage\":\"es-AR\",\"@id\":\"https:\/\/lapatriafutbolera.com.ar\/#\/schema\/logo\/image\/\",\"url\":\"https:\/\/lapatriafutbolera.com.ar\/wp-content\/uploads\/2025\/03\/cropped-LA-PATRIA-14.jpg\",\"contentUrl\":\"https:\/\/lapatriafutbolera.com.ar\/wp-content\/uploads\/2025\/03\/cropped-LA-PATRIA-14.jpg\",\"width\":1308,\"height\":221,\"caption\":\"LA PATRIA FUTBOLERA\"},\"image\":{\"@id\":\"https:\/\/lapatriafutbolera.com.ar\/#\/schema\/logo\/image\/\"}},{\"@type\":\"Person\",\"@id\":\"https:\/\/lapatriafutbolera.com.ar\/#\/schema\/person\/dc3d1ee3d5b1b3798150a5bbc781935d\",\"name\":\"Mart\u00edn Ripari\",\"image\":{\"@type\":\"ImageObject\",\"inLanguage\":\"es-AR\",\"@id\":\"https:\/\/lapatriafutbolera.com.ar\/#\/schema\/person\/image\/\",\"url\":\"https:\/\/secure.gravatar.com\/avatar\/0db7df26707fd8adc2b24ae87259322b0aea8d9eaf092366b1d208b0b180ee7e?s=96&d=mm&r=g\",\"contentUrl\":\"https:\/\/secure.gravatar.com\/avatar\/0db7df26707fd8adc2b24ae87259322b0aea8d9eaf092366b1d208b0b180ee7e?s=96&d=mm&r=g\",\"caption\":\"Mart\u00edn Ripari\"},\"url\":\"https:\/\/lapatriafutbolera.com.ar\/index.php\/author\/martin-ripari\/\"}]}<\/script>\n<!-- \/ Yoast SEO plugin. -->","yoast_head_json":{"title":"Triunfos ante Ecuador y Chile - LA PATRIA FUTBOLERA","robots":{"index":"index","follow":"follow","max-snippet":"max-snippet:-1","max-image-preview":"max-image-preview:large","max-video-preview":"max-video-preview:-1"},"canonical":"https:\/\/lapatriafutbolera.com.ar\/index.php\/2023\/11\/09\/triunfos-ante-ecuador-y-chile\/","og_locale":"es_ES","og_type":"article","og_title":"Triunfos ante Ecuador y Chile - LA PATRIA FUTBOLERA","og_description":"En los encuentros que se disputaron en el Estadio Cubierto Malvinas Argentinas de Argentinos Juniors...","og_url":"https:\/\/lapatriafutbolera.com.ar\/index.php\/2023\/11\/09\/triunfos-ante-ecuador-y-chile\/","og_site_name":"LA PATRIA FUTBOLERA","article_published_time":"2023-11-09T13:58:00+00:00","article_modified_time":"2023-11-10T15:50:12+00:00","og_image":[{"width":1125,"height":917,"url":"https:\/\/lapatriafutbolera.com.ar\/wp-content\/uploads\/2023\/11\/WhatsApp-Image-2023-11-09-at-09.13.48.jpeg","type":"image\/jpeg"}],"author":"Mart\u00edn Ripari","twitter_card":"summary_large_image","twitter_misc":{"Escrito por":"Mart\u00edn Ripari","Tiempo de lectura":"1 minuto"},"schema":{"@context":"https:\/\/schema.org","@graph":[{"@type":"Article","@id":"https:\/\/lapatriafutbolera.com.ar\/index.php\/2023\/11\/09\/triunfos-ante-ecuador-y-chile\/#article","isPartOf":{"@id":"https:\/\/lapatriafutbolera.com.ar\/index.php\/2023\/11\/09\/triunfos-ante-ecuador-y-chile\/"},"author":{"name":"Mart\u00edn Ripari","@id":"https:\/\/lapatriafutbolera.com.ar\/#\/schema\/person\/dc3d1ee3d5b1b3798150a5bbc781935d"},"headline":"Triunfos ante Ecuador y Chile","datePublished":"2023-11-09T13:58:00+00:00","dateModified":"2023-11-10T15:50:12+00:00","mainEntityOfPage":{"@id":"https:\/\/lapatriafutbolera.com.ar\/index.php\/2023\/11\/09\/triunfos-ante-ecuador-y-chile\/"},"wordCount":227,"commentCount":0,"publisher":{"@id":"https:\/\/lapatriafutbolera.com.ar\/#organization"},"articleSection":["MUNDIAL DE TALLA BAJA"],"inLanguage":"es-AR","potentialAction":[{"@type":"CommentAction","name":"Comment","target":["https:\/\/lapatriafutbolera.com.ar\/index.php\/2023\/11\/09\/triunfos-ante-ecuador-y-chile\/#respond"]}]},{"@type":"WebPage","@id":"https:\/\/lapatriafutbolera.com.ar\/index.php\/2023\/11\/09\/triunfos-ante-ecuador-y-chile\/","url":"https:\/\/lapatriafutbolera.com.ar\/index.php\/2023\/11\/09\/triunfos-ante-ecuador-y-chile\/","name":"Triunfos ante Ecuador y Chile - LA PATRIA FUTBOLERA","isPartOf":{"@id":"https:\/\/lapatriafutbolera.com.ar\/#website"},"datePublished":"2023-11-09T13:58:00+00:00","dateModified":"2023-11-10T15:50:12+00:00","breadcrumb":{"@id":"https:\/\/lapatriafutbolera.com.ar\/index.php\/2023\/11\/09\/triunfos-ante-ecuador-y-chile\/#breadcrumb"},"inLanguage":"es-AR","potentialAction":[{"@type":"ReadAction","target":["https:\/\/lapatriafutbolera.com.ar\/index.php\/2023\/11\/09\/triunfos-ante-ecuador-y-chile\/"]}]},{"@type":"BreadcrumbList","@id":"https:\/\/lapatriafutbolera.com.ar\/index.php\/2023\/11\/09\/triunfos-ante-ecuador-y-chile\/#breadcrumb","itemListElement":[{"@type":"ListItem","position":1,"name":"Inicio","item":"https:\/\/lapatriafutbolera.com.ar\/"},{"@type":"ListItem","position":2,"name":"Triunfos ante Ecuador y Chile"}]},{"@type":"WebSite","@id":"https:\/\/lapatriafutbolera.com.ar\/#website","url":"https:\/\/lapatriafutbolera.com.ar\/","name":"LA PATRIA FUTBOLERA","description":"","publisher":{"@id":"https:\/\/lapatriafutbolera.com.ar\/#organization"},"potentialAction":[{"@type":"SearchAction","target":{"@type":"EntryPoint","urlTemplate":"https:\/\/lapatriafutbolera.com.ar\/?s={search_term_string}"},"query-input":"required name=search_term_string"}],"inLanguage":"es-AR"},{"@type":"Organization","@id":"https:\/\/lapatriafutbolera.com.ar\/#organization","name":"LA PATRIA FUTBOLERA","url":"https:\/\/lapatriafutbolera.com.ar\/","sameAs":[],"logo":{"@type":"ImageObject","inLanguage":"es-AR","@id":"https:\/\/lapatriafutbolera.com.ar\/#\/schema\/logo\/image\/","url":"https:\/\/lapatriafutbolera.com.ar\/wp-content\/uploads\/2025\/03\/cropped-LA-PATRIA-14.jpg","contentUrl":"https:\/\/lapatriafutbolera.com.ar\/wp-content\/uploads\/2025\/03\/cropped-LA-PATRIA-14.jpg","width":1308,"height":221,"caption":"LA PATRIA FUTBOLERA"},"image":{"@id":"https:\/\/lapatriafutbolera.com.ar\/#\/schema\/logo\/image\/"}},{"@type":"Person","@id":"https:\/\/lapatriafutbolera.com.ar\/#\/schema\/person\/dc3d1ee3d5b1b3798150a5bbc781935d","name":"Mart\u00edn Ripari","image":{"@type":"ImageObject","inLanguage":"es-AR","@id":"https:\/\/lapatriafutbolera.com.ar\/#\/schema\/person\/image\/","url":"https:\/\/secure.gravatar.com\/avatar\/0db7df26707fd8adc2b24ae87259322b0aea8d9eaf092366b1d208b0b180ee7e?s=96&d=mm&r=g","contentUrl":"https:\/\/secure.gravatar.com\/avatar\/0db7df26707fd8adc2b24ae87259322b0aea8d9eaf092366b1d208b0b180ee7e?s=96&d=mm&r=g","caption":"Mart\u00edn Ripari"},"url":"https:\/\/lapatriafutbolera.com.ar\/index.php\/author\/martin-ripari\/"}]}},"_links":{"self":[{"href":"https:\/\/lapatriafutbolera.com.ar\/index.php\/wp-json\/wp\/v2\/posts\/1900","targetHints":{"allow":["GET"]}}],"collection":[{"href":"https:\/\/lapatriafutbolera.com.ar\/index.php\/wp-json\/wp\/v2\/posts"}],"about":[{"href":"https:\/\/lapatriafutbolera.com.ar\/index.php\/wp-json\/wp\/v2\/types\/post"}],"author":[{"embeddable":true,"href":"https:\/\/lapatriafutbolera.com.ar\/index.php\/wp-json\/wp\/v2\/users\/3"}],"replies":[{"embeddable":true,"href":"https:\/\/lapatriafutbolera.com.ar\/index.php\/wp-json\/wp\/v2\/comments?post=1900"}],"version-history":[{"count":1,"href":"https:\/\/lapatriafutbolera.com.ar\/index.php\/wp-json\/wp\/v2\/posts\/1900\/revisions"}],"predecessor-version":[{"id":1902,"href":"https:\/\/lapatriafutbolera.com.ar\/index.php\/wp-json\/wp\/v2\/posts\/1900\/revisions\/1902"}],"wp:featuredmedia":[{"embeddable":true,"href":"https:\/\/lapatriafutbolera.com.ar\/index.php\/wp-json\/wp\/v2\/media\/1901"}],"wp:attachment":[{"href":"https:\/\/lapatriafutbolera.com.ar\/index.php\/wp-json\/wp\/v2\/media?parent=1900"}],"wp:term":[{"taxonomy":"category","embeddable":true,"href":"https:\/\/lapatriafutbolera.com.ar\/index.php\/wp-json\/wp\/v2\/categories?post=1900"},{"taxonomy":"post_tag","embeddable":true,"href":"https:\/\/lapatriafutbolera.com.ar\/index.php\/wp-json\/wp\/v2\/tags?post=1900"}],"curies":[{"name":"wp","href":"https:\/\/api.w.org\/{rel}","templated":true}]}}