{"id":1908,"date":"2023-11-09T20:53:00","date_gmt":"2023-11-09T23:53:00","guid":{"rendered":"https:\/\/lapatriafutbolera.com.ar\/?p=1908"},"modified":"2023-11-10T12:59:33","modified_gmt":"2023-11-10T15:59:33","slug":"finalista","status":"publish","type":"post","link":"https:\/\/lapatriafutbolera.com.ar\/index.php\/2023\/11\/09\/finalista\/","title":{"rendered":"\u00a1\u00a1\u00a1\u00a1FINALISTA!!!!"},"content":{"rendered":"\n<h4 class=\"wp-block-heading\">L<strong>a Selecci\u00f3n Argentina de Talla Baja lo hizo de nuevo: derrot\u00f3 2 a 0 a Brasil, por cuartos de final, y luego 4 a 2 a Per\u00fa,\u00a0<\/strong>y est\u00e1 en la final del Mundial de la especialidad que se disputa en el Polideportivo Islas Malvinas de Argentinos Juniors.<\/h4>\n\n\n\n<p>Los goles ante Brasil fueron de Catriel Bracesco, de penal, y Mart\u00edn Ant\u00fanez. Frente a Per\u00fa: Lucas Rojas (2), Ant\u00fanez y Bracesco.<\/p>\n\n\n\n<p>Los futbolistas festejaron en el vestuario con los t\u00edpicos cantitos de la Selecci\u00f3n mayor.<\/p>\n\n\n\n<p>Los resultados de Argentina fueron muy buenos. Debut\u00f3 con goleada, 4 a 0 ante M\u00e9xico. Luego siguieron dos victorias m\u00e1s: 5 a 0 a Chile y 4 a 0 a Ecuador. La final ser\u00e1 este viernes ante el ganador Paraguay, que derrot\u00f3 5 a 1 a los trasandinos.<\/p>\n\n\n\n<blockquote class=\"twitter-tweet\"><p lang=\"es\" dir=\"ltr\">\ud83d\udde3\ufe0f &quot;ME CORTARON LAS PIERNAS&quot;<br><br>Genialidad publicitaria de cara al Mundial de Talla Baja, en el que Argentina \ud83c\udde6\ud83c\uddf7 debut\u00f3 ayer con goleada 4-0 ante M\u00e9xico \ud83c\uddf2\ud83c\uddfd <a href=\"https:\/\/t.co\/eExfITZ2gx\">pic.twitter.com\/eExfITZ2gx<\/a><\/p>&mdash; Diario Ol\u00e9 (@DiarioOle) <a href=\"https:\/\/twitter.com\/DiarioOle\/status\/1722373467259982302?ref_src=twsrc%5Etfw\">November 8, 2023<\/a><\/blockquote> <script async src=\"https:\/\/platform.twitter.com\/widgets.js\" charset=\"utf-8\"><\/script>\n","protected":false},"excerpt":{"rendered":"<p>La Selecci\u00f3n Argentina de Talla Baja lo hizo de nuevo: derrot\u00f3 2 a 0 a&#8230;<\/p>\n","protected":false},"author":3,"featured_media":1909,"comment_status":"open","ping_status":"open","sticky":false,"template":"","format":"standard","meta":{"footnotes":""},"categories":[155],"tags":[],"class_list":["post-1908","post","type-post","status-publish","format-standard","has-post-thumbnail","hentry","category-mundial-de-talla-baja"],"yoast_head":"<!-- This site is optimized with the Yoast SEO plugin v19.5.1 - https:\/\/yoast.com\/wordpress\/plugins\/seo\/ -->\n<title>\u00a1\u00a1\u00a1\u00a1FINALISTA!!!! - LA PATRIA FUTBOLERA<\/title>\n<meta name=\"robots\" content=\"index, follow, max-snippet:-1, max-image-preview:large, max-video-preview:-1\" \/>\n<link rel=\"canonical\" href=\"https:\/\/lapatriafutbolera.com.ar\/index.php\/2023\/11\/09\/finalista\/\" \/>\n<meta property=\"og:locale\" content=\"es_ES\" \/>\n<meta property=\"og:type\" content=\"article\" \/>\n<meta property=\"og:title\" content=\"\u00a1\u00a1\u00a1\u00a1FINALISTA!!!! - LA PATRIA FUTBOLERA\" \/>\n<meta property=\"og:description\" content=\"La Selecci\u00f3n Argentina de Talla Baja lo hizo de nuevo: derrot\u00f3 2 a 0 a...\" \/>\n<meta property=\"og:url\" content=\"https:\/\/lapatriafutbolera.com.ar\/index.php\/2023\/11\/09\/finalista\/\" \/>\n<meta property=\"og:site_name\" content=\"LA PATRIA FUTBOLERA\" \/>\n<meta property=\"article:published_time\" content=\"2023-11-09T23:53:00+00:00\" \/>\n<meta property=\"article:modified_time\" content=\"2023-11-10T15:59:33+00:00\" \/>\n<meta property=\"og:image\" content=\"https:\/\/lapatriafutbolera.com.ar\/wp-content\/uploads\/2023\/11\/654d4e7cb6082_450.jpg\" \/>\n\t<meta property=\"og:image:width\" content=\"450\" \/>\n\t<meta property=\"og:image:height\" content=\"253\" \/>\n\t<meta property=\"og:image:type\" content=\"image\/jpeg\" \/>\n<meta name=\"author\" content=\"Mart\u00edn Ripari\" \/>\n<meta name=\"twitter:card\" content=\"summary_large_image\" \/>\n<meta name=\"twitter:label1\" content=\"Escrito por\" \/>\n\t<meta name=\"twitter:data1\" content=\"Mart\u00edn Ripari\" \/>\n\t<meta name=\"twitter:label2\" content=\"Tiempo de lectura\" \/>\n\t<meta name=\"twitter:data2\" content=\"1 minuto\" \/>\n<script type=\"application\/ld+json\" class=\"yoast-schema-graph\">{\"@context\":\"https:\/\/schema.org\",\"@graph\":[{\"@type\":\"Article\",\"@id\":\"https:\/\/lapatriafutbolera.com.ar\/index.php\/2023\/11\/09\/finalista\/#article\",\"isPartOf\":{\"@id\":\"https:\/\/lapatriafutbolera.com.ar\/index.php\/2023\/11\/09\/finalista\/\"},\"author\":{\"name\":\"Mart\u00edn Ripari\",\"@id\":\"https:\/\/lapatriafutbolera.com.ar\/#\/schema\/person\/dc3d1ee3d5b1b3798150a5bbc781935d\"},\"headline\":\"\u00a1\u00a1\u00a1\u00a1FINALISTA!!!!\",\"datePublished\":\"2023-11-09T23:53:00+00:00\",\"dateModified\":\"2023-11-10T15:59:33+00:00\",\"mainEntityOfPage\":{\"@id\":\"https:\/\/lapatriafutbolera.com.ar\/index.php\/2023\/11\/09\/finalista\/\"},\"wordCount\":165,\"commentCount\":0,\"publisher\":{\"@id\":\"https:\/\/lapatriafutbolera.com.ar\/#organization\"},\"articleSection\":[\"MUNDIAL DE TALLA BAJA\"],\"inLanguage\":\"es-AR\",\"potentialAction\":[{\"@type\":\"CommentAction\",\"name\":\"Comment\",\"target\":[\"https:\/\/lapatriafutbolera.com.ar\/index.php\/2023\/11\/09\/finalista\/#respond\"]}]},{\"@type\":\"WebPage\",\"@id\":\"https:\/\/lapatriafutbolera.com.ar\/index.php\/2023\/11\/09\/finalista\/\",\"url\":\"https:\/\/lapatriafutbolera.com.ar\/index.php\/2023\/11\/09\/finalista\/\",\"name\":\"\u00a1\u00a1\u00a1\u00a1FINALISTA!!!! - LA PATRIA FUTBOLERA\",\"isPartOf\":{\"@id\":\"https:\/\/lapatriafutbolera.com.ar\/#website\"},\"datePublished\":\"2023-11-09T23:53:00+00:00\",\"dateModified\":\"2023-11-10T15:59:33+00:00\",\"breadcrumb\":{\"@id\":\"https:\/\/lapatriafutbolera.com.ar\/index.php\/2023\/11\/09\/finalista\/#breadcrumb\"},\"inLanguage\":\"es-AR\",\"potentialAction\":[{\"@type\":\"ReadAction\",\"target\":[\"https:\/\/lapatriafutbolera.com.ar\/index.php\/2023\/11\/09\/finalista\/\"]}]},{\"@type\":\"BreadcrumbList\",\"@id\":\"https:\/\/lapatriafutbolera.com.ar\/index.php\/2023\/11\/09\/finalista\/#breadcrumb\",\"itemListElement\":[{\"@type\":\"ListItem\",\"position\":1,\"name\":\"Inicio\",\"item\":\"https:\/\/lapatriafutbolera.com.ar\/\"},{\"@type\":\"ListItem\",\"position\":2,\"name\":\"\u00a1\u00a1\u00a1\u00a1FINALISTA!!!!\"}]},{\"@type\":\"WebSite\",\"@id\":\"https:\/\/lapatriafutbolera.com.ar\/#website\",\"url\":\"https:\/\/lapatriafutbolera.com.ar\/\",\"name\":\"LA PATRIA FUTBOLERA\",\"description\":\"\",\"publisher\":{\"@id\":\"https:\/\/lapatriafutbolera.com.ar\/#organization\"},\"potentialAction\":[{\"@type\":\"SearchAction\",\"target\":{\"@type\":\"EntryPoint\",\"urlTemplate\":\"https:\/\/lapatriafutbolera.com.ar\/?s={search_term_string}\"},\"query-input\":\"required name=search_term_string\"}],\"inLanguage\":\"es-AR\"},{\"@type\":\"Organization\",\"@id\":\"https:\/\/lapatriafutbolera.com.ar\/#organization\",\"name\":\"LA PATRIA FUTBOLERA\",\"url\":\"https:\/\/lapatriafutbolera.com.ar\/\",\"sameAs\":[],\"logo\":{\"@type\":\"ImageObject\",\"inLanguage\":\"es-AR\",\"@id\":\"https:\/\/lapatriafutbolera.com.ar\/#\/schema\/logo\/image\/\",\"url\":\"https:\/\/lapatriafutbolera.com.ar\/wp-content\/uploads\/2025\/03\/cropped-LA-PATRIA-14.jpg\",\"contentUrl\":\"https:\/\/lapatriafutbolera.com.ar\/wp-content\/uploads\/2025\/03\/cropped-LA-PATRIA-14.jpg\",\"width\":1308,\"height\":221,\"caption\":\"LA PATRIA FUTBOLERA\"},\"image\":{\"@id\":\"https:\/\/lapatriafutbolera.com.ar\/#\/schema\/logo\/image\/\"}},{\"@type\":\"Person\",\"@id\":\"https:\/\/lapatriafutbolera.com.ar\/#\/schema\/person\/dc3d1ee3d5b1b3798150a5bbc781935d\",\"name\":\"Mart\u00edn Ripari\",\"image\":{\"@type\":\"ImageObject\",\"inLanguage\":\"es-AR\",\"@id\":\"https:\/\/lapatriafutbolera.com.ar\/#\/schema\/person\/image\/\",\"url\":\"https:\/\/secure.gravatar.com\/avatar\/0db7df26707fd8adc2b24ae87259322b0aea8d9eaf092366b1d208b0b180ee7e?s=96&d=mm&r=g\",\"contentUrl\":\"https:\/\/secure.gravatar.com\/avatar\/0db7df26707fd8adc2b24ae87259322b0aea8d9eaf092366b1d208b0b180ee7e?s=96&d=mm&r=g\",\"caption\":\"Mart\u00edn Ripari\"},\"url\":\"https:\/\/lapatriafutbolera.com.ar\/index.php\/author\/martin-ripari\/\"}]}<\/script>\n<!-- \/ Yoast SEO plugin. -->","yoast_head_json":{"title":"\u00a1\u00a1\u00a1\u00a1FINALISTA!!!! - LA PATRIA FUTBOLERA","robots":{"index":"index","follow":"follow","max-snippet":"max-snippet:-1","max-image-preview":"max-image-preview:large","max-video-preview":"max-video-preview:-1"},"canonical":"https:\/\/lapatriafutbolera.com.ar\/index.php\/2023\/11\/09\/finalista\/","og_locale":"es_ES","og_type":"article","og_title":"\u00a1\u00a1\u00a1\u00a1FINALISTA!!!! - LA PATRIA FUTBOLERA","og_description":"La Selecci\u00f3n Argentina de Talla Baja lo hizo de nuevo: derrot\u00f3 2 a 0 a...","og_url":"https:\/\/lapatriafutbolera.com.ar\/index.php\/2023\/11\/09\/finalista\/","og_site_name":"LA PATRIA FUTBOLERA","article_published_time":"2023-11-09T23:53:00+00:00","article_modified_time":"2023-11-10T15:59:33+00:00","og_image":[{"width":450,"height":253,"url":"https:\/\/lapatriafutbolera.com.ar\/wp-content\/uploads\/2023\/11\/654d4e7cb6082_450.jpg","type":"image\/jpeg"}],"author":"Mart\u00edn Ripari","twitter_card":"summary_large_image","twitter_misc":{"Escrito por":"Mart\u00edn Ripari","Tiempo de lectura":"1 minuto"},"schema":{"@context":"https:\/\/schema.org","@graph":[{"@type":"Article","@id":"https:\/\/lapatriafutbolera.com.ar\/index.php\/2023\/11\/09\/finalista\/#article","isPartOf":{"@id":"https:\/\/lapatriafutbolera.com.ar\/index.php\/2023\/11\/09\/finalista\/"},"author":{"name":"Mart\u00edn Ripari","@id":"https:\/\/lapatriafutbolera.com.ar\/#\/schema\/person\/dc3d1ee3d5b1b3798150a5bbc781935d"},"headline":"\u00a1\u00a1\u00a1\u00a1FINALISTA!!!!","datePublished":"2023-11-09T23:53:00+00:00","dateModified":"2023-11-10T15:59:33+00:00","mainEntityOfPage":{"@id":"https:\/\/lapatriafutbolera.com.ar\/index.php\/2023\/11\/09\/finalista\/"},"wordCount":165,"commentCount":0,"publisher":{"@id":"https:\/\/lapatriafutbolera.com.ar\/#organization"},"articleSection":["MUNDIAL DE TALLA BAJA"],"inLanguage":"es-AR","potentialAction":[{"@type":"CommentAction","name":"Comment","target":["https:\/\/lapatriafutbolera.com.ar\/index.php\/2023\/11\/09\/finalista\/#respond"]}]},{"@type":"WebPage","@id":"https:\/\/lapatriafutbolera.com.ar\/index.php\/2023\/11\/09\/finalista\/","url":"https:\/\/lapatriafutbolera.com.ar\/index.php\/2023\/11\/09\/finalista\/","name":"\u00a1\u00a1\u00a1\u00a1FINALISTA!!!! - LA PATRIA FUTBOLERA","isPartOf":{"@id":"https:\/\/lapatriafutbolera.com.ar\/#website"},"datePublished":"2023-11-09T23:53:00+00:00","dateModified":"2023-11-10T15:59:33+00:00","breadcrumb":{"@id":"https:\/\/lapatriafutbolera.com.ar\/index.php\/2023\/11\/09\/finalista\/#breadcrumb"},"inLanguage":"es-AR","potentialAction":[{"@type":"ReadAction","target":["https:\/\/lapatriafutbolera.com.ar\/index.php\/2023\/11\/09\/finalista\/"]}]},{"@type":"BreadcrumbList","@id":"https:\/\/lapatriafutbolera.com.ar\/index.php\/2023\/11\/09\/finalista\/#breadcrumb","itemListElement":[{"@type":"ListItem","position":1,"name":"Inicio","item":"https:\/\/lapatriafutbolera.com.ar\/"},{"@type":"ListItem","position":2,"name":"\u00a1\u00a1\u00a1\u00a1FINALISTA!!!!"}]},{"@type":"WebSite","@id":"https:\/\/lapatriafutbolera.com.ar\/#website","url":"https:\/\/lapatriafutbolera.com.ar\/","name":"LA PATRIA FUTBOLERA","description":"","publisher":{"@id":"https:\/\/lapatriafutbolera.com.ar\/#organization"},"potentialAction":[{"@type":"SearchAction","target":{"@type":"EntryPoint","urlTemplate":"https:\/\/lapatriafutbolera.com.ar\/?s={search_term_string}"},"query-input":"required name=search_term_string"}],"inLanguage":"es-AR"},{"@type":"Organization","@id":"https:\/\/lapatriafutbolera.com.ar\/#organization","name":"LA PATRIA FUTBOLERA","url":"https:\/\/lapatriafutbolera.com.ar\/","sameAs":[],"logo":{"@type":"ImageObject","inLanguage":"es-AR","@id":"https:\/\/lapatriafutbolera.com.ar\/#\/schema\/logo\/image\/","url":"https:\/\/lapatriafutbolera.com.ar\/wp-content\/uploads\/2025\/03\/cropped-LA-PATRIA-14.jpg","contentUrl":"https:\/\/lapatriafutbolera.com.ar\/wp-content\/uploads\/2025\/03\/cropped-LA-PATRIA-14.jpg","width":1308,"height":221,"caption":"LA PATRIA FUTBOLERA"},"image":{"@id":"https:\/\/lapatriafutbolera.com.ar\/#\/schema\/logo\/image\/"}},{"@type":"Person","@id":"https:\/\/lapatriafutbolera.com.ar\/#\/schema\/person\/dc3d1ee3d5b1b3798150a5bbc781935d","name":"Mart\u00edn Ripari","image":{"@type":"ImageObject","inLanguage":"es-AR","@id":"https:\/\/lapatriafutbolera.com.ar\/#\/schema\/person\/image\/","url":"https:\/\/secure.gravatar.com\/avatar\/0db7df26707fd8adc2b24ae87259322b0aea8d9eaf092366b1d208b0b180ee7e?s=96&d=mm&r=g","contentUrl":"https:\/\/secure.gravatar.com\/avatar\/0db7df26707fd8adc2b24ae87259322b0aea8d9eaf092366b1d208b0b180ee7e?s=96&d=mm&r=g","caption":"Mart\u00edn Ripari"},"url":"https:\/\/lapatriafutbolera.com.ar\/index.php\/author\/martin-ripari\/"}]}},"_links":{"self":[{"href":"https:\/\/lapatriafutbolera.com.ar\/index.php\/wp-json\/wp\/v2\/posts\/1908","targetHints":{"allow":["GET"]}}],"collection":[{"href":"https:\/\/lapatriafutbolera.com.ar\/index.php\/wp-json\/wp\/v2\/posts"}],"about":[{"href":"https:\/\/lapatriafutbolera.com.ar\/index.php\/wp-json\/wp\/v2\/types\/post"}],"author":[{"embeddable":true,"href":"https:\/\/lapatriafutbolera.com.ar\/index.php\/wp-json\/wp\/v2\/users\/3"}],"replies":[{"embeddable":true,"href":"https:\/\/lapatriafutbolera.com.ar\/index.php\/wp-json\/wp\/v2\/comments?post=1908"}],"version-history":[{"count":1,"href":"https:\/\/lapatriafutbolera.com.ar\/index.php\/wp-json\/wp\/v2\/posts\/1908\/revisions"}],"predecessor-version":[{"id":1910,"href":"https:\/\/lapatriafutbolera.com.ar\/index.php\/wp-json\/wp\/v2\/posts\/1908\/revisions\/1910"}],"wp:featuredmedia":[{"embeddable":true,"href":"https:\/\/lapatriafutbolera.com.ar\/index.php\/wp-json\/wp\/v2\/media\/1909"}],"wp:attachment":[{"href":"https:\/\/lapatriafutbolera.com.ar\/index.php\/wp-json\/wp\/v2\/media?parent=1908"}],"wp:term":[{"taxonomy":"category","embeddable":true,"href":"https:\/\/lapatriafutbolera.com.ar\/index.php\/wp-json\/wp\/v2\/categories?post=1908"},{"taxonomy":"post_tag","embeddable":true,"href":"https:\/\/lapatriafutbolera.com.ar\/index.php\/wp-json\/wp\/v2\/tags?post=1908"}],"curies":[{"name":"wp","href":"https:\/\/api.w.org\/{rel}","templated":true}]}}