{"id":1935,"date":"2023-12-31T16:58:04","date_gmt":"2023-12-31T19:58:04","guid":{"rendered":"https:\/\/lapatriafutbolera.com.ar\/?p=1935"},"modified":"2024-01-09T16:59:38","modified_gmt":"2024-01-09T19:59:38","slug":"un-brindis-sin-arco-y-sin-redes","status":"publish","type":"post","link":"https:\/\/lapatriafutbolera.com.ar\/index.php\/2023\/12\/31\/un-brindis-sin-arco-y-sin-redes\/","title":{"rendered":"Un brindis sin arco y sin redes"},"content":{"rendered":"\n<p>Muchos diciembres antes de que el Bar de los S\u00e1bados se le volviera un refugio semanal para pensar los partidos y jugar los afectos, el Pibe atravesaba los veranos en un pueblo en el que el A\u00f1o Nuevo era puro f\u00fatbol. Un ejemplo: en lugar de ca\u00f1itas voladoras, los j\u00f3venes tiraban pelotazos al aire. El efecto era el mismo porque un pelotazo con ganas siempre es una brevedad que brilla.<\/p>\n\n\n\n<p><a><\/a>Cuando oy\u00f3 esa historia en el \u00faltimo s\u00e1bado del a\u00f1o, el Gordo, otro notable del Bar de los S\u00e1bados, quiso conocer m\u00e1s. El Pibe le cont\u00f3 que el abuelo de su abuelo hab\u00eda inaugurado uno de los rituales del pueblo. Consist\u00eda en dedicar el atardecer final del a\u00f1o a patear penales frente a arcos sin redes o dentro de canchas sin arcos. \u00abAl abuelo de mi abuelo \u2014explic\u00f3 el Pibe\u2014 le gustaban los arcos y tambi\u00e9n las redes. Y hasta se comentaba que fue un aceptable goleador. Pero no hac\u00eda en broma lo del f\u00fatbol sin arcos y sin redes. El y muchos con \u00e9l entend\u00edan que se trataba de un modo de proclamar que los pueblos y sus gentes eran capaces de empecinarse en existir, d\u00eda a d\u00eda y a\u00f1o a a\u00f1o, aunque los privaran de lo esencial\u00bb.<\/p>\n\n\n\n<p>Los mozos del Bar de los S\u00e1bados primero se sacudieron con ese relato y luego se sonrieron cuando el Pibe le revel\u00f3 al Gordo que en aquel pueblo no palpitaban los avances del reloj diciendo \u00abfalta una hora para el A\u00f1o Nuevo\u00bb. Futboleros hasta despedir el calendario, prefer\u00edan avisar que \u00abfaltan el descanso y el segundo tiempo para que brindemos\u00bb.<\/p>\n\n\n\n<p>Y eso ocurr\u00eda: el A\u00f1o Nuevo asomaba. Lo esperaban con una pelota en el pie, que giraba desde el m\u00e1s chico al m\u00e1s grande, y desde el m\u00e1s grande a un amor, y desde ese amor a un t\u00edo, y desde el t\u00edo a los dem\u00e1s. Todos pasaban la pelota hasta asegurarse que nadie quedara afuera porque esa pelota simbolizaba la pasi\u00f3n por el f\u00fatbol pero, m\u00e1s a\u00fan, la voluntad de construir juntos la vida.<\/p>\n\n\n\n<p>El Pibe, entonces, no apel\u00f3 a m\u00e1s memorias. Mir\u00f3 a los compa\u00f1eros del Bar de los S\u00e1bados y brind\u00f3 con el alma. Despu\u00e9s atrap\u00f3 una copa y la mantuvo firme mientras intentaba, igual que el abuelo de su abuelo, patear un penal hacia un arco sin redes. Lo hac\u00eda en el nombre y el honor de todas las buenas gentes del mundo.<\/p>\n","protected":false},"excerpt":{"rendered":"<p>Muchos diciembres antes de que el Bar de los S\u00e1bados se le volviera un refugio&#8230;<\/p>\n","protected":false},"author":10,"featured_media":1936,"comment_status":"open","ping_status":"open","sticky":false,"template":"","format":"standard","meta":{"footnotes":""},"categories":[85],"tags":[],"class_list":["post-1935","post","type-post","status-publish","format-standard","has-post-thumbnail","hentry","category-el-tipo-que-marca-juega-y-escribe"],"yoast_head":"<!-- This site is optimized with the Yoast SEO plugin v19.5.1 - https:\/\/yoast.com\/wordpress\/plugins\/seo\/ -->\n<title>Un brindis sin arco y sin redes - LA PATRIA FUTBOLERA<\/title>\n<meta name=\"robots\" content=\"index, follow, max-snippet:-1, max-image-preview:large, max-video-preview:-1\" \/>\n<link rel=\"canonical\" href=\"https:\/\/lapatriafutbolera.com.ar\/index.php\/2023\/12\/31\/un-brindis-sin-arco-y-sin-redes\/\" \/>\n<meta property=\"og:locale\" content=\"es_ES\" \/>\n<meta property=\"og:type\" content=\"article\" \/>\n<meta property=\"og:title\" content=\"Un brindis sin arco y sin redes - LA PATRIA FUTBOLERA\" \/>\n<meta property=\"og:description\" content=\"Muchos diciembres antes de que el Bar de los S\u00e1bados se le volviera un refugio...\" \/>\n<meta property=\"og:url\" content=\"https:\/\/lapatriafutbolera.com.ar\/index.php\/2023\/12\/31\/un-brindis-sin-arco-y-sin-redes\/\" \/>\n<meta property=\"og:site_name\" content=\"LA PATRIA FUTBOLERA\" \/>\n<meta property=\"article:published_time\" content=\"2023-12-31T19:58:04+00:00\" \/>\n<meta property=\"article:modified_time\" content=\"2024-01-09T19:59:38+00:00\" \/>\n<meta property=\"og:image\" content=\"https:\/\/lapatriafutbolera.com.ar\/wp-content\/uploads\/2024\/01\/416072397_2677609199061427_8157234206092809504_n.jpg\" \/>\n\t<meta property=\"og:image:width\" content=\"635\" \/>\n\t<meta property=\"og:image:height\" content=\"768\" \/>\n\t<meta property=\"og:image:type\" content=\"image\/jpeg\" \/>\n<meta name=\"author\" content=\"Ariel Scher\" \/>\n<meta name=\"twitter:card\" content=\"summary_large_image\" \/>\n<meta name=\"twitter:label1\" content=\"Escrito por\" \/>\n\t<meta name=\"twitter:data1\" content=\"Ariel Scher\" \/>\n\t<meta name=\"twitter:label2\" content=\"Tiempo de lectura\" \/>\n\t<meta name=\"twitter:data2\" content=\"2 minutos\" \/>\n<script type=\"application\/ld+json\" class=\"yoast-schema-graph\">{\"@context\":\"https:\/\/schema.org\",\"@graph\":[{\"@type\":\"Article\",\"@id\":\"https:\/\/lapatriafutbolera.com.ar\/index.php\/2023\/12\/31\/un-brindis-sin-arco-y-sin-redes\/#article\",\"isPartOf\":{\"@id\":\"https:\/\/lapatriafutbolera.com.ar\/index.php\/2023\/12\/31\/un-brindis-sin-arco-y-sin-redes\/\"},\"author\":{\"name\":\"Ariel Scher\",\"@id\":\"https:\/\/lapatriafutbolera.com.ar\/#\/schema\/person\/b678f896a0a50faecac575b8609d71aa\"},\"headline\":\"Un brindis sin arco y sin redes\",\"datePublished\":\"2023-12-31T19:58:04+00:00\",\"dateModified\":\"2024-01-09T19:59:38+00:00\",\"mainEntityOfPage\":{\"@id\":\"https:\/\/lapatriafutbolera.com.ar\/index.php\/2023\/12\/31\/un-brindis-sin-arco-y-sin-redes\/\"},\"wordCount\":453,\"commentCount\":0,\"publisher\":{\"@id\":\"https:\/\/lapatriafutbolera.com.ar\/#organization\"},\"articleSection\":[\"El Tipo que marca, juega y escribe\"],\"inLanguage\":\"es-AR\",\"potentialAction\":[{\"@type\":\"CommentAction\",\"name\":\"Comment\",\"target\":[\"https:\/\/lapatriafutbolera.com.ar\/index.php\/2023\/12\/31\/un-brindis-sin-arco-y-sin-redes\/#respond\"]}]},{\"@type\":\"WebPage\",\"@id\":\"https:\/\/lapatriafutbolera.com.ar\/index.php\/2023\/12\/31\/un-brindis-sin-arco-y-sin-redes\/\",\"url\":\"https:\/\/lapatriafutbolera.com.ar\/index.php\/2023\/12\/31\/un-brindis-sin-arco-y-sin-redes\/\",\"name\":\"Un brindis sin arco y sin redes - LA PATRIA FUTBOLERA\",\"isPartOf\":{\"@id\":\"https:\/\/lapatriafutbolera.com.ar\/#website\"},\"datePublished\":\"2023-12-31T19:58:04+00:00\",\"dateModified\":\"2024-01-09T19:59:38+00:00\",\"breadcrumb\":{\"@id\":\"https:\/\/lapatriafutbolera.com.ar\/index.php\/2023\/12\/31\/un-brindis-sin-arco-y-sin-redes\/#breadcrumb\"},\"inLanguage\":\"es-AR\",\"potentialAction\":[{\"@type\":\"ReadAction\",\"target\":[\"https:\/\/lapatriafutbolera.com.ar\/index.php\/2023\/12\/31\/un-brindis-sin-arco-y-sin-redes\/\"]}]},{\"@type\":\"BreadcrumbList\",\"@id\":\"https:\/\/lapatriafutbolera.com.ar\/index.php\/2023\/12\/31\/un-brindis-sin-arco-y-sin-redes\/#breadcrumb\",\"itemListElement\":[{\"@type\":\"ListItem\",\"position\":1,\"name\":\"Inicio\",\"item\":\"https:\/\/lapatriafutbolera.com.ar\/\"},{\"@type\":\"ListItem\",\"position\":2,\"name\":\"Un brindis sin arco y sin redes\"}]},{\"@type\":\"WebSite\",\"@id\":\"https:\/\/lapatriafutbolera.com.ar\/#website\",\"url\":\"https:\/\/lapatriafutbolera.com.ar\/\",\"name\":\"LA PATRIA FUTBOLERA\",\"description\":\"\",\"publisher\":{\"@id\":\"https:\/\/lapatriafutbolera.com.ar\/#organization\"},\"potentialAction\":[{\"@type\":\"SearchAction\",\"target\":{\"@type\":\"EntryPoint\",\"urlTemplate\":\"https:\/\/lapatriafutbolera.com.ar\/?s={search_term_string}\"},\"query-input\":\"required name=search_term_string\"}],\"inLanguage\":\"es-AR\"},{\"@type\":\"Organization\",\"@id\":\"https:\/\/lapatriafutbolera.com.ar\/#organization\",\"name\":\"LA PATRIA FUTBOLERA\",\"url\":\"https:\/\/lapatriafutbolera.com.ar\/\",\"sameAs\":[],\"logo\":{\"@type\":\"ImageObject\",\"inLanguage\":\"es-AR\",\"@id\":\"https:\/\/lapatriafutbolera.com.ar\/#\/schema\/logo\/image\/\",\"url\":\"https:\/\/lapatriafutbolera.com.ar\/wp-content\/uploads\/2025\/03\/cropped-LA-PATRIA-14.jpg\",\"contentUrl\":\"https:\/\/lapatriafutbolera.com.ar\/wp-content\/uploads\/2025\/03\/cropped-LA-PATRIA-14.jpg\",\"width\":1308,\"height\":221,\"caption\":\"LA PATRIA FUTBOLERA\"},\"image\":{\"@id\":\"https:\/\/lapatriafutbolera.com.ar\/#\/schema\/logo\/image\/\"}},{\"@type\":\"Person\",\"@id\":\"https:\/\/lapatriafutbolera.com.ar\/#\/schema\/person\/b678f896a0a50faecac575b8609d71aa\",\"name\":\"Ariel Scher\",\"image\":{\"@type\":\"ImageObject\",\"inLanguage\":\"es-AR\",\"@id\":\"https:\/\/lapatriafutbolera.com.ar\/#\/schema\/person\/image\/\",\"url\":\"https:\/\/secure.gravatar.com\/avatar\/76b3824675a40e45163a2a49107284188d784efa904c62a82e8b5cd2de313f08?s=96&d=mm&r=g\",\"contentUrl\":\"https:\/\/secure.gravatar.com\/avatar\/76b3824675a40e45163a2a49107284188d784efa904c62a82e8b5cd2de313f08?s=96&d=mm&r=g\",\"caption\":\"Ariel Scher\"},\"url\":\"https:\/\/lapatriafutbolera.com.ar\/index.php\/author\/ariel-scher\/\"}]}<\/script>\n<!-- \/ Yoast SEO plugin. -->","yoast_head_json":{"title":"Un brindis sin arco y sin redes - LA PATRIA FUTBOLERA","robots":{"index":"index","follow":"follow","max-snippet":"max-snippet:-1","max-image-preview":"max-image-preview:large","max-video-preview":"max-video-preview:-1"},"canonical":"https:\/\/lapatriafutbolera.com.ar\/index.php\/2023\/12\/31\/un-brindis-sin-arco-y-sin-redes\/","og_locale":"es_ES","og_type":"article","og_title":"Un brindis sin arco y sin redes - LA PATRIA FUTBOLERA","og_description":"Muchos diciembres antes de que el Bar de los S\u00e1bados se le volviera un refugio...","og_url":"https:\/\/lapatriafutbolera.com.ar\/index.php\/2023\/12\/31\/un-brindis-sin-arco-y-sin-redes\/","og_site_name":"LA PATRIA FUTBOLERA","article_published_time":"2023-12-31T19:58:04+00:00","article_modified_time":"2024-01-09T19:59:38+00:00","og_image":[{"width":635,"height":768,"url":"https:\/\/lapatriafutbolera.com.ar\/wp-content\/uploads\/2024\/01\/416072397_2677609199061427_8157234206092809504_n.jpg","type":"image\/jpeg"}],"author":"Ariel Scher","twitter_card":"summary_large_image","twitter_misc":{"Escrito por":"Ariel Scher","Tiempo de lectura":"2 minutos"},"schema":{"@context":"https:\/\/schema.org","@graph":[{"@type":"Article","@id":"https:\/\/lapatriafutbolera.com.ar\/index.php\/2023\/12\/31\/un-brindis-sin-arco-y-sin-redes\/#article","isPartOf":{"@id":"https:\/\/lapatriafutbolera.com.ar\/index.php\/2023\/12\/31\/un-brindis-sin-arco-y-sin-redes\/"},"author":{"name":"Ariel Scher","@id":"https:\/\/lapatriafutbolera.com.ar\/#\/schema\/person\/b678f896a0a50faecac575b8609d71aa"},"headline":"Un brindis sin arco y sin redes","datePublished":"2023-12-31T19:58:04+00:00","dateModified":"2024-01-09T19:59:38+00:00","mainEntityOfPage":{"@id":"https:\/\/lapatriafutbolera.com.ar\/index.php\/2023\/12\/31\/un-brindis-sin-arco-y-sin-redes\/"},"wordCount":453,"commentCount":0,"publisher":{"@id":"https:\/\/lapatriafutbolera.com.ar\/#organization"},"articleSection":["El Tipo que marca, juega y escribe"],"inLanguage":"es-AR","potentialAction":[{"@type":"CommentAction","name":"Comment","target":["https:\/\/lapatriafutbolera.com.ar\/index.php\/2023\/12\/31\/un-brindis-sin-arco-y-sin-redes\/#respond"]}]},{"@type":"WebPage","@id":"https:\/\/lapatriafutbolera.com.ar\/index.php\/2023\/12\/31\/un-brindis-sin-arco-y-sin-redes\/","url":"https:\/\/lapatriafutbolera.com.ar\/index.php\/2023\/12\/31\/un-brindis-sin-arco-y-sin-redes\/","name":"Un brindis sin arco y sin redes - LA PATRIA FUTBOLERA","isPartOf":{"@id":"https:\/\/lapatriafutbolera.com.ar\/#website"},"datePublished":"2023-12-31T19:58:04+00:00","dateModified":"2024-01-09T19:59:38+00:00","breadcrumb":{"@id":"https:\/\/lapatriafutbolera.com.ar\/index.php\/2023\/12\/31\/un-brindis-sin-arco-y-sin-redes\/#breadcrumb"},"inLanguage":"es-AR","potentialAction":[{"@type":"ReadAction","target":["https:\/\/lapatriafutbolera.com.ar\/index.php\/2023\/12\/31\/un-brindis-sin-arco-y-sin-redes\/"]}]},{"@type":"BreadcrumbList","@id":"https:\/\/lapatriafutbolera.com.ar\/index.php\/2023\/12\/31\/un-brindis-sin-arco-y-sin-redes\/#breadcrumb","itemListElement":[{"@type":"ListItem","position":1,"name":"Inicio","item":"https:\/\/lapatriafutbolera.com.ar\/"},{"@type":"ListItem","position":2,"name":"Un brindis sin arco y sin redes"}]},{"@type":"WebSite","@id":"https:\/\/lapatriafutbolera.com.ar\/#website","url":"https:\/\/lapatriafutbolera.com.ar\/","name":"LA PATRIA FUTBOLERA","description":"","publisher":{"@id":"https:\/\/lapatriafutbolera.com.ar\/#organization"},"potentialAction":[{"@type":"SearchAction","target":{"@type":"EntryPoint","urlTemplate":"https:\/\/lapatriafutbolera.com.ar\/?s={search_term_string}"},"query-input":"required name=search_term_string"}],"inLanguage":"es-AR"},{"@type":"Organization","@id":"https:\/\/lapatriafutbolera.com.ar\/#organization","name":"LA PATRIA FUTBOLERA","url":"https:\/\/lapatriafutbolera.com.ar\/","sameAs":[],"logo":{"@type":"ImageObject","inLanguage":"es-AR","@id":"https:\/\/lapatriafutbolera.com.ar\/#\/schema\/logo\/image\/","url":"https:\/\/lapatriafutbolera.com.ar\/wp-content\/uploads\/2025\/03\/cropped-LA-PATRIA-14.jpg","contentUrl":"https:\/\/lapatriafutbolera.com.ar\/wp-content\/uploads\/2025\/03\/cropped-LA-PATRIA-14.jpg","width":1308,"height":221,"caption":"LA PATRIA FUTBOLERA"},"image":{"@id":"https:\/\/lapatriafutbolera.com.ar\/#\/schema\/logo\/image\/"}},{"@type":"Person","@id":"https:\/\/lapatriafutbolera.com.ar\/#\/schema\/person\/b678f896a0a50faecac575b8609d71aa","name":"Ariel Scher","image":{"@type":"ImageObject","inLanguage":"es-AR","@id":"https:\/\/lapatriafutbolera.com.ar\/#\/schema\/person\/image\/","url":"https:\/\/secure.gravatar.com\/avatar\/76b3824675a40e45163a2a49107284188d784efa904c62a82e8b5cd2de313f08?s=96&d=mm&r=g","contentUrl":"https:\/\/secure.gravatar.com\/avatar\/76b3824675a40e45163a2a49107284188d784efa904c62a82e8b5cd2de313f08?s=96&d=mm&r=g","caption":"Ariel Scher"},"url":"https:\/\/lapatriafutbolera.com.ar\/index.php\/author\/ariel-scher\/"}]}},"_links":{"self":[{"href":"https:\/\/lapatriafutbolera.com.ar\/index.php\/wp-json\/wp\/v2\/posts\/1935","targetHints":{"allow":["GET"]}}],"collection":[{"href":"https:\/\/lapatriafutbolera.com.ar\/index.php\/wp-json\/wp\/v2\/posts"}],"about":[{"href":"https:\/\/lapatriafutbolera.com.ar\/index.php\/wp-json\/wp\/v2\/types\/post"}],"author":[{"embeddable":true,"href":"https:\/\/lapatriafutbolera.com.ar\/index.php\/wp-json\/wp\/v2\/users\/10"}],"replies":[{"embeddable":true,"href":"https:\/\/lapatriafutbolera.com.ar\/index.php\/wp-json\/wp\/v2\/comments?post=1935"}],"version-history":[{"count":1,"href":"https:\/\/lapatriafutbolera.com.ar\/index.php\/wp-json\/wp\/v2\/posts\/1935\/revisions"}],"predecessor-version":[{"id":1937,"href":"https:\/\/lapatriafutbolera.com.ar\/index.php\/wp-json\/wp\/v2\/posts\/1935\/revisions\/1937"}],"wp:featuredmedia":[{"embeddable":true,"href":"https:\/\/lapatriafutbolera.com.ar\/index.php\/wp-json\/wp\/v2\/media\/1936"}],"wp:attachment":[{"href":"https:\/\/lapatriafutbolera.com.ar\/index.php\/wp-json\/wp\/v2\/media?parent=1935"}],"wp:term":[{"taxonomy":"category","embeddable":true,"href":"https:\/\/lapatriafutbolera.com.ar\/index.php\/wp-json\/wp\/v2\/categories?post=1935"},{"taxonomy":"post_tag","embeddable":true,"href":"https:\/\/lapatriafutbolera.com.ar\/index.php\/wp-json\/wp\/v2\/tags?post=1935"}],"curies":[{"name":"wp","href":"https:\/\/api.w.org\/{rel}","templated":true}]}}