{"id":1940,"date":"2024-01-21T22:47:00","date_gmt":"2024-01-22T01:47:00","guid":{"rendered":"https:\/\/lapatriafutbolera.com.ar\/?p=1940"},"modified":"2024-01-24T14:39:28","modified_gmt":"2024-01-24T17:39:28","slug":"argentina-rescato-un-empate-ante-paraguay","status":"publish","type":"post","link":"https:\/\/lapatriafutbolera.com.ar\/index.php\/2024\/01\/21\/argentina-rescato-un-empate-ante-paraguay\/","title":{"rendered":"Argentina rescat\u00f3 un empate ante Paraguay"},"content":{"rendered":"\n<h4 class=\"wp-block-heading\">Por la 1era fecha del Pre Olimpico de Venezuela, el equipo dirigido por Javier Mascherano igual\u00f3 1-1 ante Paraguay, con gol de Luciano Gondou sobre la hora.<\/h4>\n\n\n\n<p><strong><a href=\"https:\/\/www.elgrafico.com.ar\/etiqueta\/Selecci%C3%B3n%20Argentina%20Sub%2023\" target=\"_blank\" rel=\"noreferrer noopener\">LA SELECCI\u00d3N ARGENTINA SUB 23&nbsp;<\/a>&nbsp;sufri\u00f3 pero&nbsp;rescat\u00f3&nbsp;un punto&nbsp;ante Paraguay&nbsp;en su debut&nbsp;<\/strong>de&nbsp;la Zona B del torneo<strong>&nbsp;el Preol\u00edmpico de Venezuela,&nbsp;<\/strong>que entregar\u00e1 dos plazas para&nbsp;los Juegos Ol\u00edmpicos de Par\u00eds 2024.<\/p>\n\n\n\n<p><strong>Con Thiago Almada como capit\u00e1n&nbsp;<\/strong>y la presencia de figuras como Valent\u00edn Barco y Pablo Solari, el seleccionado albiceleste&nbsp;<strong>jug\u00f3 un partido irregular&nbsp;y sin grandes&nbsp;actuaciones.<\/strong><\/p>\n\n\n\n<p><strong>Sobre la hora, Luciano Gondou se convirti\u00f3 en el salvador de la noche y\u00a0marc\u00f3\u00a0el 1-1\u00a0<\/strong>para el equipo dirigido por Javier Mascherano, que estuvo al borde de la derrota.<\/p>\n\n\n\n<p><strong>El gol de los paraguayos lo hab\u00eda convertido\u00a0Diego G\u00f3mez, tras un penal de Nicol\u00e1s Valentini,<\/strong>\u00a0a los 71 minutos, en el peor momento de la selecci\u00f3n nacional en todo el encuentro.<\/p>\n\n\n\n<p><strong>Los ingresos de Claudio Echeverri y Gondou revitalizaron al equipo<\/strong>&nbsp;y&nbsp;demostraron que est\u00e1n m\u00e1s que listos para pelear un lugar entre los once para los pr\u00f3ximos partidos.<\/p>\n\n\n\n<p>Si bien Argentina no pudo comenzar el Preol\u00edmpico con el pie derecho, el conjunto albiceleste evit\u00f3 el traspi\u00e9 y&nbsp;sum\u00f3 un punto en su&nbsp;debut, que siempre es dif\u00edcil.&nbsp;<strong>Su pr\u00f3ximo rival ser\u00e1 Per\u00fa, este mi\u00e9rcoles&nbsp;desde las 20.<\/strong><\/p>\n\n\n\n<p><strong>Fue la tercera ocasi\u00f3n que se enfrentaron\u00a0las\u00a0Sub 23 de Argentina y Paraguay\u00a0en la historia del certamen,<\/strong>\u00a0ya que se\u00a0hab\u00edan medido antes en las ediciones de Brasil 2000 y Chile 2004 en Chile, en ambos casos con victorias argentinas.<\/p>\n\n\n\n<p>SINTESIS<\/p>\n\n\n\n<p>Partido correspondiente a la 1era fecha del Torneo Pre Ol\u00edmpico Venezuela 2024, jugado el domingo 21 de enero en la Ciudad de Valencia, Republica Bolivariana de Venezuela. <\/p>\n\n\n\n<p>ARGENTINA: Leandro Brey; Joaqu\u00edn Garc\u00eda, Marco Di C\u00e9sare, Nicol\u00e1s Valentini, Valent\u00edn Barco; Equi Fern\u00e1ndez, Juan Sforza, Cristian Medina; Pablo Solari, Luciano Gondou y Thiago Almada. DT: Javier Mascherano. <\/p>\n\n\n\n<p>Paraguay: \u00c1ngel Gonz\u00e1lez; Alan N\u00fa\u00f1ez, Ronaldo De Jes\u00fas, Gilberto Flores, Dani Rivas; Fabrizio Peralta, Wilder Viera, Enso Gonz\u00e1lez; Iv\u00e1n Leguizam\u00f3n; Marcelo Per\u00e9z y Marcelo Fern\u00e1ndez. DT: Carlos Jara Saguier <\/p>\n\n\n\n<p>CUERPO ARBITRAL: \u00c1rbitro: Flavio de Souza (Brasil) <\/p>\n\n\n\n<p>Estadio Misael Delgado de Valencia (Venezuela)<\/p>\n\n\n\n<p><\/p>\n","protected":false},"excerpt":{"rendered":"<p>Por la 1era fecha del Pre Olimpico de Venezuela, el equipo dirigido por Javier Mascherano&#8230;<\/p>\n","protected":false},"author":4,"featured_media":1941,"comment_status":"open","ping_status":"open","sticky":false,"template":"","format":"standard","meta":{"footnotes":""},"categories":[156,157],"tags":[],"class_list":["post-1940","post","type-post","status-publish","format-standard","has-post-thumbnail","hentry","category-pre-olimpico-venezuela-2024","category-sub-23"],"yoast_head":"<!-- This site is optimized with the Yoast SEO plugin v19.5.1 - https:\/\/yoast.com\/wordpress\/plugins\/seo\/ -->\n<title>Argentina rescat\u00f3 un empate ante Paraguay - LA PATRIA FUTBOLERA<\/title>\n<meta name=\"robots\" content=\"index, follow, max-snippet:-1, max-image-preview:large, max-video-preview:-1\" \/>\n<link rel=\"canonical\" href=\"https:\/\/lapatriafutbolera.com.ar\/index.php\/2024\/01\/21\/argentina-rescato-un-empate-ante-paraguay\/\" \/>\n<meta property=\"og:locale\" content=\"es_ES\" \/>\n<meta property=\"og:type\" content=\"article\" \/>\n<meta property=\"og:title\" content=\"Argentina rescat\u00f3 un empate ante Paraguay - LA PATRIA FUTBOLERA\" \/>\n<meta property=\"og:description\" content=\"Por la 1era fecha del Pre Olimpico de Venezuela, el equipo dirigido por Javier Mascherano...\" \/>\n<meta property=\"og:url\" content=\"https:\/\/lapatriafutbolera.com.ar\/index.php\/2024\/01\/21\/argentina-rescato-un-empate-ante-paraguay\/\" \/>\n<meta property=\"og:site_name\" content=\"LA PATRIA FUTBOLERA\" \/>\n<meta property=\"article:published_time\" content=\"2024-01-22T01:47:00+00:00\" \/>\n<meta property=\"article:modified_time\" content=\"2024-01-24T17:39:28+00:00\" \/>\n<meta property=\"og:image\" content=\"https:\/\/lapatriafutbolera.com.ar\/wp-content\/uploads\/2024\/01\/th-8.jpg\" \/>\n\t<meta property=\"og:image:width\" content=\"270\" \/>\n\t<meta property=\"og:image:height\" content=\"180\" \/>\n\t<meta property=\"og:image:type\" content=\"image\/jpeg\" \/>\n<meta name=\"author\" content=\"Redacci\u00f3n LPF\" \/>\n<meta name=\"twitter:card\" content=\"summary_large_image\" \/>\n<meta name=\"twitter:label1\" content=\"Escrito por\" \/>\n\t<meta name=\"twitter:data1\" content=\"Redacci\u00f3n LPF\" \/>\n\t<meta name=\"twitter:label2\" content=\"Tiempo de lectura\" \/>\n\t<meta name=\"twitter:data2\" content=\"2 minutos\" \/>\n<script type=\"application\/ld+json\" class=\"yoast-schema-graph\">{\"@context\":\"https:\/\/schema.org\",\"@graph\":[{\"@type\":\"Article\",\"@id\":\"https:\/\/lapatriafutbolera.com.ar\/index.php\/2024\/01\/21\/argentina-rescato-un-empate-ante-paraguay\/#article\",\"isPartOf\":{\"@id\":\"https:\/\/lapatriafutbolera.com.ar\/index.php\/2024\/01\/21\/argentina-rescato-un-empate-ante-paraguay\/\"},\"author\":{\"name\":\"Redacci\u00f3n LPF\",\"@id\":\"https:\/\/lapatriafutbolera.com.ar\/#\/schema\/person\/eb56fb3a7e76133611d5b2d9f706bd97\"},\"headline\":\"Argentina rescat\u00f3 un empate ante Paraguay\",\"datePublished\":\"2024-01-22T01:47:00+00:00\",\"dateModified\":\"2024-01-24T17:39:28+00:00\",\"mainEntityOfPage\":{\"@id\":\"https:\/\/lapatriafutbolera.com.ar\/index.php\/2024\/01\/21\/argentina-rescato-un-empate-ante-paraguay\/\"},\"wordCount\":412,\"commentCount\":0,\"publisher\":{\"@id\":\"https:\/\/lapatriafutbolera.com.ar\/#organization\"},\"articleSection\":[\"Pre Olimpico Venezuela 2024\",\"Sub 23\"],\"inLanguage\":\"es-AR\",\"potentialAction\":[{\"@type\":\"CommentAction\",\"name\":\"Comment\",\"target\":[\"https:\/\/lapatriafutbolera.com.ar\/index.php\/2024\/01\/21\/argentina-rescato-un-empate-ante-paraguay\/#respond\"]}]},{\"@type\":\"WebPage\",\"@id\":\"https:\/\/lapatriafutbolera.com.ar\/index.php\/2024\/01\/21\/argentina-rescato-un-empate-ante-paraguay\/\",\"url\":\"https:\/\/lapatriafutbolera.com.ar\/index.php\/2024\/01\/21\/argentina-rescato-un-empate-ante-paraguay\/\",\"name\":\"Argentina rescat\u00f3 un empate ante Paraguay - LA PATRIA FUTBOLERA\",\"isPartOf\":{\"@id\":\"https:\/\/lapatriafutbolera.com.ar\/#website\"},\"datePublished\":\"2024-01-22T01:47:00+00:00\",\"dateModified\":\"2024-01-24T17:39:28+00:00\",\"breadcrumb\":{\"@id\":\"https:\/\/lapatriafutbolera.com.ar\/index.php\/2024\/01\/21\/argentina-rescato-un-empate-ante-paraguay\/#breadcrumb\"},\"inLanguage\":\"es-AR\",\"potentialAction\":[{\"@type\":\"ReadAction\",\"target\":[\"https:\/\/lapatriafutbolera.com.ar\/index.php\/2024\/01\/21\/argentina-rescato-un-empate-ante-paraguay\/\"]}]},{\"@type\":\"BreadcrumbList\",\"@id\":\"https:\/\/lapatriafutbolera.com.ar\/index.php\/2024\/01\/21\/argentina-rescato-un-empate-ante-paraguay\/#breadcrumb\",\"itemListElement\":[{\"@type\":\"ListItem\",\"position\":1,\"name\":\"Inicio\",\"item\":\"https:\/\/lapatriafutbolera.com.ar\/\"},{\"@type\":\"ListItem\",\"position\":2,\"name\":\"Argentina rescat\u00f3 un empate ante Paraguay\"}]},{\"@type\":\"WebSite\",\"@id\":\"https:\/\/lapatriafutbolera.com.ar\/#website\",\"url\":\"https:\/\/lapatriafutbolera.com.ar\/\",\"name\":\"LA PATRIA FUTBOLERA\",\"description\":\"\",\"publisher\":{\"@id\":\"https:\/\/lapatriafutbolera.com.ar\/#organization\"},\"potentialAction\":[{\"@type\":\"SearchAction\",\"target\":{\"@type\":\"EntryPoint\",\"urlTemplate\":\"https:\/\/lapatriafutbolera.com.ar\/?s={search_term_string}\"},\"query-input\":\"required name=search_term_string\"}],\"inLanguage\":\"es-AR\"},{\"@type\":\"Organization\",\"@id\":\"https:\/\/lapatriafutbolera.com.ar\/#organization\",\"name\":\"LA PATRIA FUTBOLERA\",\"url\":\"https:\/\/lapatriafutbolera.com.ar\/\",\"sameAs\":[],\"logo\":{\"@type\":\"ImageObject\",\"inLanguage\":\"es-AR\",\"@id\":\"https:\/\/lapatriafutbolera.com.ar\/#\/schema\/logo\/image\/\",\"url\":\"https:\/\/lapatriafutbolera.com.ar\/wp-content\/uploads\/2025\/03\/cropped-LA-PATRIA-14.jpg\",\"contentUrl\":\"https:\/\/lapatriafutbolera.com.ar\/wp-content\/uploads\/2025\/03\/cropped-LA-PATRIA-14.jpg\",\"width\":1308,\"height\":221,\"caption\":\"LA PATRIA FUTBOLERA\"},\"image\":{\"@id\":\"https:\/\/lapatriafutbolera.com.ar\/#\/schema\/logo\/image\/\"}},{\"@type\":\"Person\",\"@id\":\"https:\/\/lapatriafutbolera.com.ar\/#\/schema\/person\/eb56fb3a7e76133611d5b2d9f706bd97\",\"name\":\"Redacci\u00f3n LPF\",\"image\":{\"@type\":\"ImageObject\",\"inLanguage\":\"es-AR\",\"@id\":\"https:\/\/lapatriafutbolera.com.ar\/#\/schema\/person\/image\/\",\"url\":\"https:\/\/secure.gravatar.com\/avatar\/57dc12e3750972170624cd118ca21d4157841e9e7b211e6dfe7a00b61088d285?s=96&d=mm&r=g\",\"contentUrl\":\"https:\/\/secure.gravatar.com\/avatar\/57dc12e3750972170624cd118ca21d4157841e9e7b211e6dfe7a00b61088d285?s=96&d=mm&r=g\",\"caption\":\"Redacci\u00f3n LPF\"},\"sameAs\":[\"http:\/\/lapatriafutbolera.com.ar\"],\"url\":\"https:\/\/lapatriafutbolera.com.ar\/index.php\/author\/redaccion-lpf\/\"}]}<\/script>\n<!-- \/ Yoast SEO plugin. -->","yoast_head_json":{"title":"Argentina rescat\u00f3 un empate ante Paraguay - LA PATRIA FUTBOLERA","robots":{"index":"index","follow":"follow","max-snippet":"max-snippet:-1","max-image-preview":"max-image-preview:large","max-video-preview":"max-video-preview:-1"},"canonical":"https:\/\/lapatriafutbolera.com.ar\/index.php\/2024\/01\/21\/argentina-rescato-un-empate-ante-paraguay\/","og_locale":"es_ES","og_type":"article","og_title":"Argentina rescat\u00f3 un empate ante Paraguay - LA PATRIA FUTBOLERA","og_description":"Por la 1era fecha del Pre Olimpico de Venezuela, el equipo dirigido por Javier Mascherano...","og_url":"https:\/\/lapatriafutbolera.com.ar\/index.php\/2024\/01\/21\/argentina-rescato-un-empate-ante-paraguay\/","og_site_name":"LA PATRIA FUTBOLERA","article_published_time":"2024-01-22T01:47:00+00:00","article_modified_time":"2024-01-24T17:39:28+00:00","og_image":[{"width":270,"height":180,"url":"https:\/\/lapatriafutbolera.com.ar\/wp-content\/uploads\/2024\/01\/th-8.jpg","type":"image\/jpeg"}],"author":"Redacci\u00f3n LPF","twitter_card":"summary_large_image","twitter_misc":{"Escrito por":"Redacci\u00f3n LPF","Tiempo de lectura":"2 minutos"},"schema":{"@context":"https:\/\/schema.org","@graph":[{"@type":"Article","@id":"https:\/\/lapatriafutbolera.com.ar\/index.php\/2024\/01\/21\/argentina-rescato-un-empate-ante-paraguay\/#article","isPartOf":{"@id":"https:\/\/lapatriafutbolera.com.ar\/index.php\/2024\/01\/21\/argentina-rescato-un-empate-ante-paraguay\/"},"author":{"name":"Redacci\u00f3n LPF","@id":"https:\/\/lapatriafutbolera.com.ar\/#\/schema\/person\/eb56fb3a7e76133611d5b2d9f706bd97"},"headline":"Argentina rescat\u00f3 un empate ante Paraguay","datePublished":"2024-01-22T01:47:00+00:00","dateModified":"2024-01-24T17:39:28+00:00","mainEntityOfPage":{"@id":"https:\/\/lapatriafutbolera.com.ar\/index.php\/2024\/01\/21\/argentina-rescato-un-empate-ante-paraguay\/"},"wordCount":412,"commentCount":0,"publisher":{"@id":"https:\/\/lapatriafutbolera.com.ar\/#organization"},"articleSection":["Pre Olimpico Venezuela 2024","Sub 23"],"inLanguage":"es-AR","potentialAction":[{"@type":"CommentAction","name":"Comment","target":["https:\/\/lapatriafutbolera.com.ar\/index.php\/2024\/01\/21\/argentina-rescato-un-empate-ante-paraguay\/#respond"]}]},{"@type":"WebPage","@id":"https:\/\/lapatriafutbolera.com.ar\/index.php\/2024\/01\/21\/argentina-rescato-un-empate-ante-paraguay\/","url":"https:\/\/lapatriafutbolera.com.ar\/index.php\/2024\/01\/21\/argentina-rescato-un-empate-ante-paraguay\/","name":"Argentina rescat\u00f3 un empate ante Paraguay - LA PATRIA FUTBOLERA","isPartOf":{"@id":"https:\/\/lapatriafutbolera.com.ar\/#website"},"datePublished":"2024-01-22T01:47:00+00:00","dateModified":"2024-01-24T17:39:28+00:00","breadcrumb":{"@id":"https:\/\/lapatriafutbolera.com.ar\/index.php\/2024\/01\/21\/argentina-rescato-un-empate-ante-paraguay\/#breadcrumb"},"inLanguage":"es-AR","potentialAction":[{"@type":"ReadAction","target":["https:\/\/lapatriafutbolera.com.ar\/index.php\/2024\/01\/21\/argentina-rescato-un-empate-ante-paraguay\/"]}]},{"@type":"BreadcrumbList","@id":"https:\/\/lapatriafutbolera.com.ar\/index.php\/2024\/01\/21\/argentina-rescato-un-empate-ante-paraguay\/#breadcrumb","itemListElement":[{"@type":"ListItem","position":1,"name":"Inicio","item":"https:\/\/lapatriafutbolera.com.ar\/"},{"@type":"ListItem","position":2,"name":"Argentina rescat\u00f3 un empate ante Paraguay"}]},{"@type":"WebSite","@id":"https:\/\/lapatriafutbolera.com.ar\/#website","url":"https:\/\/lapatriafutbolera.com.ar\/","name":"LA PATRIA FUTBOLERA","description":"","publisher":{"@id":"https:\/\/lapatriafutbolera.com.ar\/#organization"},"potentialAction":[{"@type":"SearchAction","target":{"@type":"EntryPoint","urlTemplate":"https:\/\/lapatriafutbolera.com.ar\/?s={search_term_string}"},"query-input":"required name=search_term_string"}],"inLanguage":"es-AR"},{"@type":"Organization","@id":"https:\/\/lapatriafutbolera.com.ar\/#organization","name":"LA PATRIA FUTBOLERA","url":"https:\/\/lapatriafutbolera.com.ar\/","sameAs":[],"logo":{"@type":"ImageObject","inLanguage":"es-AR","@id":"https:\/\/lapatriafutbolera.com.ar\/#\/schema\/logo\/image\/","url":"https:\/\/lapatriafutbolera.com.ar\/wp-content\/uploads\/2025\/03\/cropped-LA-PATRIA-14.jpg","contentUrl":"https:\/\/lapatriafutbolera.com.ar\/wp-content\/uploads\/2025\/03\/cropped-LA-PATRIA-14.jpg","width":1308,"height":221,"caption":"LA PATRIA FUTBOLERA"},"image":{"@id":"https:\/\/lapatriafutbolera.com.ar\/#\/schema\/logo\/image\/"}},{"@type":"Person","@id":"https:\/\/lapatriafutbolera.com.ar\/#\/schema\/person\/eb56fb3a7e76133611d5b2d9f706bd97","name":"Redacci\u00f3n LPF","image":{"@type":"ImageObject","inLanguage":"es-AR","@id":"https:\/\/lapatriafutbolera.com.ar\/#\/schema\/person\/image\/","url":"https:\/\/secure.gravatar.com\/avatar\/57dc12e3750972170624cd118ca21d4157841e9e7b211e6dfe7a00b61088d285?s=96&d=mm&r=g","contentUrl":"https:\/\/secure.gravatar.com\/avatar\/57dc12e3750972170624cd118ca21d4157841e9e7b211e6dfe7a00b61088d285?s=96&d=mm&r=g","caption":"Redacci\u00f3n LPF"},"sameAs":["http:\/\/lapatriafutbolera.com.ar"],"url":"https:\/\/lapatriafutbolera.com.ar\/index.php\/author\/redaccion-lpf\/"}]}},"_links":{"self":[{"href":"https:\/\/lapatriafutbolera.com.ar\/index.php\/wp-json\/wp\/v2\/posts\/1940","targetHints":{"allow":["GET"]}}],"collection":[{"href":"https:\/\/lapatriafutbolera.com.ar\/index.php\/wp-json\/wp\/v2\/posts"}],"about":[{"href":"https:\/\/lapatriafutbolera.com.ar\/index.php\/wp-json\/wp\/v2\/types\/post"}],"author":[{"embeddable":true,"href":"https:\/\/lapatriafutbolera.com.ar\/index.php\/wp-json\/wp\/v2\/users\/4"}],"replies":[{"embeddable":true,"href":"https:\/\/lapatriafutbolera.com.ar\/index.php\/wp-json\/wp\/v2\/comments?post=1940"}],"version-history":[{"count":1,"href":"https:\/\/lapatriafutbolera.com.ar\/index.php\/wp-json\/wp\/v2\/posts\/1940\/revisions"}],"predecessor-version":[{"id":1942,"href":"https:\/\/lapatriafutbolera.com.ar\/index.php\/wp-json\/wp\/v2\/posts\/1940\/revisions\/1942"}],"wp:featuredmedia":[{"embeddable":true,"href":"https:\/\/lapatriafutbolera.com.ar\/index.php\/wp-json\/wp\/v2\/media\/1941"}],"wp:attachment":[{"href":"https:\/\/lapatriafutbolera.com.ar\/index.php\/wp-json\/wp\/v2\/media?parent=1940"}],"wp:term":[{"taxonomy":"category","embeddable":true,"href":"https:\/\/lapatriafutbolera.com.ar\/index.php\/wp-json\/wp\/v2\/categories?post=1940"},{"taxonomy":"post_tag","embeddable":true,"href":"https:\/\/lapatriafutbolera.com.ar\/index.php\/wp-json\/wp\/v2\/tags?post=1940"}],"curies":[{"name":"wp","href":"https:\/\/api.w.org\/{rel}","templated":true}]}}