{"id":2000,"date":"2024-04-14T14:21:00","date_gmt":"2024-04-14T17:21:00","guid":{"rendered":"https:\/\/lapatriafutbolera.com.ar\/?p=2000"},"modified":"2024-05-15T14:23:49","modified_gmt":"2024-05-15T17:23:49","slug":"nuestro-panzeri-2","status":"publish","type":"post","link":"https:\/\/lapatriafutbolera.com.ar\/index.php\/2024\/04\/14\/nuestro-panzeri-2\/","title":{"rendered":"Nuestro Panzeri"},"content":{"rendered":"\n<p>(Dante Panzeri muri\u00f3 el 14 de abril de 1978, hace 46 a\u00f1os. Va este texto a la memoria de mi pap\u00e1, Le\u00f3n, que lo le\u00eda en silencio para coincidir mucho y para diferir mucho y para, despu\u00e9s de leerlo, abrazarme y sentarse conmigo a charlar de lo que Panzeri hab\u00eda escrito)<\/p>\n\n\n\n<p><a><\/a>Siete semanas despu\u00e9s de mi s\u00e9ptimo cumplea\u00f1os, mi pap\u00e1 y yo resolvimos que Panzeri era primo, t\u00edo, hermano, abuelo, sobrino o cu\u00f1ado nuestro. Puedo decirlo con precisi\u00f3n ahora y podr\u00e9 decirlo con precisi\u00f3n en cualquier tiempo porque eso sucedi\u00f3 mientras camin\u00e1bamos por la avenida Corrientes, lo que representaba para \u00e9l y para m\u00ed, dos habitantes de los lejan\u00edsimos suburbios bonaerenses, un acontecimiento excepcional. Est\u00e1bamos por cumplir con la promesa de compartir la \u00faltima de las pel\u00edculas de Walt Disney, con Pluto, con Bambi, con Mickey o con todos juntos en la pantalla de una sala del centro, un lujo que funcionaba como complemento de la pelota que me hab\u00edan regalado en el d\u00eda de mis siete a\u00f1os justo siete semana atr\u00e1s. Sin embargo, antes del cine, una cuadra antes, mi pap\u00e1 fren\u00f3 en una librer\u00eda grande. All\u00ed, cruz\u00f3 dos frases con un vendedor que pronunci\u00f3 la palabra &#8220;extraordinario&#8221;, sac\u00f3 un billete verde y uno entre rojo y rosado de su bolsillo derecho y atrap\u00f3 con la mano tambi\u00e9n derecha un libro que, enseguida, me entreg\u00f3. &#8220;F\u00fatbol, din\u00e1mica de lo impensado&#8221; indicaba la tapa, en letras negras y de imprenta, n\u00edtidas para que mi condici\u00f3n de lector de siete a\u00f1os y siete semanas no se enredara en ninguna s\u00edlaba. Abajo, figuraba el nombre del autor, pero, cuando empezaba a mirar ese nombre, mi pap\u00e1 se anticip\u00f3 y me habl\u00f3: &#8220;Es de Dante Panzeri, un periodista. Panzeri es uno de los nuestros. Puede ser que ahora el libro no te interese tanto, pero m\u00e1s adelante te va a gustar&#8221;. Yo interpret\u00e9 que, si Panzeri era uno de los nuestros, eso significaba que era primo, t\u00edo, hermano, abuelo, sobrino o cu\u00f1ado nuestro, ya que, siete semanas despu\u00e9s de mi s\u00e9ptimo cumplea\u00f1os, en mi cabeza y en mi coraz\u00f3n &#8220;lo nuestro&#8221; se resum\u00eda en la plenitud del universo familiar. Se lo pregunt\u00e9 a mi pap\u00e1 que, por convicci\u00f3n o por estrategias de padre, eligi\u00f3 contestarme que s\u00ed, que Panzeri era algo de todo eso. Tal cual su vaticinio, tard\u00e9 algunos cumplea\u00f1os en comenzar a leer lo que ten\u00eda entre las manos. Cuando pasaron los a\u00f1os, me gust\u00f3. Me gust\u00f3 mucho. Me gust\u00f3 much\u00edsimo. Tanto que, de ese libro, no me separ\u00e9 m\u00e1s.<\/p>\n\n\n\n<p>&#8220;F\u00fatbol, din\u00e1mica de lo impensado&#8221; era un libro lleno de respuestas y de preguntas que habilitaban nuevas preguntas y nuevas respuestas. O sea que se trataba de un libro que ayudaba a crecer porque crecer, seg\u00fan se aprende precisamente al crecer, es hacerse m\u00e1s y m\u00e1s preguntas que, a veces y s\u00f3lo a veces, encuentran alguna respuesta. De todas las preguntas que suscitaba ese libro, una que trajo crecer fue la que dio origen a que esas p\u00e1ginas maravillosas estuvieran delante de mis ojos: \u00bfpor qu\u00e9 mi pap\u00e1 sent\u00eda que Panzeri era uno de los nuestros? Hab\u00eda que entender a mi pap\u00e1. Y mi pap\u00e1 conoc\u00eda mejor los aromas mansos de los pueblos donde naci\u00f3 y donde estudi\u00f3 que el olor seductor y espeso, mezcla de combustibles mal quemados y pizzas a punto de hornearse bien, que se aspiraba en la avenida Corrientes, donde hab\u00edamos aprovechado la librer\u00eda grande y el cine de Disney. En esos pueblos, el f\u00fatbol en el que se hab\u00eda educado mi pap\u00e1 era el de la creatividad para ser felices, el que ten\u00eda m\u00e1s que ver con la espontaneidad que con la programaci\u00f3n, el que se tej\u00eda siempre gambeteando rivales y nunca gambeteando respetos, el que se ejerc\u00eda como actividad popular con una consecutiva fe en la victoria y una relaci\u00f3n con la derrota m\u00e1s de desencanto que de dolor, m\u00e1s tierna que hist\u00e9rica. Ese f\u00fatbol no consist\u00eda en algo idealizable y, mucho menos, perfecto, pero conservaba las purezas que justifican vivir. A mi pap\u00e1, el f\u00fatbol lo hab\u00eda encandilado porque era un acto de libertad sencilla que quedaba a la vista. Y Panzeri, el gran Panzeri, otro hombre formado en los pueblos, hab\u00eda surgido como una voz capaz de pelear para que el f\u00fatbol, en sus instancias m\u00e1s profesionalizadas o en las de los potreros sin audiencia, fuera eso. Mi pap\u00e1 conoc\u00eda a Panzeri y Panzeri no conoc\u00eda a mi pap\u00e1, pero ese v\u00ednculo asim\u00e9trico no constitu\u00eda un obst\u00e1culo para que los dos advirtieran que, progresivamente, los modos de industrializaci\u00f3n que capturaban al f\u00fatbol lo iban volviendo m\u00e1s mugriento, m\u00e1s aburrido, m\u00e1s feo. Yo no lo andaba gritando en mis partidos de barrio o de escuela, pero, en la intimidad de mi casa, percib\u00eda que mi pap\u00e1 y yo \u00e9ramos primos, t\u00edos, abuelos, hermanos, sobrinos o cu\u00f1ados no s\u00f3lo de Panzeri sino de cada tipo que se nos cruzaba en las tribunas o en las veredas y, a contramano de las tendencias de la \u00e9poca, defend\u00eda las concepciones a trav\u00e9s de las que Panzeri y mi pap\u00e1 hab\u00edan sido cautivados por los misterios de ese juego. Panzeri, entonces, era uno de los nuestros porque nuestras, bien nuestras, definitoriamente nuestras, eran unas sensibilidades y unas ideas sobre el f\u00fatbol por las que hab\u00eda que pelear. Y nadie peleaba tanto y tan bien como Panzeri.<\/p>\n\n\n\n<p>Con el tiempo, otros cumplea\u00f1os, otras librer\u00edas y otras rutinas, en compa\u00f1\u00eda o no de mi pap\u00e1, me trajeron m\u00e1s Panzeri. Vinieron sus art\u00edculos incandescentes, mazazos que actuaban como un despertador individual y colectivo frente a la tentaci\u00f3n de ir seg\u00fan la comodidad de la corriente. Y vino &#8220;Burgues\u00eda y gangsterismo en el deporte&#8221;, el segundo de sus libros. Aunque Panzeri llevara sobre los hombros una bolsa de argumentos desde la que descartaba ser un docente, ese texto tra\u00eda las luces que distinguen a una obra maestra. A tal punto que el propio Panzeri, quien hab\u00eda asegurado que &#8220;F\u00fatbol, din\u00e1mica de lo impensado&#8221; no serv\u00eda para nada, afirmaba que este trabajo pod\u00eda ser \u00fatil. Lo fue. Para miles y, en particular, para m\u00ed porque ah\u00ed termin\u00e9 de descubrir qu\u00e9 era lo que mi pap\u00e1 sab\u00eda suyo, so\u00f1aba nuestro y reconoc\u00eda en cada individuo que nos resultaba una especie de pariente porque enarbolaba valores que, igual que el buen f\u00fatbol, sol\u00edan sufrir castigos. En &#8220;Burgues\u00eda y gangsterismo en el deporte&#8221;, como en cada uno de sus art\u00edculos anteriores y posteriores, Panzeri persegu\u00eda un mundo de integridades, se armaba con su m\u00e1quina de escribir, con su documentaci\u00f3n infalible y con su coraje a prueba de hijos de puta y elevaba la condici\u00f3n moral del mundo. Y cre\u00eda que la decencia no s\u00f3lo era un comportamiento personal de cada d\u00eda sino una cuesti\u00f3n social que demandaba y obligaba a una batalla cotidiana. Era una batalla que, a causa del periodismo y del deporte, se tornaba p\u00fablica. Sin embargo, mi pap\u00e1 estaba seguro de que, en privado, en silencio, en oficios que no se desarrollan en caja de resonancia, muchos se identificaban con Panzeri y muchos expand\u00edan esa batalla con conductas peque\u00f1as y gigantes. Para entonces, yo disfrutaba de la existencia de gente as\u00ed. Por ejemplo, mi pap\u00e1.<\/p>\n\n\n\n<p>De la misma manera en la que Panzeri redefini\u00f3 su v\u00ednculo con su admirad\u00edsimo Chueco Garc\u00eda, aquel wing izquierdo de Central y de Racing que lo recomend\u00f3 en la redacci\u00f3n de El Gr\u00e1fico (&#8220;no era que yo hubiera dejado de admirar su genio, sino que yo empezaba a ser yo y empezaba a dejar de ser lo que era mir\u00e1ndome en \u00e9l&#8221;, detall\u00f3), mi pap\u00e1 y yo confrontamos y nos amigamos con Panzeri montones de veces porque no acord\u00e1bamos con sentencias pol\u00edticas, con evaluaciones de un partido o con alguna de sus contundencias. En cierto sentido, esas disputas reforzaban el concepto de que nos ligaba alg\u00fan parentesco con nuestro periodista favorito, ya que se parec\u00edan a las que se sostienen con los familiares entra\u00f1ables: con relativa frecuencia, nos alejaba o nos arrimaba lo circunstancial, pero lo esencial no se fracturaba nunca. Todav\u00eda m\u00e1s: diferir con Panzeri implicaba casi un tributo a Panzeri, alguien que no requer\u00eda que todas las cabezas fueran iguales, pero propon\u00eda en cada palabra que todas las cabezas pensaran.<\/p>\n\n\n\n<p>Mi pap\u00e1, como los nobles pap\u00e1s, no renunci\u00f3 nunca a ser mi pap\u00e1, as\u00ed que asumi\u00f3, con las fuerzas que pudo y que tuvo, la angustia de anunciarme, en abril de 1978, que Panzeri se muri\u00f3. Tambi\u00e9n como los nobles pap\u00e1s, aceptaba que es imposible que a los hijos no les toque la tristeza, pero en el instante en el que no le qued\u00f3 m\u00e1s camino que contarme la noticia me di cuenta de que me hubiera comprado el sol con tal de evitarme el nudo que me ataba la garganta y el coraz\u00f3n. Ser un noble pap\u00e1 transforma a un individuo en un generador de recursos que ni ese pap\u00e1 sospecha: como certeza o como consuelo, mi pap\u00e1 razon\u00f3 que la obra de Panzeri (aunque el mism\u00edsimo Panzeri no llamara &#8220;una obra&#8221; a su enorme legado) perdurar\u00eda y que, inclusive, cada uno de los que hab\u00edan sentido a esa obra como propia contribuir\u00eda a esa perdurabilidad. Yo hab\u00eda madurado un poco y, acaso como efecto de esa maduraci\u00f3n o de inhibiciones que brotan en la edad en que se deja de ver el cine de Disney, me conform\u00e9 con la explicaci\u00f3n, coincid\u00ed en que la obra de Panzeri no morir\u00eda y no me largu\u00e9 a llorar. Jam\u00e1s supe si el que llor\u00f3 fue mi pap\u00e1.<\/p>\n\n\n\n<p>Ni Panzeri ni mi pap\u00e1 me hab\u00edan inducido a mentirme, por lo que en las d\u00e9cadas posteriores observ\u00e9 que el f\u00fatbol y la realidad, en general, no avanzaron en la direcci\u00f3n del esfuerzo, del compromiso y de las posiciones de Panzeri. No obstante, alguna potencia invencible habr\u00e1 atesorado todo eso porque no qued\u00f3 sepultado. Lo comprob\u00e9 en los \u00faltimos inviernos, cuando, como flores de librer\u00edas, &#8220;F\u00fatbol, din\u00e1mica de lo impensado&#8221; y &#8220;Burgues\u00eda y gangsterismo en el deporte&#8221; fueron editados de nuevo para la fascinaci\u00f3n y el debate de viejos y de flamantes lectores. Y lo certifiqu\u00e9 con la aparici\u00f3n de &#8220;Dirigentes, decencia y wines&#8221;, la compilaci\u00f3n apasionante de notas de Panzeri que Mat\u00edas Bauso construy\u00f3 desde la minuciosidad y desde el afecto. Ah\u00ed, Panzeri no se rinde, combate, desaf\u00eda, ense\u00f1a, conmueve. Y vive.<\/p>\n\n\n\n<p>Voy a revelarlo con el mismo entusiasmo de aquella excursi\u00f3n para ver la pel\u00edcula de Disney: hace ya unos abriles, a cuatro semanas del cumplea\u00f1os setenta y nueve de mi pap\u00e1, eleg\u00ed regalarle ese libro. S\u00e9 que lo ley\u00f3 compenetrado y radiante, recorriendo l\u00ednea por l\u00ednea. Seguro que ya no ser\u00e1 necesario que nos repitamos que Panzeri es primo, t\u00edo, hermano, abuelo, sobrino o cu\u00f1ado. Al cabo, la verdadera sangre es la que llega a la conciencia. Por eso mi pap\u00e1 y yo sabemos, siempre vamos a saber, que Panzeri sigue siendo uno de los nuestros.<\/p>\n\n\n\n<p>(*) Dante Panzeri public\u00f3 &#8220;F\u00fatbol, din\u00e1mica de lo impensado&#8221;, en 1967, y &#8220;Burgues\u00eda y gangsterismo en el deporte, en 1974. Su obra period\u00edstica, extraordinaria y copiosa, puede seguirse en &#8220;Dirigentes, decencia y wines&#8221;, el trabajo de reflexi\u00f3n, de investigaci\u00f3n y de recolecci\u00f3n de notas de Panzeri que hizo Mat\u00edas Bauso. Se puede empezar por lo que sea. Lo importante es leerlo, leerlo y leerlo.<\/p>\n","protected":false},"excerpt":{"rendered":"<p>(Dante Panzeri muri\u00f3 el 14 de abril de 1978, hace 46 a\u00f1os. Va este texto&#8230;<\/p>\n","protected":false},"author":10,"featured_media":2001,"comment_status":"open","ping_status":"open","sticky":false,"template":"","format":"standard","meta":{"footnotes":""},"categories":[85],"tags":[],"class_list":["post-2000","post","type-post","status-publish","format-standard","has-post-thumbnail","hentry","category-el-tipo-que-marca-juega-y-escribe"],"yoast_head":"<!-- This site is optimized with the Yoast SEO plugin v19.5.1 - https:\/\/yoast.com\/wordpress\/plugins\/seo\/ -->\n<title>Nuestro Panzeri - LA PATRIA FUTBOLERA<\/title>\n<meta name=\"robots\" content=\"index, follow, max-snippet:-1, max-image-preview:large, max-video-preview:-1\" \/>\n<link rel=\"canonical\" href=\"https:\/\/lapatriafutbolera.com.ar\/index.php\/2024\/04\/14\/nuestro-panzeri-2\/\" \/>\n<meta property=\"og:locale\" content=\"es_ES\" \/>\n<meta property=\"og:type\" content=\"article\" \/>\n<meta property=\"og:title\" content=\"Nuestro Panzeri - LA PATRIA FUTBOLERA\" \/>\n<meta property=\"og:description\" content=\"(Dante Panzeri muri\u00f3 el 14 de abril de 1978, hace 46 a\u00f1os. Va este texto...\" \/>\n<meta property=\"og:url\" content=\"https:\/\/lapatriafutbolera.com.ar\/index.php\/2024\/04\/14\/nuestro-panzeri-2\/\" \/>\n<meta property=\"og:site_name\" content=\"LA PATRIA FUTBOLERA\" \/>\n<meta property=\"article:published_time\" content=\"2024-04-14T17:21:00+00:00\" \/>\n<meta property=\"article:modified_time\" content=\"2024-05-15T17:23:49+00:00\" \/>\n<meta property=\"og:image\" content=\"https:\/\/lapatriafutbolera.com.ar\/wp-content\/uploads\/2024\/05\/panzeri_468_jpg_687088226.jpg\" \/>\n\t<meta property=\"og:image:width\" content=\"400\" \/>\n\t<meta property=\"og:image:height\" content=\"171\" \/>\n\t<meta property=\"og:image:type\" content=\"image\/jpeg\" \/>\n<meta name=\"author\" content=\"Ariel Scher\" \/>\n<meta name=\"twitter:card\" content=\"summary_large_image\" \/>\n<meta name=\"twitter:label1\" content=\"Escrito por\" \/>\n\t<meta name=\"twitter:data1\" content=\"Ariel Scher\" \/>\n\t<meta name=\"twitter:label2\" content=\"Tiempo de lectura\" \/>\n\t<meta name=\"twitter:data2\" content=\"10 minutos\" \/>\n<script type=\"application\/ld+json\" class=\"yoast-schema-graph\">{\"@context\":\"https:\/\/schema.org\",\"@graph\":[{\"@type\":\"Article\",\"@id\":\"https:\/\/lapatriafutbolera.com.ar\/index.php\/2024\/04\/14\/nuestro-panzeri-2\/#article\",\"isPartOf\":{\"@id\":\"https:\/\/lapatriafutbolera.com.ar\/index.php\/2024\/04\/14\/nuestro-panzeri-2\/\"},\"author\":{\"name\":\"Ariel Scher\",\"@id\":\"https:\/\/lapatriafutbolera.com.ar\/#\/schema\/person\/b678f896a0a50faecac575b8609d71aa\"},\"headline\":\"Nuestro Panzeri\",\"datePublished\":\"2024-04-14T17:21:00+00:00\",\"dateModified\":\"2024-05-15T17:23:49+00:00\",\"mainEntityOfPage\":{\"@id\":\"https:\/\/lapatriafutbolera.com.ar\/index.php\/2024\/04\/14\/nuestro-panzeri-2\/\"},\"wordCount\":2050,\"commentCount\":0,\"publisher\":{\"@id\":\"https:\/\/lapatriafutbolera.com.ar\/#organization\"},\"articleSection\":[\"El Tipo que marca, juega y escribe\"],\"inLanguage\":\"es-AR\",\"potentialAction\":[{\"@type\":\"CommentAction\",\"name\":\"Comment\",\"target\":[\"https:\/\/lapatriafutbolera.com.ar\/index.php\/2024\/04\/14\/nuestro-panzeri-2\/#respond\"]}]},{\"@type\":\"WebPage\",\"@id\":\"https:\/\/lapatriafutbolera.com.ar\/index.php\/2024\/04\/14\/nuestro-panzeri-2\/\",\"url\":\"https:\/\/lapatriafutbolera.com.ar\/index.php\/2024\/04\/14\/nuestro-panzeri-2\/\",\"name\":\"Nuestro Panzeri - LA PATRIA FUTBOLERA\",\"isPartOf\":{\"@id\":\"https:\/\/lapatriafutbolera.com.ar\/#website\"},\"datePublished\":\"2024-04-14T17:21:00+00:00\",\"dateModified\":\"2024-05-15T17:23:49+00:00\",\"breadcrumb\":{\"@id\":\"https:\/\/lapatriafutbolera.com.ar\/index.php\/2024\/04\/14\/nuestro-panzeri-2\/#breadcrumb\"},\"inLanguage\":\"es-AR\",\"potentialAction\":[{\"@type\":\"ReadAction\",\"target\":[\"https:\/\/lapatriafutbolera.com.ar\/index.php\/2024\/04\/14\/nuestro-panzeri-2\/\"]}]},{\"@type\":\"BreadcrumbList\",\"@id\":\"https:\/\/lapatriafutbolera.com.ar\/index.php\/2024\/04\/14\/nuestro-panzeri-2\/#breadcrumb\",\"itemListElement\":[{\"@type\":\"ListItem\",\"position\":1,\"name\":\"Inicio\",\"item\":\"https:\/\/lapatriafutbolera.com.ar\/\"},{\"@type\":\"ListItem\",\"position\":2,\"name\":\"Nuestro Panzeri\"}]},{\"@type\":\"WebSite\",\"@id\":\"https:\/\/lapatriafutbolera.com.ar\/#website\",\"url\":\"https:\/\/lapatriafutbolera.com.ar\/\",\"name\":\"LA PATRIA FUTBOLERA\",\"description\":\"\",\"publisher\":{\"@id\":\"https:\/\/lapatriafutbolera.com.ar\/#organization\"},\"potentialAction\":[{\"@type\":\"SearchAction\",\"target\":{\"@type\":\"EntryPoint\",\"urlTemplate\":\"https:\/\/lapatriafutbolera.com.ar\/?s={search_term_string}\"},\"query-input\":\"required name=search_term_string\"}],\"inLanguage\":\"es-AR\"},{\"@type\":\"Organization\",\"@id\":\"https:\/\/lapatriafutbolera.com.ar\/#organization\",\"name\":\"LA PATRIA FUTBOLERA\",\"url\":\"https:\/\/lapatriafutbolera.com.ar\/\",\"sameAs\":[],\"logo\":{\"@type\":\"ImageObject\",\"inLanguage\":\"es-AR\",\"@id\":\"https:\/\/lapatriafutbolera.com.ar\/#\/schema\/logo\/image\/\",\"url\":\"https:\/\/lapatriafutbolera.com.ar\/wp-content\/uploads\/2025\/03\/cropped-LA-PATRIA-14.jpg\",\"contentUrl\":\"https:\/\/lapatriafutbolera.com.ar\/wp-content\/uploads\/2025\/03\/cropped-LA-PATRIA-14.jpg\",\"width\":1308,\"height\":221,\"caption\":\"LA PATRIA FUTBOLERA\"},\"image\":{\"@id\":\"https:\/\/lapatriafutbolera.com.ar\/#\/schema\/logo\/image\/\"}},{\"@type\":\"Person\",\"@id\":\"https:\/\/lapatriafutbolera.com.ar\/#\/schema\/person\/b678f896a0a50faecac575b8609d71aa\",\"name\":\"Ariel Scher\",\"image\":{\"@type\":\"ImageObject\",\"inLanguage\":\"es-AR\",\"@id\":\"https:\/\/lapatriafutbolera.com.ar\/#\/schema\/person\/image\/\",\"url\":\"https:\/\/secure.gravatar.com\/avatar\/76b3824675a40e45163a2a49107284188d784efa904c62a82e8b5cd2de313f08?s=96&d=mm&r=g\",\"contentUrl\":\"https:\/\/secure.gravatar.com\/avatar\/76b3824675a40e45163a2a49107284188d784efa904c62a82e8b5cd2de313f08?s=96&d=mm&r=g\",\"caption\":\"Ariel Scher\"},\"url\":\"https:\/\/lapatriafutbolera.com.ar\/index.php\/author\/ariel-scher\/\"}]}<\/script>\n<!-- \/ Yoast SEO plugin. -->","yoast_head_json":{"title":"Nuestro Panzeri - LA PATRIA FUTBOLERA","robots":{"index":"index","follow":"follow","max-snippet":"max-snippet:-1","max-image-preview":"max-image-preview:large","max-video-preview":"max-video-preview:-1"},"canonical":"https:\/\/lapatriafutbolera.com.ar\/index.php\/2024\/04\/14\/nuestro-panzeri-2\/","og_locale":"es_ES","og_type":"article","og_title":"Nuestro Panzeri - LA PATRIA FUTBOLERA","og_description":"(Dante Panzeri muri\u00f3 el 14 de abril de 1978, hace 46 a\u00f1os. Va este texto...","og_url":"https:\/\/lapatriafutbolera.com.ar\/index.php\/2024\/04\/14\/nuestro-panzeri-2\/","og_site_name":"LA PATRIA FUTBOLERA","article_published_time":"2024-04-14T17:21:00+00:00","article_modified_time":"2024-05-15T17:23:49+00:00","og_image":[{"width":400,"height":171,"url":"https:\/\/lapatriafutbolera.com.ar\/wp-content\/uploads\/2024\/05\/panzeri_468_jpg_687088226.jpg","type":"image\/jpeg"}],"author":"Ariel Scher","twitter_card":"summary_large_image","twitter_misc":{"Escrito por":"Ariel Scher","Tiempo de lectura":"10 minutos"},"schema":{"@context":"https:\/\/schema.org","@graph":[{"@type":"Article","@id":"https:\/\/lapatriafutbolera.com.ar\/index.php\/2024\/04\/14\/nuestro-panzeri-2\/#article","isPartOf":{"@id":"https:\/\/lapatriafutbolera.com.ar\/index.php\/2024\/04\/14\/nuestro-panzeri-2\/"},"author":{"name":"Ariel Scher","@id":"https:\/\/lapatriafutbolera.com.ar\/#\/schema\/person\/b678f896a0a50faecac575b8609d71aa"},"headline":"Nuestro Panzeri","datePublished":"2024-04-14T17:21:00+00:00","dateModified":"2024-05-15T17:23:49+00:00","mainEntityOfPage":{"@id":"https:\/\/lapatriafutbolera.com.ar\/index.php\/2024\/04\/14\/nuestro-panzeri-2\/"},"wordCount":2050,"commentCount":0,"publisher":{"@id":"https:\/\/lapatriafutbolera.com.ar\/#organization"},"articleSection":["El Tipo que marca, juega y escribe"],"inLanguage":"es-AR","potentialAction":[{"@type":"CommentAction","name":"Comment","target":["https:\/\/lapatriafutbolera.com.ar\/index.php\/2024\/04\/14\/nuestro-panzeri-2\/#respond"]}]},{"@type":"WebPage","@id":"https:\/\/lapatriafutbolera.com.ar\/index.php\/2024\/04\/14\/nuestro-panzeri-2\/","url":"https:\/\/lapatriafutbolera.com.ar\/index.php\/2024\/04\/14\/nuestro-panzeri-2\/","name":"Nuestro Panzeri - LA PATRIA FUTBOLERA","isPartOf":{"@id":"https:\/\/lapatriafutbolera.com.ar\/#website"},"datePublished":"2024-04-14T17:21:00+00:00","dateModified":"2024-05-15T17:23:49+00:00","breadcrumb":{"@id":"https:\/\/lapatriafutbolera.com.ar\/index.php\/2024\/04\/14\/nuestro-panzeri-2\/#breadcrumb"},"inLanguage":"es-AR","potentialAction":[{"@type":"ReadAction","target":["https:\/\/lapatriafutbolera.com.ar\/index.php\/2024\/04\/14\/nuestro-panzeri-2\/"]}]},{"@type":"BreadcrumbList","@id":"https:\/\/lapatriafutbolera.com.ar\/index.php\/2024\/04\/14\/nuestro-panzeri-2\/#breadcrumb","itemListElement":[{"@type":"ListItem","position":1,"name":"Inicio","item":"https:\/\/lapatriafutbolera.com.ar\/"},{"@type":"ListItem","position":2,"name":"Nuestro Panzeri"}]},{"@type":"WebSite","@id":"https:\/\/lapatriafutbolera.com.ar\/#website","url":"https:\/\/lapatriafutbolera.com.ar\/","name":"LA PATRIA FUTBOLERA","description":"","publisher":{"@id":"https:\/\/lapatriafutbolera.com.ar\/#organization"},"potentialAction":[{"@type":"SearchAction","target":{"@type":"EntryPoint","urlTemplate":"https:\/\/lapatriafutbolera.com.ar\/?s={search_term_string}"},"query-input":"required name=search_term_string"}],"inLanguage":"es-AR"},{"@type":"Organization","@id":"https:\/\/lapatriafutbolera.com.ar\/#organization","name":"LA PATRIA FUTBOLERA","url":"https:\/\/lapatriafutbolera.com.ar\/","sameAs":[],"logo":{"@type":"ImageObject","inLanguage":"es-AR","@id":"https:\/\/lapatriafutbolera.com.ar\/#\/schema\/logo\/image\/","url":"https:\/\/lapatriafutbolera.com.ar\/wp-content\/uploads\/2025\/03\/cropped-LA-PATRIA-14.jpg","contentUrl":"https:\/\/lapatriafutbolera.com.ar\/wp-content\/uploads\/2025\/03\/cropped-LA-PATRIA-14.jpg","width":1308,"height":221,"caption":"LA PATRIA FUTBOLERA"},"image":{"@id":"https:\/\/lapatriafutbolera.com.ar\/#\/schema\/logo\/image\/"}},{"@type":"Person","@id":"https:\/\/lapatriafutbolera.com.ar\/#\/schema\/person\/b678f896a0a50faecac575b8609d71aa","name":"Ariel Scher","image":{"@type":"ImageObject","inLanguage":"es-AR","@id":"https:\/\/lapatriafutbolera.com.ar\/#\/schema\/person\/image\/","url":"https:\/\/secure.gravatar.com\/avatar\/76b3824675a40e45163a2a49107284188d784efa904c62a82e8b5cd2de313f08?s=96&d=mm&r=g","contentUrl":"https:\/\/secure.gravatar.com\/avatar\/76b3824675a40e45163a2a49107284188d784efa904c62a82e8b5cd2de313f08?s=96&d=mm&r=g","caption":"Ariel Scher"},"url":"https:\/\/lapatriafutbolera.com.ar\/index.php\/author\/ariel-scher\/"}]}},"_links":{"self":[{"href":"https:\/\/lapatriafutbolera.com.ar\/index.php\/wp-json\/wp\/v2\/posts\/2000","targetHints":{"allow":["GET"]}}],"collection":[{"href":"https:\/\/lapatriafutbolera.com.ar\/index.php\/wp-json\/wp\/v2\/posts"}],"about":[{"href":"https:\/\/lapatriafutbolera.com.ar\/index.php\/wp-json\/wp\/v2\/types\/post"}],"author":[{"embeddable":true,"href":"https:\/\/lapatriafutbolera.com.ar\/index.php\/wp-json\/wp\/v2\/users\/10"}],"replies":[{"embeddable":true,"href":"https:\/\/lapatriafutbolera.com.ar\/index.php\/wp-json\/wp\/v2\/comments?post=2000"}],"version-history":[{"count":1,"href":"https:\/\/lapatriafutbolera.com.ar\/index.php\/wp-json\/wp\/v2\/posts\/2000\/revisions"}],"predecessor-version":[{"id":2002,"href":"https:\/\/lapatriafutbolera.com.ar\/index.php\/wp-json\/wp\/v2\/posts\/2000\/revisions\/2002"}],"wp:featuredmedia":[{"embeddable":true,"href":"https:\/\/lapatriafutbolera.com.ar\/index.php\/wp-json\/wp\/v2\/media\/2001"}],"wp:attachment":[{"href":"https:\/\/lapatriafutbolera.com.ar\/index.php\/wp-json\/wp\/v2\/media?parent=2000"}],"wp:term":[{"taxonomy":"category","embeddable":true,"href":"https:\/\/lapatriafutbolera.com.ar\/index.php\/wp-json\/wp\/v2\/categories?post=2000"},{"taxonomy":"post_tag","embeddable":true,"href":"https:\/\/lapatriafutbolera.com.ar\/index.php\/wp-json\/wp\/v2\/tags?post=2000"}],"curies":[{"name":"wp","href":"https:\/\/api.w.org\/{rel}","templated":true}]}}