{"id":2060,"date":"2024-06-18T22:56:00","date_gmt":"2024-06-19T01:56:00","guid":{"rendered":"https:\/\/lapatriafutbolera.com.ar\/?p=2060"},"modified":"2024-06-19T13:51:28","modified_gmt":"2024-06-19T16:51:28","slug":"les-rouges-el-primer-escalon-para-la-revalida-argentina","status":"publish","type":"post","link":"https:\/\/lapatriafutbolera.com.ar\/index.php\/2024\/06\/18\/les-rouges-el-primer-escalon-para-la-revalida-argentina\/","title":{"rendered":"Les Rouges, el primer escal\u00f3n para la rev\u00e1lida argentina"},"content":{"rendered":"\n<h4 class=\"wp-block-heading\">El equipo m\u00e1s boreal del continente ser\u00e1 el primer rival del campe\u00f3n vigente. Viene de un valioso empate sin goles ante Francia, el sub campe\u00f3n del mundo. Aqu\u00ed, todos los detalles de Canad\u00e1, la primera parada de la Argentina en la Copa Am\u00e9rica de los Estados Unidos.<\/h4>\n\n\n\n<p><strong><a href=\"https:\/\/www.espn.com.ar\/futbol\/equipo\/_\/id\/206\/canada\" target=\"_blank\" rel=\"noreferrer noopener\">Canad\u00e1<\/a><\/strong>\u00a0dej\u00f3 de ser uno de los planteles m\u00e1s d\u00e9biles de la\u00a0<strong>Concacaf\u00a0<\/strong>y se ha convertido en uno de los\u00a0<strong>equipos m\u00e1s fuertes\u00a0<\/strong>de la zona gracias a tener una clara idea de juego, pero tambi\u00e9n por contar con jugadores que se desempe\u00f1an en las principales ligas europeas. Argumentos que ilusionan de cara a su debut absoluto en la\u00a0<strong><a href=\"https:\/\/www.espn.com.ar\/futbol\/copa-america\/nota\/_\/id\/13794245\/copa-america-2024-guia-con-toda-la-informacion\" target=\"_blank\" rel=\"noreferrer noopener\">Copa Am\u00e9rica<\/a><\/strong>, que se jugar\u00e1 en Estados Unidos 2024\u00a0<strong><a href=\"https:\/\/www.espn.com.ar\/futbol\/copa-america\/nota\/_\/id\/13758833\/cuando-se-juega-la-copa-america-2024\" target=\"_blank\" rel=\"noreferrer noopener\">entre el 20 de junio y el 14 de juilo<\/a><\/strong>.\u00a0<strong>ESPN.com\u00a0<\/strong>detalla la\u00a0<strong>formaci\u00f3n\u00a0<\/strong>del equipo de Jesse\u00a0<strong>Marsch,<\/strong>\u00a0las\u00a0<strong>figuras del plantel\u00a0<\/strong>en el que se destaca\u00a0<strong><a href=\"https:\/\/www.espn.com.ar\/futbol\/jugador\/_\/id\/236721\/alphonso-davies\" target=\"_blank\" rel=\"noreferrer noopener\">Alphonso Davies<\/a><\/strong>, los rivales del\u00a0<strong>grupo A<\/strong>, la\u00a0<strong>tabla<\/strong>, el\u00a0<strong>fixture<\/strong>,<strong>\u00a0<\/strong>la\u00a0<strong>fecha\u00a0<\/strong>y\u00a0<strong>hora de sus partidos<\/strong>.<\/p>\n\n\n\n<h2 class=\"wp-block-heading\">El fixture de Canad\u00e1: fecha y hora de sus partidos<\/h2>\n\n\n\n<p>Jueves 20\/6:&nbsp;<strong>Argentina-Canad\u00e1<\/strong>, en Atlanta.&nbsp;<strong>Hora<\/strong>: 21.00 (ARG\/URU), 20.00 (CHI), 19.00 (COL\/PER\/ECU).<br>Martes 25\/6:&nbsp;<strong>Per\u00fa-Canad\u00e1<\/strong>, en Kansas City.&nbsp;<strong>Hora<\/strong>: 18.00 (ARG\/URU), 17.00 (CHI), 16.00 (COL\/PER\/ECU).<br>S\u00e1bado 29\/6:&nbsp;<strong>Canad\u00e1-Chile<\/strong>, en Orlando.&nbsp;<strong>Hora<\/strong>: 21.00 (ARG\/URU), 20.00 (CHI), 19.00 (COL\/PER\/ECU).<\/p>\n\n\n\n<h2 class=\"wp-block-heading\">Canad\u00e1 en el grupo A: la tabla de posiciones<\/h2>\n\n\n\n<h2 class=\"wp-block-heading\">GRUPO A &#8211; COPA AM\u00c9RICA 2024<\/h2>\n\n\n\n<figure class=\"wp-block-table\"><table><thead><tr><th>POSICI\u00d3N<\/th><th>EQUIPO<\/th><th>PUNTOS<\/th><th>PJ<\/th><th>PG<\/th><th>PE<\/th><th>PP<\/th><th>GF<\/th><th>GC<\/th><th>DG<\/th><\/tr><\/thead><tbody><tr><td>1<\/td><td>Argentina<\/td><td>0<\/td><td>0<\/td><td>0<\/td><td>0<\/td><td>0<\/td><td>0<\/td><td>0<\/td><td>0<\/td><\/tr><tr><td>2<\/td><td>Canad\u00e1<\/td><td>0<\/td><td>0<\/td><td>0<\/td><td>0<\/td><td>0<\/td><td>0<\/td><td>0<\/td><td>0<\/td><\/tr><tr><td>3<\/td><td>Chile<\/td><td>0<\/td><td>0<\/td><td>0<\/td><td>0<\/td><td>0<\/td><td>0<\/td><td>0<\/td><td>0<\/td><\/tr><tr><td>4<\/td><td>Per\u00fa<\/td><td>0<\/td><td>0<\/td><td>0<\/td><td>0<\/td><td>0<\/td><td>0<\/td><td>0<\/td><td>0<\/td><\/tr><\/tbody><\/table><\/figure>\n\n\n\n<h2 class=\"wp-block-heading\">As\u00ed llega Canad\u00e1 a la Copa Am\u00e9rica 2024<\/h2>\n\n\n\n<p><strong>Canad\u00e1\u00a0<\/strong>brill\u00f3 en las eliminatorias de la Concacaf para la Copa del Mundo de Qatar 2022 y volvi\u00f3 a jugar un Mundial despu\u00e9s de 36 a\u00f1os. Sin embargo, en Medio Oriente no dio la talla y en los \u00faltimos meses\u00a0<strong>no ha registrado los mejores resultados,<\/strong>\u00a0al perder en la Nations League ante Jamaica. Por eso\u00a0<strong>tuvo que conseguir su lugar a\u00a0<a href=\"https:\/\/www.espn.com.ar\/futbol\/liga\/_\/nombre\/conmebol.america\" target=\"_blank\" rel=\"noreferrer noopener\">Copa Am\u00e9rica<\/a>\u00a0a trav\u00e9s de un Playoff<\/strong>. En los amistosos previos sufri\u00f3 una dura derrota 4-0 contra Pa\u00edses Bajos pero le empat\u00f3 a Francia.<\/p>\n\n\n\n<h2 class=\"wp-block-heading\">El objetivo de Canad\u00e1<\/h2>\n\n\n\n<p>Al ser uno de los mejores equipos de la Concacaf,\u00a0<strong>Canad\u00e1\u00a0<\/strong>debe aspirar a\u00a0<strong>superar la fase de grupos y clasificar a cuartos\u00a0<\/strong>de final en su debut absoluto en la Copa Am\u00e9rica. Sin embargo, Les Rouges no tendr\u00e1n un camino sencillo a la segunda fase de la competencia al enfrentarse a la vigente campeona del torneo as\u00ed como a otras dos planteles sudamericanos (Chile y Per\u00fa) que buscan trascender en el certamen.<\/p>\n\n\n\n<h2 class=\"wp-block-heading\">El Plantel<\/h2>\n\n\n\n<p><strong>Arqueros: <\/strong><\/p>\n\n\n\n<p><a href=\"https:\/\/www.transfermarkt.es\/maxime-crepeau\/profil\/spieler\/189014\">16-Maxime Cr\u00e9peau (Portland Timbers)<\/a>, <\/p>\n\n\n\n<p><a href=\"https:\/\/www.transfermarkt.es\/tom-mcgill\/profil\/spieler\/406556\">18-Thomas McGill (Brighton)<\/a> y <\/p>\n\n\n\n<p><a href=\"https:\/\/www.transfermarkt.es\/dayne-st-clair\/profil\/spieler\/439750\">1-Dayne St. Clair (Minnesota United)<\/a><\/p>\n\n\n\n<p><strong>Defensores: <\/strong><\/p>\n\n\n\n<p><a href=\"https:\/\/www.transfermarkt.es\/moise-bombito\/profil\/spieler\/1089202\">15-Mo\u00efse Bombito (Colorado Rapids)<\/a>, <\/p>\n\n\n\n<p><a href=\"https:\/\/www.transfermarkt.com\/derek-cornelius\/profil\/spieler\/328609\">13-Derek Cornelius (Malm\u00f6)<\/a>, <\/p>\n\n\n\n<p><a href=\"https:\/\/www.transfermarkt.es\/alphonso-davies\/profil\/spieler\/424204\">19-Alphonso Davies (Bayern Munich)<\/a>, <\/p>\n\n\n\n<p><a href=\"https:\/\/www.transfermarkt.co.uk\/luc-de-fougerolles\/profil\/spieler\/921995\">3-Luc de Fougerolles (Fulham)<\/a>, <\/p>\n\n\n\n<p><a href=\"https:\/\/www.transfermarkt.es\/kyle-hiebert\/profil\/spieler\/982519\">26-Kyle Hiebert (St. Louis)<\/a>, <\/p>\n\n\n\n<p><a href=\"https:\/\/www.transfermarkt.es\/alistair-johnston\/profil\/spieler\/637446\">2-Alistair Johnston (Celtic)<\/a>, <\/p>\n\n\n\n<p><a href=\"https:\/\/www.transfermarkt.es\/richie-laryea\/profil\/spieler\/417348\">22-Richie Laryea (Toronto FC)<\/a> y <\/p>\n\n\n\n<p><a href=\"https:\/\/www.transfermarkt.es\/kamal-miller\/profil\/spieler\/487504\">4-Kamal Miller (Portland Timbers)<\/a><\/p>\n\n\n\n<p><strong>Volantes: <\/strong><\/p>\n\n\n\n<p><a href=\"https:\/\/www.transfermarkt.es\/ali-ahmed\/profil\/spieler\/995642\">20-Ali Ahmed (Vancouver Whitecaps FC)<\/a>, <\/p>\n\n\n\n<p><a href=\"https:\/\/www.transfermarkt.es\/mathieu-choiniere\/profil\/spieler\/589006\">24-Mathieu Choini\u00e8re (CF Montr\u00e9al)<\/a>, <\/p>\n\n\n\n<p><a href=\"https:\/\/www.transfermarkt.es\/stephen-eustaquio\/profil\/spieler\/512913\">7-Stephen Eust\u00e1quio (Porto)<\/a>, <\/p>\n\n\n\n<p><a href=\"https:\/\/www.transfermarkt.es\/ismael-kone\/profil\/spieler\/921655\">8-Isma\u00ebl Kon\u00e9 (Watford)<\/a>, <\/p>\n\n\n\n<p><a href=\"https:\/\/www.transfermarkt.es\/jonathan-osorio\/profil\/spieler\/260807\">21-Jonathan Osorio (Toronto FC)<\/a> y <\/p>\n\n\n\n<p><a href=\"https:\/\/www.transfermarkt.com\/samuel-piette\/profil\/spieler\/189019\">6-Samuel Piette (CF Montreal)<\/a>.<\/p>\n\n\n\n<p><strong>Delanteros: <\/strong><\/p>\n\n\n\n<p><a href=\"https:\/\/www.transfermarkt.es\/theo-bair\/profil\/spieler\/501709\">11-Theo Bair (Motherwell)<\/a>, <\/p>\n\n\n\n<p><a href=\"https:\/\/www.transfermarkt.es\/tajon-buchanan\/profil\/spieler\/638793\">17-Tajon Buchanan (Inter)<\/a>, <\/p>\n\n\n\n<p><a href=\"https:\/\/www.transfermarkt.es\/jonathan-david\/profil\/spieler\/533738\">10-Jonathan David (Lille<\/a>), <\/p>\n\n\n\n<p><a href=\"https:\/\/www.transfermarkt.co.uk\/junior-hoilett\/profil\/spieler\/58993\">5-Junior Hoilett (Aberdeen)<\/a>, <\/p>\n\n\n\n<p><a href=\"https:\/\/www.transfermarkt.es\/cyle-larin\/profil\/spieler\/343463\">9-Cyle Larin (Mallorca)<\/a>, <\/p>\n\n\n\n<p><a href=\"https:\/\/www.transfermarkt.es\/liam-millar\/profil\/spieler\/487417\">23-Liam Millar (Basel)<\/a>, <\/p>\n\n\n\n<p><a href=\"https:\/\/www.transfermarkt.es\/tani-oluwaseyi\/profil\/spieler\/972465\">25-Tani Oluwaseyi (Minnesota United FC)<\/a>, <\/p>\n\n\n\n<p><a href=\"https:\/\/www.transfermarkt.es\/jacen-russell-rowe\/profil\/spieler\/683625\">12-Jacen-Russell Rowe (Columbus Crew)<\/a> y <\/p>\n\n\n\n<p><a href=\"https:\/\/www.transfermarkt.es\/jacob-shaffelburg\/profil\/spieler\/637632\">14-Jacob Shaffelburg (Nashville)<\/a>.<\/p>\n\n\n\n<h2 class=\"wp-block-heading\">El capit\u00e1n: Stephen Eust\u00e1quio<\/h2>\n\n\n\n<p>El exjugador de Cruz Azul,&nbsp;<strong><a href=\"https:\/\/www.espn.com.ar\/futbol\/jugador\/_\/id\/270505\/stephen-eustaquio\" target=\"_blank\" rel=\"noreferrer noopener\">Stephen Eust\u00e1quio<\/a><\/strong>, es el&nbsp;<strong>capit\u00e1n de Canad\u00e1&nbsp;<\/strong>gracias a su liderazgo dentro de la cancha y su buen nivel con el Porto. A los 27 a\u00f1os ya ha demostrado car\u00e1cter para conducir a su seleccionado y su experiencia internacional lo sostiene.<\/p>\n\n\n\n<h2 class=\"wp-block-heading\">La figura: Alphonso Davies<\/h2>\n\n\n\n<p><strong><a href=\"https:\/\/www.espn.com.ar\/futbol\/jugador\/_\/id\/236721\/alphonso-davies\" target=\"_blank\" rel=\"noreferrer noopener\">Alphonso Davies<\/a><\/strong>, que viene de una campa\u00f1a complicada con Bayern Munich, es la\u00a0<strong>m\u00e1xima figura\u00a0<\/strong>del combinado canadiense y si tiene una buena actuaci\u00f3n en Copa Am\u00e9rica,\u00a0<strong>Davies podr\u00eda convencer al Madrid de firmarlo este verano<\/strong>. A pesar de su juventud, ya es uno de los mejores futbolistas de la historia de su pa\u00eds.<\/p>\n\n\n\n<h2 class=\"wp-block-heading\">Joven a seguir: Isma\u00ebl Kon\u00e9<\/h2>\n\n\n\n<p>Con 21 a\u00f1os, el centrocampista canadiense ha destacado por su gran talento que lo llev\u00f3 a principios de 2023 a firmar con el Watford de la Championship de Inglaterra. No obstante, al estar en la Segunda Divisi\u00f3n del balompi\u00e9 ingl\u00e9s, muchas de las actuaciones de&nbsp;<strong><a href=\"https:\/\/www.espn.com.ar\/futbol\/jugador\/_\/id\/325001\/ismael-kone\" target=\"_blank\" rel=\"noreferrer noopener\">Kon\u00e9<\/a><\/strong>&nbsp;han pasado desapercibidas, por lo que&nbsp;<strong>Copa Am\u00e9rica&nbsp;<\/strong>ser\u00e1 una extraordinaria plataforma para el canadiense.<\/p>\n\n\n\n<h2 class=\"wp-block-heading\">El DT: Jesse Marsch<\/h2>\n\n\n\n<p><strong>A mediados del mes pasado, Canad\u00e1 anunci\u00f3 a Jesse Marsch<\/strong>&nbsp;como su nuevo seleccionador y el t\u00e9cnico estadounidense&nbsp;<strong>llegar\u00e1 a Copa Am\u00e9rica con solo dos partidos dirigidos<\/strong>&nbsp;que disputar\u00e1 semanas antes del debut de Les Rouges. Con 50 a\u00f1os. Marsch cuenta con una trayectoria importante en el Viejo Continente al dirigir a Leeds de Inglaterra, Leipzig de Alemania y el Salzburgo de Austria.<\/p>\n\n\n\n<h2 class=\"wp-block-heading\">El posible once de Canad\u00e1 en la Copa Am\u00e9rica<\/h2>\n\n\n\n<p>Con solo unas semanas para trabajar, Marsch tendr\u00eda poco tiempo para implementar su estilo de juego, sin embargo, es probable que cambie la l\u00ednea de cinco defensores de Canad\u00e1 por una defensa conformada por cuatro hombres y apueste en el ataque por un solo centro delantero en lugar de colocar a dos atacantes.<\/p>\n\n\n\n<p>El\u00a0<strong>posible once de Canad\u00e1\u00a0<\/strong>es:\u00a0<strong>Crepeau<\/strong>;\u00a0<strong>Buchanan<\/strong>,\u00a0<strong>Miller<\/strong>,\u00a0<strong>Waterman,<\/strong>\u00a0<strong>Johnston<\/strong>,\u00a0<strong>Davies<\/strong>,\u00a0<strong>Eustaquio<\/strong>,\u00a0<strong>Kon\u00e9<\/strong>,\u00a0<strong>David<\/strong>,\u00a0<strong>Ugbo\u00a0<\/strong>y\u00a0<strong>Larin<\/strong>.<\/p>\n\n\n\n<p><\/p>\n","protected":false},"excerpt":{"rendered":"<p>El equipo m\u00e1s boreal del continente ser\u00e1 el primer rival del campe\u00f3n vigente. Viene de&#8230;<\/p>\n","protected":false},"author":4,"featured_media":2061,"comment_status":"open","ping_status":"open","sticky":false,"template":"","format":"standard","meta":{"footnotes":""},"categories":[161],"tags":[],"class_list":["post-2060","post","type-post","status-publish","format-standard","has-post-thumbnail","hentry","category-copa-america-grupo-a"],"yoast_head":"<!-- This site is optimized with the Yoast SEO plugin v19.5.1 - https:\/\/yoast.com\/wordpress\/plugins\/seo\/ -->\n<title>Les Rouges, el primer escal\u00f3n para la rev\u00e1lida argentina - LA PATRIA FUTBOLERA<\/title>\n<meta name=\"robots\" content=\"index, follow, max-snippet:-1, max-image-preview:large, max-video-preview:-1\" \/>\n<link rel=\"canonical\" href=\"https:\/\/lapatriafutbolera.com.ar\/index.php\/2024\/06\/18\/les-rouges-el-primer-escalon-para-la-revalida-argentina\/\" \/>\n<meta property=\"og:locale\" content=\"es_ES\" \/>\n<meta property=\"og:type\" content=\"article\" \/>\n<meta property=\"og:title\" content=\"Les Rouges, el primer escal\u00f3n para la rev\u00e1lida argentina - LA PATRIA FUTBOLERA\" \/>\n<meta property=\"og:description\" content=\"El equipo m\u00e1s boreal del continente ser\u00e1 el primer rival del campe\u00f3n vigente. Viene de...\" \/>\n<meta property=\"og:url\" content=\"https:\/\/lapatriafutbolera.com.ar\/index.php\/2024\/06\/18\/les-rouges-el-primer-escalon-para-la-revalida-argentina\/\" \/>\n<meta property=\"og:site_name\" content=\"LA PATRIA FUTBOLERA\" \/>\n<meta property=\"article:published_time\" content=\"2024-06-19T01:56:00+00:00\" \/>\n<meta property=\"article:modified_time\" content=\"2024-06-19T16:51:28+00:00\" \/>\n<meta property=\"og:image\" content=\"https:\/\/lapatriafutbolera.com.ar\/wp-content\/uploads\/2024\/06\/Canda.jpg\" \/>\n\t<meta property=\"og:image:width\" content=\"570\" \/>\n\t<meta property=\"og:image:height\" content=\"321\" \/>\n\t<meta property=\"og:image:type\" content=\"image\/jpeg\" \/>\n<meta name=\"author\" content=\"Redacci\u00f3n LPF\" \/>\n<meta name=\"twitter:card\" content=\"summary_large_image\" \/>\n<meta name=\"twitter:label1\" content=\"Escrito por\" \/>\n\t<meta name=\"twitter:data1\" content=\"Redacci\u00f3n LPF\" \/>\n\t<meta name=\"twitter:label2\" content=\"Tiempo de lectura\" \/>\n\t<meta name=\"twitter:data2\" content=\"4 minutos\" \/>\n<script type=\"application\/ld+json\" class=\"yoast-schema-graph\">{\"@context\":\"https:\/\/schema.org\",\"@graph\":[{\"@type\":\"Article\",\"@id\":\"https:\/\/lapatriafutbolera.com.ar\/index.php\/2024\/06\/18\/les-rouges-el-primer-escalon-para-la-revalida-argentina\/#article\",\"isPartOf\":{\"@id\":\"https:\/\/lapatriafutbolera.com.ar\/index.php\/2024\/06\/18\/les-rouges-el-primer-escalon-para-la-revalida-argentina\/\"},\"author\":{\"name\":\"Redacci\u00f3n LPF\",\"@id\":\"https:\/\/lapatriafutbolera.com.ar\/#\/schema\/person\/eb56fb3a7e76133611d5b2d9f706bd97\"},\"headline\":\"Les Rouges, el primer escal\u00f3n para la rev\u00e1lida argentina\",\"datePublished\":\"2024-06-19T01:56:00+00:00\",\"dateModified\":\"2024-06-19T16:51:28+00:00\",\"mainEntityOfPage\":{\"@id\":\"https:\/\/lapatriafutbolera.com.ar\/index.php\/2024\/06\/18\/les-rouges-el-primer-escalon-para-la-revalida-argentina\/\"},\"wordCount\":893,\"commentCount\":0,\"publisher\":{\"@id\":\"https:\/\/lapatriafutbolera.com.ar\/#organization\"},\"articleSection\":[\"COPA AM\u00c9RICA 2024 - GRUPO A\"],\"inLanguage\":\"es-AR\",\"potentialAction\":[{\"@type\":\"CommentAction\",\"name\":\"Comment\",\"target\":[\"https:\/\/lapatriafutbolera.com.ar\/index.php\/2024\/06\/18\/les-rouges-el-primer-escalon-para-la-revalida-argentina\/#respond\"]}]},{\"@type\":\"WebPage\",\"@id\":\"https:\/\/lapatriafutbolera.com.ar\/index.php\/2024\/06\/18\/les-rouges-el-primer-escalon-para-la-revalida-argentina\/\",\"url\":\"https:\/\/lapatriafutbolera.com.ar\/index.php\/2024\/06\/18\/les-rouges-el-primer-escalon-para-la-revalida-argentina\/\",\"name\":\"Les Rouges, el primer escal\u00f3n para la rev\u00e1lida argentina - LA PATRIA FUTBOLERA\",\"isPartOf\":{\"@id\":\"https:\/\/lapatriafutbolera.com.ar\/#website\"},\"datePublished\":\"2024-06-19T01:56:00+00:00\",\"dateModified\":\"2024-06-19T16:51:28+00:00\",\"breadcrumb\":{\"@id\":\"https:\/\/lapatriafutbolera.com.ar\/index.php\/2024\/06\/18\/les-rouges-el-primer-escalon-para-la-revalida-argentina\/#breadcrumb\"},\"inLanguage\":\"es-AR\",\"potentialAction\":[{\"@type\":\"ReadAction\",\"target\":[\"https:\/\/lapatriafutbolera.com.ar\/index.php\/2024\/06\/18\/les-rouges-el-primer-escalon-para-la-revalida-argentina\/\"]}]},{\"@type\":\"BreadcrumbList\",\"@id\":\"https:\/\/lapatriafutbolera.com.ar\/index.php\/2024\/06\/18\/les-rouges-el-primer-escalon-para-la-revalida-argentina\/#breadcrumb\",\"itemListElement\":[{\"@type\":\"ListItem\",\"position\":1,\"name\":\"Inicio\",\"item\":\"https:\/\/lapatriafutbolera.com.ar\/\"},{\"@type\":\"ListItem\",\"position\":2,\"name\":\"Les Rouges, el primer escal\u00f3n para la rev\u00e1lida argentina\"}]},{\"@type\":\"WebSite\",\"@id\":\"https:\/\/lapatriafutbolera.com.ar\/#website\",\"url\":\"https:\/\/lapatriafutbolera.com.ar\/\",\"name\":\"LA PATRIA FUTBOLERA\",\"description\":\"\",\"publisher\":{\"@id\":\"https:\/\/lapatriafutbolera.com.ar\/#organization\"},\"potentialAction\":[{\"@type\":\"SearchAction\",\"target\":{\"@type\":\"EntryPoint\",\"urlTemplate\":\"https:\/\/lapatriafutbolera.com.ar\/?s={search_term_string}\"},\"query-input\":\"required name=search_term_string\"}],\"inLanguage\":\"es-AR\"},{\"@type\":\"Organization\",\"@id\":\"https:\/\/lapatriafutbolera.com.ar\/#organization\",\"name\":\"LA PATRIA FUTBOLERA\",\"url\":\"https:\/\/lapatriafutbolera.com.ar\/\",\"sameAs\":[],\"logo\":{\"@type\":\"ImageObject\",\"inLanguage\":\"es-AR\",\"@id\":\"https:\/\/lapatriafutbolera.com.ar\/#\/schema\/logo\/image\/\",\"url\":\"https:\/\/lapatriafutbolera.com.ar\/wp-content\/uploads\/2025\/03\/cropped-LA-PATRIA-14.jpg\",\"contentUrl\":\"https:\/\/lapatriafutbolera.com.ar\/wp-content\/uploads\/2025\/03\/cropped-LA-PATRIA-14.jpg\",\"width\":1308,\"height\":221,\"caption\":\"LA PATRIA FUTBOLERA\"},\"image\":{\"@id\":\"https:\/\/lapatriafutbolera.com.ar\/#\/schema\/logo\/image\/\"}},{\"@type\":\"Person\",\"@id\":\"https:\/\/lapatriafutbolera.com.ar\/#\/schema\/person\/eb56fb3a7e76133611d5b2d9f706bd97\",\"name\":\"Redacci\u00f3n LPF\",\"image\":{\"@type\":\"ImageObject\",\"inLanguage\":\"es-AR\",\"@id\":\"https:\/\/lapatriafutbolera.com.ar\/#\/schema\/person\/image\/\",\"url\":\"https:\/\/secure.gravatar.com\/avatar\/57dc12e3750972170624cd118ca21d4157841e9e7b211e6dfe7a00b61088d285?s=96&d=mm&r=g\",\"contentUrl\":\"https:\/\/secure.gravatar.com\/avatar\/57dc12e3750972170624cd118ca21d4157841e9e7b211e6dfe7a00b61088d285?s=96&d=mm&r=g\",\"caption\":\"Redacci\u00f3n LPF\"},\"sameAs\":[\"http:\/\/lapatriafutbolera.com.ar\"],\"url\":\"https:\/\/lapatriafutbolera.com.ar\/index.php\/author\/redaccion-lpf\/\"}]}<\/script>\n<!-- \/ Yoast SEO plugin. -->","yoast_head_json":{"title":"Les Rouges, el primer escal\u00f3n para la rev\u00e1lida argentina - LA PATRIA FUTBOLERA","robots":{"index":"index","follow":"follow","max-snippet":"max-snippet:-1","max-image-preview":"max-image-preview:large","max-video-preview":"max-video-preview:-1"},"canonical":"https:\/\/lapatriafutbolera.com.ar\/index.php\/2024\/06\/18\/les-rouges-el-primer-escalon-para-la-revalida-argentina\/","og_locale":"es_ES","og_type":"article","og_title":"Les Rouges, el primer escal\u00f3n para la rev\u00e1lida argentina - LA PATRIA FUTBOLERA","og_description":"El equipo m\u00e1s boreal del continente ser\u00e1 el primer rival del campe\u00f3n vigente. Viene de...","og_url":"https:\/\/lapatriafutbolera.com.ar\/index.php\/2024\/06\/18\/les-rouges-el-primer-escalon-para-la-revalida-argentina\/","og_site_name":"LA PATRIA FUTBOLERA","article_published_time":"2024-06-19T01:56:00+00:00","article_modified_time":"2024-06-19T16:51:28+00:00","og_image":[{"width":570,"height":321,"url":"https:\/\/lapatriafutbolera.com.ar\/wp-content\/uploads\/2024\/06\/Canda.jpg","type":"image\/jpeg"}],"author":"Redacci\u00f3n LPF","twitter_card":"summary_large_image","twitter_misc":{"Escrito por":"Redacci\u00f3n LPF","Tiempo de lectura":"4 minutos"},"schema":{"@context":"https:\/\/schema.org","@graph":[{"@type":"Article","@id":"https:\/\/lapatriafutbolera.com.ar\/index.php\/2024\/06\/18\/les-rouges-el-primer-escalon-para-la-revalida-argentina\/#article","isPartOf":{"@id":"https:\/\/lapatriafutbolera.com.ar\/index.php\/2024\/06\/18\/les-rouges-el-primer-escalon-para-la-revalida-argentina\/"},"author":{"name":"Redacci\u00f3n LPF","@id":"https:\/\/lapatriafutbolera.com.ar\/#\/schema\/person\/eb56fb3a7e76133611d5b2d9f706bd97"},"headline":"Les Rouges, el primer escal\u00f3n para la rev\u00e1lida argentina","datePublished":"2024-06-19T01:56:00+00:00","dateModified":"2024-06-19T16:51:28+00:00","mainEntityOfPage":{"@id":"https:\/\/lapatriafutbolera.com.ar\/index.php\/2024\/06\/18\/les-rouges-el-primer-escalon-para-la-revalida-argentina\/"},"wordCount":893,"commentCount":0,"publisher":{"@id":"https:\/\/lapatriafutbolera.com.ar\/#organization"},"articleSection":["COPA AM\u00c9RICA 2024 - GRUPO A"],"inLanguage":"es-AR","potentialAction":[{"@type":"CommentAction","name":"Comment","target":["https:\/\/lapatriafutbolera.com.ar\/index.php\/2024\/06\/18\/les-rouges-el-primer-escalon-para-la-revalida-argentina\/#respond"]}]},{"@type":"WebPage","@id":"https:\/\/lapatriafutbolera.com.ar\/index.php\/2024\/06\/18\/les-rouges-el-primer-escalon-para-la-revalida-argentina\/","url":"https:\/\/lapatriafutbolera.com.ar\/index.php\/2024\/06\/18\/les-rouges-el-primer-escalon-para-la-revalida-argentina\/","name":"Les Rouges, el primer escal\u00f3n para la rev\u00e1lida argentina - LA PATRIA FUTBOLERA","isPartOf":{"@id":"https:\/\/lapatriafutbolera.com.ar\/#website"},"datePublished":"2024-06-19T01:56:00+00:00","dateModified":"2024-06-19T16:51:28+00:00","breadcrumb":{"@id":"https:\/\/lapatriafutbolera.com.ar\/index.php\/2024\/06\/18\/les-rouges-el-primer-escalon-para-la-revalida-argentina\/#breadcrumb"},"inLanguage":"es-AR","potentialAction":[{"@type":"ReadAction","target":["https:\/\/lapatriafutbolera.com.ar\/index.php\/2024\/06\/18\/les-rouges-el-primer-escalon-para-la-revalida-argentina\/"]}]},{"@type":"BreadcrumbList","@id":"https:\/\/lapatriafutbolera.com.ar\/index.php\/2024\/06\/18\/les-rouges-el-primer-escalon-para-la-revalida-argentina\/#breadcrumb","itemListElement":[{"@type":"ListItem","position":1,"name":"Inicio","item":"https:\/\/lapatriafutbolera.com.ar\/"},{"@type":"ListItem","position":2,"name":"Les Rouges, el primer escal\u00f3n para la rev\u00e1lida argentina"}]},{"@type":"WebSite","@id":"https:\/\/lapatriafutbolera.com.ar\/#website","url":"https:\/\/lapatriafutbolera.com.ar\/","name":"LA PATRIA FUTBOLERA","description":"","publisher":{"@id":"https:\/\/lapatriafutbolera.com.ar\/#organization"},"potentialAction":[{"@type":"SearchAction","target":{"@type":"EntryPoint","urlTemplate":"https:\/\/lapatriafutbolera.com.ar\/?s={search_term_string}"},"query-input":"required name=search_term_string"}],"inLanguage":"es-AR"},{"@type":"Organization","@id":"https:\/\/lapatriafutbolera.com.ar\/#organization","name":"LA PATRIA FUTBOLERA","url":"https:\/\/lapatriafutbolera.com.ar\/","sameAs":[],"logo":{"@type":"ImageObject","inLanguage":"es-AR","@id":"https:\/\/lapatriafutbolera.com.ar\/#\/schema\/logo\/image\/","url":"https:\/\/lapatriafutbolera.com.ar\/wp-content\/uploads\/2025\/03\/cropped-LA-PATRIA-14.jpg","contentUrl":"https:\/\/lapatriafutbolera.com.ar\/wp-content\/uploads\/2025\/03\/cropped-LA-PATRIA-14.jpg","width":1308,"height":221,"caption":"LA PATRIA FUTBOLERA"},"image":{"@id":"https:\/\/lapatriafutbolera.com.ar\/#\/schema\/logo\/image\/"}},{"@type":"Person","@id":"https:\/\/lapatriafutbolera.com.ar\/#\/schema\/person\/eb56fb3a7e76133611d5b2d9f706bd97","name":"Redacci\u00f3n LPF","image":{"@type":"ImageObject","inLanguage":"es-AR","@id":"https:\/\/lapatriafutbolera.com.ar\/#\/schema\/person\/image\/","url":"https:\/\/secure.gravatar.com\/avatar\/57dc12e3750972170624cd118ca21d4157841e9e7b211e6dfe7a00b61088d285?s=96&d=mm&r=g","contentUrl":"https:\/\/secure.gravatar.com\/avatar\/57dc12e3750972170624cd118ca21d4157841e9e7b211e6dfe7a00b61088d285?s=96&d=mm&r=g","caption":"Redacci\u00f3n LPF"},"sameAs":["http:\/\/lapatriafutbolera.com.ar"],"url":"https:\/\/lapatriafutbolera.com.ar\/index.php\/author\/redaccion-lpf\/"}]}},"_links":{"self":[{"href":"https:\/\/lapatriafutbolera.com.ar\/index.php\/wp-json\/wp\/v2\/posts\/2060","targetHints":{"allow":["GET"]}}],"collection":[{"href":"https:\/\/lapatriafutbolera.com.ar\/index.php\/wp-json\/wp\/v2\/posts"}],"about":[{"href":"https:\/\/lapatriafutbolera.com.ar\/index.php\/wp-json\/wp\/v2\/types\/post"}],"author":[{"embeddable":true,"href":"https:\/\/lapatriafutbolera.com.ar\/index.php\/wp-json\/wp\/v2\/users\/4"}],"replies":[{"embeddable":true,"href":"https:\/\/lapatriafutbolera.com.ar\/index.php\/wp-json\/wp\/v2\/comments?post=2060"}],"version-history":[{"count":2,"href":"https:\/\/lapatriafutbolera.com.ar\/index.php\/wp-json\/wp\/v2\/posts\/2060\/revisions"}],"predecessor-version":[{"id":2064,"href":"https:\/\/lapatriafutbolera.com.ar\/index.php\/wp-json\/wp\/v2\/posts\/2060\/revisions\/2064"}],"wp:featuredmedia":[{"embeddable":true,"href":"https:\/\/lapatriafutbolera.com.ar\/index.php\/wp-json\/wp\/v2\/media\/2061"}],"wp:attachment":[{"href":"https:\/\/lapatriafutbolera.com.ar\/index.php\/wp-json\/wp\/v2\/media?parent=2060"}],"wp:term":[{"taxonomy":"category","embeddable":true,"href":"https:\/\/lapatriafutbolera.com.ar\/index.php\/wp-json\/wp\/v2\/categories?post=2060"},{"taxonomy":"post_tag","embeddable":true,"href":"https:\/\/lapatriafutbolera.com.ar\/index.php\/wp-json\/wp\/v2\/tags?post=2060"}],"curies":[{"name":"wp","href":"https:\/\/api.w.org\/{rel}","templated":true}]}}