{"id":2088,"date":"2024-07-10T11:38:00","date_gmt":"2024-07-10T14:38:00","guid":{"rendered":"https:\/\/lapatriafutbolera.com.ar\/?p=2088"},"modified":"2024-07-10T12:29:08","modified_gmt":"2024-07-10T15:29:08","slug":"con-mas-claridad-que-antes","status":"publish","type":"post","link":"https:\/\/lapatriafutbolera.com.ar\/index.php\/2024\/07\/10\/con-mas-claridad-que-antes\/","title":{"rendered":"Con m\u00e1s claridad que antes"},"content":{"rendered":"\n<h4 class=\"wp-block-heading\">Argentina volvi\u00f3 a derrotar a Canad\u00e1: otra vez, lo hizo por 2 a 0; otra vez, el primer gol lo marc\u00f3 Juli\u00e1n \u00c1lvarez y se produjo el debut goleador en el torneo de Lionel Messi, que consigui\u00f3 el segundo gol. El pr\u00f3ximo domingo, el equipo de Scaloni juega una nueva final; esta vez, contra el ganador de Uruguay y Colombia, que se enfrentar\u00e1n esta noche.<\/h4>\n\n\n\n<p>La costumbre no cesa; Argentina es, otra vez, finalista de la competici\u00f3n de turno. Esta vez es, nuevamente, en la Copa Am\u00e9rica; torneo del que no baja de seminfinales desde 2011, cuando en la cancha de Col\u00f3n perdi\u00f3 por penales frente a Uruguay, que luego fue el campe\u00f3n en la edicion jugada en nuestro pais.<\/p>\n\n\n\n<p>El rival fue, nuevamente, Canad\u00e1, ese equipo norteamericano disciplinado, obediente y atrevido, que tanto complic\u00f3 a nuesta Scaloneta en la jornada inicial de este torneo.<\/p>\n\n\n\n<p>En aquella oportunidad del 20 de junio, en Atlanta, el equipoi de Lionel Scaloni mostr\u00f3 una imagen desdibujada, respecto de lo evidenciado anoche: esta vez, el Campe\u00f3n de Todo necesit\u00f3 menos minutos para imponer su jerarqu\u00eda ante el conjunto que jug\u00f3 vestido de rojo.<\/p>\n\n\n\n<p>Argentina sigue siendo el mejor equipo del mundo, aunque deber\u00e1 consolidar este concepto contra el campe\u00f3n de la Eurocopa (la tendr\u00e1 muy dif\u00edcil contra Espa\u00f1a, si es que el conjunto ib\u00e9rico confirma lo que sospecha el imaginario futbolero): Dibu Mart\u00ednez fue convocado apenas en un un pu\u00f1ado de oportunidades &#8211; todas en el segundo tiempo -; la linea defensiva, apoyada en la solvencia inigualable de Romero y Lisandro Mart\u00ednez y la intrusi\u00f3n de Enzo Fern\u00e1ndez entre ellos, fue la gran base de confianza para el despliegue de futbol de la linea media.<\/p>\n\n\n\n<p>Rodrigo De Paul &#8211; de lejos, el mejor hombre argentino en el terreno &#8211; cumpli\u00f3 con su habitual despliegue; incluso, para reparar la exrta\u00f1a ausencia de futbol de Alexis Mac Allister, que no estuvo todo lo atildado y conectado de otras veces.<\/p>\n\n\n\n<p>Los goles fueron logica consecuencia de las falencias conceptuales de los canadienses: el primero, un pase filtrado de Rodrigo De Paul al punto intermedio entre los centrales colorados, Bombito y Cornelius, que encontro\u00f3 a Juli\u00e1n \u00c1lvarez de cara al gol: el calchinense entr\u00f3 al \u00e1rea, enfrent\u00f3 al portero Crepeau y defini\u00f3 con un tiro vertical rasante, entre las piernas del portero.<\/p>\n\n\n\n<p>En el segundo tiempo, la diferencia de calidad y jerarqu\u00eda entre argentinos y canadienses estuvo mucho m\u00e1s evidenciada y el segundo gol habla a las claras de ello: un pase hacia la banda del 8 por donde desbord\u00f3 De Paul, la llegada del oriundo de Sarand\u00ed hasta la linea de fondo y el centro atras derivaron en un rebote que encontr\u00f3 a Enzo Fernandez de cara al gol. El de San Mart\u00edn remat\u00f3 buscando la base del palo izquierdo y su remate fue levemente desviado por Lionel Messi. De nada sirvieron los pedidos de offside por parte del conjunto norteamericana ante la evidente habilitacion de Corneluis.<\/p>\n\n\n\n<p>La Argentina esta otra vez en la final. La vara ser\u00e1 muy alta: las individualidades colombinas o la hol\u00edstica uruguaya. Ambas opciones representan un peligro importante. Pero, como dice el himno que naci\u00f3 en Qatar, &#8220;ahora nos volvemo&#8217; a ilusionar&#8221;.<\/p>\n","protected":false},"excerpt":{"rendered":"<p>Argentina volvi\u00f3 a derrotar a Canad\u00e1: otra vez, lo hizo por 2 a 0; otra&#8230;<\/p>\n","protected":false},"author":3,"featured_media":2090,"comment_status":"open","ping_status":"open","sticky":false,"template":"","format":"standard","meta":{"footnotes":""},"categories":[80],"tags":[],"class_list":["post-2088","post","type-post","status-publish","format-standard","has-post-thumbnail","hentry","category-copa-america"],"yoast_head":"<!-- This site is optimized with the Yoast SEO plugin v19.5.1 - https:\/\/yoast.com\/wordpress\/plugins\/seo\/ -->\n<title>Con m\u00e1s claridad que antes - LA PATRIA FUTBOLERA<\/title>\n<meta name=\"robots\" content=\"index, follow, max-snippet:-1, max-image-preview:large, max-video-preview:-1\" \/>\n<link rel=\"canonical\" href=\"https:\/\/lapatriafutbolera.com.ar\/index.php\/2024\/07\/10\/con-mas-claridad-que-antes\/\" \/>\n<meta property=\"og:locale\" content=\"es_ES\" \/>\n<meta property=\"og:type\" content=\"article\" \/>\n<meta property=\"og:title\" content=\"Con m\u00e1s claridad que antes - LA PATRIA FUTBOLERA\" \/>\n<meta property=\"og:description\" content=\"Argentina volvi\u00f3 a derrotar a Canad\u00e1: otra vez, lo hizo por 2 a 0; otra...\" \/>\n<meta property=\"og:url\" content=\"https:\/\/lapatriafutbolera.com.ar\/index.php\/2024\/07\/10\/con-mas-claridad-que-antes\/\" \/>\n<meta property=\"og:site_name\" content=\"LA PATRIA FUTBOLERA\" \/>\n<meta property=\"article:published_time\" content=\"2024-07-10T14:38:00+00:00\" \/>\n<meta property=\"article:modified_time\" content=\"2024-07-10T15:29:08+00:00\" \/>\n<meta property=\"og:image\" content=\"https:\/\/lapatriafutbolera.com.ar\/wp-content\/uploads\/2024\/07\/jw-M7x59Y_0x750__1.jpg\" \/>\n\t<meta property=\"og:image:width\" content=\"1125\" \/>\n\t<meta property=\"og:image:height\" content=\"750\" \/>\n\t<meta property=\"og:image:type\" content=\"image\/jpeg\" \/>\n<meta name=\"author\" content=\"Mart\u00edn Ripari\" \/>\n<meta name=\"twitter:card\" content=\"summary_large_image\" \/>\n<meta name=\"twitter:label1\" content=\"Escrito por\" \/>\n\t<meta name=\"twitter:data1\" content=\"Mart\u00edn Ripari\" \/>\n\t<meta name=\"twitter:label2\" content=\"Tiempo de lectura\" \/>\n\t<meta name=\"twitter:data2\" content=\"3 minutos\" \/>\n<script type=\"application\/ld+json\" class=\"yoast-schema-graph\">{\"@context\":\"https:\/\/schema.org\",\"@graph\":[{\"@type\":\"Article\",\"@id\":\"https:\/\/lapatriafutbolera.com.ar\/index.php\/2024\/07\/10\/con-mas-claridad-que-antes\/#article\",\"isPartOf\":{\"@id\":\"https:\/\/lapatriafutbolera.com.ar\/index.php\/2024\/07\/10\/con-mas-claridad-que-antes\/\"},\"author\":{\"name\":\"Mart\u00edn Ripari\",\"@id\":\"https:\/\/lapatriafutbolera.com.ar\/#\/schema\/person\/dc3d1ee3d5b1b3798150a5bbc781935d\"},\"headline\":\"Con m\u00e1s claridad que antes\",\"datePublished\":\"2024-07-10T14:38:00+00:00\",\"dateModified\":\"2024-07-10T15:29:08+00:00\",\"mainEntityOfPage\":{\"@id\":\"https:\/\/lapatriafutbolera.com.ar\/index.php\/2024\/07\/10\/con-mas-claridad-que-antes\/\"},\"wordCount\":555,\"commentCount\":0,\"publisher\":{\"@id\":\"https:\/\/lapatriafutbolera.com.ar\/#organization\"},\"articleSection\":[\"COPA AM\u00c9RICA 2024\"],\"inLanguage\":\"es-AR\",\"potentialAction\":[{\"@type\":\"CommentAction\",\"name\":\"Comment\",\"target\":[\"https:\/\/lapatriafutbolera.com.ar\/index.php\/2024\/07\/10\/con-mas-claridad-que-antes\/#respond\"]}]},{\"@type\":\"WebPage\",\"@id\":\"https:\/\/lapatriafutbolera.com.ar\/index.php\/2024\/07\/10\/con-mas-claridad-que-antes\/\",\"url\":\"https:\/\/lapatriafutbolera.com.ar\/index.php\/2024\/07\/10\/con-mas-claridad-que-antes\/\",\"name\":\"Con m\u00e1s claridad que antes - LA PATRIA FUTBOLERA\",\"isPartOf\":{\"@id\":\"https:\/\/lapatriafutbolera.com.ar\/#website\"},\"datePublished\":\"2024-07-10T14:38:00+00:00\",\"dateModified\":\"2024-07-10T15:29:08+00:00\",\"breadcrumb\":{\"@id\":\"https:\/\/lapatriafutbolera.com.ar\/index.php\/2024\/07\/10\/con-mas-claridad-que-antes\/#breadcrumb\"},\"inLanguage\":\"es-AR\",\"potentialAction\":[{\"@type\":\"ReadAction\",\"target\":[\"https:\/\/lapatriafutbolera.com.ar\/index.php\/2024\/07\/10\/con-mas-claridad-que-antes\/\"]}]},{\"@type\":\"BreadcrumbList\",\"@id\":\"https:\/\/lapatriafutbolera.com.ar\/index.php\/2024\/07\/10\/con-mas-claridad-que-antes\/#breadcrumb\",\"itemListElement\":[{\"@type\":\"ListItem\",\"position\":1,\"name\":\"Inicio\",\"item\":\"https:\/\/lapatriafutbolera.com.ar\/\"},{\"@type\":\"ListItem\",\"position\":2,\"name\":\"Con m\u00e1s claridad que antes\"}]},{\"@type\":\"WebSite\",\"@id\":\"https:\/\/lapatriafutbolera.com.ar\/#website\",\"url\":\"https:\/\/lapatriafutbolera.com.ar\/\",\"name\":\"LA PATRIA FUTBOLERA\",\"description\":\"\",\"publisher\":{\"@id\":\"https:\/\/lapatriafutbolera.com.ar\/#organization\"},\"potentialAction\":[{\"@type\":\"SearchAction\",\"target\":{\"@type\":\"EntryPoint\",\"urlTemplate\":\"https:\/\/lapatriafutbolera.com.ar\/?s={search_term_string}\"},\"query-input\":\"required name=search_term_string\"}],\"inLanguage\":\"es-AR\"},{\"@type\":\"Organization\",\"@id\":\"https:\/\/lapatriafutbolera.com.ar\/#organization\",\"name\":\"LA PATRIA FUTBOLERA\",\"url\":\"https:\/\/lapatriafutbolera.com.ar\/\",\"sameAs\":[],\"logo\":{\"@type\":\"ImageObject\",\"inLanguage\":\"es-AR\",\"@id\":\"https:\/\/lapatriafutbolera.com.ar\/#\/schema\/logo\/image\/\",\"url\":\"https:\/\/lapatriafutbolera.com.ar\/wp-content\/uploads\/2025\/03\/cropped-LA-PATRIA-14.jpg\",\"contentUrl\":\"https:\/\/lapatriafutbolera.com.ar\/wp-content\/uploads\/2025\/03\/cropped-LA-PATRIA-14.jpg\",\"width\":1308,\"height\":221,\"caption\":\"LA PATRIA FUTBOLERA\"},\"image\":{\"@id\":\"https:\/\/lapatriafutbolera.com.ar\/#\/schema\/logo\/image\/\"}},{\"@type\":\"Person\",\"@id\":\"https:\/\/lapatriafutbolera.com.ar\/#\/schema\/person\/dc3d1ee3d5b1b3798150a5bbc781935d\",\"name\":\"Mart\u00edn Ripari\",\"image\":{\"@type\":\"ImageObject\",\"inLanguage\":\"es-AR\",\"@id\":\"https:\/\/lapatriafutbolera.com.ar\/#\/schema\/person\/image\/\",\"url\":\"https:\/\/secure.gravatar.com\/avatar\/0db7df26707fd8adc2b24ae87259322b0aea8d9eaf092366b1d208b0b180ee7e?s=96&d=mm&r=g\",\"contentUrl\":\"https:\/\/secure.gravatar.com\/avatar\/0db7df26707fd8adc2b24ae87259322b0aea8d9eaf092366b1d208b0b180ee7e?s=96&d=mm&r=g\",\"caption\":\"Mart\u00edn Ripari\"},\"url\":\"https:\/\/lapatriafutbolera.com.ar\/index.php\/author\/martin-ripari\/\"}]}<\/script>\n<!-- \/ Yoast SEO plugin. -->","yoast_head_json":{"title":"Con m\u00e1s claridad que antes - LA PATRIA FUTBOLERA","robots":{"index":"index","follow":"follow","max-snippet":"max-snippet:-1","max-image-preview":"max-image-preview:large","max-video-preview":"max-video-preview:-1"},"canonical":"https:\/\/lapatriafutbolera.com.ar\/index.php\/2024\/07\/10\/con-mas-claridad-que-antes\/","og_locale":"es_ES","og_type":"article","og_title":"Con m\u00e1s claridad que antes - LA PATRIA FUTBOLERA","og_description":"Argentina volvi\u00f3 a derrotar a Canad\u00e1: otra vez, lo hizo por 2 a 0; otra...","og_url":"https:\/\/lapatriafutbolera.com.ar\/index.php\/2024\/07\/10\/con-mas-claridad-que-antes\/","og_site_name":"LA PATRIA FUTBOLERA","article_published_time":"2024-07-10T14:38:00+00:00","article_modified_time":"2024-07-10T15:29:08+00:00","og_image":[{"width":1125,"height":750,"url":"https:\/\/lapatriafutbolera.com.ar\/wp-content\/uploads\/2024\/07\/jw-M7x59Y_0x750__1.jpg","type":"image\/jpeg"}],"author":"Mart\u00edn Ripari","twitter_card":"summary_large_image","twitter_misc":{"Escrito por":"Mart\u00edn Ripari","Tiempo de lectura":"3 minutos"},"schema":{"@context":"https:\/\/schema.org","@graph":[{"@type":"Article","@id":"https:\/\/lapatriafutbolera.com.ar\/index.php\/2024\/07\/10\/con-mas-claridad-que-antes\/#article","isPartOf":{"@id":"https:\/\/lapatriafutbolera.com.ar\/index.php\/2024\/07\/10\/con-mas-claridad-que-antes\/"},"author":{"name":"Mart\u00edn Ripari","@id":"https:\/\/lapatriafutbolera.com.ar\/#\/schema\/person\/dc3d1ee3d5b1b3798150a5bbc781935d"},"headline":"Con m\u00e1s claridad que antes","datePublished":"2024-07-10T14:38:00+00:00","dateModified":"2024-07-10T15:29:08+00:00","mainEntityOfPage":{"@id":"https:\/\/lapatriafutbolera.com.ar\/index.php\/2024\/07\/10\/con-mas-claridad-que-antes\/"},"wordCount":555,"commentCount":0,"publisher":{"@id":"https:\/\/lapatriafutbolera.com.ar\/#organization"},"articleSection":["COPA AM\u00c9RICA 2024"],"inLanguage":"es-AR","potentialAction":[{"@type":"CommentAction","name":"Comment","target":["https:\/\/lapatriafutbolera.com.ar\/index.php\/2024\/07\/10\/con-mas-claridad-que-antes\/#respond"]}]},{"@type":"WebPage","@id":"https:\/\/lapatriafutbolera.com.ar\/index.php\/2024\/07\/10\/con-mas-claridad-que-antes\/","url":"https:\/\/lapatriafutbolera.com.ar\/index.php\/2024\/07\/10\/con-mas-claridad-que-antes\/","name":"Con m\u00e1s claridad que antes - LA PATRIA FUTBOLERA","isPartOf":{"@id":"https:\/\/lapatriafutbolera.com.ar\/#website"},"datePublished":"2024-07-10T14:38:00+00:00","dateModified":"2024-07-10T15:29:08+00:00","breadcrumb":{"@id":"https:\/\/lapatriafutbolera.com.ar\/index.php\/2024\/07\/10\/con-mas-claridad-que-antes\/#breadcrumb"},"inLanguage":"es-AR","potentialAction":[{"@type":"ReadAction","target":["https:\/\/lapatriafutbolera.com.ar\/index.php\/2024\/07\/10\/con-mas-claridad-que-antes\/"]}]},{"@type":"BreadcrumbList","@id":"https:\/\/lapatriafutbolera.com.ar\/index.php\/2024\/07\/10\/con-mas-claridad-que-antes\/#breadcrumb","itemListElement":[{"@type":"ListItem","position":1,"name":"Inicio","item":"https:\/\/lapatriafutbolera.com.ar\/"},{"@type":"ListItem","position":2,"name":"Con m\u00e1s claridad que antes"}]},{"@type":"WebSite","@id":"https:\/\/lapatriafutbolera.com.ar\/#website","url":"https:\/\/lapatriafutbolera.com.ar\/","name":"LA PATRIA FUTBOLERA","description":"","publisher":{"@id":"https:\/\/lapatriafutbolera.com.ar\/#organization"},"potentialAction":[{"@type":"SearchAction","target":{"@type":"EntryPoint","urlTemplate":"https:\/\/lapatriafutbolera.com.ar\/?s={search_term_string}"},"query-input":"required name=search_term_string"}],"inLanguage":"es-AR"},{"@type":"Organization","@id":"https:\/\/lapatriafutbolera.com.ar\/#organization","name":"LA PATRIA FUTBOLERA","url":"https:\/\/lapatriafutbolera.com.ar\/","sameAs":[],"logo":{"@type":"ImageObject","inLanguage":"es-AR","@id":"https:\/\/lapatriafutbolera.com.ar\/#\/schema\/logo\/image\/","url":"https:\/\/lapatriafutbolera.com.ar\/wp-content\/uploads\/2025\/03\/cropped-LA-PATRIA-14.jpg","contentUrl":"https:\/\/lapatriafutbolera.com.ar\/wp-content\/uploads\/2025\/03\/cropped-LA-PATRIA-14.jpg","width":1308,"height":221,"caption":"LA PATRIA FUTBOLERA"},"image":{"@id":"https:\/\/lapatriafutbolera.com.ar\/#\/schema\/logo\/image\/"}},{"@type":"Person","@id":"https:\/\/lapatriafutbolera.com.ar\/#\/schema\/person\/dc3d1ee3d5b1b3798150a5bbc781935d","name":"Mart\u00edn Ripari","image":{"@type":"ImageObject","inLanguage":"es-AR","@id":"https:\/\/lapatriafutbolera.com.ar\/#\/schema\/person\/image\/","url":"https:\/\/secure.gravatar.com\/avatar\/0db7df26707fd8adc2b24ae87259322b0aea8d9eaf092366b1d208b0b180ee7e?s=96&d=mm&r=g","contentUrl":"https:\/\/secure.gravatar.com\/avatar\/0db7df26707fd8adc2b24ae87259322b0aea8d9eaf092366b1d208b0b180ee7e?s=96&d=mm&r=g","caption":"Mart\u00edn Ripari"},"url":"https:\/\/lapatriafutbolera.com.ar\/index.php\/author\/martin-ripari\/"}]}},"_links":{"self":[{"href":"https:\/\/lapatriafutbolera.com.ar\/index.php\/wp-json\/wp\/v2\/posts\/2088","targetHints":{"allow":["GET"]}}],"collection":[{"href":"https:\/\/lapatriafutbolera.com.ar\/index.php\/wp-json\/wp\/v2\/posts"}],"about":[{"href":"https:\/\/lapatriafutbolera.com.ar\/index.php\/wp-json\/wp\/v2\/types\/post"}],"author":[{"embeddable":true,"href":"https:\/\/lapatriafutbolera.com.ar\/index.php\/wp-json\/wp\/v2\/users\/3"}],"replies":[{"embeddable":true,"href":"https:\/\/lapatriafutbolera.com.ar\/index.php\/wp-json\/wp\/v2\/comments?post=2088"}],"version-history":[{"count":2,"href":"https:\/\/lapatriafutbolera.com.ar\/index.php\/wp-json\/wp\/v2\/posts\/2088\/revisions"}],"predecessor-version":[{"id":2094,"href":"https:\/\/lapatriafutbolera.com.ar\/index.php\/wp-json\/wp\/v2\/posts\/2088\/revisions\/2094"}],"wp:featuredmedia":[{"embeddable":true,"href":"https:\/\/lapatriafutbolera.com.ar\/index.php\/wp-json\/wp\/v2\/media\/2090"}],"wp:attachment":[{"href":"https:\/\/lapatriafutbolera.com.ar\/index.php\/wp-json\/wp\/v2\/media?parent=2088"}],"wp:term":[{"taxonomy":"category","embeddable":true,"href":"https:\/\/lapatriafutbolera.com.ar\/index.php\/wp-json\/wp\/v2\/categories?post=2088"},{"taxonomy":"post_tag","embeddable":true,"href":"https:\/\/lapatriafutbolera.com.ar\/index.php\/wp-json\/wp\/v2\/tags?post=2088"}],"curies":[{"name":"wp","href":"https:\/\/api.w.org\/{rel}","templated":true}]}}