{"id":2095,"date":"2024-07-15T11:01:35","date_gmt":"2024-07-15T14:01:35","guid":{"rendered":"https:\/\/lapatriafutbolera.com.ar\/?p=2095"},"modified":"2024-07-15T11:01:38","modified_gmt":"2024-07-15T14:01:38","slug":"bicampeones-de-america","status":"publish","type":"post","link":"https:\/\/lapatriafutbolera.com.ar\/index.php\/2024\/07\/15\/bicampeones-de-america\/","title":{"rendered":"\u00a1BICAMPEONES DE AM\u00c9RICA!"},"content":{"rendered":"\n<h4 class=\"wp-block-heading\">Argentina lo logr\u00f3 de nuevo: el defensor del t\u00edtulo se qued\u00f3 con la edici\u00f3n 2024 de la Copa Am\u00e9rica, que se disput\u00f3 en los Estados Unidos. Le gan\u00f3 en la final a Colombia, por 1 a 0, con un gol de Lautaro Mart\u00ednez, cuando promediaba la segunda mitad del suplemento. \u00c1ngel Di Mar\u00eda se retir\u00f3 de la Selecci\u00f3n como lo que es: un verdadero campe\u00f3n.<\/h4>\n\n\n\n<p>&#8220;Los muchachos lo hicieron de nuevo&#8221;. La frase podr\u00eda haber sido pronunciada por Diego, de haber estado en el Hard Rock Stadium de Miami. El estadio donde los Miami Dolphins juegan sus partidos dela NFL fue el escenario de una nueva consagraci\u00f3n de la Selecci\u00f3n Argentina de F\u00fatbol que dirige Lionel Scaloni. Esta vez, lo sufri\u00f3 m\u00e1s de lo esperado: Colombia fue un gran rival.<\/p>\n\n\n\n<figure class=\"wp-block-image size-large\"><img loading=\"lazy\" decoding=\"async\" width=\"1024\" height=\"721\" src=\"https:\/\/lapatriafutbolera.com.ar\/wp-content\/uploads\/2024\/07\/612804-1024x721.jpg\" alt=\"\" class=\"wp-image-2103\" srcset=\"https:\/\/lapatriafutbolera.com.ar\/wp-content\/uploads\/2024\/07\/612804-1024x721.jpg 1024w, https:\/\/lapatriafutbolera.com.ar\/wp-content\/uploads\/2024\/07\/612804-300x211.jpg 300w, https:\/\/lapatriafutbolera.com.ar\/wp-content\/uploads\/2024\/07\/612804-768x541.jpg 768w, https:\/\/lapatriafutbolera.com.ar\/wp-content\/uploads\/2024\/07\/612804.jpg 1280w\" sizes=\"auto, (max-width: 1024px) 100vw, 1024px\" \/><figcaption class=\"wp-element-caption\">Arriba: Lisando Martinez, Cristian Romero, Emiliano Martinez, Gonzalo Montiel, Enzo Fernandez. Abajo: Lionel Messi, Angel Di Maria, Rodrigo De Paul, Julian Alvarez, Alexis Mac Allister y Nicolas Tagliafico. Los nombres del Campe\u00f3n.<\/figcaption><\/figure>\n\n\n\n<p>El 32\u00b0 partido de la edici\u00f3n 2024 de la Copa Am\u00e9rica reuni\u00f3 a los dos mejores equipos del campeonato: la Argentina, con todo su bagaje de jerarqu\u00eda individual y colectiva, luego de las tres finales ganadas entre 2021 y 2022; y esta sorprendente Colombia en la versi\u00f3n N\u00e9stor Lorenzo de su historia.<\/p>\n\n\n\n<p>Es cierto que el combinado compatriota lleg\u00f3 y exhibi\u00f3 un rendimiento por debajo de su verdadero potencial: hubo jugadores que arribaron a la disuputa continental sin actividad o con muy escaso vuelo de competici\u00f3n vern\u00e1cula. As\u00ed y todo, la jerarqu\u00eda colectiva del conjunto nacional se impuso por sobre algunas deficiencias individuales, principalmente en el aspecto f\u00edsico.<\/p>\n\n\n\n<figure class=\"wp-block-image size-full\"><img loading=\"lazy\" decoding=\"async\" width=\"992\" height=\"661\" src=\"https:\/\/lapatriafutbolera.com.ar\/wp-content\/uploads\/2024\/07\/LEOZPNKZOZB75H5U2MNVBZQKLI.jpg\" alt=\"\" class=\"wp-image-2102\" srcset=\"https:\/\/lapatriafutbolera.com.ar\/wp-content\/uploads\/2024\/07\/LEOZPNKZOZB75H5U2MNVBZQKLI.jpg 992w, https:\/\/lapatriafutbolera.com.ar\/wp-content\/uploads\/2024\/07\/LEOZPNKZOZB75H5U2MNVBZQKLI-300x200.jpg 300w, https:\/\/lapatriafutbolera.com.ar\/wp-content\/uploads\/2024\/07\/LEOZPNKZOZB75H5U2MNVBZQKLI-768x512.jpg 768w\" sizes=\"auto, (max-width: 992px) 100vw, 992px\" \/><figcaption class=\"wp-element-caption\">Cuesta y Sanchez neutralizan a Mac Allister. Montiel y Lisandro Mart\u00ednez completan la escena.<\/figcaption><\/figure>\n\n\n\n<p>Por su parte, Colombia &#8211; que ayer dej\u00f3 en el camino un invicto de 28 partidos (25 de la actual gesti\u00f3n de Lorenzo) &#8211; arrib\u00f3 a los Estados Unidos con un claro objetivo: ganar la Copa. Para eso necesit\u00f3 funcionamiento y contundencia. Lleg\u00f3 con hambre de gloria; le falt\u00f3 roce internacional para resolver el partido contra el campe\u00f3n, al que tuvo maniatado en gran parte del encuentro.<\/p>\n\n\n<div class=\"wp-block-image\">\n<figure class=\"aligncenter size-full is-resized\"><img loading=\"lazy\" decoding=\"async\" width=\"440\" height=\"279\" src=\"https:\/\/lapatriafutbolera.com.ar\/wp-content\/uploads\/2024\/07\/66948caa4d2dd.jpeg\" alt=\"\" class=\"wp-image-2101\" style=\"width:740px;height:auto\" srcset=\"https:\/\/lapatriafutbolera.com.ar\/wp-content\/uploads\/2024\/07\/66948caa4d2dd.jpeg 440w, https:\/\/lapatriafutbolera.com.ar\/wp-content\/uploads\/2024\/07\/66948caa4d2dd-300x190.jpeg 300w\" sizes=\"auto, (max-width: 440px) 100vw, 440px\" \/><figcaption class=\"wp-element-caption\">Messi avanza; Luis D\u00edaz mira. El capit\u00e1n argentino no tuvo un buen torneo.<\/figcaption><\/figure>\n<\/div>\n\n\n<p>El primer tiempo fue de ida y vuelta, con Colombia en mayor y mejor posesi\u00f3n del bal\u00f3n, retornando rapidamente a sectores de ataque y con mayor cantidad de tiros al arco y efectividad en los pases: un remate de Jhon C\u00f3rdoba dentro del area &#8211; que se fue rozando el palo derecho &#8211; y otro desde afuera del area de Lerma &#8211; que el Dibu mand\u00f3 al c\u00f3rner contra el palo derecho &#8211; fueron los highlights cafeteros de la primera mitad. La Argentina lleg\u00f3 escasamente con un disparo de Juli\u00e1n, en la primer acci\u00f3n del partido, que se fue apenas ancha contra la derecha del arco de Camilo Vargas y, casi media hora despu\u00e9s, un remate mordido de Messi &#8211; que amortigu\u00f3 Juli\u00e1n \u00c1lvarez involuntariamente &#8211; bien contendio por el arquero del Atlas mexicano.<\/p>\n\n\n\n<figure class=\"wp-block-image size-full\"><img loading=\"lazy\" decoding=\"async\" width=\"980\" height=\"640\" src=\"https:\/\/lapatriafutbolera.com.ar\/wp-content\/uploads\/2024\/07\/3JUAABJDVBEAZG7664C5GL2CFM.webp\" alt=\"\" class=\"wp-image-2098\" srcset=\"https:\/\/lapatriafutbolera.com.ar\/wp-content\/uploads\/2024\/07\/3JUAABJDVBEAZG7664C5GL2CFM.webp 980w, https:\/\/lapatriafutbolera.com.ar\/wp-content\/uploads\/2024\/07\/3JUAABJDVBEAZG7664C5GL2CFM-300x196.webp 300w, https:\/\/lapatriafutbolera.com.ar\/wp-content\/uploads\/2024\/07\/3JUAABJDVBEAZG7664C5GL2CFM-768x502.webp 768w\" sizes=\"auto, (max-width: 980px) 100vw, 980px\" \/><figcaption class=\"wp-element-caption\">Messi manioba ante Jhon Arias, ante la atenta mirada de Rodrigo De Paul. El capit\u00e1n se fue lesoinado.<\/figcaption><\/figure>\n\n\n\n<p>En la segunda mitad, el campe\u00f3n del 2021 pudo revertir el partido con sacrificio aunque poco futbol. Messi tuvo que dejar el campo de juego con el tobillo derecho tan hinchado como el de Diego en Italia \u00b490 y su reemplazante, Nico Gonz\u00e1lez, fue quien tuvo la mayor cantidad de opotunidades de gol: un cabezazo bombeado de izquierda a derecha, despues de un gran centro de Di Mar\u00eda; un remate desde la izquierda y una jugada que termin\u00f3 en gol pero que no fue convalidado por una posici\u00f3n adelantada del mismo Gonz\u00e1lez al inicio de la jugada.<\/p>\n\n\n\n<p>El suplemento del partido, que habia terminado sin goles en su etapa regular, fue el mejor momento de la Argentina: a los 7 minutos del segundo per\u00edodo encontr\u00f3 a Lautaro Mart\u00ednez cara a cara con Vargas, despues de una preciosa habilitaci\u00f3n a un toque de Lo Celso &#8211; que suplant\u00f3 al opaco Mac Allister -. El goleador del torneo, Lautaro, encar\u00f3 a Vargas por el viejo callej\u00f3n del 8, midi\u00f3 al arquero vestido de rosa furioso y clav\u00f3 un preciso, precioso y perfecto derechazo a la media altura del palo derecho.<\/p>\n\n\n\n<figure class=\"wp-block-image size-full is-resized\"><img loading=\"lazy\" decoding=\"async\" width=\"960\" height=\"640\" src=\"https:\/\/lapatriafutbolera.com.ar\/wp-content\/uploads\/2024\/07\/855399-img-20240715-wa0012-0.jpg\" alt=\"\" class=\"wp-image-2097\" style=\"width:840px;height:auto\" srcset=\"https:\/\/lapatriafutbolera.com.ar\/wp-content\/uploads\/2024\/07\/855399-img-20240715-wa0012-0.jpg 960w, https:\/\/lapatriafutbolera.com.ar\/wp-content\/uploads\/2024\/07\/855399-img-20240715-wa0012-0-300x200.jpg 300w, https:\/\/lapatriafutbolera.com.ar\/wp-content\/uploads\/2024\/07\/855399-img-20240715-wa0012-0-768x512.jpg 768w\" sizes=\"auto, (max-width: 960px) 100vw, 960px\" \/><figcaption class=\"wp-element-caption\">El disparo de Lautaro Mart\u00ednez se va a meter en el arco, contra el palo derecho. Es el gol del campeonato.<\/figcaption><\/figure>\n\n\n\n<p>Para la nostalgia quedar\u00e1 la salida entre l\u00e1grimas de \u00c1ngel Di Mar\u00eda, reemplazado por Nicol\u00e1s Otamendi para que corran los segundos y para que el Hard Rock Stadium se rompa en un aplauso albiceceleste de palmas enrojecidas.<\/p>\n\n\n\n<figure class=\"wp-block-image size-full\"><img loading=\"lazy\" decoding=\"async\" width=\"950\" height=\"475\" src=\"https:\/\/lapatriafutbolera.com.ar\/wp-content\/uploads\/2024\/07\/6694be8068ac7.png\" alt=\"\" class=\"wp-image-2099\" srcset=\"https:\/\/lapatriafutbolera.com.ar\/wp-content\/uploads\/2024\/07\/6694be8068ac7.png 950w, https:\/\/lapatriafutbolera.com.ar\/wp-content\/uploads\/2024\/07\/6694be8068ac7-300x150.png 300w, https:\/\/lapatriafutbolera.com.ar\/wp-content\/uploads\/2024\/07\/6694be8068ac7-768x384.png 768w\" sizes=\"auto, (max-width: 950px) 100vw, 950px\" \/><figcaption class=\"wp-element-caption\">\u00c1ngel Di Mar\u00eda deja el terreno de juego para que lo reemplace Otamendi. El adi\u00f3s de Fideo, entre l\u00e1grimas.<\/figcaption><\/figure>\n\n\n\n<p>La Argentina, esta Argentia, lo hizo de nuevo. Es Bi Campe\u00f3n de Am\u00e9rica. Es la mejor de la historia por unanimidad. Se celebra y se difruta. <\/p>\n\n\n\n<p>\u00a1SALUD, CAMPE\u00d3N!<\/p>\n","protected":false},"excerpt":{"rendered":"<p>Argentina lo logr\u00f3 de nuevo: el defensor del t\u00edtulo se qued\u00f3 con la edici\u00f3n 2024&#8230;<\/p>\n","protected":false},"author":3,"featured_media":2096,"comment_status":"open","ping_status":"open","sticky":false,"template":"","format":"standard","meta":{"footnotes":""},"categories":[80],"tags":[],"class_list":["post-2095","post","type-post","status-publish","format-standard","has-post-thumbnail","hentry","category-copa-america"],"yoast_head":"<!-- This site is optimized with the Yoast SEO plugin v19.5.1 - https:\/\/yoast.com\/wordpress\/plugins\/seo\/ -->\n<title>\u00a1BICAMPEONES DE AM\u00c9RICA! - LA PATRIA FUTBOLERA<\/title>\n<meta name=\"robots\" content=\"index, follow, max-snippet:-1, max-image-preview:large, max-video-preview:-1\" \/>\n<link rel=\"canonical\" href=\"https:\/\/lapatriafutbolera.com.ar\/index.php\/2024\/07\/15\/bicampeones-de-america\/\" \/>\n<meta property=\"og:locale\" content=\"es_ES\" \/>\n<meta property=\"og:type\" content=\"article\" \/>\n<meta property=\"og:title\" content=\"\u00a1BICAMPEONES DE AM\u00c9RICA! - LA PATRIA FUTBOLERA\" \/>\n<meta property=\"og:description\" content=\"Argentina lo logr\u00f3 de nuevo: el defensor del t\u00edtulo se qued\u00f3 con la edici\u00f3n 2024...\" \/>\n<meta property=\"og:url\" content=\"https:\/\/lapatriafutbolera.com.ar\/index.php\/2024\/07\/15\/bicampeones-de-america\/\" \/>\n<meta property=\"og:site_name\" content=\"LA PATRIA FUTBOLERA\" \/>\n<meta property=\"article:published_time\" content=\"2024-07-15T14:01:35+00:00\" \/>\n<meta property=\"article:modified_time\" content=\"2024-07-15T14:01:38+00:00\" \/>\n<meta property=\"og:image\" content=\"https:\/\/lapatriafutbolera.com.ar\/wp-content\/uploads\/2024\/07\/ARGENTINA-CAMPEON.jpg\" \/>\n\t<meta property=\"og:image:width\" content=\"956\" \/>\n\t<meta property=\"og:image:height\" content=\"544\" \/>\n\t<meta property=\"og:image:type\" content=\"image\/jpeg\" \/>\n<meta name=\"author\" content=\"Mart\u00edn Ripari\" \/>\n<meta name=\"twitter:card\" content=\"summary_large_image\" \/>\n<meta name=\"twitter:label1\" content=\"Escrito por\" \/>\n\t<meta name=\"twitter:data1\" content=\"Mart\u00edn Ripari\" \/>\n\t<meta name=\"twitter:label2\" content=\"Tiempo de lectura\" \/>\n\t<meta name=\"twitter:data2\" content=\"4 minutos\" \/>\n<script type=\"application\/ld+json\" class=\"yoast-schema-graph\">{\"@context\":\"https:\/\/schema.org\",\"@graph\":[{\"@type\":\"Article\",\"@id\":\"https:\/\/lapatriafutbolera.com.ar\/index.php\/2024\/07\/15\/bicampeones-de-america\/#article\",\"isPartOf\":{\"@id\":\"https:\/\/lapatriafutbolera.com.ar\/index.php\/2024\/07\/15\/bicampeones-de-america\/\"},\"author\":{\"name\":\"Mart\u00edn Ripari\",\"@id\":\"https:\/\/lapatriafutbolera.com.ar\/#\/schema\/person\/dc3d1ee3d5b1b3798150a5bbc781935d\"},\"headline\":\"\u00a1BICAMPEONES DE AM\u00c9RICA!\",\"datePublished\":\"2024-07-15T14:01:35+00:00\",\"dateModified\":\"2024-07-15T14:01:38+00:00\",\"mainEntityOfPage\":{\"@id\":\"https:\/\/lapatriafutbolera.com.ar\/index.php\/2024\/07\/15\/bicampeones-de-america\/\"},\"wordCount\":855,\"commentCount\":0,\"publisher\":{\"@id\":\"https:\/\/lapatriafutbolera.com.ar\/#organization\"},\"articleSection\":[\"COPA AM\u00c9RICA 2024\"],\"inLanguage\":\"es-AR\",\"potentialAction\":[{\"@type\":\"CommentAction\",\"name\":\"Comment\",\"target\":[\"https:\/\/lapatriafutbolera.com.ar\/index.php\/2024\/07\/15\/bicampeones-de-america\/#respond\"]}]},{\"@type\":\"WebPage\",\"@id\":\"https:\/\/lapatriafutbolera.com.ar\/index.php\/2024\/07\/15\/bicampeones-de-america\/\",\"url\":\"https:\/\/lapatriafutbolera.com.ar\/index.php\/2024\/07\/15\/bicampeones-de-america\/\",\"name\":\"\u00a1BICAMPEONES DE AM\u00c9RICA! - LA PATRIA FUTBOLERA\",\"isPartOf\":{\"@id\":\"https:\/\/lapatriafutbolera.com.ar\/#website\"},\"datePublished\":\"2024-07-15T14:01:35+00:00\",\"dateModified\":\"2024-07-15T14:01:38+00:00\",\"breadcrumb\":{\"@id\":\"https:\/\/lapatriafutbolera.com.ar\/index.php\/2024\/07\/15\/bicampeones-de-america\/#breadcrumb\"},\"inLanguage\":\"es-AR\",\"potentialAction\":[{\"@type\":\"ReadAction\",\"target\":[\"https:\/\/lapatriafutbolera.com.ar\/index.php\/2024\/07\/15\/bicampeones-de-america\/\"]}]},{\"@type\":\"BreadcrumbList\",\"@id\":\"https:\/\/lapatriafutbolera.com.ar\/index.php\/2024\/07\/15\/bicampeones-de-america\/#breadcrumb\",\"itemListElement\":[{\"@type\":\"ListItem\",\"position\":1,\"name\":\"Inicio\",\"item\":\"https:\/\/lapatriafutbolera.com.ar\/\"},{\"@type\":\"ListItem\",\"position\":2,\"name\":\"\u00a1BICAMPEONES DE AM\u00c9RICA!\"}]},{\"@type\":\"WebSite\",\"@id\":\"https:\/\/lapatriafutbolera.com.ar\/#website\",\"url\":\"https:\/\/lapatriafutbolera.com.ar\/\",\"name\":\"LA PATRIA FUTBOLERA\",\"description\":\"\",\"publisher\":{\"@id\":\"https:\/\/lapatriafutbolera.com.ar\/#organization\"},\"potentialAction\":[{\"@type\":\"SearchAction\",\"target\":{\"@type\":\"EntryPoint\",\"urlTemplate\":\"https:\/\/lapatriafutbolera.com.ar\/?s={search_term_string}\"},\"query-input\":\"required name=search_term_string\"}],\"inLanguage\":\"es-AR\"},{\"@type\":\"Organization\",\"@id\":\"https:\/\/lapatriafutbolera.com.ar\/#organization\",\"name\":\"LA PATRIA FUTBOLERA\",\"url\":\"https:\/\/lapatriafutbolera.com.ar\/\",\"sameAs\":[],\"logo\":{\"@type\":\"ImageObject\",\"inLanguage\":\"es-AR\",\"@id\":\"https:\/\/lapatriafutbolera.com.ar\/#\/schema\/logo\/image\/\",\"url\":\"https:\/\/lapatriafutbolera.com.ar\/wp-content\/uploads\/2025\/03\/cropped-LA-PATRIA-14.jpg\",\"contentUrl\":\"https:\/\/lapatriafutbolera.com.ar\/wp-content\/uploads\/2025\/03\/cropped-LA-PATRIA-14.jpg\",\"width\":1308,\"height\":221,\"caption\":\"LA PATRIA FUTBOLERA\"},\"image\":{\"@id\":\"https:\/\/lapatriafutbolera.com.ar\/#\/schema\/logo\/image\/\"}},{\"@type\":\"Person\",\"@id\":\"https:\/\/lapatriafutbolera.com.ar\/#\/schema\/person\/dc3d1ee3d5b1b3798150a5bbc781935d\",\"name\":\"Mart\u00edn Ripari\",\"image\":{\"@type\":\"ImageObject\",\"inLanguage\":\"es-AR\",\"@id\":\"https:\/\/lapatriafutbolera.com.ar\/#\/schema\/person\/image\/\",\"url\":\"https:\/\/secure.gravatar.com\/avatar\/0db7df26707fd8adc2b24ae87259322b0aea8d9eaf092366b1d208b0b180ee7e?s=96&d=mm&r=g\",\"contentUrl\":\"https:\/\/secure.gravatar.com\/avatar\/0db7df26707fd8adc2b24ae87259322b0aea8d9eaf092366b1d208b0b180ee7e?s=96&d=mm&r=g\",\"caption\":\"Mart\u00edn Ripari\"},\"url\":\"https:\/\/lapatriafutbolera.com.ar\/index.php\/author\/martin-ripari\/\"}]}<\/script>\n<!-- \/ Yoast SEO plugin. -->","yoast_head_json":{"title":"\u00a1BICAMPEONES DE AM\u00c9RICA! - LA PATRIA FUTBOLERA","robots":{"index":"index","follow":"follow","max-snippet":"max-snippet:-1","max-image-preview":"max-image-preview:large","max-video-preview":"max-video-preview:-1"},"canonical":"https:\/\/lapatriafutbolera.com.ar\/index.php\/2024\/07\/15\/bicampeones-de-america\/","og_locale":"es_ES","og_type":"article","og_title":"\u00a1BICAMPEONES DE AM\u00c9RICA! - LA PATRIA FUTBOLERA","og_description":"Argentina lo logr\u00f3 de nuevo: el defensor del t\u00edtulo se qued\u00f3 con la edici\u00f3n 2024...","og_url":"https:\/\/lapatriafutbolera.com.ar\/index.php\/2024\/07\/15\/bicampeones-de-america\/","og_site_name":"LA PATRIA FUTBOLERA","article_published_time":"2024-07-15T14:01:35+00:00","article_modified_time":"2024-07-15T14:01:38+00:00","og_image":[{"width":956,"height":544,"url":"https:\/\/lapatriafutbolera.com.ar\/wp-content\/uploads\/2024\/07\/ARGENTINA-CAMPEON.jpg","type":"image\/jpeg"}],"author":"Mart\u00edn Ripari","twitter_card":"summary_large_image","twitter_misc":{"Escrito por":"Mart\u00edn Ripari","Tiempo de lectura":"4 minutos"},"schema":{"@context":"https:\/\/schema.org","@graph":[{"@type":"Article","@id":"https:\/\/lapatriafutbolera.com.ar\/index.php\/2024\/07\/15\/bicampeones-de-america\/#article","isPartOf":{"@id":"https:\/\/lapatriafutbolera.com.ar\/index.php\/2024\/07\/15\/bicampeones-de-america\/"},"author":{"name":"Mart\u00edn Ripari","@id":"https:\/\/lapatriafutbolera.com.ar\/#\/schema\/person\/dc3d1ee3d5b1b3798150a5bbc781935d"},"headline":"\u00a1BICAMPEONES DE AM\u00c9RICA!","datePublished":"2024-07-15T14:01:35+00:00","dateModified":"2024-07-15T14:01:38+00:00","mainEntityOfPage":{"@id":"https:\/\/lapatriafutbolera.com.ar\/index.php\/2024\/07\/15\/bicampeones-de-america\/"},"wordCount":855,"commentCount":0,"publisher":{"@id":"https:\/\/lapatriafutbolera.com.ar\/#organization"},"articleSection":["COPA AM\u00c9RICA 2024"],"inLanguage":"es-AR","potentialAction":[{"@type":"CommentAction","name":"Comment","target":["https:\/\/lapatriafutbolera.com.ar\/index.php\/2024\/07\/15\/bicampeones-de-america\/#respond"]}]},{"@type":"WebPage","@id":"https:\/\/lapatriafutbolera.com.ar\/index.php\/2024\/07\/15\/bicampeones-de-america\/","url":"https:\/\/lapatriafutbolera.com.ar\/index.php\/2024\/07\/15\/bicampeones-de-america\/","name":"\u00a1BICAMPEONES DE AM\u00c9RICA! - LA PATRIA FUTBOLERA","isPartOf":{"@id":"https:\/\/lapatriafutbolera.com.ar\/#website"},"datePublished":"2024-07-15T14:01:35+00:00","dateModified":"2024-07-15T14:01:38+00:00","breadcrumb":{"@id":"https:\/\/lapatriafutbolera.com.ar\/index.php\/2024\/07\/15\/bicampeones-de-america\/#breadcrumb"},"inLanguage":"es-AR","potentialAction":[{"@type":"ReadAction","target":["https:\/\/lapatriafutbolera.com.ar\/index.php\/2024\/07\/15\/bicampeones-de-america\/"]}]},{"@type":"BreadcrumbList","@id":"https:\/\/lapatriafutbolera.com.ar\/index.php\/2024\/07\/15\/bicampeones-de-america\/#breadcrumb","itemListElement":[{"@type":"ListItem","position":1,"name":"Inicio","item":"https:\/\/lapatriafutbolera.com.ar\/"},{"@type":"ListItem","position":2,"name":"\u00a1BICAMPEONES DE AM\u00c9RICA!"}]},{"@type":"WebSite","@id":"https:\/\/lapatriafutbolera.com.ar\/#website","url":"https:\/\/lapatriafutbolera.com.ar\/","name":"LA PATRIA FUTBOLERA","description":"","publisher":{"@id":"https:\/\/lapatriafutbolera.com.ar\/#organization"},"potentialAction":[{"@type":"SearchAction","target":{"@type":"EntryPoint","urlTemplate":"https:\/\/lapatriafutbolera.com.ar\/?s={search_term_string}"},"query-input":"required name=search_term_string"}],"inLanguage":"es-AR"},{"@type":"Organization","@id":"https:\/\/lapatriafutbolera.com.ar\/#organization","name":"LA PATRIA FUTBOLERA","url":"https:\/\/lapatriafutbolera.com.ar\/","sameAs":[],"logo":{"@type":"ImageObject","inLanguage":"es-AR","@id":"https:\/\/lapatriafutbolera.com.ar\/#\/schema\/logo\/image\/","url":"https:\/\/lapatriafutbolera.com.ar\/wp-content\/uploads\/2025\/03\/cropped-LA-PATRIA-14.jpg","contentUrl":"https:\/\/lapatriafutbolera.com.ar\/wp-content\/uploads\/2025\/03\/cropped-LA-PATRIA-14.jpg","width":1308,"height":221,"caption":"LA PATRIA FUTBOLERA"},"image":{"@id":"https:\/\/lapatriafutbolera.com.ar\/#\/schema\/logo\/image\/"}},{"@type":"Person","@id":"https:\/\/lapatriafutbolera.com.ar\/#\/schema\/person\/dc3d1ee3d5b1b3798150a5bbc781935d","name":"Mart\u00edn Ripari","image":{"@type":"ImageObject","inLanguage":"es-AR","@id":"https:\/\/lapatriafutbolera.com.ar\/#\/schema\/person\/image\/","url":"https:\/\/secure.gravatar.com\/avatar\/0db7df26707fd8adc2b24ae87259322b0aea8d9eaf092366b1d208b0b180ee7e?s=96&d=mm&r=g","contentUrl":"https:\/\/secure.gravatar.com\/avatar\/0db7df26707fd8adc2b24ae87259322b0aea8d9eaf092366b1d208b0b180ee7e?s=96&d=mm&r=g","caption":"Mart\u00edn Ripari"},"url":"https:\/\/lapatriafutbolera.com.ar\/index.php\/author\/martin-ripari\/"}]}},"_links":{"self":[{"href":"https:\/\/lapatriafutbolera.com.ar\/index.php\/wp-json\/wp\/v2\/posts\/2095","targetHints":{"allow":["GET"]}}],"collection":[{"href":"https:\/\/lapatriafutbolera.com.ar\/index.php\/wp-json\/wp\/v2\/posts"}],"about":[{"href":"https:\/\/lapatriafutbolera.com.ar\/index.php\/wp-json\/wp\/v2\/types\/post"}],"author":[{"embeddable":true,"href":"https:\/\/lapatriafutbolera.com.ar\/index.php\/wp-json\/wp\/v2\/users\/3"}],"replies":[{"embeddable":true,"href":"https:\/\/lapatriafutbolera.com.ar\/index.php\/wp-json\/wp\/v2\/comments?post=2095"}],"version-history":[{"count":1,"href":"https:\/\/lapatriafutbolera.com.ar\/index.php\/wp-json\/wp\/v2\/posts\/2095\/revisions"}],"predecessor-version":[{"id":2104,"href":"https:\/\/lapatriafutbolera.com.ar\/index.php\/wp-json\/wp\/v2\/posts\/2095\/revisions\/2104"}],"wp:featuredmedia":[{"embeddable":true,"href":"https:\/\/lapatriafutbolera.com.ar\/index.php\/wp-json\/wp\/v2\/media\/2096"}],"wp:attachment":[{"href":"https:\/\/lapatriafutbolera.com.ar\/index.php\/wp-json\/wp\/v2\/media?parent=2095"}],"wp:term":[{"taxonomy":"category","embeddable":true,"href":"https:\/\/lapatriafutbolera.com.ar\/index.php\/wp-json\/wp\/v2\/categories?post=2095"},{"taxonomy":"post_tag","embeddable":true,"href":"https:\/\/lapatriafutbolera.com.ar\/index.php\/wp-json\/wp\/v2\/tags?post=2095"}],"curies":[{"name":"wp","href":"https:\/\/api.w.org\/{rel}","templated":true}]}}