{"id":2110,"date":"2024-07-13T11:19:15","date_gmt":"2024-07-13T14:19:15","guid":{"rendered":"https:\/\/lapatriafutbolera.com.ar\/?p=2110"},"modified":"2024-07-15T11:21:14","modified_gmt":"2024-07-15T14:21:14","slug":"fontanarrosa-argentina-y-colombia","status":"publish","type":"post","link":"https:\/\/lapatriafutbolera.com.ar\/index.php\/2024\/07\/13\/fontanarrosa-argentina-y-colombia\/","title":{"rendered":"Fontanarrosa, Argentina y Colombia"},"content":{"rendered":"\n<p>El Negro Fontanarrosa era capaz de jugarle un partido a la tristeza y ganarle. M\u00e1s que eso: era capaz de ganarle y de que la tristeza acabara despatarrada de risa. Pero a veces, human\u00edsimo, sufr\u00eda. Sufr\u00eda de f\u00fatbol, por ejemplo. Sufr\u00eda, espec\u00edficamente, cuando sus equipos m\u00e1s queridos no generaban aquello que \u00e9l esperaba como un gusto, como un placer o como un sue\u00f1o. Algo as\u00ed lo atraves\u00f3, en ciertos tiempos, con la Selecci\u00f3n <a><\/a>Argentina, a la que sigui\u00f3 primero como hincha, gozando o rabiando ecos en su casa, y luego como cronista para parir unas columnas que, amasando humores y ternuras, resultaban un golazo. Una rabia entre las rabias y un sufrimiento entre los sufrimientos lo recorr\u00edan en la mitad de la d\u00e9cada del noventa: quer\u00eda que Argentina jugara como Colombia.<\/p>\n\n\n\n<p>Dej\u00f3 constancia Fontanarrosa. A lo Fontanarrosa, claro. En una columna rotulada sin vaivenes: &#8220;Hay que obligarlos a que nos devuelvan la pelota&#8221;. Y no cualquier d\u00eda sino el 10 de febrero de 1997, cuando la Selecci\u00f3n que orientaba Daniel Passarella deb\u00eda enfrentar, como visitante, a los colombianos en el camino hacia el Mundial de Francia: &#8220;Es el momento de notificarles a los colombianos que lleg\u00f3 la hora de devolver la pelota. No podemos aceptar esa ingratitud de que no quieran compartirla con nosotros olvidando que este es un juego colectivo&#8221;.<\/p>\n\n\n\n<p>Dif\u00edcil medir cu\u00e1nto modific\u00f3 los estados an\u00edmicos-futbol\u00edsticos de Fontanarrosa la victoria de Argentina por 1 a 0, con gol de Claudio L\u00f3pez, de la que fue testigo en el estadio Metropolitano de Barranquilla, 48 horas despu\u00e9s de anudar esas l\u00edneas. Lo que surge certero es que sus textos de esa etapa, igual que otros muchos que escribi\u00f3 antes y despu\u00e9s, forman parte del rico cuerpo literario que modelan los cruces futbol\u00edsticos entre argentinos y colombianos.<\/p>\n\n\n\n<p>Si Fontanarrosa le envidiaba a Colombia la apropiaci\u00f3n de un estilo que, en otras \u00e9pocas, distingu\u00eda a la argentinidad futbolera era, sobre todo, a causa de la exhibici\u00f3n de belleza y contundencia que Colombia le hab\u00eda dado a la Argentina, el 5 de septiembre de 1993 y sobre el c\u00e9sped de River, en un memorable partido de las Eliminatorias a trav\u00e9s de las que se llegaba o no al Mundial de los Estados Unidos. Aquel 5 a 0 m\u00edtico gravit\u00f3 alto en Fontanarrosa, pero no s\u00f3lo en \u00e9l. Tambi\u00e9n empuj\u00f3 m\u00e1s expresiones escritas sobresalientes (de las puteadas al aire que suscit\u00f3 no hay registro num\u00e9rico posible). Entre ellas, la de Osvaldo Soriano, compa\u00f1ero de generaci\u00f3n y de pasi\u00f3n deportiva de Fontanarrosa, a quien ese tropez\u00f3n lo motiv\u00f3 a poner las palabras de punta. &#8220;No se vayan que hay m\u00e1s&#8221;, titul\u00f3, con el sacud\u00f3n del Monumental en el alma y evocando que ya hab\u00eda advertido sobre los d\u00e9ficits que observaba en el ciclo que conduc\u00eda Alfio Basile luego del partido de ida, en el que Colombia se hab\u00eda impuesto por 2 a 1.<\/p>\n\n\n\n<p>&#8220;Nadie imaginaba semejante humillaci\u00f3n -manifest\u00f3 Soriano, abrazado por una furia en la que se mezclaban el pibe hecho de f\u00fatbol que hab\u00eda sido y el escriba famoso que se hab\u00eda vuelto-, pero el partido se hab\u00eda perdido hac\u00eda mucho, el d\u00eda que Ruggeri y los otros se empecinaron en no escuchar las cr\u00edticas. Yo, que no abundo en sentido com\u00fan, lo di por perdido el martes pasado a sabiendas de que estos colombianos son maravillosos. Eso desat\u00f3 muchas broncas. Gente que me escrib\u00eda y me dejaba mensajes. En el f\u00fatbol, si uno no est\u00e1 en el negocio, mejor no opinar&#8221;.<\/p>\n\n\n\n<p>&#8220;Humillaci\u00f3n&#8221;, ese t\u00e9rmino que eligi\u00f3 Soriano todav\u00eda retumba potente, pero posee una tradici\u00f3n en la literatura referida al deporte. Julio Cort\u00e1zar, a quien Soriano primero quiso como admirador y luego como admirador y amigo, lo us\u00f3, con ritmo de boxeo, en &#8220;Circe&#8221;, uno de sus cuentos cl\u00e1sicos: &#8220;Vino la pelea Firpo-Dempsey y en cada casa se llor\u00f3 y hubo indignaciones brutales, seguidas de una humillada melancol\u00eda casi colonial\u201d. Verdad que ah\u00ed no hay ni f\u00fatbol ni Colombia, pero es Cort\u00e1zar y eso justifica todo. Tambi\u00e9n desde el boxeo hizo arte el periodista y escritor colombiano Alberto Salcedo Ramos con una de sus obras m\u00e1s conocidas, &#8220;El oro y la oscuridad. La vida gloriosa y tr\u00e1gica de Kid Pambel\u00e9&#8221;, biograf\u00eda de un campe\u00f3n que supo perder y vencer a Nicolino Locche. Menos notoria es una de sus cr\u00f3nicas de f\u00fatbol a la que bautiz\u00f3 &#8220;La humillaci\u00f3n de Ara\u00fajo&#8221;, a partir de un duelo entre el Junior de Barranquilla y Once Caldas. Tributo a un maestro, ese relato comienza con una cita de Fontanarrosa, as\u00ed, de nuevo, ligado con Colombia: &#8220;Es cierto. De un tiempo a esta parte vengo jugando mal. Pero digo yo\u2026 \u00bfqui\u00e9n no tiene una d\u00e9cada mala?\u201d.<\/p>\n\n\n\n<p>Salcedo Ramos naci\u00f3 en Barranquilla, la urbe donde Gabriel Garc\u00eda M\u00e1rquez, la m\u00e1s planetaria de las plumas colombianas, fecund\u00f3 su contribuci\u00f3n a la asociaci\u00f3n literaria entre el f\u00fatbol de su patria y el de la Argentina. Transcurr\u00eda 1950, un a\u00f1o en el que Colombia no s\u00f3lo no intervino en el Mundial de Brasil sino que estaba a doce calendarios de estrenarse en la m\u00e1s famosa de las convocatorias del f\u00fatbol. Encima, en el Campeonato Sudamericano de la temporada anterior, tambi\u00e9n en Brasil, la selecci\u00f3n nacional hab\u00eda concluido en el \u00faltimo puesto. Los memoriosos del f\u00fatbol de Colombia afirman que el escenario empez\u00f3 a revertirse en esas latitudes en ese per\u00edodo, gracias al desembarco de una lluvia de cracks argentinos como Adolfo Pedernera, N\u00e9stor Rossi, Oscar Basso o Julio Cozzi. Eso detall\u00f3, adem\u00e1s, Fontanarrosa en su proclama humor\u00edstica de 1997: &#8220;\u00a1Recordarles que ellos aprendieron a jugar con nosotros!&#8221;. En ese marco, Garc\u00eda M\u00e1rquez se entusiasm\u00f3 con el f\u00fatbol y lo comunic\u00f3 en &#8220;El juramento&#8221;, una de sus magias en El Heraldo de Barranquilla. La caricia rumbo a la Argentina consisti\u00f3 en un elogio para un muchacho que brill\u00f3 en Millonarios, esa tarde adversario de Junior, y que brillar\u00eda mucho m\u00e1s en el Real Madrid unos a\u00f1os m\u00e1s adelante. Lo abrevi\u00f3 impecable: &#8220;El gran Di St\u00e9fano&#8221;.<\/p>\n\n\n\n<p>Sin embargo, inclusive m\u00e1s que en Garc\u00eda M\u00e1rquez, Barranquilla conquist\u00f3 protagonismo futbolero por un esencial narrador argentino. Esencial narrador, se insiste, pero en su edad de piernas frescas m\u00e1s delantero que narrador y, ni hablar, un esperanzado en gritar goles y no en dirigir la Biblioteca Nacional entre 2020 y 2023. Es que Juan Sasturain, el individuo que va siendo todo eso en una sola vida, colore\u00f3 unas cuantas pinturas de las Eliminatorias en las hojas de un diario o en sus vol\u00famenes futboleros (&#8220;El d\u00eda del arquero&#8221;, &#8220;Wing de metegol&#8221;, &#8220;La patria transpirada&#8221;), pero para la Barranquilla de f\u00fatbol abri\u00f3 el espacio de su novela &#8220;La lucha contin\u00faa&#8221; y por medio de las desventuras del Che Pirovano, un arquero que lee al austr\u00edaco Peter Handke, tan premio Nobel de Literatura como Garc\u00eda M\u00e1rquez: &#8220;En el &#8217;85 yo jugaba en el Uni\u00f3n de Barranquilla desde hac\u00eda dos temporadas. Un equipo chico y sin pretensiones, de media tabla para abajo. Antes hab\u00eda estado en el Am\u00e9rica de Cali, cuando me trajeron del Espanyol de Barcelona, en el ochenta; pero no anduve bien y me vendieron. Lo notable fue que en ese a\u00f1o el Uni\u00f3n de Barranquilla hizo una campa\u00f1a b\u00e1rbara y yo nunca ataj\u00e9 mejor. Incluso Bilardo me llev\u00f3 al banco en unos amistosos de la preselecci\u00f3n para M\u00e9xico 86, aunque no llegu\u00e9 jugar las Eliminatorias&#8221;.<\/p>\n\n\n\n<p>Carlos Bilardo no apel\u00f3 al arquero que fabul\u00f3 Sasturain pero s\u00ed a Jorge Valdano, quien convirti\u00f3 el gol con el que Argentina festej\u00f3 un 1 a 0 sobre Colombia, el 16 de junio de 1985 en el Monumental, como parte del bravo recorrido de Eliminatorias hacia M\u00e9xico 86. Cuando ya no hizo goles as\u00ed, Valdano profundiz\u00f3 su tentaci\u00f3n por escribir y por leer. Como escritor, firm\u00f3 un cuento que comparti\u00f3 el libro &#8220;Pelota de papel 1&#8221; con uno de Jorge Berm\u00fadez, el central colombiano que particip\u00f3 de aquel partido en el que Fontanarrosa ansiaba que la Argentina recuperara la pelota, y con otro de Juan Pablo Sorin, que choc\u00f3 con los colombianos en las Eliminatorias hacia el Mundial del 2002 y les meti\u00f3 un tanto en la Copa Am\u00e9rica del 2004. Como lector, a Valdano le encantaron las p\u00e1ginas del colombiano Daniel Samper, un devoto del f\u00fatbol con cuentos impecables como &#8220;Dele duro, monse\u00f1or&#8221;. Realidad digna de una ficci\u00f3n: Samper asisti\u00f3 al estadio de River en el junio de aquel partido y, desde ese momento, a\u00f1o tras a\u00f1o, le insisti\u00f3 a Valdano con que su gol por las Eliminatorias hab\u00eda sido en posici\u00f3n adelantada, lo que trasluce que el f\u00fatbol es capaz, entre un mill\u00f3n de consecuencias, de colarse en el v\u00ednculo entre alguien que lee y alguien que escribe.<\/p>\n\n\n\n<p>De ese gol y de muchos otros departieron largo Samper y dos amigos suyos, muy talentosos y muy futboleros: uno, Fontanarrosa; el otro, Joan Manuel Serrat. A los miembros de ese tr\u00edo los hermanaba ser hinchas del Independiente Santa Fe en Colombia (&#8220;esp\u00edritus sensibles, como Joan Manuel Serrat y el Negro Fontanarrosa, prefieren perder con Santa Fe que ganar con cualquier otro equipo de Colombia&#8221;, revel\u00f3 Samper), del Barcelona en Espa\u00f1a y de Rosario Central en Argentina. Samper fue el c\u00e1lido anfitri\u00f3n del Negro en su \u00faltimo viaje a tierras colombianas, para el Carnaval de las Artes de Barranquilla, pero nada pudo hacer para frenar una r\u00e9plica contra esas identidades futboleras durante el \u00faltimo periplo de Fontanarrosa a Espa\u00f1a. Ocurri\u00f3 que la Editorial Alfaguara lanzaba un ancho libro con cuentos del autor rosarino entre los que reluc\u00eda el cl\u00e1sico &#8220;El mundo ha vivido equivocado&#8221;. Revancha tierna, en ese contexto emergi\u00f3 Valdano, ex jugador de Newell&#8217;s y por entonces trabajando en el Real Madrid, y le entreg\u00f3 una camiseta precisamente del Real Madrid que inclu\u00eda una inscripci\u00f3n labrada entre la gracia y el cari\u00f1o: &#8220;El Negro ha vivido equivocado&#8221;.<\/p>\n\n\n\n<p>El novelista colombiano Santiago Gamboa pareci\u00f3 heredar, en marzo del 2021, algo de la atm\u00f3sfera frustrante que respiraba Fontanarrosa en el febrero de 1997 cuando Colombia desplegaba lo que a la Argentina le costaba. Pero, claro, cambiando la camiseta. &#8220;Nuestro triste f\u00fatbol&#8221; se llam\u00f3 una nota suya reveladora de desencantos con lo que germina en los pastos futbol\u00edsticos de su tierra. &#8220;\u00bfQu\u00e9 silenciosa cat\u00e1strofe supondr\u00e1 para esos jugadores argentinos, por ejemplo, que se sepa en sus familias o en su barrio que se van a jugar a Colombia?&#8221;, se interroga, quej\u00e1ndose, sobre todo, de la presencia de equipos sin pasado que carecen de hinchada. Gamboa llam\u00f3 a uno de sus libros &#8220;Perder es cuesti\u00f3n de m\u00e9todo&#8221;, pero ser\u00eda extra\u00f1o que se estancara en la resignaci\u00f3n ahora, con el porvenir regalando otra cumbre por las Eliminatorias. Por las dudas, dispone de una receta ins\u00f3lita para recuperar la capacidad de creer: Borges. Ojo: Jorge Luis Borges, despreciador hasta gracioso del f\u00fatbol, jam\u00e1s anot\u00f3 media coma sobre las Eliminatorias. No obstante, en su cuento &#8220;Ulrica&#8221;, el protagonista, Javier Ot\u00e1lora, sentencia: &#8220;Ser colombiano es un acto de fe&#8221;. Vaya a saber si eso no vale para el f\u00fatbol.<\/p>\n\n\n\n<p>Tal vez esa fe borgeana recubrir\u00e1 a los jugadores colombianos de cara a este partido con Argentina. Un antecedente no los ayuda. En Barranquilla, el 17 de noviembre del 2015, perfilando c\u00f3mo sacar boleto al Mundial de Rusia, la selecci\u00f3n celeste y blanca triunf\u00f3 por 1 a 0, con gol de Lucas Biglia. Casualidad o documento para la ciencia, en ese episodio floreci\u00f3 otra huella literaria. Justo el 17 de noviembre, pero de 1929, el maestro Roberto Arlt vio su \u00fanico partido internacional de f\u00fatbol, un Argentina-Uruguay que le inspir\u00f3 su c\u00e9lebre art\u00edculo &#8220;Ayer vi ganar a los argentinos&#8221;.<\/p>\n\n\n\n<p>El plantel argentino, por su parte, seguro apoyar\u00e1 sus suelas en la final de Copa Am\u00e9rica de 2024 con una bibliograf\u00eda obligatoria. Obvio: aquella columna de Fontanarrosa de 1997. Y con \u00e9nfasis indispensable en este p\u00e1rrafo: &#8220;\u00a1Es m\u00e1s, hay que agarrar la redonda y no dej\u00e1rselas tocar en todo el partido! Y eso es lo que haremos, se\u00f1ores. El encuentro se definir\u00e1 en el sorteo del saque. All\u00ed don Julio Grondona deber\u00e1 estar muy atento y controlar la moneda. Si ganamos el sorteo, elegimos sacar. \u00a1Y no se las dejamos tocar por 45 minutos!&#8221;.<\/p>\n\n\n\n<p>Ser\u00eda \u00fatil. Aunque nada es garant\u00eda. Entre Colombia y Argentina, la historia est\u00e1 siempre por jugarse.<\/p>\n\n\n\n<p>Y tambi\u00e9n por escribirse.<\/p>\n","protected":false},"excerpt":{"rendered":"<p>El Negro Fontanarrosa era capaz de jugarle un partido a la tristeza y ganarle. M\u00e1s&#8230;<\/p>\n","protected":false},"author":10,"featured_media":2112,"comment_status":"open","ping_status":"open","sticky":false,"template":"","format":"standard","meta":{"footnotes":""},"categories":[85],"tags":[],"class_list":["post-2110","post","type-post","status-publish","format-standard","has-post-thumbnail","hentry","category-el-tipo-que-marca-juega-y-escribe"],"yoast_head":"<!-- This site is optimized with the Yoast SEO plugin v19.5.1 - https:\/\/yoast.com\/wordpress\/plugins\/seo\/ -->\n<title>Fontanarrosa, Argentina y Colombia - LA PATRIA FUTBOLERA<\/title>\n<meta name=\"robots\" content=\"index, follow, max-snippet:-1, max-image-preview:large, max-video-preview:-1\" \/>\n<link rel=\"canonical\" href=\"https:\/\/lapatriafutbolera.com.ar\/index.php\/2024\/07\/13\/fontanarrosa-argentina-y-colombia\/\" \/>\n<meta property=\"og:locale\" content=\"es_ES\" \/>\n<meta property=\"og:type\" content=\"article\" \/>\n<meta property=\"og:title\" content=\"Fontanarrosa, Argentina y Colombia - LA PATRIA FUTBOLERA\" \/>\n<meta property=\"og:description\" content=\"El Negro Fontanarrosa era capaz de jugarle un partido a la tristeza y ganarle. M\u00e1s...\" \/>\n<meta property=\"og:url\" content=\"https:\/\/lapatriafutbolera.com.ar\/index.php\/2024\/07\/13\/fontanarrosa-argentina-y-colombia\/\" \/>\n<meta property=\"og:site_name\" content=\"LA PATRIA FUTBOLERA\" \/>\n<meta property=\"article:published_time\" content=\"2024-07-13T14:19:15+00:00\" \/>\n<meta property=\"article:modified_time\" content=\"2024-07-15T14:21:14+00:00\" \/>\n<meta property=\"og:image\" content=\"https:\/\/lapatriafutbolera.com.ar\/wp-content\/uploads\/2024\/07\/450844119_2816923225130023_7737285993915717577_n.jpg\" \/>\n\t<meta property=\"og:image:width\" content=\"1032\" \/>\n\t<meta property=\"og:image:height\" content=\"774\" \/>\n\t<meta property=\"og:image:type\" content=\"image\/jpeg\" \/>\n<meta name=\"author\" content=\"Ariel Scher\" \/>\n<meta name=\"twitter:card\" content=\"summary_large_image\" \/>\n<meta name=\"twitter:label1\" content=\"Escrito por\" \/>\n\t<meta name=\"twitter:data1\" content=\"Ariel Scher\" \/>\n\t<meta name=\"twitter:label2\" content=\"Tiempo de lectura\" \/>\n\t<meta name=\"twitter:data2\" content=\"11 minutos\" \/>\n<script type=\"application\/ld+json\" class=\"yoast-schema-graph\">{\"@context\":\"https:\/\/schema.org\",\"@graph\":[{\"@type\":\"Article\",\"@id\":\"https:\/\/lapatriafutbolera.com.ar\/index.php\/2024\/07\/13\/fontanarrosa-argentina-y-colombia\/#article\",\"isPartOf\":{\"@id\":\"https:\/\/lapatriafutbolera.com.ar\/index.php\/2024\/07\/13\/fontanarrosa-argentina-y-colombia\/\"},\"author\":{\"name\":\"Ariel Scher\",\"@id\":\"https:\/\/lapatriafutbolera.com.ar\/#\/schema\/person\/b678f896a0a50faecac575b8609d71aa\"},\"headline\":\"Fontanarrosa, Argentina y Colombia\",\"datePublished\":\"2024-07-13T14:19:15+00:00\",\"dateModified\":\"2024-07-15T14:21:14+00:00\",\"mainEntityOfPage\":{\"@id\":\"https:\/\/lapatriafutbolera.com.ar\/index.php\/2024\/07\/13\/fontanarrosa-argentina-y-colombia\/\"},\"wordCount\":2180,\"commentCount\":0,\"publisher\":{\"@id\":\"https:\/\/lapatriafutbolera.com.ar\/#organization\"},\"articleSection\":[\"El Tipo que marca, juega y escribe\"],\"inLanguage\":\"es-AR\",\"potentialAction\":[{\"@type\":\"CommentAction\",\"name\":\"Comment\",\"target\":[\"https:\/\/lapatriafutbolera.com.ar\/index.php\/2024\/07\/13\/fontanarrosa-argentina-y-colombia\/#respond\"]}]},{\"@type\":\"WebPage\",\"@id\":\"https:\/\/lapatriafutbolera.com.ar\/index.php\/2024\/07\/13\/fontanarrosa-argentina-y-colombia\/\",\"url\":\"https:\/\/lapatriafutbolera.com.ar\/index.php\/2024\/07\/13\/fontanarrosa-argentina-y-colombia\/\",\"name\":\"Fontanarrosa, Argentina y Colombia - LA PATRIA FUTBOLERA\",\"isPartOf\":{\"@id\":\"https:\/\/lapatriafutbolera.com.ar\/#website\"},\"datePublished\":\"2024-07-13T14:19:15+00:00\",\"dateModified\":\"2024-07-15T14:21:14+00:00\",\"breadcrumb\":{\"@id\":\"https:\/\/lapatriafutbolera.com.ar\/index.php\/2024\/07\/13\/fontanarrosa-argentina-y-colombia\/#breadcrumb\"},\"inLanguage\":\"es-AR\",\"potentialAction\":[{\"@type\":\"ReadAction\",\"target\":[\"https:\/\/lapatriafutbolera.com.ar\/index.php\/2024\/07\/13\/fontanarrosa-argentina-y-colombia\/\"]}]},{\"@type\":\"BreadcrumbList\",\"@id\":\"https:\/\/lapatriafutbolera.com.ar\/index.php\/2024\/07\/13\/fontanarrosa-argentina-y-colombia\/#breadcrumb\",\"itemListElement\":[{\"@type\":\"ListItem\",\"position\":1,\"name\":\"Inicio\",\"item\":\"https:\/\/lapatriafutbolera.com.ar\/\"},{\"@type\":\"ListItem\",\"position\":2,\"name\":\"Fontanarrosa, Argentina y Colombia\"}]},{\"@type\":\"WebSite\",\"@id\":\"https:\/\/lapatriafutbolera.com.ar\/#website\",\"url\":\"https:\/\/lapatriafutbolera.com.ar\/\",\"name\":\"LA PATRIA FUTBOLERA\",\"description\":\"\",\"publisher\":{\"@id\":\"https:\/\/lapatriafutbolera.com.ar\/#organization\"},\"potentialAction\":[{\"@type\":\"SearchAction\",\"target\":{\"@type\":\"EntryPoint\",\"urlTemplate\":\"https:\/\/lapatriafutbolera.com.ar\/?s={search_term_string}\"},\"query-input\":\"required name=search_term_string\"}],\"inLanguage\":\"es-AR\"},{\"@type\":\"Organization\",\"@id\":\"https:\/\/lapatriafutbolera.com.ar\/#organization\",\"name\":\"LA PATRIA FUTBOLERA\",\"url\":\"https:\/\/lapatriafutbolera.com.ar\/\",\"sameAs\":[],\"logo\":{\"@type\":\"ImageObject\",\"inLanguage\":\"es-AR\",\"@id\":\"https:\/\/lapatriafutbolera.com.ar\/#\/schema\/logo\/image\/\",\"url\":\"https:\/\/lapatriafutbolera.com.ar\/wp-content\/uploads\/2025\/03\/cropped-LA-PATRIA-14.jpg\",\"contentUrl\":\"https:\/\/lapatriafutbolera.com.ar\/wp-content\/uploads\/2025\/03\/cropped-LA-PATRIA-14.jpg\",\"width\":1308,\"height\":221,\"caption\":\"LA PATRIA FUTBOLERA\"},\"image\":{\"@id\":\"https:\/\/lapatriafutbolera.com.ar\/#\/schema\/logo\/image\/\"}},{\"@type\":\"Person\",\"@id\":\"https:\/\/lapatriafutbolera.com.ar\/#\/schema\/person\/b678f896a0a50faecac575b8609d71aa\",\"name\":\"Ariel Scher\",\"image\":{\"@type\":\"ImageObject\",\"inLanguage\":\"es-AR\",\"@id\":\"https:\/\/lapatriafutbolera.com.ar\/#\/schema\/person\/image\/\",\"url\":\"https:\/\/secure.gravatar.com\/avatar\/76b3824675a40e45163a2a49107284188d784efa904c62a82e8b5cd2de313f08?s=96&d=mm&r=g\",\"contentUrl\":\"https:\/\/secure.gravatar.com\/avatar\/76b3824675a40e45163a2a49107284188d784efa904c62a82e8b5cd2de313f08?s=96&d=mm&r=g\",\"caption\":\"Ariel Scher\"},\"url\":\"https:\/\/lapatriafutbolera.com.ar\/index.php\/author\/ariel-scher\/\"}]}<\/script>\n<!-- \/ Yoast SEO plugin. -->","yoast_head_json":{"title":"Fontanarrosa, Argentina y Colombia - LA PATRIA FUTBOLERA","robots":{"index":"index","follow":"follow","max-snippet":"max-snippet:-1","max-image-preview":"max-image-preview:large","max-video-preview":"max-video-preview:-1"},"canonical":"https:\/\/lapatriafutbolera.com.ar\/index.php\/2024\/07\/13\/fontanarrosa-argentina-y-colombia\/","og_locale":"es_ES","og_type":"article","og_title":"Fontanarrosa, Argentina y Colombia - LA PATRIA FUTBOLERA","og_description":"El Negro Fontanarrosa era capaz de jugarle un partido a la tristeza y ganarle. M\u00e1s...","og_url":"https:\/\/lapatriafutbolera.com.ar\/index.php\/2024\/07\/13\/fontanarrosa-argentina-y-colombia\/","og_site_name":"LA PATRIA FUTBOLERA","article_published_time":"2024-07-13T14:19:15+00:00","article_modified_time":"2024-07-15T14:21:14+00:00","og_image":[{"width":1032,"height":774,"url":"https:\/\/lapatriafutbolera.com.ar\/wp-content\/uploads\/2024\/07\/450844119_2816923225130023_7737285993915717577_n.jpg","type":"image\/jpeg"}],"author":"Ariel Scher","twitter_card":"summary_large_image","twitter_misc":{"Escrito por":"Ariel Scher","Tiempo de lectura":"11 minutos"},"schema":{"@context":"https:\/\/schema.org","@graph":[{"@type":"Article","@id":"https:\/\/lapatriafutbolera.com.ar\/index.php\/2024\/07\/13\/fontanarrosa-argentina-y-colombia\/#article","isPartOf":{"@id":"https:\/\/lapatriafutbolera.com.ar\/index.php\/2024\/07\/13\/fontanarrosa-argentina-y-colombia\/"},"author":{"name":"Ariel Scher","@id":"https:\/\/lapatriafutbolera.com.ar\/#\/schema\/person\/b678f896a0a50faecac575b8609d71aa"},"headline":"Fontanarrosa, Argentina y Colombia","datePublished":"2024-07-13T14:19:15+00:00","dateModified":"2024-07-15T14:21:14+00:00","mainEntityOfPage":{"@id":"https:\/\/lapatriafutbolera.com.ar\/index.php\/2024\/07\/13\/fontanarrosa-argentina-y-colombia\/"},"wordCount":2180,"commentCount":0,"publisher":{"@id":"https:\/\/lapatriafutbolera.com.ar\/#organization"},"articleSection":["El Tipo que marca, juega y escribe"],"inLanguage":"es-AR","potentialAction":[{"@type":"CommentAction","name":"Comment","target":["https:\/\/lapatriafutbolera.com.ar\/index.php\/2024\/07\/13\/fontanarrosa-argentina-y-colombia\/#respond"]}]},{"@type":"WebPage","@id":"https:\/\/lapatriafutbolera.com.ar\/index.php\/2024\/07\/13\/fontanarrosa-argentina-y-colombia\/","url":"https:\/\/lapatriafutbolera.com.ar\/index.php\/2024\/07\/13\/fontanarrosa-argentina-y-colombia\/","name":"Fontanarrosa, Argentina y Colombia - LA PATRIA FUTBOLERA","isPartOf":{"@id":"https:\/\/lapatriafutbolera.com.ar\/#website"},"datePublished":"2024-07-13T14:19:15+00:00","dateModified":"2024-07-15T14:21:14+00:00","breadcrumb":{"@id":"https:\/\/lapatriafutbolera.com.ar\/index.php\/2024\/07\/13\/fontanarrosa-argentina-y-colombia\/#breadcrumb"},"inLanguage":"es-AR","potentialAction":[{"@type":"ReadAction","target":["https:\/\/lapatriafutbolera.com.ar\/index.php\/2024\/07\/13\/fontanarrosa-argentina-y-colombia\/"]}]},{"@type":"BreadcrumbList","@id":"https:\/\/lapatriafutbolera.com.ar\/index.php\/2024\/07\/13\/fontanarrosa-argentina-y-colombia\/#breadcrumb","itemListElement":[{"@type":"ListItem","position":1,"name":"Inicio","item":"https:\/\/lapatriafutbolera.com.ar\/"},{"@type":"ListItem","position":2,"name":"Fontanarrosa, Argentina y Colombia"}]},{"@type":"WebSite","@id":"https:\/\/lapatriafutbolera.com.ar\/#website","url":"https:\/\/lapatriafutbolera.com.ar\/","name":"LA PATRIA FUTBOLERA","description":"","publisher":{"@id":"https:\/\/lapatriafutbolera.com.ar\/#organization"},"potentialAction":[{"@type":"SearchAction","target":{"@type":"EntryPoint","urlTemplate":"https:\/\/lapatriafutbolera.com.ar\/?s={search_term_string}"},"query-input":"required name=search_term_string"}],"inLanguage":"es-AR"},{"@type":"Organization","@id":"https:\/\/lapatriafutbolera.com.ar\/#organization","name":"LA PATRIA FUTBOLERA","url":"https:\/\/lapatriafutbolera.com.ar\/","sameAs":[],"logo":{"@type":"ImageObject","inLanguage":"es-AR","@id":"https:\/\/lapatriafutbolera.com.ar\/#\/schema\/logo\/image\/","url":"https:\/\/lapatriafutbolera.com.ar\/wp-content\/uploads\/2025\/03\/cropped-LA-PATRIA-14.jpg","contentUrl":"https:\/\/lapatriafutbolera.com.ar\/wp-content\/uploads\/2025\/03\/cropped-LA-PATRIA-14.jpg","width":1308,"height":221,"caption":"LA PATRIA FUTBOLERA"},"image":{"@id":"https:\/\/lapatriafutbolera.com.ar\/#\/schema\/logo\/image\/"}},{"@type":"Person","@id":"https:\/\/lapatriafutbolera.com.ar\/#\/schema\/person\/b678f896a0a50faecac575b8609d71aa","name":"Ariel Scher","image":{"@type":"ImageObject","inLanguage":"es-AR","@id":"https:\/\/lapatriafutbolera.com.ar\/#\/schema\/person\/image\/","url":"https:\/\/secure.gravatar.com\/avatar\/76b3824675a40e45163a2a49107284188d784efa904c62a82e8b5cd2de313f08?s=96&d=mm&r=g","contentUrl":"https:\/\/secure.gravatar.com\/avatar\/76b3824675a40e45163a2a49107284188d784efa904c62a82e8b5cd2de313f08?s=96&d=mm&r=g","caption":"Ariel Scher"},"url":"https:\/\/lapatriafutbolera.com.ar\/index.php\/author\/ariel-scher\/"}]}},"_links":{"self":[{"href":"https:\/\/lapatriafutbolera.com.ar\/index.php\/wp-json\/wp\/v2\/posts\/2110","targetHints":{"allow":["GET"]}}],"collection":[{"href":"https:\/\/lapatriafutbolera.com.ar\/index.php\/wp-json\/wp\/v2\/posts"}],"about":[{"href":"https:\/\/lapatriafutbolera.com.ar\/index.php\/wp-json\/wp\/v2\/types\/post"}],"author":[{"embeddable":true,"href":"https:\/\/lapatriafutbolera.com.ar\/index.php\/wp-json\/wp\/v2\/users\/10"}],"replies":[{"embeddable":true,"href":"https:\/\/lapatriafutbolera.com.ar\/index.php\/wp-json\/wp\/v2\/comments?post=2110"}],"version-history":[{"count":1,"href":"https:\/\/lapatriafutbolera.com.ar\/index.php\/wp-json\/wp\/v2\/posts\/2110\/revisions"}],"predecessor-version":[{"id":2111,"href":"https:\/\/lapatriafutbolera.com.ar\/index.php\/wp-json\/wp\/v2\/posts\/2110\/revisions\/2111"}],"wp:featuredmedia":[{"embeddable":true,"href":"https:\/\/lapatriafutbolera.com.ar\/index.php\/wp-json\/wp\/v2\/media\/2112"}],"wp:attachment":[{"href":"https:\/\/lapatriafutbolera.com.ar\/index.php\/wp-json\/wp\/v2\/media?parent=2110"}],"wp:term":[{"taxonomy":"category","embeddable":true,"href":"https:\/\/lapatriafutbolera.com.ar\/index.php\/wp-json\/wp\/v2\/categories?post=2110"},{"taxonomy":"post_tag","embeddable":true,"href":"https:\/\/lapatriafutbolera.com.ar\/index.php\/wp-json\/wp\/v2\/tags?post=2110"}],"curies":[{"name":"wp","href":"https:\/\/api.w.org\/{rel}","templated":true}]}}