{"id":2119,"date":"2024-07-16T12:47:41","date_gmt":"2024-07-16T15:47:41","guid":{"rendered":"https:\/\/lapatriafutbolera.com.ar\/?p=2119"},"modified":"2024-07-17T12:52:43","modified_gmt":"2024-07-17T15:52:43","slug":"2119","status":"publish","type":"post","link":"https:\/\/lapatriafutbolera.com.ar\/index.php\/2024\/07\/16\/2119\/","title":{"rendered":"El \u00eddolo del arco (Maracanazo, 16 de julio)"},"content":{"rendered":"\n<p>Ataja El Roto. A lo grande. Se estira desde su silla d\u00e9bil hasta la puerta del Bar de los S\u00e1bados. Vuela y atrapa, brillante, ah\u00ed, en pleno bar, una servilleta blanca y chiquita que iba camino de la calle empujada por alg\u00fan viento que ten\u00eda vocaci\u00f3n de goleador. Todos los testigos lo aplauden, lo felicitan, le confiesan sorpresa. &#8220;Es un homenaje&#8221; cuenta el Roto mientras se acomoda, se alinea su ropa no deportiva y pide un caf\u00e9 doble para compensar el esfuerzo. &#8220;\u00bfUn homenaje a qui\u00e9n?&#8221;, interroga el Gordo, socio activo de los debates de bar de cada s\u00e1bado. &#8220;A mi \u00eddolo de siempre&#8221; es la respuesta. El Gordo, el Alto, el Pibe y tambi\u00e9n cada uno de los mozos veteranos del Bar de los S\u00e1bados repasan arqueros de todas las famas y de todas las \u00e9pocas. El Roto intuye que no adivinar\u00e1n. Pronuncia, entonces, dos sustantivos propios que no tardar\u00e1n ni una d\u00e9cima en convocar a cada uno de los asombros que caben en un bar. &#8220;Moacyr Barbosa&#8221;, dice, con \u00e9nfasis, como se dice a un \u00eddolo. Efectivamente: todos los asombros llegan, llegan rapid\u00edsimo, llegan incluso invitando a otros asombros de otras partes. Eruditos en f\u00fatbol, los del Bar de los S\u00e1bados lo saben: Moacyr Barbosa fue el arquero de Brasil en la final del Mundial de 1950, el hombre que no ataj\u00f3 la pelota que le dio el t\u00edtulo a Uruguay en ese Mundial, el jugador al que casi un pa\u00eds entero rechaz\u00f3 a partir de ese d\u00eda y para todos los d\u00edas que despu\u00e9s vinieron. Moacyr Barbosa, el \u00eddolo del Roto.<\/p>\n\n\n\n<p>El Roto asume que carga con el deber de una explicaci\u00f3n. No se hace rogar. Argumenta. No, no es exacto. No solamente argumenta: argumenta orgulloso. Cuenta que resolvi\u00f3 admirar a Barbosa sin necesidad de verlo atajar. Bast\u00f3 que alguien lo indignara coment\u00e1ndole, como una certeza natural y maldita, que la existencia se divide entre ganadores y perdedores. Y que ese, Barbosa, era un perdedor porque debi\u00f3 usar las manos como ganchos pero las extendi\u00f3 como trapos viejos el 16 de julio de 1950, en el Maracan\u00e1, un estadio que se le transform\u00f3 en l\u00e1pida, cuando no tap\u00f3 una pelota de Alcides Ghiggia que permiti\u00f3 que Uruguay fuera el campe\u00f3n y que Brasil fuera un vac\u00edo. Barbosa, que merec\u00eda los derechos de un individuo corriente, se volvi\u00f3 esclavo de esa circunstancia durante el medio siglo completo que transcurri\u00f3 desde el instante en el que aquella pelota toc\u00f3 la red hasta la hora en la que \u00e9l respir\u00f3 el \u00faltimo de sus aires. Se lo se\u00f1alaron en las veredas modestas de R\u00edo de Janeiro en las que parec\u00eda haberse quedado sin sitio, en los \u00f3mnibus en los que viajaba con las miradas de los otros astill\u00e1ndole la piel y en las tribunas desagradecidas que antes le hab\u00edan aplaudido hasta los tiros que tapaba con las u\u00f1as. &#8220;No \u2014afirma el Roto, dolorido, dispuesto a no continuar especificando las tristezas de Moacyr Barbosa\u2014, la vida no se divide en ganadores y perdedores&#8221;.<\/p>\n\n\n\n<p>Y no se calla el Roto. Habla m\u00e1s. Proclama. Usa la voz entera, las palabras con fuerza: &#8220;Alguien que resiste todo ese absurdo, alguien que es capaz de que el coraz\u00f3n le lata a pesar de que un pa\u00eds le vibra infinitamente en contra, alguien que se empecina en vivir en la sociedad aunque lo hayan condenado a un entierro social, alguien as\u00ed es un \u00eddolo&#8221;. Resopla. Y vuelve: &#8220;Perdedores son los que dicen que los otros son perdedores&#8221;, casi grita el Roto, mientras las manos con la que ataj\u00f3 la servilleta blanca y chiquita le tiemblan sobre la madera ra\u00edda de la mesa del Bar de los S\u00e1bados.<\/p>\n\n\n\n<p>Con esas mismas manos, el Roto busca ahora como un desesperado su portadocumentos en un bolsillo. Saca una c\u00e9dula, tres billetes, las esquelas de un amor antiguo y las fotos impecables de sus hijos. Tambi\u00e9n asoma un recorte de un diario viejo en el que apenas se reconocen contornos. Lo que mejor se distingue es la silueta de un hombre largo. Abajo, se intuyen dos palabras: &#8220;Moacyr Barbosa&#8221;. Nada m\u00e1s. El Roto alisa ese papel con historia, repite de nuevo &#8220;mi \u00eddolo&#8221; y trata de que por la garganta apretada le pase de a poco el \u00faltimo sorbo del caf\u00e9 doble.&nbsp;<\/p>\n\n\n\n<iframe loading=\"lazy\" width=\"560\" height=\"315\" src=\"https:\/\/www.youtube.com\/embed\/VFY1s_xTk9A?si=iirvWSBCcNRWDKPj\" title=\"YouTube video player\" frameborder=\"0\" allow=\"accelerometer; autoplay; clipboard-write; encrypted-media; gyroscope; picture-in-picture; web-share\" referrerpolicy=\"strict-origin-when-cross-origin\" allowfullscreen><\/iframe>\n","protected":false},"excerpt":{"rendered":"<p>Ataja El Roto. A lo grande. Se estira desde su silla d\u00e9bil hasta la puerta&#8230;<\/p>\n","protected":false},"author":10,"featured_media":2120,"comment_status":"open","ping_status":"open","sticky":false,"template":"","format":"standard","meta":{"footnotes":""},"categories":[85],"tags":[],"class_list":["post-2119","post","type-post","status-publish","format-standard","has-post-thumbnail","hentry","category-el-tipo-que-marca-juega-y-escribe"],"yoast_head":"<!-- This site is optimized with the Yoast SEO plugin v19.5.1 - https:\/\/yoast.com\/wordpress\/plugins\/seo\/ -->\n<title>El \u00eddolo del arco (Maracanazo, 16 de julio) - LA PATRIA FUTBOLERA<\/title>\n<meta name=\"robots\" content=\"index, follow, max-snippet:-1, max-image-preview:large, max-video-preview:-1\" \/>\n<link rel=\"canonical\" href=\"https:\/\/lapatriafutbolera.com.ar\/index.php\/2024\/07\/16\/2119\/\" \/>\n<meta property=\"og:locale\" content=\"es_ES\" \/>\n<meta property=\"og:type\" content=\"article\" \/>\n<meta property=\"og:title\" content=\"El \u00eddolo del arco (Maracanazo, 16 de julio) - LA PATRIA FUTBOLERA\" \/>\n<meta property=\"og:description\" content=\"Ataja El Roto. A lo grande. Se estira desde su silla d\u00e9bil hasta la puerta...\" \/>\n<meta property=\"og:url\" content=\"https:\/\/lapatriafutbolera.com.ar\/index.php\/2024\/07\/16\/2119\/\" \/>\n<meta property=\"og:site_name\" content=\"LA PATRIA FUTBOLERA\" \/>\n<meta property=\"article:published_time\" content=\"2024-07-16T15:47:41+00:00\" \/>\n<meta property=\"article:modified_time\" content=\"2024-07-17T15:52:43+00:00\" \/>\n<meta property=\"og:image\" content=\"https:\/\/lapatriafutbolera.com.ar\/wp-content\/uploads\/2024\/07\/451481696_2820037581485254_7600054346785506962_n.jpg\" \/>\n\t<meta property=\"og:image:width\" content=\"720\" \/>\n\t<meta property=\"og:image:height\" content=\"540\" \/>\n\t<meta property=\"og:image:type\" content=\"image\/jpeg\" \/>\n<meta name=\"author\" content=\"Ariel Scher\" \/>\n<meta name=\"twitter:card\" content=\"summary_large_image\" \/>\n<meta name=\"twitter:label1\" content=\"Escrito por\" \/>\n\t<meta name=\"twitter:data1\" content=\"Ariel Scher\" \/>\n\t<meta name=\"twitter:label2\" content=\"Tiempo de lectura\" \/>\n\t<meta name=\"twitter:data2\" content=\"4 minutos\" \/>\n<script type=\"application\/ld+json\" class=\"yoast-schema-graph\">{\"@context\":\"https:\/\/schema.org\",\"@graph\":[{\"@type\":\"Article\",\"@id\":\"https:\/\/lapatriafutbolera.com.ar\/index.php\/2024\/07\/16\/2119\/#article\",\"isPartOf\":{\"@id\":\"https:\/\/lapatriafutbolera.com.ar\/index.php\/2024\/07\/16\/2119\/\"},\"author\":{\"name\":\"Ariel Scher\",\"@id\":\"https:\/\/lapatriafutbolera.com.ar\/#\/schema\/person\/b678f896a0a50faecac575b8609d71aa\"},\"headline\":\"El \u00eddolo del arco (Maracanazo, 16 de julio)\",\"datePublished\":\"2024-07-16T15:47:41+00:00\",\"dateModified\":\"2024-07-17T15:52:43+00:00\",\"mainEntityOfPage\":{\"@id\":\"https:\/\/lapatriafutbolera.com.ar\/index.php\/2024\/07\/16\/2119\/\"},\"wordCount\":757,\"commentCount\":0,\"publisher\":{\"@id\":\"https:\/\/lapatriafutbolera.com.ar\/#organization\"},\"articleSection\":[\"El Tipo que marca, juega y escribe\"],\"inLanguage\":\"es-AR\",\"potentialAction\":[{\"@type\":\"CommentAction\",\"name\":\"Comment\",\"target\":[\"https:\/\/lapatriafutbolera.com.ar\/index.php\/2024\/07\/16\/2119\/#respond\"]}]},{\"@type\":\"WebPage\",\"@id\":\"https:\/\/lapatriafutbolera.com.ar\/index.php\/2024\/07\/16\/2119\/\",\"url\":\"https:\/\/lapatriafutbolera.com.ar\/index.php\/2024\/07\/16\/2119\/\",\"name\":\"El \u00eddolo del arco (Maracanazo, 16 de julio) - LA PATRIA FUTBOLERA\",\"isPartOf\":{\"@id\":\"https:\/\/lapatriafutbolera.com.ar\/#website\"},\"datePublished\":\"2024-07-16T15:47:41+00:00\",\"dateModified\":\"2024-07-17T15:52:43+00:00\",\"breadcrumb\":{\"@id\":\"https:\/\/lapatriafutbolera.com.ar\/index.php\/2024\/07\/16\/2119\/#breadcrumb\"},\"inLanguage\":\"es-AR\",\"potentialAction\":[{\"@type\":\"ReadAction\",\"target\":[\"https:\/\/lapatriafutbolera.com.ar\/index.php\/2024\/07\/16\/2119\/\"]}]},{\"@type\":\"BreadcrumbList\",\"@id\":\"https:\/\/lapatriafutbolera.com.ar\/index.php\/2024\/07\/16\/2119\/#breadcrumb\",\"itemListElement\":[{\"@type\":\"ListItem\",\"position\":1,\"name\":\"Inicio\",\"item\":\"https:\/\/lapatriafutbolera.com.ar\/\"},{\"@type\":\"ListItem\",\"position\":2,\"name\":\"El \u00eddolo del arco (Maracanazo, 16 de julio)\"}]},{\"@type\":\"WebSite\",\"@id\":\"https:\/\/lapatriafutbolera.com.ar\/#website\",\"url\":\"https:\/\/lapatriafutbolera.com.ar\/\",\"name\":\"LA PATRIA FUTBOLERA\",\"description\":\"\",\"publisher\":{\"@id\":\"https:\/\/lapatriafutbolera.com.ar\/#organization\"},\"potentialAction\":[{\"@type\":\"SearchAction\",\"target\":{\"@type\":\"EntryPoint\",\"urlTemplate\":\"https:\/\/lapatriafutbolera.com.ar\/?s={search_term_string}\"},\"query-input\":\"required name=search_term_string\"}],\"inLanguage\":\"es-AR\"},{\"@type\":\"Organization\",\"@id\":\"https:\/\/lapatriafutbolera.com.ar\/#organization\",\"name\":\"LA PATRIA FUTBOLERA\",\"url\":\"https:\/\/lapatriafutbolera.com.ar\/\",\"sameAs\":[],\"logo\":{\"@type\":\"ImageObject\",\"inLanguage\":\"es-AR\",\"@id\":\"https:\/\/lapatriafutbolera.com.ar\/#\/schema\/logo\/image\/\",\"url\":\"https:\/\/lapatriafutbolera.com.ar\/wp-content\/uploads\/2025\/03\/cropped-LA-PATRIA-14.jpg\",\"contentUrl\":\"https:\/\/lapatriafutbolera.com.ar\/wp-content\/uploads\/2025\/03\/cropped-LA-PATRIA-14.jpg\",\"width\":1308,\"height\":221,\"caption\":\"LA PATRIA FUTBOLERA\"},\"image\":{\"@id\":\"https:\/\/lapatriafutbolera.com.ar\/#\/schema\/logo\/image\/\"}},{\"@type\":\"Person\",\"@id\":\"https:\/\/lapatriafutbolera.com.ar\/#\/schema\/person\/b678f896a0a50faecac575b8609d71aa\",\"name\":\"Ariel Scher\",\"image\":{\"@type\":\"ImageObject\",\"inLanguage\":\"es-AR\",\"@id\":\"https:\/\/lapatriafutbolera.com.ar\/#\/schema\/person\/image\/\",\"url\":\"https:\/\/secure.gravatar.com\/avatar\/76b3824675a40e45163a2a49107284188d784efa904c62a82e8b5cd2de313f08?s=96&d=mm&r=g\",\"contentUrl\":\"https:\/\/secure.gravatar.com\/avatar\/76b3824675a40e45163a2a49107284188d784efa904c62a82e8b5cd2de313f08?s=96&d=mm&r=g\",\"caption\":\"Ariel Scher\"},\"url\":\"https:\/\/lapatriafutbolera.com.ar\/index.php\/author\/ariel-scher\/\"}]}<\/script>\n<!-- \/ Yoast SEO plugin. -->","yoast_head_json":{"title":"El \u00eddolo del arco (Maracanazo, 16 de julio) - LA PATRIA FUTBOLERA","robots":{"index":"index","follow":"follow","max-snippet":"max-snippet:-1","max-image-preview":"max-image-preview:large","max-video-preview":"max-video-preview:-1"},"canonical":"https:\/\/lapatriafutbolera.com.ar\/index.php\/2024\/07\/16\/2119\/","og_locale":"es_ES","og_type":"article","og_title":"El \u00eddolo del arco (Maracanazo, 16 de julio) - LA PATRIA FUTBOLERA","og_description":"Ataja El Roto. A lo grande. Se estira desde su silla d\u00e9bil hasta la puerta...","og_url":"https:\/\/lapatriafutbolera.com.ar\/index.php\/2024\/07\/16\/2119\/","og_site_name":"LA PATRIA FUTBOLERA","article_published_time":"2024-07-16T15:47:41+00:00","article_modified_time":"2024-07-17T15:52:43+00:00","og_image":[{"width":720,"height":540,"url":"https:\/\/lapatriafutbolera.com.ar\/wp-content\/uploads\/2024\/07\/451481696_2820037581485254_7600054346785506962_n.jpg","type":"image\/jpeg"}],"author":"Ariel Scher","twitter_card":"summary_large_image","twitter_misc":{"Escrito por":"Ariel Scher","Tiempo de lectura":"4 minutos"},"schema":{"@context":"https:\/\/schema.org","@graph":[{"@type":"Article","@id":"https:\/\/lapatriafutbolera.com.ar\/index.php\/2024\/07\/16\/2119\/#article","isPartOf":{"@id":"https:\/\/lapatriafutbolera.com.ar\/index.php\/2024\/07\/16\/2119\/"},"author":{"name":"Ariel Scher","@id":"https:\/\/lapatriafutbolera.com.ar\/#\/schema\/person\/b678f896a0a50faecac575b8609d71aa"},"headline":"El \u00eddolo del arco (Maracanazo, 16 de julio)","datePublished":"2024-07-16T15:47:41+00:00","dateModified":"2024-07-17T15:52:43+00:00","mainEntityOfPage":{"@id":"https:\/\/lapatriafutbolera.com.ar\/index.php\/2024\/07\/16\/2119\/"},"wordCount":757,"commentCount":0,"publisher":{"@id":"https:\/\/lapatriafutbolera.com.ar\/#organization"},"articleSection":["El Tipo que marca, juega y escribe"],"inLanguage":"es-AR","potentialAction":[{"@type":"CommentAction","name":"Comment","target":["https:\/\/lapatriafutbolera.com.ar\/index.php\/2024\/07\/16\/2119\/#respond"]}]},{"@type":"WebPage","@id":"https:\/\/lapatriafutbolera.com.ar\/index.php\/2024\/07\/16\/2119\/","url":"https:\/\/lapatriafutbolera.com.ar\/index.php\/2024\/07\/16\/2119\/","name":"El \u00eddolo del arco (Maracanazo, 16 de julio) - LA PATRIA FUTBOLERA","isPartOf":{"@id":"https:\/\/lapatriafutbolera.com.ar\/#website"},"datePublished":"2024-07-16T15:47:41+00:00","dateModified":"2024-07-17T15:52:43+00:00","breadcrumb":{"@id":"https:\/\/lapatriafutbolera.com.ar\/index.php\/2024\/07\/16\/2119\/#breadcrumb"},"inLanguage":"es-AR","potentialAction":[{"@type":"ReadAction","target":["https:\/\/lapatriafutbolera.com.ar\/index.php\/2024\/07\/16\/2119\/"]}]},{"@type":"BreadcrumbList","@id":"https:\/\/lapatriafutbolera.com.ar\/index.php\/2024\/07\/16\/2119\/#breadcrumb","itemListElement":[{"@type":"ListItem","position":1,"name":"Inicio","item":"https:\/\/lapatriafutbolera.com.ar\/"},{"@type":"ListItem","position":2,"name":"El \u00eddolo del arco (Maracanazo, 16 de julio)"}]},{"@type":"WebSite","@id":"https:\/\/lapatriafutbolera.com.ar\/#website","url":"https:\/\/lapatriafutbolera.com.ar\/","name":"LA PATRIA FUTBOLERA","description":"","publisher":{"@id":"https:\/\/lapatriafutbolera.com.ar\/#organization"},"potentialAction":[{"@type":"SearchAction","target":{"@type":"EntryPoint","urlTemplate":"https:\/\/lapatriafutbolera.com.ar\/?s={search_term_string}"},"query-input":"required name=search_term_string"}],"inLanguage":"es-AR"},{"@type":"Organization","@id":"https:\/\/lapatriafutbolera.com.ar\/#organization","name":"LA PATRIA FUTBOLERA","url":"https:\/\/lapatriafutbolera.com.ar\/","sameAs":[],"logo":{"@type":"ImageObject","inLanguage":"es-AR","@id":"https:\/\/lapatriafutbolera.com.ar\/#\/schema\/logo\/image\/","url":"https:\/\/lapatriafutbolera.com.ar\/wp-content\/uploads\/2025\/03\/cropped-LA-PATRIA-14.jpg","contentUrl":"https:\/\/lapatriafutbolera.com.ar\/wp-content\/uploads\/2025\/03\/cropped-LA-PATRIA-14.jpg","width":1308,"height":221,"caption":"LA PATRIA FUTBOLERA"},"image":{"@id":"https:\/\/lapatriafutbolera.com.ar\/#\/schema\/logo\/image\/"}},{"@type":"Person","@id":"https:\/\/lapatriafutbolera.com.ar\/#\/schema\/person\/b678f896a0a50faecac575b8609d71aa","name":"Ariel Scher","image":{"@type":"ImageObject","inLanguage":"es-AR","@id":"https:\/\/lapatriafutbolera.com.ar\/#\/schema\/person\/image\/","url":"https:\/\/secure.gravatar.com\/avatar\/76b3824675a40e45163a2a49107284188d784efa904c62a82e8b5cd2de313f08?s=96&d=mm&r=g","contentUrl":"https:\/\/secure.gravatar.com\/avatar\/76b3824675a40e45163a2a49107284188d784efa904c62a82e8b5cd2de313f08?s=96&d=mm&r=g","caption":"Ariel Scher"},"url":"https:\/\/lapatriafutbolera.com.ar\/index.php\/author\/ariel-scher\/"}]}},"_links":{"self":[{"href":"https:\/\/lapatriafutbolera.com.ar\/index.php\/wp-json\/wp\/v2\/posts\/2119","targetHints":{"allow":["GET"]}}],"collection":[{"href":"https:\/\/lapatriafutbolera.com.ar\/index.php\/wp-json\/wp\/v2\/posts"}],"about":[{"href":"https:\/\/lapatriafutbolera.com.ar\/index.php\/wp-json\/wp\/v2\/types\/post"}],"author":[{"embeddable":true,"href":"https:\/\/lapatriafutbolera.com.ar\/index.php\/wp-json\/wp\/v2\/users\/10"}],"replies":[{"embeddable":true,"href":"https:\/\/lapatriafutbolera.com.ar\/index.php\/wp-json\/wp\/v2\/comments?post=2119"}],"version-history":[{"count":5,"href":"https:\/\/lapatriafutbolera.com.ar\/index.php\/wp-json\/wp\/v2\/posts\/2119\/revisions"}],"predecessor-version":[{"id":2126,"href":"https:\/\/lapatriafutbolera.com.ar\/index.php\/wp-json\/wp\/v2\/posts\/2119\/revisions\/2126"}],"wp:featuredmedia":[{"embeddable":true,"href":"https:\/\/lapatriafutbolera.com.ar\/index.php\/wp-json\/wp\/v2\/media\/2120"}],"wp:attachment":[{"href":"https:\/\/lapatriafutbolera.com.ar\/index.php\/wp-json\/wp\/v2\/media?parent=2119"}],"wp:term":[{"taxonomy":"category","embeddable":true,"href":"https:\/\/lapatriafutbolera.com.ar\/index.php\/wp-json\/wp\/v2\/categories?post=2119"},{"taxonomy":"post_tag","embeddable":true,"href":"https:\/\/lapatriafutbolera.com.ar\/index.php\/wp-json\/wp\/v2\/tags?post=2119"}],"curies":[{"name":"wp","href":"https:\/\/api.w.org\/{rel}","templated":true}]}}