{"id":212,"date":"2022-08-26T10:58:20","date_gmt":"2022-08-26T13:58:20","guid":{"rendered":"https:\/\/lapatriafutbolera.com.ar\/?p=212"},"modified":"2022-08-30T08:49:59","modified_gmt":"2022-08-30T11:49:59","slug":"lothar-mathaws-dono-la-camiseta-que-cambio-con-diego-en-la-final-de-mexico-86","status":"publish","type":"post","link":"https:\/\/lapatriafutbolera.com.ar\/index.php\/2022\/08\/26\/lothar-mathaws-dono-la-camiseta-que-cambio-con-diego-en-la-final-de-mexico-86\/","title":{"rendered":"Lothar Math\u00e4ws dono la camiseta que cambio con Diego en la final de M\u00e9xico &#8217;86"},"content":{"rendered":"\n<p>El alem\u00e1n\u00a0<strong>Lothar Matth\u00e4us entreg\u00f3 este jueves a Legends<\/strong>, la mayor colecci\u00f3n de reliquias del f\u00fatbol internacional,\u00a0<strong>la camiseta con la que Diego Armando Maradona disput\u00f3 la final del Mundial de M\u00e9xico 1986<\/strong>\u00a0de la que sali\u00f3 campe\u00f3n.<\/p>\n\n\n\n<figure class=\"wp-block-image size-full\"><img loading=\"lazy\" decoding=\"async\" width=\"862\" height=\"485\" src=\"https:\/\/lapatriafutbolera.com.ar\/wp-content\/uploads\/2022\/08\/camiseta-maradona_862x485-1.webp\" alt=\"\" class=\"wp-image-217\" srcset=\"https:\/\/lapatriafutbolera.com.ar\/wp-content\/uploads\/2022\/08\/camiseta-maradona_862x485-1.webp 862w, https:\/\/lapatriafutbolera.com.ar\/wp-content\/uploads\/2022\/08\/camiseta-maradona_862x485-1-300x169.webp 300w, https:\/\/lapatriafutbolera.com.ar\/wp-content\/uploads\/2022\/08\/camiseta-maradona_862x485-1-768x432.webp 768w\" sizes=\"auto, (max-width: 862px) 100vw, 862px\" \/><figcaption><strong><em>El coleccionista Marcelo Ordaz y el ex capitan de la Seleccion de Alemania aplauden el descubrimiento de la reliquia.<\/em><\/strong><\/figcaption><\/figure>\n\n\n\n<p><em>\u201cEsta reliquia tan importante va a tener un lugar perfecto en este museo.\u00a0<strong>Diego Maradona no ha sido solo una leyenda muy grande del f\u00fatbol, creci\u00f3 una amistad entre nosotros. Era \u00fanico, no cabe duda, en todo el mundo es reconocido Diego como leyenda y por eso me llena de orgullo estar aqu\u00ed hoy<\/strong>\u201d<\/em>, dijo Matth\u00e4us en el acto de entrega llevado a cabo en la embajada de la Rep\u00fablica Argentina en Espa\u00f1a.<\/p>\n\n\n\n<p><em>\u201cSiempre ha sido un gran honor jugar contra \u00e9l porque, sencillamente, era el mejor; no solo como jugador, tambi\u00e9n como ser humano ha sido una persona muy importante para m\u00ed. Es una pena que no est\u00e9 aqu\u00ed hoy, pero Diego va a estar siempre presente en nuestros corazones y ahora tambi\u00e9n en el museo\u201d<\/em>, continu\u00f3.<\/p>\n\n\n\n<p>Un proyecto de Legends que aterrizar\u00e1 en Madrid pr\u00f3ximamente, en un edificio en la Puerta del Sol de 4.200 metros cuadrados y siete pisos, con una muestra de objetos expuestos de los cuatro mil que atesora Marcelo Ord\u00e1s, impulsor de esta iniciativa que comenz\u00f3 a fraguar hace treinta a\u00f1os.<\/p>\n\n\n\n<p><em>\u201cHoy es un d\u00eda de much\u00edsima felicidad, alegr\u00eda y agradecimiento. Las batallas por los patrimonios culturales son la \u00e9pica de una sociedad que lucha por conservar su cultura, identidad valores e historia; y eso es lo que estamos haciendo ac\u00e1\u201d<\/em>, coment\u00f3.\u00a0<\/p>\n\n\n\n<p>El evento estuvo conducido por\u00a0<strong>V\u00edctor Hugo Morales<\/strong>, hist\u00f3rico periodista argentino que narr\u00f3 las gestas de Maradona.\u00a0<em>\u201cComo periodista tuve la fortuna de estar all\u00ed. Para Diego, M\u00e9xico 86 fue la culminaci\u00f3n. La palabra leyenda parece haber sido creada para un personaje: el de Diego Armando Maradona. \u00c9l pens\u00f3 que quiz\u00e1 no pod\u00eda ser feliz, pero s\u00ed nos pod\u00eda hacer felices a nosotros\u201d<\/em>, arranc\u00f3 con unas emotivas palabras.<\/p>\n\n\n\n<figure class=\"wp-block-image size-full\"><img loading=\"lazy\" decoding=\"async\" width=\"960\" height=\"640\" src=\"https:\/\/lapatriafutbolera.com.ar\/wp-content\/uploads\/2022\/08\/623868-623868-5305ecafe685174a47da825265a33a6184084355-0.jpg\" alt=\"\" class=\"wp-image-219\" srcset=\"https:\/\/lapatriafutbolera.com.ar\/wp-content\/uploads\/2022\/08\/623868-623868-5305ecafe685174a47da825265a33a6184084355-0.jpg 960w, https:\/\/lapatriafutbolera.com.ar\/wp-content\/uploads\/2022\/08\/623868-623868-5305ecafe685174a47da825265a33a6184084355-0-300x200.jpg 300w, https:\/\/lapatriafutbolera.com.ar\/wp-content\/uploads\/2022\/08\/623868-623868-5305ecafe685174a47da825265a33a6184084355-0-768x512.jpg 768w\" sizes=\"auto, (max-width: 960px) 100vw, 960px\" \/><figcaption><em style=\"\"><b>V\u00edctor Hugo Morales, ic\u00f3nico relator de las haza\u00f1as de Diego en Mexico&#8217;86, anunciando la <\/b><\/em><strong><em>exhibici\u00f3n de la camiseta 10.<\/em><\/strong><\/figcaption><\/figure>\n\n\n\n<p>El anfitri\u00f3n fue\u00a0<strong>Ricardo Alfons\u00edn<\/strong>, embajador de la Rep\u00fablica Argentina:\u00a0<em>\u201cYo simplemente tengo que agradecer que nos hayan permitido participar de este evento y a Matth\u00e4us por haber donado desinteresadamente la camiseta de Maradona, su gesto habla de su esp\u00edritu deportivo y su amor por el f\u00fatbol. Es una gran alegr\u00eda para todos poder contar con esta camiseta\u201d<\/em>, valor\u00f3.<\/p>\n\n\n\n<figure class=\"wp-block-image size-full\"><img loading=\"lazy\" decoding=\"async\" width=\"862\" height=\"576\" src=\"https:\/\/lapatriafutbolera.com.ar\/wp-content\/uploads\/2022\/08\/matthaus_w862.webp\" alt=\"\" class=\"wp-image-216\" srcset=\"https:\/\/lapatriafutbolera.com.ar\/wp-content\/uploads\/2022\/08\/matthaus_w862.webp 862w, https:\/\/lapatriafutbolera.com.ar\/wp-content\/uploads\/2022\/08\/matthaus_w862-300x200.webp 300w, https:\/\/lapatriafutbolera.com.ar\/wp-content\/uploads\/2022\/08\/matthaus_w862-768x513.webp 768w\" sizes=\"auto, (max-width: 862px) 100vw, 862px\" \/><figcaption>El Embajador Argentino en Espa\u00f1a, Ricardo Alfonsi, distingue con una plaqueta a Lothar Math\u00e4ws por su contribuci\u00f3n.<\/figcaption><\/figure>\n\n\n\n<p>Por su parte,<strong>&nbsp;Claudio Tapia<\/strong>, presidente de la AFA, no pudo estar presente y envi\u00f3 un v\u00eddeo:<em>&nbsp;\u201cQuiero agradecerte Marcelo por este enorme gesto de conseguir la armadura de Maradona que significa tanto para Argentina. Lothar, agradecerte el gesto de haber donado esta camiseta\u201d<\/em>, dijo.<\/p>\n\n\n\n<p>El evento cont\u00f3 tambi\u00e9n con la presencia de \u00d3scar Mayo, director general de LaLiga, quien apoya la iniciativa de Legends.<\/p>\n\n\n\n<p><em>\u201cHace justo un a\u00f1o nos hablaron del proyecto de Legends.&nbsp;<strong>La camiseta de Maradona es un aut\u00e9ntico tesoro,<\/strong>&nbsp;como el resto de reliquias, y no dudamos ni un solo segundo en hacer lo que hiciera falta junto a Marcelo para construir una experiencia del f\u00fatbol en Madrid y acompa\u00f1arlo en su trayectoria internacional\u201d<\/em>, asegur\u00f3.<\/p>\n","protected":false},"excerpt":{"rendered":"<p>El alem\u00e1n\u00a0Lothar Matth\u00e4us entreg\u00f3 este jueves a Legends, la mayor colecci\u00f3n de reliquias del f\u00fatbol&#8230;<\/p>\n","protected":false},"author":3,"featured_media":218,"comment_status":"open","ping_status":"open","sticky":false,"template":"","format":"standard","meta":{"footnotes":""},"categories":[12],"tags":[],"class_list":["post-212","post","type-post","status-publish","format-standard","has-post-thumbnail","hentry","category-maradoneando"],"yoast_head":"<!-- This site is optimized with the Yoast SEO plugin v19.5.1 - https:\/\/yoast.com\/wordpress\/plugins\/seo\/ -->\n<title>Lothar Math\u00e4ws dono la camiseta que cambio con Diego en la final de M\u00e9xico &#039;86 - LA PATRIA FUTBOLERA<\/title>\n<meta name=\"robots\" content=\"index, follow, max-snippet:-1, max-image-preview:large, max-video-preview:-1\" \/>\n<link rel=\"canonical\" href=\"https:\/\/lapatriafutbolera.com.ar\/index.php\/2022\/08\/26\/lothar-mathaws-dono-la-camiseta-que-cambio-con-diego-en-la-final-de-mexico-86\/\" \/>\n<meta property=\"og:locale\" content=\"es_ES\" \/>\n<meta property=\"og:type\" content=\"article\" \/>\n<meta property=\"og:title\" content=\"Lothar Math\u00e4ws dono la camiseta que cambio con Diego en la final de M\u00e9xico &#039;86 - LA PATRIA FUTBOLERA\" \/>\n<meta property=\"og:description\" content=\"El alem\u00e1n\u00a0Lothar Matth\u00e4us entreg\u00f3 este jueves a Legends, la mayor colecci\u00f3n de reliquias del f\u00fatbol...\" \/>\n<meta property=\"og:url\" content=\"https:\/\/lapatriafutbolera.com.ar\/index.php\/2022\/08\/26\/lothar-mathaws-dono-la-camiseta-que-cambio-con-diego-en-la-final-de-mexico-86\/\" \/>\n<meta property=\"og:site_name\" content=\"LA PATRIA FUTBOLERA\" \/>\n<meta property=\"article:published_time\" content=\"2022-08-26T13:58:20+00:00\" \/>\n<meta property=\"article:modified_time\" content=\"2022-08-30T11:49:59+00:00\" \/>\n<meta property=\"og:image\" content=\"https:\/\/lapatriafutbolera.com.ar\/wp-content\/uploads\/2022\/08\/67da7a05825b0ce5c5fc1cfa2e7c5334.jpg\" \/>\n\t<meta property=\"og:image:width\" content=\"1024\" \/>\n\t<meta property=\"og:image:height\" content=\"694\" \/>\n\t<meta property=\"og:image:type\" content=\"image\/jpeg\" \/>\n<meta name=\"author\" content=\"Mart\u00edn Ripari\" \/>\n<meta name=\"twitter:card\" content=\"summary_large_image\" \/>\n<meta name=\"twitter:label1\" content=\"Escrito por\" \/>\n\t<meta name=\"twitter:data1\" content=\"Mart\u00edn Ripari\" \/>\n\t<meta name=\"twitter:label2\" content=\"Tiempo de lectura\" \/>\n\t<meta name=\"twitter:data2\" content=\"4 minutos\" \/>\n<script type=\"application\/ld+json\" class=\"yoast-schema-graph\">{\"@context\":\"https:\/\/schema.org\",\"@graph\":[{\"@type\":\"Article\",\"@id\":\"https:\/\/lapatriafutbolera.com.ar\/index.php\/2022\/08\/26\/lothar-mathaws-dono-la-camiseta-que-cambio-con-diego-en-la-final-de-mexico-86\/#article\",\"isPartOf\":{\"@id\":\"https:\/\/lapatriafutbolera.com.ar\/index.php\/2022\/08\/26\/lothar-mathaws-dono-la-camiseta-que-cambio-con-diego-en-la-final-de-mexico-86\/\"},\"author\":{\"name\":\"Mart\u00edn Ripari\",\"@id\":\"https:\/\/lapatriafutbolera.com.ar\/#\/schema\/person\/dc3d1ee3d5b1b3798150a5bbc781935d\"},\"headline\":\"Lothar Math\u00e4ws dono la camiseta que cambio con Diego en la final de M\u00e9xico &#8217;86\",\"datePublished\":\"2022-08-26T13:58:20+00:00\",\"dateModified\":\"2022-08-30T11:49:59+00:00\",\"mainEntityOfPage\":{\"@id\":\"https:\/\/lapatriafutbolera.com.ar\/index.php\/2022\/08\/26\/lothar-mathaws-dono-la-camiseta-que-cambio-con-diego-en-la-final-de-mexico-86\/\"},\"wordCount\":618,\"commentCount\":0,\"publisher\":{\"@id\":\"https:\/\/lapatriafutbolera.com.ar\/#organization\"},\"articleSection\":[\"Maradoneando\"],\"inLanguage\":\"es-AR\",\"potentialAction\":[{\"@type\":\"CommentAction\",\"name\":\"Comment\",\"target\":[\"https:\/\/lapatriafutbolera.com.ar\/index.php\/2022\/08\/26\/lothar-mathaws-dono-la-camiseta-que-cambio-con-diego-en-la-final-de-mexico-86\/#respond\"]}]},{\"@type\":\"WebPage\",\"@id\":\"https:\/\/lapatriafutbolera.com.ar\/index.php\/2022\/08\/26\/lothar-mathaws-dono-la-camiseta-que-cambio-con-diego-en-la-final-de-mexico-86\/\",\"url\":\"https:\/\/lapatriafutbolera.com.ar\/index.php\/2022\/08\/26\/lothar-mathaws-dono-la-camiseta-que-cambio-con-diego-en-la-final-de-mexico-86\/\",\"name\":\"Lothar Math\u00e4ws dono la camiseta que cambio con Diego en la final de M\u00e9xico '86 - LA PATRIA FUTBOLERA\",\"isPartOf\":{\"@id\":\"https:\/\/lapatriafutbolera.com.ar\/#website\"},\"datePublished\":\"2022-08-26T13:58:20+00:00\",\"dateModified\":\"2022-08-30T11:49:59+00:00\",\"breadcrumb\":{\"@id\":\"https:\/\/lapatriafutbolera.com.ar\/index.php\/2022\/08\/26\/lothar-mathaws-dono-la-camiseta-que-cambio-con-diego-en-la-final-de-mexico-86\/#breadcrumb\"},\"inLanguage\":\"es-AR\",\"potentialAction\":[{\"@type\":\"ReadAction\",\"target\":[\"https:\/\/lapatriafutbolera.com.ar\/index.php\/2022\/08\/26\/lothar-mathaws-dono-la-camiseta-que-cambio-con-diego-en-la-final-de-mexico-86\/\"]}]},{\"@type\":\"BreadcrumbList\",\"@id\":\"https:\/\/lapatriafutbolera.com.ar\/index.php\/2022\/08\/26\/lothar-mathaws-dono-la-camiseta-que-cambio-con-diego-en-la-final-de-mexico-86\/#breadcrumb\",\"itemListElement\":[{\"@type\":\"ListItem\",\"position\":1,\"name\":\"Inicio\",\"item\":\"https:\/\/lapatriafutbolera.com.ar\/\"},{\"@type\":\"ListItem\",\"position\":2,\"name\":\"Lothar Math\u00e4ws dono la camiseta que cambio con Diego en la final de M\u00e9xico &#8217;86\"}]},{\"@type\":\"WebSite\",\"@id\":\"https:\/\/lapatriafutbolera.com.ar\/#website\",\"url\":\"https:\/\/lapatriafutbolera.com.ar\/\",\"name\":\"LA PATRIA FUTBOLERA\",\"description\":\"\",\"publisher\":{\"@id\":\"https:\/\/lapatriafutbolera.com.ar\/#organization\"},\"potentialAction\":[{\"@type\":\"SearchAction\",\"target\":{\"@type\":\"EntryPoint\",\"urlTemplate\":\"https:\/\/lapatriafutbolera.com.ar\/?s={search_term_string}\"},\"query-input\":\"required name=search_term_string\"}],\"inLanguage\":\"es-AR\"},{\"@type\":\"Organization\",\"@id\":\"https:\/\/lapatriafutbolera.com.ar\/#organization\",\"name\":\"LA PATRIA FUTBOLERA\",\"url\":\"https:\/\/lapatriafutbolera.com.ar\/\",\"sameAs\":[],\"logo\":{\"@type\":\"ImageObject\",\"inLanguage\":\"es-AR\",\"@id\":\"https:\/\/lapatriafutbolera.com.ar\/#\/schema\/logo\/image\/\",\"url\":\"https:\/\/lapatriafutbolera.com.ar\/wp-content\/uploads\/2025\/03\/cropped-LA-PATRIA-14.jpg\",\"contentUrl\":\"https:\/\/lapatriafutbolera.com.ar\/wp-content\/uploads\/2025\/03\/cropped-LA-PATRIA-14.jpg\",\"width\":1308,\"height\":221,\"caption\":\"LA PATRIA FUTBOLERA\"},\"image\":{\"@id\":\"https:\/\/lapatriafutbolera.com.ar\/#\/schema\/logo\/image\/\"}},{\"@type\":\"Person\",\"@id\":\"https:\/\/lapatriafutbolera.com.ar\/#\/schema\/person\/dc3d1ee3d5b1b3798150a5bbc781935d\",\"name\":\"Mart\u00edn Ripari\",\"image\":{\"@type\":\"ImageObject\",\"inLanguage\":\"es-AR\",\"@id\":\"https:\/\/lapatriafutbolera.com.ar\/#\/schema\/person\/image\/\",\"url\":\"https:\/\/secure.gravatar.com\/avatar\/0db7df26707fd8adc2b24ae87259322b0aea8d9eaf092366b1d208b0b180ee7e?s=96&d=mm&r=g\",\"contentUrl\":\"https:\/\/secure.gravatar.com\/avatar\/0db7df26707fd8adc2b24ae87259322b0aea8d9eaf092366b1d208b0b180ee7e?s=96&d=mm&r=g\",\"caption\":\"Mart\u00edn Ripari\"},\"url\":\"https:\/\/lapatriafutbolera.com.ar\/index.php\/author\/martin-ripari\/\"}]}<\/script>\n<!-- \/ Yoast SEO plugin. -->","yoast_head_json":{"title":"Lothar Math\u00e4ws dono la camiseta que cambio con Diego en la final de M\u00e9xico '86 - LA PATRIA FUTBOLERA","robots":{"index":"index","follow":"follow","max-snippet":"max-snippet:-1","max-image-preview":"max-image-preview:large","max-video-preview":"max-video-preview:-1"},"canonical":"https:\/\/lapatriafutbolera.com.ar\/index.php\/2022\/08\/26\/lothar-mathaws-dono-la-camiseta-que-cambio-con-diego-en-la-final-de-mexico-86\/","og_locale":"es_ES","og_type":"article","og_title":"Lothar Math\u00e4ws dono la camiseta que cambio con Diego en la final de M\u00e9xico '86 - LA PATRIA FUTBOLERA","og_description":"El alem\u00e1n\u00a0Lothar Matth\u00e4us entreg\u00f3 este jueves a Legends, la mayor colecci\u00f3n de reliquias del f\u00fatbol...","og_url":"https:\/\/lapatriafutbolera.com.ar\/index.php\/2022\/08\/26\/lothar-mathaws-dono-la-camiseta-que-cambio-con-diego-en-la-final-de-mexico-86\/","og_site_name":"LA PATRIA FUTBOLERA","article_published_time":"2022-08-26T13:58:20+00:00","article_modified_time":"2022-08-30T11:49:59+00:00","og_image":[{"width":1024,"height":694,"url":"https:\/\/lapatriafutbolera.com.ar\/wp-content\/uploads\/2022\/08\/67da7a05825b0ce5c5fc1cfa2e7c5334.jpg","type":"image\/jpeg"}],"author":"Mart\u00edn Ripari","twitter_card":"summary_large_image","twitter_misc":{"Escrito por":"Mart\u00edn Ripari","Tiempo de lectura":"4 minutos"},"schema":{"@context":"https:\/\/schema.org","@graph":[{"@type":"Article","@id":"https:\/\/lapatriafutbolera.com.ar\/index.php\/2022\/08\/26\/lothar-mathaws-dono-la-camiseta-que-cambio-con-diego-en-la-final-de-mexico-86\/#article","isPartOf":{"@id":"https:\/\/lapatriafutbolera.com.ar\/index.php\/2022\/08\/26\/lothar-mathaws-dono-la-camiseta-que-cambio-con-diego-en-la-final-de-mexico-86\/"},"author":{"name":"Mart\u00edn Ripari","@id":"https:\/\/lapatriafutbolera.com.ar\/#\/schema\/person\/dc3d1ee3d5b1b3798150a5bbc781935d"},"headline":"Lothar Math\u00e4ws dono la camiseta que cambio con Diego en la final de M\u00e9xico &#8217;86","datePublished":"2022-08-26T13:58:20+00:00","dateModified":"2022-08-30T11:49:59+00:00","mainEntityOfPage":{"@id":"https:\/\/lapatriafutbolera.com.ar\/index.php\/2022\/08\/26\/lothar-mathaws-dono-la-camiseta-que-cambio-con-diego-en-la-final-de-mexico-86\/"},"wordCount":618,"commentCount":0,"publisher":{"@id":"https:\/\/lapatriafutbolera.com.ar\/#organization"},"articleSection":["Maradoneando"],"inLanguage":"es-AR","potentialAction":[{"@type":"CommentAction","name":"Comment","target":["https:\/\/lapatriafutbolera.com.ar\/index.php\/2022\/08\/26\/lothar-mathaws-dono-la-camiseta-que-cambio-con-diego-en-la-final-de-mexico-86\/#respond"]}]},{"@type":"WebPage","@id":"https:\/\/lapatriafutbolera.com.ar\/index.php\/2022\/08\/26\/lothar-mathaws-dono-la-camiseta-que-cambio-con-diego-en-la-final-de-mexico-86\/","url":"https:\/\/lapatriafutbolera.com.ar\/index.php\/2022\/08\/26\/lothar-mathaws-dono-la-camiseta-que-cambio-con-diego-en-la-final-de-mexico-86\/","name":"Lothar Math\u00e4ws dono la camiseta que cambio con Diego en la final de M\u00e9xico '86 - LA PATRIA FUTBOLERA","isPartOf":{"@id":"https:\/\/lapatriafutbolera.com.ar\/#website"},"datePublished":"2022-08-26T13:58:20+00:00","dateModified":"2022-08-30T11:49:59+00:00","breadcrumb":{"@id":"https:\/\/lapatriafutbolera.com.ar\/index.php\/2022\/08\/26\/lothar-mathaws-dono-la-camiseta-que-cambio-con-diego-en-la-final-de-mexico-86\/#breadcrumb"},"inLanguage":"es-AR","potentialAction":[{"@type":"ReadAction","target":["https:\/\/lapatriafutbolera.com.ar\/index.php\/2022\/08\/26\/lothar-mathaws-dono-la-camiseta-que-cambio-con-diego-en-la-final-de-mexico-86\/"]}]},{"@type":"BreadcrumbList","@id":"https:\/\/lapatriafutbolera.com.ar\/index.php\/2022\/08\/26\/lothar-mathaws-dono-la-camiseta-que-cambio-con-diego-en-la-final-de-mexico-86\/#breadcrumb","itemListElement":[{"@type":"ListItem","position":1,"name":"Inicio","item":"https:\/\/lapatriafutbolera.com.ar\/"},{"@type":"ListItem","position":2,"name":"Lothar Math\u00e4ws dono la camiseta que cambio con Diego en la final de M\u00e9xico &#8217;86"}]},{"@type":"WebSite","@id":"https:\/\/lapatriafutbolera.com.ar\/#website","url":"https:\/\/lapatriafutbolera.com.ar\/","name":"LA PATRIA FUTBOLERA","description":"","publisher":{"@id":"https:\/\/lapatriafutbolera.com.ar\/#organization"},"potentialAction":[{"@type":"SearchAction","target":{"@type":"EntryPoint","urlTemplate":"https:\/\/lapatriafutbolera.com.ar\/?s={search_term_string}"},"query-input":"required name=search_term_string"}],"inLanguage":"es-AR"},{"@type":"Organization","@id":"https:\/\/lapatriafutbolera.com.ar\/#organization","name":"LA PATRIA FUTBOLERA","url":"https:\/\/lapatriafutbolera.com.ar\/","sameAs":[],"logo":{"@type":"ImageObject","inLanguage":"es-AR","@id":"https:\/\/lapatriafutbolera.com.ar\/#\/schema\/logo\/image\/","url":"https:\/\/lapatriafutbolera.com.ar\/wp-content\/uploads\/2025\/03\/cropped-LA-PATRIA-14.jpg","contentUrl":"https:\/\/lapatriafutbolera.com.ar\/wp-content\/uploads\/2025\/03\/cropped-LA-PATRIA-14.jpg","width":1308,"height":221,"caption":"LA PATRIA FUTBOLERA"},"image":{"@id":"https:\/\/lapatriafutbolera.com.ar\/#\/schema\/logo\/image\/"}},{"@type":"Person","@id":"https:\/\/lapatriafutbolera.com.ar\/#\/schema\/person\/dc3d1ee3d5b1b3798150a5bbc781935d","name":"Mart\u00edn Ripari","image":{"@type":"ImageObject","inLanguage":"es-AR","@id":"https:\/\/lapatriafutbolera.com.ar\/#\/schema\/person\/image\/","url":"https:\/\/secure.gravatar.com\/avatar\/0db7df26707fd8adc2b24ae87259322b0aea8d9eaf092366b1d208b0b180ee7e?s=96&d=mm&r=g","contentUrl":"https:\/\/secure.gravatar.com\/avatar\/0db7df26707fd8adc2b24ae87259322b0aea8d9eaf092366b1d208b0b180ee7e?s=96&d=mm&r=g","caption":"Mart\u00edn Ripari"},"url":"https:\/\/lapatriafutbolera.com.ar\/index.php\/author\/martin-ripari\/"}]}},"_links":{"self":[{"href":"https:\/\/lapatriafutbolera.com.ar\/index.php\/wp-json\/wp\/v2\/posts\/212","targetHints":{"allow":["GET"]}}],"collection":[{"href":"https:\/\/lapatriafutbolera.com.ar\/index.php\/wp-json\/wp\/v2\/posts"}],"about":[{"href":"https:\/\/lapatriafutbolera.com.ar\/index.php\/wp-json\/wp\/v2\/types\/post"}],"author":[{"embeddable":true,"href":"https:\/\/lapatriafutbolera.com.ar\/index.php\/wp-json\/wp\/v2\/users\/3"}],"replies":[{"embeddable":true,"href":"https:\/\/lapatriafutbolera.com.ar\/index.php\/wp-json\/wp\/v2\/comments?post=212"}],"version-history":[{"count":1,"href":"https:\/\/lapatriafutbolera.com.ar\/index.php\/wp-json\/wp\/v2\/posts\/212\/revisions"}],"predecessor-version":[{"id":220,"href":"https:\/\/lapatriafutbolera.com.ar\/index.php\/wp-json\/wp\/v2\/posts\/212\/revisions\/220"}],"wp:featuredmedia":[{"embeddable":true,"href":"https:\/\/lapatriafutbolera.com.ar\/index.php\/wp-json\/wp\/v2\/media\/218"}],"wp:attachment":[{"href":"https:\/\/lapatriafutbolera.com.ar\/index.php\/wp-json\/wp\/v2\/media?parent=212"}],"wp:term":[{"taxonomy":"category","embeddable":true,"href":"https:\/\/lapatriafutbolera.com.ar\/index.php\/wp-json\/wp\/v2\/categories?post=212"},{"taxonomy":"post_tag","embeddable":true,"href":"https:\/\/lapatriafutbolera.com.ar\/index.php\/wp-json\/wp\/v2\/tags?post=212"}],"curies":[{"name":"wp","href":"https:\/\/api.w.org\/{rel}","templated":true}]}}