{"id":2176,"date":"2024-08-14T09:39:00","date_gmt":"2024-08-14T12:39:00","guid":{"rendered":"https:\/\/lapatriafutbolera.com.ar\/?p=2176"},"modified":"2024-08-20T21:56:50","modified_gmt":"2024-08-21T00:56:50","slug":"se-escapo-por-poco","status":"publish","type":"post","link":"https:\/\/lapatriafutbolera.com.ar\/index.php\/2024\/08\/14\/se-escapo-por-poco\/","title":{"rendered":"Se escap\u00f3 por poco"},"content":{"rendered":"\n<h4 class=\"wp-block-heading\">El Club Atl\u00e9tico San Lorenzo de Almagro y el Clube Atl\u00e9tico Mineiro disputaron la ida de los octavos de final de la copa libertadores 2024. El partido se jugo en el Nuevo Gasometro y finaliz\u00f3 empatado en un gol.<\/h4>\n\n\n\n<p><br>El equipo local comenz\u00f3 jugando mejor y creando mayor cantidad de Ocasiones (adem\u00e1s teniendo la pelota en la mitad de la cancha y buscando retener la posesi\u00f3n)<br><\/p>\n\n\n\n<h4 class=\"wp-block-heading\">El Gol de Cuello para el 1 a 0 parcial<br><\/h4>\n\n\n\n<figure class=\"wp-block-image size-full is-resized\"><img loading=\"lazy\" decoding=\"async\" width=\"720\" height=\"527\" src=\"https:\/\/lapatriafutbolera.com.ar\/wp-content\/uploads\/2024\/08\/V4ksscsPD_720x0__1.jpg\" alt=\"\" class=\"wp-image-2177\" style=\"width:833px;height:auto\" srcset=\"https:\/\/lapatriafutbolera.com.ar\/wp-content\/uploads\/2024\/08\/V4ksscsPD_720x0__1.jpg 720w, https:\/\/lapatriafutbolera.com.ar\/wp-content\/uploads\/2024\/08\/V4ksscsPD_720x0__1-300x220.jpg 300w\" sizes=\"auto, (max-width: 720px) 100vw, 720px\" \/><figcaption class=\"wp-element-caption\">Cuello se cuelga del alambrado para gritar su gol. Se suman Tripicchio y Leguizamon al festejo.<\/figcaption><\/figure>\n\n\n\n<p>En el minuto 16, el joven fichaje Reali recupero la pelota en la salida del equipo brasile\u00f1o y puso un centro al \u00e1rea luego de desbordar para su compa\u00f1ero Cuello, quien recibi\u00f3 sin marca entre los 2 centrales y pudo tomarse el tiempo de ajustar su cabeceo al palo izquierdo del arquero para convertir el 1 a 0 parcial a favor del Cuervo. Con el cual se termin\u00f3 la primera mitad.<br>Una vez comenzada la segunda mitad, el equipo argentino segu\u00eda siendo superior, dentelladas la participaci\u00f3n de Reali, el cual con sus h\u00e1biles regates y rapidez en sus piernas lograba evadir a sus rivales y generar chances de riesgo.<br><\/p>\n\n\n\n<h4 class=\"wp-block-heading\">El empate 1 a 1 con gol de Paulinho<br><\/h4>\n\n\n\n<p>Pese a las grandes actuaciones de C.A.S.L.A un error de su arquero Altamirano provoco el primer gol del Mineiro al minuto 57 : Mourinho recibi\u00f3 un lateral desde la banda derecha, este, completamente alejado del \u00e1rea, domino de pecho y ejecuto una volea al arco. Altamirano, atajo pero dio rebote, y aqu\u00ed Paulinho empuj\u00f3 el bal\u00f3n a la red con el arquero vencido en el suelo.<br><\/p>\n\n\n\n<figure class=\"wp-block-image size-full is-resized\"><img loading=\"lazy\" decoding=\"async\" width=\"720\" height=\"480\" src=\"https:\/\/lapatriafutbolera.com.ar\/wp-content\/uploads\/2024\/08\/RFxldZ9Ph_720x0__1.jpg\" alt=\"\" class=\"wp-image-2178\" style=\"width:842px;height:auto\" srcset=\"https:\/\/lapatriafutbolera.com.ar\/wp-content\/uploads\/2024\/08\/RFxldZ9Ph_720x0__1.jpg 720w, https:\/\/lapatriafutbolera.com.ar\/wp-content\/uploads\/2024\/08\/RFxldZ9Ph_720x0__1-300x200.jpg 300w\" sizes=\"auto, (max-width: 720px) 100vw, 720px\" \/><figcaption class=\"wp-element-caption\">Paulinho celebra su conquista, el empate para Mineiro, sepultado por sus compe\u00f1eros.<\/figcaption><\/figure>\n\n\n\n<p>Durante el resto de la segunda mitad, San Lorenzo recibi\u00f3 un golpe an\u00edmico que hizo que Mineiro se apodere del partido gracias a las perdidas de pelota del equipo rival y las filtraciones r\u00e1pidas por parte de sus mediocampistas y delanteros.<br><\/p>\n\n\n\n<p>El partido se definira en Brasil tras el empate 1 a 1.<\/p>\n","protected":false},"excerpt":{"rendered":"<p>El Club Atl\u00e9tico San Lorenzo de Almagro y el Clube Atl\u00e9tico Mineiro disputaron la ida&#8230;<\/p>\n","protected":false},"author":18,"featured_media":2179,"comment_status":"open","ping_status":"open","sticky":false,"template":"","format":"standard","meta":{"footnotes":""},"categories":[166],"tags":[],"class_list":["post-2176","post","type-post","status-publish","format-standard","has-post-thumbnail","hentry","category-copa-libertadores"],"yoast_head":"<!-- This site is optimized with the Yoast SEO plugin v19.5.1 - https:\/\/yoast.com\/wordpress\/plugins\/seo\/ -->\n<title>Se escap\u00f3 por poco - LA PATRIA FUTBOLERA<\/title>\n<meta name=\"robots\" content=\"index, follow, max-snippet:-1, max-image-preview:large, max-video-preview:-1\" \/>\n<link rel=\"canonical\" href=\"https:\/\/lapatriafutbolera.com.ar\/index.php\/2024\/08\/14\/se-escapo-por-poco\/\" \/>\n<meta property=\"og:locale\" content=\"es_ES\" \/>\n<meta property=\"og:type\" content=\"article\" \/>\n<meta property=\"og:title\" content=\"Se escap\u00f3 por poco - LA PATRIA FUTBOLERA\" \/>\n<meta property=\"og:description\" content=\"El Club Atl\u00e9tico San Lorenzo de Almagro y el Clube Atl\u00e9tico Mineiro disputaron la ida...\" \/>\n<meta property=\"og:url\" content=\"https:\/\/lapatriafutbolera.com.ar\/index.php\/2024\/08\/14\/se-escapo-por-poco\/\" \/>\n<meta property=\"og:site_name\" content=\"LA PATRIA FUTBOLERA\" \/>\n<meta property=\"article:published_time\" content=\"2024-08-14T12:39:00+00:00\" \/>\n<meta property=\"article:modified_time\" content=\"2024-08-21T00:56:50+00:00\" \/>\n<meta property=\"og:image\" content=\"https:\/\/lapatriafutbolera.com.ar\/wp-content\/uploads\/2024\/08\/san-lorenzo-empato-1-1-con-atletico-mineiro-por-la-ida-de-octavos-de-final-de-la-copa-libertadores-foto-ap-FAUBR7OO4ZEZHHKWI7BMTOV5PY.jpg\" \/>\n\t<meta property=\"og:image:width\" content=\"1440\" \/>\n\t<meta property=\"og:image:height\" content=\"806\" \/>\n\t<meta property=\"og:image:type\" content=\"image\/jpeg\" \/>\n<meta name=\"author\" content=\"Facundo Acar\" \/>\n<meta name=\"twitter:card\" content=\"summary_large_image\" \/>\n<meta name=\"twitter:label1\" content=\"Escrito por\" \/>\n\t<meta name=\"twitter:data1\" content=\"Facundo Acar\" \/>\n\t<meta name=\"twitter:label2\" content=\"Tiempo de lectura\" \/>\n\t<meta name=\"twitter:data2\" content=\"2 minutos\" \/>\n<script type=\"application\/ld+json\" class=\"yoast-schema-graph\">{\"@context\":\"https:\/\/schema.org\",\"@graph\":[{\"@type\":\"Article\",\"@id\":\"https:\/\/lapatriafutbolera.com.ar\/index.php\/2024\/08\/14\/se-escapo-por-poco\/#article\",\"isPartOf\":{\"@id\":\"https:\/\/lapatriafutbolera.com.ar\/index.php\/2024\/08\/14\/se-escapo-por-poco\/\"},\"author\":{\"name\":\"Facundo Acar\",\"@id\":\"https:\/\/lapatriafutbolera.com.ar\/#\/schema\/person\/55973a2ef35fbfbee054622bc1d08ca3\"},\"headline\":\"Se escap\u00f3 por poco\",\"datePublished\":\"2024-08-14T12:39:00+00:00\",\"dateModified\":\"2024-08-21T00:56:50+00:00\",\"mainEntityOfPage\":{\"@id\":\"https:\/\/lapatriafutbolera.com.ar\/index.php\/2024\/08\/14\/se-escapo-por-poco\/\"},\"wordCount\":349,\"commentCount\":0,\"publisher\":{\"@id\":\"https:\/\/lapatriafutbolera.com.ar\/#organization\"},\"articleSection\":[\"COPA LIBERTADORES\"],\"inLanguage\":\"es-AR\",\"potentialAction\":[{\"@type\":\"CommentAction\",\"name\":\"Comment\",\"target\":[\"https:\/\/lapatriafutbolera.com.ar\/index.php\/2024\/08\/14\/se-escapo-por-poco\/#respond\"]}]},{\"@type\":\"WebPage\",\"@id\":\"https:\/\/lapatriafutbolera.com.ar\/index.php\/2024\/08\/14\/se-escapo-por-poco\/\",\"url\":\"https:\/\/lapatriafutbolera.com.ar\/index.php\/2024\/08\/14\/se-escapo-por-poco\/\",\"name\":\"Se escap\u00f3 por poco - LA PATRIA FUTBOLERA\",\"isPartOf\":{\"@id\":\"https:\/\/lapatriafutbolera.com.ar\/#website\"},\"datePublished\":\"2024-08-14T12:39:00+00:00\",\"dateModified\":\"2024-08-21T00:56:50+00:00\",\"breadcrumb\":{\"@id\":\"https:\/\/lapatriafutbolera.com.ar\/index.php\/2024\/08\/14\/se-escapo-por-poco\/#breadcrumb\"},\"inLanguage\":\"es-AR\",\"potentialAction\":[{\"@type\":\"ReadAction\",\"target\":[\"https:\/\/lapatriafutbolera.com.ar\/index.php\/2024\/08\/14\/se-escapo-por-poco\/\"]}]},{\"@type\":\"BreadcrumbList\",\"@id\":\"https:\/\/lapatriafutbolera.com.ar\/index.php\/2024\/08\/14\/se-escapo-por-poco\/#breadcrumb\",\"itemListElement\":[{\"@type\":\"ListItem\",\"position\":1,\"name\":\"Inicio\",\"item\":\"https:\/\/lapatriafutbolera.com.ar\/\"},{\"@type\":\"ListItem\",\"position\":2,\"name\":\"Se escap\u00f3 por poco\"}]},{\"@type\":\"WebSite\",\"@id\":\"https:\/\/lapatriafutbolera.com.ar\/#website\",\"url\":\"https:\/\/lapatriafutbolera.com.ar\/\",\"name\":\"LA PATRIA FUTBOLERA\",\"description\":\"\",\"publisher\":{\"@id\":\"https:\/\/lapatriafutbolera.com.ar\/#organization\"},\"potentialAction\":[{\"@type\":\"SearchAction\",\"target\":{\"@type\":\"EntryPoint\",\"urlTemplate\":\"https:\/\/lapatriafutbolera.com.ar\/?s={search_term_string}\"},\"query-input\":\"required name=search_term_string\"}],\"inLanguage\":\"es-AR\"},{\"@type\":\"Organization\",\"@id\":\"https:\/\/lapatriafutbolera.com.ar\/#organization\",\"name\":\"LA PATRIA FUTBOLERA\",\"url\":\"https:\/\/lapatriafutbolera.com.ar\/\",\"sameAs\":[],\"logo\":{\"@type\":\"ImageObject\",\"inLanguage\":\"es-AR\",\"@id\":\"https:\/\/lapatriafutbolera.com.ar\/#\/schema\/logo\/image\/\",\"url\":\"https:\/\/lapatriafutbolera.com.ar\/wp-content\/uploads\/2025\/03\/cropped-LA-PATRIA-14.jpg\",\"contentUrl\":\"https:\/\/lapatriafutbolera.com.ar\/wp-content\/uploads\/2025\/03\/cropped-LA-PATRIA-14.jpg\",\"width\":1308,\"height\":221,\"caption\":\"LA PATRIA FUTBOLERA\"},\"image\":{\"@id\":\"https:\/\/lapatriafutbolera.com.ar\/#\/schema\/logo\/image\/\"}},{\"@type\":\"Person\",\"@id\":\"https:\/\/lapatriafutbolera.com.ar\/#\/schema\/person\/55973a2ef35fbfbee054622bc1d08ca3\",\"name\":\"Facundo Acar\",\"image\":{\"@type\":\"ImageObject\",\"inLanguage\":\"es-AR\",\"@id\":\"https:\/\/lapatriafutbolera.com.ar\/#\/schema\/person\/image\/\",\"url\":\"https:\/\/secure.gravatar.com\/avatar\/1711a1e01e13fa2bf19fe0e6e1c29531b80f0178ec8239d4fad77cafe0a4a3d0?s=96&d=mm&r=g\",\"contentUrl\":\"https:\/\/secure.gravatar.com\/avatar\/1711a1e01e13fa2bf19fe0e6e1c29531b80f0178ec8239d4fad77cafe0a4a3d0?s=96&d=mm&r=g\",\"caption\":\"Facundo Acar\"},\"url\":\"https:\/\/lapatriafutbolera.com.ar\/index.php\/author\/facundo-acar\/\"}]}<\/script>\n<!-- \/ Yoast SEO plugin. -->","yoast_head_json":{"title":"Se escap\u00f3 por poco - LA PATRIA FUTBOLERA","robots":{"index":"index","follow":"follow","max-snippet":"max-snippet:-1","max-image-preview":"max-image-preview:large","max-video-preview":"max-video-preview:-1"},"canonical":"https:\/\/lapatriafutbolera.com.ar\/index.php\/2024\/08\/14\/se-escapo-por-poco\/","og_locale":"es_ES","og_type":"article","og_title":"Se escap\u00f3 por poco - LA PATRIA FUTBOLERA","og_description":"El Club Atl\u00e9tico San Lorenzo de Almagro y el Clube Atl\u00e9tico Mineiro disputaron la ida...","og_url":"https:\/\/lapatriafutbolera.com.ar\/index.php\/2024\/08\/14\/se-escapo-por-poco\/","og_site_name":"LA PATRIA FUTBOLERA","article_published_time":"2024-08-14T12:39:00+00:00","article_modified_time":"2024-08-21T00:56:50+00:00","og_image":[{"width":1440,"height":806,"url":"https:\/\/lapatriafutbolera.com.ar\/wp-content\/uploads\/2024\/08\/san-lorenzo-empato-1-1-con-atletico-mineiro-por-la-ida-de-octavos-de-final-de-la-copa-libertadores-foto-ap-FAUBR7OO4ZEZHHKWI7BMTOV5PY.jpg","type":"image\/jpeg"}],"author":"Facundo Acar","twitter_card":"summary_large_image","twitter_misc":{"Escrito por":"Facundo Acar","Tiempo de lectura":"2 minutos"},"schema":{"@context":"https:\/\/schema.org","@graph":[{"@type":"Article","@id":"https:\/\/lapatriafutbolera.com.ar\/index.php\/2024\/08\/14\/se-escapo-por-poco\/#article","isPartOf":{"@id":"https:\/\/lapatriafutbolera.com.ar\/index.php\/2024\/08\/14\/se-escapo-por-poco\/"},"author":{"name":"Facundo Acar","@id":"https:\/\/lapatriafutbolera.com.ar\/#\/schema\/person\/55973a2ef35fbfbee054622bc1d08ca3"},"headline":"Se escap\u00f3 por poco","datePublished":"2024-08-14T12:39:00+00:00","dateModified":"2024-08-21T00:56:50+00:00","mainEntityOfPage":{"@id":"https:\/\/lapatriafutbolera.com.ar\/index.php\/2024\/08\/14\/se-escapo-por-poco\/"},"wordCount":349,"commentCount":0,"publisher":{"@id":"https:\/\/lapatriafutbolera.com.ar\/#organization"},"articleSection":["COPA LIBERTADORES"],"inLanguage":"es-AR","potentialAction":[{"@type":"CommentAction","name":"Comment","target":["https:\/\/lapatriafutbolera.com.ar\/index.php\/2024\/08\/14\/se-escapo-por-poco\/#respond"]}]},{"@type":"WebPage","@id":"https:\/\/lapatriafutbolera.com.ar\/index.php\/2024\/08\/14\/se-escapo-por-poco\/","url":"https:\/\/lapatriafutbolera.com.ar\/index.php\/2024\/08\/14\/se-escapo-por-poco\/","name":"Se escap\u00f3 por poco - LA PATRIA FUTBOLERA","isPartOf":{"@id":"https:\/\/lapatriafutbolera.com.ar\/#website"},"datePublished":"2024-08-14T12:39:00+00:00","dateModified":"2024-08-21T00:56:50+00:00","breadcrumb":{"@id":"https:\/\/lapatriafutbolera.com.ar\/index.php\/2024\/08\/14\/se-escapo-por-poco\/#breadcrumb"},"inLanguage":"es-AR","potentialAction":[{"@type":"ReadAction","target":["https:\/\/lapatriafutbolera.com.ar\/index.php\/2024\/08\/14\/se-escapo-por-poco\/"]}]},{"@type":"BreadcrumbList","@id":"https:\/\/lapatriafutbolera.com.ar\/index.php\/2024\/08\/14\/se-escapo-por-poco\/#breadcrumb","itemListElement":[{"@type":"ListItem","position":1,"name":"Inicio","item":"https:\/\/lapatriafutbolera.com.ar\/"},{"@type":"ListItem","position":2,"name":"Se escap\u00f3 por poco"}]},{"@type":"WebSite","@id":"https:\/\/lapatriafutbolera.com.ar\/#website","url":"https:\/\/lapatriafutbolera.com.ar\/","name":"LA PATRIA FUTBOLERA","description":"","publisher":{"@id":"https:\/\/lapatriafutbolera.com.ar\/#organization"},"potentialAction":[{"@type":"SearchAction","target":{"@type":"EntryPoint","urlTemplate":"https:\/\/lapatriafutbolera.com.ar\/?s={search_term_string}"},"query-input":"required name=search_term_string"}],"inLanguage":"es-AR"},{"@type":"Organization","@id":"https:\/\/lapatriafutbolera.com.ar\/#organization","name":"LA PATRIA FUTBOLERA","url":"https:\/\/lapatriafutbolera.com.ar\/","sameAs":[],"logo":{"@type":"ImageObject","inLanguage":"es-AR","@id":"https:\/\/lapatriafutbolera.com.ar\/#\/schema\/logo\/image\/","url":"https:\/\/lapatriafutbolera.com.ar\/wp-content\/uploads\/2025\/03\/cropped-LA-PATRIA-14.jpg","contentUrl":"https:\/\/lapatriafutbolera.com.ar\/wp-content\/uploads\/2025\/03\/cropped-LA-PATRIA-14.jpg","width":1308,"height":221,"caption":"LA PATRIA FUTBOLERA"},"image":{"@id":"https:\/\/lapatriafutbolera.com.ar\/#\/schema\/logo\/image\/"}},{"@type":"Person","@id":"https:\/\/lapatriafutbolera.com.ar\/#\/schema\/person\/55973a2ef35fbfbee054622bc1d08ca3","name":"Facundo Acar","image":{"@type":"ImageObject","inLanguage":"es-AR","@id":"https:\/\/lapatriafutbolera.com.ar\/#\/schema\/person\/image\/","url":"https:\/\/secure.gravatar.com\/avatar\/1711a1e01e13fa2bf19fe0e6e1c29531b80f0178ec8239d4fad77cafe0a4a3d0?s=96&d=mm&r=g","contentUrl":"https:\/\/secure.gravatar.com\/avatar\/1711a1e01e13fa2bf19fe0e6e1c29531b80f0178ec8239d4fad77cafe0a4a3d0?s=96&d=mm&r=g","caption":"Facundo Acar"},"url":"https:\/\/lapatriafutbolera.com.ar\/index.php\/author\/facundo-acar\/"}]}},"_links":{"self":[{"href":"https:\/\/lapatriafutbolera.com.ar\/index.php\/wp-json\/wp\/v2\/posts\/2176","targetHints":{"allow":["GET"]}}],"collection":[{"href":"https:\/\/lapatriafutbolera.com.ar\/index.php\/wp-json\/wp\/v2\/posts"}],"about":[{"href":"https:\/\/lapatriafutbolera.com.ar\/index.php\/wp-json\/wp\/v2\/types\/post"}],"author":[{"embeddable":true,"href":"https:\/\/lapatriafutbolera.com.ar\/index.php\/wp-json\/wp\/v2\/users\/18"}],"replies":[{"embeddable":true,"href":"https:\/\/lapatriafutbolera.com.ar\/index.php\/wp-json\/wp\/v2\/comments?post=2176"}],"version-history":[{"count":1,"href":"https:\/\/lapatriafutbolera.com.ar\/index.php\/wp-json\/wp\/v2\/posts\/2176\/revisions"}],"predecessor-version":[{"id":2180,"href":"https:\/\/lapatriafutbolera.com.ar\/index.php\/wp-json\/wp\/v2\/posts\/2176\/revisions\/2180"}],"wp:featuredmedia":[{"embeddable":true,"href":"https:\/\/lapatriafutbolera.com.ar\/index.php\/wp-json\/wp\/v2\/media\/2179"}],"wp:attachment":[{"href":"https:\/\/lapatriafutbolera.com.ar\/index.php\/wp-json\/wp\/v2\/media?parent=2176"}],"wp:term":[{"taxonomy":"category","embeddable":true,"href":"https:\/\/lapatriafutbolera.com.ar\/index.php\/wp-json\/wp\/v2\/categories?post=2176"},{"taxonomy":"post_tag","embeddable":true,"href":"https:\/\/lapatriafutbolera.com.ar\/index.php\/wp-json\/wp\/v2\/tags?post=2176"}],"curies":[{"name":"wp","href":"https:\/\/api.w.org\/{rel}","templated":true}]}}