{"id":2187,"date":"2024-09-03T16:58:58","date_gmt":"2024-09-03T19:58:58","guid":{"rendered":"https:\/\/lapatriafutbolera.com.ar\/?p=2187"},"modified":"2024-09-03T17:03:18","modified_gmt":"2024-09-03T20:03:18","slug":"el-futbol-segun-galeano","status":"publish","type":"post","link":"https:\/\/lapatriafutbolera.com.ar\/index.php\/2024\/09\/03\/el-futbol-segun-galeano\/","title":{"rendered":"El F\u00fatbol, seg\u00fan Galeano"},"content":{"rendered":"\n<h4 class=\"wp-block-heading\">Este 3 de septiembre el maestro Eduardo Galeano estar\u00eda cumpliendo a\u00f1os. Seguro que, si anduviera por ac\u00e1, andar\u00eda haciendo lo de siempre: reclamar\u00eda justicias, escribir\u00eda asombros, mendigar\u00eda buen f\u00fatbol y reivindicar\u00eda a la vida.<\/h4>\n\n\n\n<p>La historia del f\u00fatbol es un triste viaje del placer al deber. A medida que el deporte se ha hecho industria, ha ido desterrando la belleza que nace de la alegr\u00eda de jugar porque s\u00ed. En este mundo del fin de siglo, el f\u00fatbol profesional condena lo que es in\u00fatil, y es in\u00fatil lo que no es rentable. A nadie da de ganar esa locura que hace que el hombre sea ni\u00f1o por un rato, jugando como juega el ni\u00f1o con el globo y como juega el gato con el ovillo de lana: bailar\u00edn que danza con una pelota leve como el globo que se va al aire y el ovillo que rueda, jugando sin saber que juega, sin motivo y sin reloj y sin juez.<\/p>\n\n\n\n<p><br>El juego se ha convertido en espect\u00e1culo, con pocos protagonistas y muchos espectadores, f\u00fatbol para mirar, y el espect\u00e1culo se ha convertido en uno de los negocios m\u00e1s lucrativos del mundo, que no se organiza para jugar sino para impedir que se juegue. La tecnocracia del deporte profesional ha ido imponiendo un f\u00fatbol de pura velocidad y mucha fuerza, que renuncia a la alegr\u00eda, atrofia la fantas\u00eda y proh\u00edbe la osad\u00eda. <\/p>\n\n\n\n<p>Por suerte todav\u00eda aparece en las canchas, aunque sea muy de vez en cuando, alg\u00fan descarado carasucia que se sale del libreto y comete el disparate de gambetear a todo el equipo rival, y al juez, y al p\u00fablico de las tribunas, por el puro goce del cuerpo que se lanza a la prohibida aventura de la libertad.\u00a0<\/p>\n","protected":false},"excerpt":{"rendered":"<p>Este 3 de septiembre el maestro Eduardo Galeano estar\u00eda cumpliendo a\u00f1os. Seguro que, si anduviera&#8230;<\/p>\n","protected":false},"author":10,"featured_media":2188,"comment_status":"open","ping_status":"open","sticky":false,"template":"","format":"standard","meta":{"footnotes":""},"categories":[85],"tags":[],"class_list":["post-2187","post","type-post","status-publish","format-standard","has-post-thumbnail","hentry","category-el-tipo-que-marca-juega-y-escribe"],"yoast_head":"<!-- This site is optimized with the Yoast SEO plugin v19.5.1 - https:\/\/yoast.com\/wordpress\/plugins\/seo\/ -->\n<title>El F\u00fatbol, seg\u00fan Galeano - LA PATRIA FUTBOLERA<\/title>\n<meta name=\"robots\" content=\"index, follow, max-snippet:-1, max-image-preview:large, max-video-preview:-1\" \/>\n<link rel=\"canonical\" href=\"https:\/\/lapatriafutbolera.com.ar\/index.php\/2024\/09\/03\/el-futbol-segun-galeano\/\" \/>\n<meta property=\"og:locale\" content=\"es_ES\" \/>\n<meta property=\"og:type\" content=\"article\" \/>\n<meta property=\"og:title\" content=\"El F\u00fatbol, seg\u00fan Galeano - LA PATRIA FUTBOLERA\" \/>\n<meta property=\"og:description\" content=\"Este 3 de septiembre el maestro Eduardo Galeano estar\u00eda cumpliendo a\u00f1os. Seguro que, si anduviera...\" \/>\n<meta property=\"og:url\" content=\"https:\/\/lapatriafutbolera.com.ar\/index.php\/2024\/09\/03\/el-futbol-segun-galeano\/\" \/>\n<meta property=\"og:site_name\" content=\"LA PATRIA FUTBOLERA\" \/>\n<meta property=\"article:published_time\" content=\"2024-09-03T19:58:58+00:00\" \/>\n<meta property=\"article:modified_time\" content=\"2024-09-03T20:03:18+00:00\" \/>\n<meta property=\"og:image\" content=\"https:\/\/lapatriafutbolera.com.ar\/wp-content\/uploads\/2024\/09\/458399457_955341006638166_7402071273533322708_n.jpg\" \/>\n\t<meta property=\"og:image:width\" content=\"945\" \/>\n\t<meta property=\"og:image:height\" content=\"532\" \/>\n\t<meta property=\"og:image:type\" content=\"image\/jpeg\" \/>\n<meta name=\"author\" content=\"Ariel Scher\" \/>\n<meta name=\"twitter:card\" content=\"summary_large_image\" \/>\n<meta name=\"twitter:label1\" content=\"Escrito por\" \/>\n\t<meta name=\"twitter:data1\" content=\"Ariel Scher\" \/>\n\t<meta name=\"twitter:label2\" content=\"Tiempo de lectura\" \/>\n\t<meta name=\"twitter:data2\" content=\"2 minutos\" \/>\n<script type=\"application\/ld+json\" class=\"yoast-schema-graph\">{\"@context\":\"https:\/\/schema.org\",\"@graph\":[{\"@type\":\"Article\",\"@id\":\"https:\/\/lapatriafutbolera.com.ar\/index.php\/2024\/09\/03\/el-futbol-segun-galeano\/#article\",\"isPartOf\":{\"@id\":\"https:\/\/lapatriafutbolera.com.ar\/index.php\/2024\/09\/03\/el-futbol-segun-galeano\/\"},\"author\":{\"name\":\"Ariel Scher\",\"@id\":\"https:\/\/lapatriafutbolera.com.ar\/#\/schema\/person\/b678f896a0a50faecac575b8609d71aa\"},\"headline\":\"El F\u00fatbol, seg\u00fan Galeano\",\"datePublished\":\"2024-09-03T19:58:58+00:00\",\"dateModified\":\"2024-09-03T20:03:18+00:00\",\"mainEntityOfPage\":{\"@id\":\"https:\/\/lapatriafutbolera.com.ar\/index.php\/2024\/09\/03\/el-futbol-segun-galeano\/\"},\"wordCount\":322,\"commentCount\":0,\"publisher\":{\"@id\":\"https:\/\/lapatriafutbolera.com.ar\/#organization\"},\"articleSection\":[\"El Tipo que marca, juega y escribe\"],\"inLanguage\":\"es-AR\",\"potentialAction\":[{\"@type\":\"CommentAction\",\"name\":\"Comment\",\"target\":[\"https:\/\/lapatriafutbolera.com.ar\/index.php\/2024\/09\/03\/el-futbol-segun-galeano\/#respond\"]}]},{\"@type\":\"WebPage\",\"@id\":\"https:\/\/lapatriafutbolera.com.ar\/index.php\/2024\/09\/03\/el-futbol-segun-galeano\/\",\"url\":\"https:\/\/lapatriafutbolera.com.ar\/index.php\/2024\/09\/03\/el-futbol-segun-galeano\/\",\"name\":\"El F\u00fatbol, seg\u00fan Galeano - LA PATRIA FUTBOLERA\",\"isPartOf\":{\"@id\":\"https:\/\/lapatriafutbolera.com.ar\/#website\"},\"datePublished\":\"2024-09-03T19:58:58+00:00\",\"dateModified\":\"2024-09-03T20:03:18+00:00\",\"breadcrumb\":{\"@id\":\"https:\/\/lapatriafutbolera.com.ar\/index.php\/2024\/09\/03\/el-futbol-segun-galeano\/#breadcrumb\"},\"inLanguage\":\"es-AR\",\"potentialAction\":[{\"@type\":\"ReadAction\",\"target\":[\"https:\/\/lapatriafutbolera.com.ar\/index.php\/2024\/09\/03\/el-futbol-segun-galeano\/\"]}]},{\"@type\":\"BreadcrumbList\",\"@id\":\"https:\/\/lapatriafutbolera.com.ar\/index.php\/2024\/09\/03\/el-futbol-segun-galeano\/#breadcrumb\",\"itemListElement\":[{\"@type\":\"ListItem\",\"position\":1,\"name\":\"Inicio\",\"item\":\"https:\/\/lapatriafutbolera.com.ar\/\"},{\"@type\":\"ListItem\",\"position\":2,\"name\":\"El F\u00fatbol, seg\u00fan Galeano\"}]},{\"@type\":\"WebSite\",\"@id\":\"https:\/\/lapatriafutbolera.com.ar\/#website\",\"url\":\"https:\/\/lapatriafutbolera.com.ar\/\",\"name\":\"LA PATRIA FUTBOLERA\",\"description\":\"\",\"publisher\":{\"@id\":\"https:\/\/lapatriafutbolera.com.ar\/#organization\"},\"potentialAction\":[{\"@type\":\"SearchAction\",\"target\":{\"@type\":\"EntryPoint\",\"urlTemplate\":\"https:\/\/lapatriafutbolera.com.ar\/?s={search_term_string}\"},\"query-input\":\"required name=search_term_string\"}],\"inLanguage\":\"es-AR\"},{\"@type\":\"Organization\",\"@id\":\"https:\/\/lapatriafutbolera.com.ar\/#organization\",\"name\":\"LA PATRIA FUTBOLERA\",\"url\":\"https:\/\/lapatriafutbolera.com.ar\/\",\"sameAs\":[],\"logo\":{\"@type\":\"ImageObject\",\"inLanguage\":\"es-AR\",\"@id\":\"https:\/\/lapatriafutbolera.com.ar\/#\/schema\/logo\/image\/\",\"url\":\"https:\/\/lapatriafutbolera.com.ar\/wp-content\/uploads\/2025\/03\/cropped-LA-PATRIA-14.jpg\",\"contentUrl\":\"https:\/\/lapatriafutbolera.com.ar\/wp-content\/uploads\/2025\/03\/cropped-LA-PATRIA-14.jpg\",\"width\":1308,\"height\":221,\"caption\":\"LA PATRIA FUTBOLERA\"},\"image\":{\"@id\":\"https:\/\/lapatriafutbolera.com.ar\/#\/schema\/logo\/image\/\"}},{\"@type\":\"Person\",\"@id\":\"https:\/\/lapatriafutbolera.com.ar\/#\/schema\/person\/b678f896a0a50faecac575b8609d71aa\",\"name\":\"Ariel Scher\",\"image\":{\"@type\":\"ImageObject\",\"inLanguage\":\"es-AR\",\"@id\":\"https:\/\/lapatriafutbolera.com.ar\/#\/schema\/person\/image\/\",\"url\":\"https:\/\/secure.gravatar.com\/avatar\/76b3824675a40e45163a2a49107284188d784efa904c62a82e8b5cd2de313f08?s=96&d=mm&r=g\",\"contentUrl\":\"https:\/\/secure.gravatar.com\/avatar\/76b3824675a40e45163a2a49107284188d784efa904c62a82e8b5cd2de313f08?s=96&d=mm&r=g\",\"caption\":\"Ariel Scher\"},\"url\":\"https:\/\/lapatriafutbolera.com.ar\/index.php\/author\/ariel-scher\/\"}]}<\/script>\n<!-- \/ Yoast SEO plugin. -->","yoast_head_json":{"title":"El F\u00fatbol, seg\u00fan Galeano - LA PATRIA FUTBOLERA","robots":{"index":"index","follow":"follow","max-snippet":"max-snippet:-1","max-image-preview":"max-image-preview:large","max-video-preview":"max-video-preview:-1"},"canonical":"https:\/\/lapatriafutbolera.com.ar\/index.php\/2024\/09\/03\/el-futbol-segun-galeano\/","og_locale":"es_ES","og_type":"article","og_title":"El F\u00fatbol, seg\u00fan Galeano - LA PATRIA FUTBOLERA","og_description":"Este 3 de septiembre el maestro Eduardo Galeano estar\u00eda cumpliendo a\u00f1os. Seguro que, si anduviera...","og_url":"https:\/\/lapatriafutbolera.com.ar\/index.php\/2024\/09\/03\/el-futbol-segun-galeano\/","og_site_name":"LA PATRIA FUTBOLERA","article_published_time":"2024-09-03T19:58:58+00:00","article_modified_time":"2024-09-03T20:03:18+00:00","og_image":[{"width":945,"height":532,"url":"https:\/\/lapatriafutbolera.com.ar\/wp-content\/uploads\/2024\/09\/458399457_955341006638166_7402071273533322708_n.jpg","type":"image\/jpeg"}],"author":"Ariel Scher","twitter_card":"summary_large_image","twitter_misc":{"Escrito por":"Ariel Scher","Tiempo de lectura":"2 minutos"},"schema":{"@context":"https:\/\/schema.org","@graph":[{"@type":"Article","@id":"https:\/\/lapatriafutbolera.com.ar\/index.php\/2024\/09\/03\/el-futbol-segun-galeano\/#article","isPartOf":{"@id":"https:\/\/lapatriafutbolera.com.ar\/index.php\/2024\/09\/03\/el-futbol-segun-galeano\/"},"author":{"name":"Ariel Scher","@id":"https:\/\/lapatriafutbolera.com.ar\/#\/schema\/person\/b678f896a0a50faecac575b8609d71aa"},"headline":"El F\u00fatbol, seg\u00fan Galeano","datePublished":"2024-09-03T19:58:58+00:00","dateModified":"2024-09-03T20:03:18+00:00","mainEntityOfPage":{"@id":"https:\/\/lapatriafutbolera.com.ar\/index.php\/2024\/09\/03\/el-futbol-segun-galeano\/"},"wordCount":322,"commentCount":0,"publisher":{"@id":"https:\/\/lapatriafutbolera.com.ar\/#organization"},"articleSection":["El Tipo que marca, juega y escribe"],"inLanguage":"es-AR","potentialAction":[{"@type":"CommentAction","name":"Comment","target":["https:\/\/lapatriafutbolera.com.ar\/index.php\/2024\/09\/03\/el-futbol-segun-galeano\/#respond"]}]},{"@type":"WebPage","@id":"https:\/\/lapatriafutbolera.com.ar\/index.php\/2024\/09\/03\/el-futbol-segun-galeano\/","url":"https:\/\/lapatriafutbolera.com.ar\/index.php\/2024\/09\/03\/el-futbol-segun-galeano\/","name":"El F\u00fatbol, seg\u00fan Galeano - LA PATRIA FUTBOLERA","isPartOf":{"@id":"https:\/\/lapatriafutbolera.com.ar\/#website"},"datePublished":"2024-09-03T19:58:58+00:00","dateModified":"2024-09-03T20:03:18+00:00","breadcrumb":{"@id":"https:\/\/lapatriafutbolera.com.ar\/index.php\/2024\/09\/03\/el-futbol-segun-galeano\/#breadcrumb"},"inLanguage":"es-AR","potentialAction":[{"@type":"ReadAction","target":["https:\/\/lapatriafutbolera.com.ar\/index.php\/2024\/09\/03\/el-futbol-segun-galeano\/"]}]},{"@type":"BreadcrumbList","@id":"https:\/\/lapatriafutbolera.com.ar\/index.php\/2024\/09\/03\/el-futbol-segun-galeano\/#breadcrumb","itemListElement":[{"@type":"ListItem","position":1,"name":"Inicio","item":"https:\/\/lapatriafutbolera.com.ar\/"},{"@type":"ListItem","position":2,"name":"El F\u00fatbol, seg\u00fan Galeano"}]},{"@type":"WebSite","@id":"https:\/\/lapatriafutbolera.com.ar\/#website","url":"https:\/\/lapatriafutbolera.com.ar\/","name":"LA PATRIA FUTBOLERA","description":"","publisher":{"@id":"https:\/\/lapatriafutbolera.com.ar\/#organization"},"potentialAction":[{"@type":"SearchAction","target":{"@type":"EntryPoint","urlTemplate":"https:\/\/lapatriafutbolera.com.ar\/?s={search_term_string}"},"query-input":"required name=search_term_string"}],"inLanguage":"es-AR"},{"@type":"Organization","@id":"https:\/\/lapatriafutbolera.com.ar\/#organization","name":"LA PATRIA FUTBOLERA","url":"https:\/\/lapatriafutbolera.com.ar\/","sameAs":[],"logo":{"@type":"ImageObject","inLanguage":"es-AR","@id":"https:\/\/lapatriafutbolera.com.ar\/#\/schema\/logo\/image\/","url":"https:\/\/lapatriafutbolera.com.ar\/wp-content\/uploads\/2025\/03\/cropped-LA-PATRIA-14.jpg","contentUrl":"https:\/\/lapatriafutbolera.com.ar\/wp-content\/uploads\/2025\/03\/cropped-LA-PATRIA-14.jpg","width":1308,"height":221,"caption":"LA PATRIA FUTBOLERA"},"image":{"@id":"https:\/\/lapatriafutbolera.com.ar\/#\/schema\/logo\/image\/"}},{"@type":"Person","@id":"https:\/\/lapatriafutbolera.com.ar\/#\/schema\/person\/b678f896a0a50faecac575b8609d71aa","name":"Ariel Scher","image":{"@type":"ImageObject","inLanguage":"es-AR","@id":"https:\/\/lapatriafutbolera.com.ar\/#\/schema\/person\/image\/","url":"https:\/\/secure.gravatar.com\/avatar\/76b3824675a40e45163a2a49107284188d784efa904c62a82e8b5cd2de313f08?s=96&d=mm&r=g","contentUrl":"https:\/\/secure.gravatar.com\/avatar\/76b3824675a40e45163a2a49107284188d784efa904c62a82e8b5cd2de313f08?s=96&d=mm&r=g","caption":"Ariel Scher"},"url":"https:\/\/lapatriafutbolera.com.ar\/index.php\/author\/ariel-scher\/"}]}},"_links":{"self":[{"href":"https:\/\/lapatriafutbolera.com.ar\/index.php\/wp-json\/wp\/v2\/posts\/2187","targetHints":{"allow":["GET"]}}],"collection":[{"href":"https:\/\/lapatriafutbolera.com.ar\/index.php\/wp-json\/wp\/v2\/posts"}],"about":[{"href":"https:\/\/lapatriafutbolera.com.ar\/index.php\/wp-json\/wp\/v2\/types\/post"}],"author":[{"embeddable":true,"href":"https:\/\/lapatriafutbolera.com.ar\/index.php\/wp-json\/wp\/v2\/users\/10"}],"replies":[{"embeddable":true,"href":"https:\/\/lapatriafutbolera.com.ar\/index.php\/wp-json\/wp\/v2\/comments?post=2187"}],"version-history":[{"count":1,"href":"https:\/\/lapatriafutbolera.com.ar\/index.php\/wp-json\/wp\/v2\/posts\/2187\/revisions"}],"predecessor-version":[{"id":2189,"href":"https:\/\/lapatriafutbolera.com.ar\/index.php\/wp-json\/wp\/v2\/posts\/2187\/revisions\/2189"}],"wp:featuredmedia":[{"embeddable":true,"href":"https:\/\/lapatriafutbolera.com.ar\/index.php\/wp-json\/wp\/v2\/media\/2188"}],"wp:attachment":[{"href":"https:\/\/lapatriafutbolera.com.ar\/index.php\/wp-json\/wp\/v2\/media?parent=2187"}],"wp:term":[{"taxonomy":"category","embeddable":true,"href":"https:\/\/lapatriafutbolera.com.ar\/index.php\/wp-json\/wp\/v2\/categories?post=2187"},{"taxonomy":"post_tag","embeddable":true,"href":"https:\/\/lapatriafutbolera.com.ar\/index.php\/wp-json\/wp\/v2\/tags?post=2187"}],"curies":[{"name":"wp","href":"https:\/\/api.w.org\/{rel}","templated":true}]}}