{"id":2190,"date":"2024-08-28T19:56:39","date_gmt":"2024-08-28T22:56:39","guid":{"rendered":"https:\/\/lapatriafutbolera.com.ar\/?p=2190"},"modified":"2024-09-03T20:15:05","modified_gmt":"2024-09-03T23:15:05","slug":"tragico-final","status":"publish","type":"post","link":"https:\/\/lapatriafutbolera.com.ar\/index.php\/2024\/08\/28\/tragico-final\/","title":{"rendered":"Tr\u00e1gico final"},"content":{"rendered":"\n<h4 class=\"wp-block-heading\">Juan Izquierdo. \u00bfQuien era y que le pas\u00f3?<\/h4>\n\n\n\n<p>Juan Manuel Izquierdo Viania, jugador del Club Nacional De F\u00fatbol, perdi\u00f3 la vida dentro de la cancha en el partido disputado entre Nacional y Sao Pablo de Brasil por los Octavos de Final de la Copa Libertadores: ese martes 22 de agosto ambos equipos disputaron la vuelta de la fase eliminatoria en el Estadio Morumb\u00ed, con el club uruguayo en condici\u00f3n de visitante.<\/p>\n\n\n\n<p>En el minuto 84 del encuentro sucedio la tragedia; Juan se desplom\u00f3 en la mitad de la cancha tras sufrir un paro cardiorespiratorio. Luego del episodio, el futbolista estuvo 5 d\u00edas en coma pero no pudo resistir y el pasado 27 de agosto, se dio a conocer la triste noticia de su fallecimiento.<\/p>\n\n\n\n<h4 class=\"wp-block-heading\">La arritmia fantasma<\/h4>\n\n\n<div class=\"wp-block-image\">\n<figure class=\"aligncenter size-full is-resized\"><img loading=\"lazy\" decoding=\"async\" width=\"400\" height=\"400\" src=\"https:\/\/lapatriafutbolera.com.ar\/wp-content\/uploads\/2024\/09\/Y9bu2RXk2_400x400__1.jpg\" alt=\"\" class=\"wp-image-2192\" style=\"width:618px;height:auto\" srcset=\"https:\/\/lapatriafutbolera.com.ar\/wp-content\/uploads\/2024\/09\/Y9bu2RXk2_400x400__1.jpg 400w, https:\/\/lapatriafutbolera.com.ar\/wp-content\/uploads\/2024\/09\/Y9bu2RXk2_400x400__1-300x300.jpg 300w, https:\/\/lapatriafutbolera.com.ar\/wp-content\/uploads\/2024\/09\/Y9bu2RXk2_400x400__1-150x150.jpg 150w\" sizes=\"auto, (max-width: 400px) 100vw, 400px\" \/><figcaption class=\"wp-element-caption\">Sandra Viani<\/figcaption><\/figure>\n<\/div>\n\n\n<p>Sandra Viani, la madre de Izquierdo, se entero durante la internacion de su hijo que en 2014 el jugador se hab\u00eda sometido a un electrocardiograma donde se diagnostico una arritmia en su coraz\u00f3n. Esta noticia la conocio por una declaraci\u00f3n publica del Secretario de Deportes de Uruguay, Sabastian Bauza. El descontento de Sandra fue que el club nunca dio un seguimiento a esto y, adem\u00e1s, ella nunca supo de la dolencia de su hijo.<\/p>\n\n\n\n<h4 class=\"wp-block-heading\">Su trayectoria<\/h4>\n\n\n\n<p>Nacido el 4 de Julio de 1997 en Montevideo, Uruguay, el defensor paso por diferentes equipos antes de llegar a Nacional, donde jug\u00f3 en dos etapas:<br>&#8211; Cerro, de Montevideo (2017-2019)<br>&#8211; Pe\u00f1arol (2019)<br>&#8211; Montevideo Wanderers (2020)<br>&#8211; San Luis Potosi, Mexico (2021)<br>&#8211; Montevideo Wanderers (2021)<br>&#8211; Nacional (2022)<br>&#8211; Liverpool, de Uruguay (2023)<br>&#8211; Nacional (2024)<\/p>\n\n\n\n<h4 class=\"wp-block-heading\">Jonathan Calleri y un gran gesto para Juan Izquierdo<\/h4>\n\n\n<div class=\"wp-block-image\">\n<figure class=\"aligncenter size-full is-resized\"><img loading=\"lazy\" decoding=\"async\" width=\"300\" height=\"168\" src=\"https:\/\/lapatriafutbolera.com.ar\/wp-content\/uploads\/2024\/09\/images.jpg\" alt=\"\" class=\"wp-image-2191\" style=\"width:792px;height:auto\"\/><figcaption class=\"wp-element-caption\">Jonathan Calleri; goleador y capit{an del Sao Paulo FC.<\/figcaption><\/figure>\n<\/div>\n\n\n<p>El argentino, surgido en All Boys y con un gran paso por Boca, puso su tarjeta de credito a disposici\u00f3n de la familia del uruguayo para solventar cualquier tipo de gasto. Adem\u00e1s, el Sao Paulo, (club donde Jonathan es goleador y capit\u00e1n) tambien ofrecio su ayuda a la familia del futbolista uruguayo fallecido.<\/p>\n","protected":false},"excerpt":{"rendered":"<p>Juan Izquierdo. \u00bfQuien era y que le pas\u00f3? Juan Manuel Izquierdo Viania, jugador del Club&#8230;<\/p>\n","protected":false},"author":18,"featured_media":2193,"comment_status":"open","ping_status":"open","sticky":false,"template":"","format":"standard","meta":{"footnotes":""},"categories":[166],"tags":[],"class_list":["post-2190","post","type-post","status-publish","format-standard","has-post-thumbnail","hentry","category-copa-libertadores"],"yoast_head":"<!-- This site is optimized with the Yoast SEO plugin v19.5.1 - https:\/\/yoast.com\/wordpress\/plugins\/seo\/ -->\n<title>Tr\u00e1gico final - LA PATRIA FUTBOLERA<\/title>\n<meta name=\"robots\" content=\"index, follow, max-snippet:-1, max-image-preview:large, max-video-preview:-1\" \/>\n<link rel=\"canonical\" href=\"https:\/\/lapatriafutbolera.com.ar\/index.php\/2024\/08\/28\/tragico-final\/\" \/>\n<meta property=\"og:locale\" content=\"es_ES\" \/>\n<meta property=\"og:type\" content=\"article\" \/>\n<meta property=\"og:title\" content=\"Tr\u00e1gico final - LA PATRIA FUTBOLERA\" \/>\n<meta property=\"og:description\" content=\"Juan Izquierdo. \u00bfQuien era y que le pas\u00f3? Juan Manuel Izquierdo Viania, jugador del Club...\" \/>\n<meta property=\"og:url\" content=\"https:\/\/lapatriafutbolera.com.ar\/index.php\/2024\/08\/28\/tragico-final\/\" \/>\n<meta property=\"og:site_name\" content=\"LA PATRIA FUTBOLERA\" \/>\n<meta property=\"article:published_time\" content=\"2024-08-28T22:56:39+00:00\" \/>\n<meta property=\"article:modified_time\" content=\"2024-09-03T23:15:05+00:00\" \/>\n<meta property=\"og:image\" content=\"https:\/\/lapatriafutbolera.com.ar\/wp-content\/uploads\/2024\/09\/XYVQP4NFWVA2RED6PT7IAUZY34.jpg\" \/>\n\t<meta property=\"og:image:width\" content=\"1440\" \/>\n\t<meta property=\"og:image:height\" content=\"1440\" \/>\n\t<meta property=\"og:image:type\" content=\"image\/jpeg\" \/>\n<meta name=\"author\" content=\"Facundo Acar\" \/>\n<meta name=\"twitter:card\" content=\"summary_large_image\" \/>\n<meta name=\"twitter:label1\" content=\"Escrito por\" \/>\n\t<meta name=\"twitter:data1\" content=\"Facundo Acar\" \/>\n\t<meta name=\"twitter:label2\" content=\"Tiempo de lectura\" \/>\n\t<meta name=\"twitter:data2\" content=\"2 minutos\" \/>\n<script type=\"application\/ld+json\" class=\"yoast-schema-graph\">{\"@context\":\"https:\/\/schema.org\",\"@graph\":[{\"@type\":\"Article\",\"@id\":\"https:\/\/lapatriafutbolera.com.ar\/index.php\/2024\/08\/28\/tragico-final\/#article\",\"isPartOf\":{\"@id\":\"https:\/\/lapatriafutbolera.com.ar\/index.php\/2024\/08\/28\/tragico-final\/\"},\"author\":{\"name\":\"Facundo Acar\",\"@id\":\"https:\/\/lapatriafutbolera.com.ar\/#\/schema\/person\/55973a2ef35fbfbee054622bc1d08ca3\"},\"headline\":\"Tr\u00e1gico final\",\"datePublished\":\"2024-08-28T22:56:39+00:00\",\"dateModified\":\"2024-09-03T23:15:05+00:00\",\"mainEntityOfPage\":{\"@id\":\"https:\/\/lapatriafutbolera.com.ar\/index.php\/2024\/08\/28\/tragico-final\/\"},\"wordCount\":336,\"commentCount\":0,\"publisher\":{\"@id\":\"https:\/\/lapatriafutbolera.com.ar\/#organization\"},\"articleSection\":[\"COPA LIBERTADORES\"],\"inLanguage\":\"es-AR\",\"potentialAction\":[{\"@type\":\"CommentAction\",\"name\":\"Comment\",\"target\":[\"https:\/\/lapatriafutbolera.com.ar\/index.php\/2024\/08\/28\/tragico-final\/#respond\"]}]},{\"@type\":\"WebPage\",\"@id\":\"https:\/\/lapatriafutbolera.com.ar\/index.php\/2024\/08\/28\/tragico-final\/\",\"url\":\"https:\/\/lapatriafutbolera.com.ar\/index.php\/2024\/08\/28\/tragico-final\/\",\"name\":\"Tr\u00e1gico final - LA PATRIA FUTBOLERA\",\"isPartOf\":{\"@id\":\"https:\/\/lapatriafutbolera.com.ar\/#website\"},\"datePublished\":\"2024-08-28T22:56:39+00:00\",\"dateModified\":\"2024-09-03T23:15:05+00:00\",\"breadcrumb\":{\"@id\":\"https:\/\/lapatriafutbolera.com.ar\/index.php\/2024\/08\/28\/tragico-final\/#breadcrumb\"},\"inLanguage\":\"es-AR\",\"potentialAction\":[{\"@type\":\"ReadAction\",\"target\":[\"https:\/\/lapatriafutbolera.com.ar\/index.php\/2024\/08\/28\/tragico-final\/\"]}]},{\"@type\":\"BreadcrumbList\",\"@id\":\"https:\/\/lapatriafutbolera.com.ar\/index.php\/2024\/08\/28\/tragico-final\/#breadcrumb\",\"itemListElement\":[{\"@type\":\"ListItem\",\"position\":1,\"name\":\"Inicio\",\"item\":\"https:\/\/lapatriafutbolera.com.ar\/\"},{\"@type\":\"ListItem\",\"position\":2,\"name\":\"Tr\u00e1gico final\"}]},{\"@type\":\"WebSite\",\"@id\":\"https:\/\/lapatriafutbolera.com.ar\/#website\",\"url\":\"https:\/\/lapatriafutbolera.com.ar\/\",\"name\":\"LA PATRIA FUTBOLERA\",\"description\":\"\",\"publisher\":{\"@id\":\"https:\/\/lapatriafutbolera.com.ar\/#organization\"},\"potentialAction\":[{\"@type\":\"SearchAction\",\"target\":{\"@type\":\"EntryPoint\",\"urlTemplate\":\"https:\/\/lapatriafutbolera.com.ar\/?s={search_term_string}\"},\"query-input\":\"required name=search_term_string\"}],\"inLanguage\":\"es-AR\"},{\"@type\":\"Organization\",\"@id\":\"https:\/\/lapatriafutbolera.com.ar\/#organization\",\"name\":\"LA PATRIA FUTBOLERA\",\"url\":\"https:\/\/lapatriafutbolera.com.ar\/\",\"sameAs\":[],\"logo\":{\"@type\":\"ImageObject\",\"inLanguage\":\"es-AR\",\"@id\":\"https:\/\/lapatriafutbolera.com.ar\/#\/schema\/logo\/image\/\",\"url\":\"https:\/\/lapatriafutbolera.com.ar\/wp-content\/uploads\/2025\/03\/cropped-LA-PATRIA-14.jpg\",\"contentUrl\":\"https:\/\/lapatriafutbolera.com.ar\/wp-content\/uploads\/2025\/03\/cropped-LA-PATRIA-14.jpg\",\"width\":1308,\"height\":221,\"caption\":\"LA PATRIA FUTBOLERA\"},\"image\":{\"@id\":\"https:\/\/lapatriafutbolera.com.ar\/#\/schema\/logo\/image\/\"}},{\"@type\":\"Person\",\"@id\":\"https:\/\/lapatriafutbolera.com.ar\/#\/schema\/person\/55973a2ef35fbfbee054622bc1d08ca3\",\"name\":\"Facundo Acar\",\"image\":{\"@type\":\"ImageObject\",\"inLanguage\":\"es-AR\",\"@id\":\"https:\/\/lapatriafutbolera.com.ar\/#\/schema\/person\/image\/\",\"url\":\"https:\/\/secure.gravatar.com\/avatar\/1711a1e01e13fa2bf19fe0e6e1c29531b80f0178ec8239d4fad77cafe0a4a3d0?s=96&d=mm&r=g\",\"contentUrl\":\"https:\/\/secure.gravatar.com\/avatar\/1711a1e01e13fa2bf19fe0e6e1c29531b80f0178ec8239d4fad77cafe0a4a3d0?s=96&d=mm&r=g\",\"caption\":\"Facundo Acar\"},\"url\":\"https:\/\/lapatriafutbolera.com.ar\/index.php\/author\/facundo-acar\/\"}]}<\/script>\n<!-- \/ Yoast SEO plugin. -->","yoast_head_json":{"title":"Tr\u00e1gico final - LA PATRIA FUTBOLERA","robots":{"index":"index","follow":"follow","max-snippet":"max-snippet:-1","max-image-preview":"max-image-preview:large","max-video-preview":"max-video-preview:-1"},"canonical":"https:\/\/lapatriafutbolera.com.ar\/index.php\/2024\/08\/28\/tragico-final\/","og_locale":"es_ES","og_type":"article","og_title":"Tr\u00e1gico final - LA PATRIA FUTBOLERA","og_description":"Juan Izquierdo. \u00bfQuien era y que le pas\u00f3? Juan Manuel Izquierdo Viania, jugador del Club...","og_url":"https:\/\/lapatriafutbolera.com.ar\/index.php\/2024\/08\/28\/tragico-final\/","og_site_name":"LA PATRIA FUTBOLERA","article_published_time":"2024-08-28T22:56:39+00:00","article_modified_time":"2024-09-03T23:15:05+00:00","og_image":[{"width":1440,"height":1440,"url":"https:\/\/lapatriafutbolera.com.ar\/wp-content\/uploads\/2024\/09\/XYVQP4NFWVA2RED6PT7IAUZY34.jpg","type":"image\/jpeg"}],"author":"Facundo Acar","twitter_card":"summary_large_image","twitter_misc":{"Escrito por":"Facundo Acar","Tiempo de lectura":"2 minutos"},"schema":{"@context":"https:\/\/schema.org","@graph":[{"@type":"Article","@id":"https:\/\/lapatriafutbolera.com.ar\/index.php\/2024\/08\/28\/tragico-final\/#article","isPartOf":{"@id":"https:\/\/lapatriafutbolera.com.ar\/index.php\/2024\/08\/28\/tragico-final\/"},"author":{"name":"Facundo Acar","@id":"https:\/\/lapatriafutbolera.com.ar\/#\/schema\/person\/55973a2ef35fbfbee054622bc1d08ca3"},"headline":"Tr\u00e1gico final","datePublished":"2024-08-28T22:56:39+00:00","dateModified":"2024-09-03T23:15:05+00:00","mainEntityOfPage":{"@id":"https:\/\/lapatriafutbolera.com.ar\/index.php\/2024\/08\/28\/tragico-final\/"},"wordCount":336,"commentCount":0,"publisher":{"@id":"https:\/\/lapatriafutbolera.com.ar\/#organization"},"articleSection":["COPA LIBERTADORES"],"inLanguage":"es-AR","potentialAction":[{"@type":"CommentAction","name":"Comment","target":["https:\/\/lapatriafutbolera.com.ar\/index.php\/2024\/08\/28\/tragico-final\/#respond"]}]},{"@type":"WebPage","@id":"https:\/\/lapatriafutbolera.com.ar\/index.php\/2024\/08\/28\/tragico-final\/","url":"https:\/\/lapatriafutbolera.com.ar\/index.php\/2024\/08\/28\/tragico-final\/","name":"Tr\u00e1gico final - LA PATRIA FUTBOLERA","isPartOf":{"@id":"https:\/\/lapatriafutbolera.com.ar\/#website"},"datePublished":"2024-08-28T22:56:39+00:00","dateModified":"2024-09-03T23:15:05+00:00","breadcrumb":{"@id":"https:\/\/lapatriafutbolera.com.ar\/index.php\/2024\/08\/28\/tragico-final\/#breadcrumb"},"inLanguage":"es-AR","potentialAction":[{"@type":"ReadAction","target":["https:\/\/lapatriafutbolera.com.ar\/index.php\/2024\/08\/28\/tragico-final\/"]}]},{"@type":"BreadcrumbList","@id":"https:\/\/lapatriafutbolera.com.ar\/index.php\/2024\/08\/28\/tragico-final\/#breadcrumb","itemListElement":[{"@type":"ListItem","position":1,"name":"Inicio","item":"https:\/\/lapatriafutbolera.com.ar\/"},{"@type":"ListItem","position":2,"name":"Tr\u00e1gico final"}]},{"@type":"WebSite","@id":"https:\/\/lapatriafutbolera.com.ar\/#website","url":"https:\/\/lapatriafutbolera.com.ar\/","name":"LA PATRIA FUTBOLERA","description":"","publisher":{"@id":"https:\/\/lapatriafutbolera.com.ar\/#organization"},"potentialAction":[{"@type":"SearchAction","target":{"@type":"EntryPoint","urlTemplate":"https:\/\/lapatriafutbolera.com.ar\/?s={search_term_string}"},"query-input":"required name=search_term_string"}],"inLanguage":"es-AR"},{"@type":"Organization","@id":"https:\/\/lapatriafutbolera.com.ar\/#organization","name":"LA PATRIA FUTBOLERA","url":"https:\/\/lapatriafutbolera.com.ar\/","sameAs":[],"logo":{"@type":"ImageObject","inLanguage":"es-AR","@id":"https:\/\/lapatriafutbolera.com.ar\/#\/schema\/logo\/image\/","url":"https:\/\/lapatriafutbolera.com.ar\/wp-content\/uploads\/2025\/03\/cropped-LA-PATRIA-14.jpg","contentUrl":"https:\/\/lapatriafutbolera.com.ar\/wp-content\/uploads\/2025\/03\/cropped-LA-PATRIA-14.jpg","width":1308,"height":221,"caption":"LA PATRIA FUTBOLERA"},"image":{"@id":"https:\/\/lapatriafutbolera.com.ar\/#\/schema\/logo\/image\/"}},{"@type":"Person","@id":"https:\/\/lapatriafutbolera.com.ar\/#\/schema\/person\/55973a2ef35fbfbee054622bc1d08ca3","name":"Facundo Acar","image":{"@type":"ImageObject","inLanguage":"es-AR","@id":"https:\/\/lapatriafutbolera.com.ar\/#\/schema\/person\/image\/","url":"https:\/\/secure.gravatar.com\/avatar\/1711a1e01e13fa2bf19fe0e6e1c29531b80f0178ec8239d4fad77cafe0a4a3d0?s=96&d=mm&r=g","contentUrl":"https:\/\/secure.gravatar.com\/avatar\/1711a1e01e13fa2bf19fe0e6e1c29531b80f0178ec8239d4fad77cafe0a4a3d0?s=96&d=mm&r=g","caption":"Facundo Acar"},"url":"https:\/\/lapatriafutbolera.com.ar\/index.php\/author\/facundo-acar\/"}]}},"_links":{"self":[{"href":"https:\/\/lapatriafutbolera.com.ar\/index.php\/wp-json\/wp\/v2\/posts\/2190","targetHints":{"allow":["GET"]}}],"collection":[{"href":"https:\/\/lapatriafutbolera.com.ar\/index.php\/wp-json\/wp\/v2\/posts"}],"about":[{"href":"https:\/\/lapatriafutbolera.com.ar\/index.php\/wp-json\/wp\/v2\/types\/post"}],"author":[{"embeddable":true,"href":"https:\/\/lapatriafutbolera.com.ar\/index.php\/wp-json\/wp\/v2\/users\/18"}],"replies":[{"embeddable":true,"href":"https:\/\/lapatriafutbolera.com.ar\/index.php\/wp-json\/wp\/v2\/comments?post=2190"}],"version-history":[{"count":3,"href":"https:\/\/lapatriafutbolera.com.ar\/index.php\/wp-json\/wp\/v2\/posts\/2190\/revisions"}],"predecessor-version":[{"id":2196,"href":"https:\/\/lapatriafutbolera.com.ar\/index.php\/wp-json\/wp\/v2\/posts\/2190\/revisions\/2196"}],"wp:featuredmedia":[{"embeddable":true,"href":"https:\/\/lapatriafutbolera.com.ar\/index.php\/wp-json\/wp\/v2\/media\/2193"}],"wp:attachment":[{"href":"https:\/\/lapatriafutbolera.com.ar\/index.php\/wp-json\/wp\/v2\/media?parent=2190"}],"wp:term":[{"taxonomy":"category","embeddable":true,"href":"https:\/\/lapatriafutbolera.com.ar\/index.php\/wp-json\/wp\/v2\/categories?post=2190"},{"taxonomy":"post_tag","embeddable":true,"href":"https:\/\/lapatriafutbolera.com.ar\/index.php\/wp-json\/wp\/v2\/tags?post=2190"}],"curies":[{"name":"wp","href":"https:\/\/api.w.org\/{rel}","templated":true}]}}