{"id":2198,"date":"2024-09-15T14:39:20","date_gmt":"2024-09-15T17:39:20","guid":{"rendered":"https:\/\/lapatriafutbolera.com.ar\/?p=2198"},"modified":"2024-09-15T14:39:21","modified_gmt":"2024-09-15T17:39:21","slug":"argentina-goleo-a-ucrania-en-su-debut-en-uzbekistan","status":"publish","type":"post","link":"https:\/\/lapatriafutbolera.com.ar\/index.php\/2024\/09\/15\/argentina-goleo-a-ucrania-en-su-debut-en-uzbekistan\/","title":{"rendered":"Argentina gole\u00f3 a Ucrania en su debut en Uzbekist\u00e1n"},"content":{"rendered":"\n<h4 class=\"wp-block-heading\">El combinado nacional, que viene de ser subcampe\u00f3n del mundo, abri\u00f3 su participaci\u00f3n en el Grupo C del Mundial con una goleada 7 a 1 contra los europeos. Borruto y Arrieta, anotaron dos tantos cada uno.<\/h4>\n\n\n\n<p><strong>La&nbsp;<a target=\"_blank\" href=\"https:\/\/www.eldestapeweb.com\/tag\/seleccion-argentina\" rel=\"noreferrer noopener\">Selecci\u00f3n Argentina<\/a>&nbsp;aplast\u00f3 a&nbsp;<a target=\"_blank\" href=\"https:\/\/www.eldestapeweb.com\/tag\/ucrania\" rel=\"noreferrer noopener\">Ucrania<\/a>&nbsp;por 7-1 en el debut en el Mundial de&nbsp;<a target=\"_blank\" href=\"https:\/\/www.eldestapeweb.com\/tag\/futsal\" rel=\"noreferrer noopener\">futsal<\/a><\/strong>&nbsp;2024 en Uzbekist\u00e1n. El equipo dirigido por&nbsp;<strong>Mat\u00edas Lucuix<\/strong>&nbsp;comenz\u00f3 en desventaja en el marcador de arranque, pero a puro talento consigui\u00f3 revertir el partido y pas\u00f3 por arriba a su primer adversario del Grupo C, que completan&nbsp;<strong>Afganist\u00e1n y Angola<\/strong>.<\/p>\n\n\n\n<figure class=\"wp-block-image size-large\"><img loading=\"lazy\" decoding=\"async\" width=\"1024\" height=\"575\" src=\"https:\/\/lapatriafutbolera.com.ar\/wp-content\/uploads\/2024\/09\/seleccion-argentina-gano-mundial-futsal-ucrania-2024-goleada-jpg-1024x575.webp\" alt=\"\" class=\"wp-image-2200\" srcset=\"https:\/\/lapatriafutbolera.com.ar\/wp-content\/uploads\/2024\/09\/seleccion-argentina-gano-mundial-futsal-ucrania-2024-goleada-jpg-1024x575.webp 1024w, https:\/\/lapatriafutbolera.com.ar\/wp-content\/uploads\/2024\/09\/seleccion-argentina-gano-mundial-futsal-ucrania-2024-goleada-jpg-300x169.webp 300w, https:\/\/lapatriafutbolera.com.ar\/wp-content\/uploads\/2024\/09\/seleccion-argentina-gano-mundial-futsal-ucrania-2024-goleada-jpg-768x432.webp 768w, https:\/\/lapatriafutbolera.com.ar\/wp-content\/uploads\/2024\/09\/seleccion-argentina-gano-mundial-futsal-ucrania-2024-goleada-jpg.webp 1500w\" sizes=\"auto, (max-width: 1024px) 100vw, 1024px\" \/><\/figure>\n\n\n\n<p>A trav\u00e9s de un tiro libre,\u00a0<strong>Kevin Arrieta<\/strong>\u00a0estamp\u00f3 r\u00e1pidamente el 1-1 de penal. M\u00e1s tarde,\u00a0<strong>Alan Brandi<\/strong>\u00a0dio vuelta el resultado con su tanto de taco, tras una gran jugada colectiva sobre la izquierda antes de que terminara el primer tiempo. Ya en el segundo per\u00edodo,\u00a0<strong>Mat\u00edas Rosa<\/strong>\u00a0aprovech\u00f3 un centro atr\u00e1s para sellar el 3-1 en la puerta del \u00e1rea. A los pocos minutos,\u00a0<strong>Cristian Borruto<\/strong>\u00a0cort\u00f3 un pase del arquero-jugador rival y, antes de la mitad de la cancha, dispar\u00f3 para anotar el 4-1.<\/p>\n\n\n\n<figure class=\"wp-block-image\"><img decoding=\"async\" src=\"blob:https:\/\/lapatriafutbolera.com.ar\/66504fb2-da51-4483-9c75-e595eff496d8\" alt=\"\"\/><\/figure>\n\n\n\n<p>Por si fuese poco,\u00a0<strong>Arrieta<\/strong>\u00a0sentenci\u00f3 el cotejo debajo del arco, con la valla vac\u00eda, y decret\u00f3 el 5-1. Por su parte,\u00a0<strong>Lucas Bolo<\/strong>\u00a0fue el encargador de gritar el 6-1 con otra intercepci\u00f3n y un remate formidable desde su propio campo. A los 19 de la etapa complementaria, apareci\u00f3\u00a0<strong>Borruto<\/strong>\u00a0con su doblete para el hist\u00f3rico 7-1 a favor de la &#8220;Albiceleste&#8221;, a la espera de las dos presentaciones restantes para cerrar la zona de la Copa del Mundo en Asia.<\/p>\n\n\n\n<p><img loading=\"lazy\" decoding=\"async\" alt=\"El capit\u00e1n Taborda, de Argentina\" height=\"1285\" width=\"1920\" class=\"\" src=\"https:\/\/www.infobae.com\/new-resizer\/Yb7avXxS48wGJHpyTFqXj1iIJbA=\/420x280\/filters:format(webp):quality(85)\/cloudfront-us-east-1.images.arcpublishing.com\/infobae\/PV7XC6OIKJA7TKB6ICRIPEGHNE.jfif%20420w\" srcset=\"https:\/\/www.infobae.com\/new-resizer\/Yb7avXxS48wGJHpyTFqXj1iIJbA=\/420x280\/filters:format(webp):quality(85)\/cloudfront-us-east-1.images.arcpublishing.com\/infobae\/PV7XC6OIKJA7TKB6ICRIPEGHNE.jfif 420w,https:\/\/www.infobae.com\/new-resizer\/F272cdS0pZRV8J50U0WbYnztBcc=\/768x512\/filters:format(webp):quality(85)\/cloudfront-us-east-1.images.arcpublishing.com\/infobae\/PV7XC6OIKJA7TKB6ICRIPEGHNE.jfif 768w,https:\/\/www.infobae.com\/new-resizer\/o1rN9qSfSsvhy28aVCPFz2dHM8k=\/992x661\/filters:format(webp):quality(85)\/cloudfront-us-east-1.images.arcpublishing.com\/infobae\/PV7XC6OIKJA7TKB6ICRIPEGHNE.jfif 992w,https:\/\/www.infobae.com\/new-resizer\/MzrbDfxQAp5qYnWFEoeRvGSmHUE=\/1200x800\/filters:format(webp):quality(85)\/cloudfront-us-east-1.images.arcpublishing.com\/infobae\/PV7XC6OIKJA7TKB6ICRIPEGHNE.jfif 1200w,https:\/\/www.infobae.com\/new-resizer\/FXMx3DLUNeyZ2ClhGvULJ3Gi5dc=\/1440x960\/filters:format(webp):quality(85)\/cloudfront-us-east-1.images.arcpublishing.com\/infobae\/PV7XC6OIKJA7TKB6ICRIPEGHNE.jfif 1440w\">El capit\u00e1n Taborda, de Argentina<\/p>\n\n\n\n<h2 class=\"wp-block-heading\">EL PLANTEL DE ARGENTINA PARA EL MUNDIAL DE FUTSAL<\/h2>\n\n\n\n<p><strong>Arqueros<\/strong>: Nicol\u00e1s Sarmiento (Anderlecht, B\u00e9lgica) y Nicol\u00e1s Kravetzky (Barracas Central).<\/p>\n\n\n\n<p><strong>Cierres<\/strong>: Pablo Taborda (Ecocity Genzano, Italia), Agust\u00edn Plaza (Pe\u00f1\u00edscola, Italia) y Sebasti\u00e1n Corso (Industrias Santa Coloma, Espa\u00f1a).<\/p>\n\n\n\n<p><strong>Alas<\/strong>: Luciano Gauna (Pe\u00f1\u00edscola, Italia), Lucas Bolo Alemany (Napoli, Italia), Constantino Vaporaki (RFS, Letonia), \u00c1ngel Claudino (Riga, Letonia), Lucas Tr\u00edpodi (Ribera Navarra, Espa\u00f1a) y Kevin Arrieta (Alzira, Espa\u00f1a).<\/p>\n\n\n\n<p><strong>P\u00edvots<\/strong>: Cristian Borruto (Napoli, Italia), Alan Brandi (Ja\u00e9n Para\u00edso Interior, Espa\u00f1a) y Mat\u00edas Rosa (Ja\u00e9n Para\u00edso Interior, Espa\u00f1a).<\/p>\n\n\n\n<h2 class=\"wp-block-heading\">LOS GRUPOS DEL MUNDIAL DE FUTSAL<\/h2>\n\n\n\n<p><strong>A<\/strong>: Uzbekist\u00e1n, Pa\u00edses Bajos, Paraguay y Costa Rica<\/p>\n\n\n\n<p><strong>B<\/strong>: Brasil, Cuba, Croacia y Tailandia<\/p>\n\n\n\n<p><strong>C<\/strong>: Argentina, Ucrania, Afganist\u00e1n y Angola<\/p>\n\n\n\n<p><strong>D<\/strong>: Espa\u00f1a, Kazajist\u00e1n, Nueva Zelanda y Libia<\/p>\n\n\n\n<p><strong>E<\/strong>: Portugal, Panam\u00e1, Marruecos y Tayikist\u00e1n<\/p>\n\n\n\n<p><strong>F<\/strong>: Ir\u00e1n, Venezuela, Guatemala y Francia<\/p>\n","protected":false},"excerpt":{"rendered":"<p>El combinado nacional, que viene de ser subcampe\u00f3n del mundo, abri\u00f3 su participaci\u00f3n en el&#8230;<\/p>\n","protected":false},"author":4,"featured_media":2199,"comment_status":"open","ping_status":"open","sticky":false,"template":"","format":"standard","meta":{"footnotes":""},"categories":[20],"tags":[],"class_list":["post-2198","post","type-post","status-publish","format-standard","has-post-thumbnail","hentry","category-futsal"],"yoast_head":"<!-- This site is optimized with the Yoast SEO plugin v19.5.1 - https:\/\/yoast.com\/wordpress\/plugins\/seo\/ -->\n<title>Argentina gole\u00f3 a Ucrania en su debut en Uzbekist\u00e1n - LA PATRIA FUTBOLERA<\/title>\n<meta name=\"robots\" content=\"index, follow, max-snippet:-1, max-image-preview:large, max-video-preview:-1\" \/>\n<link rel=\"canonical\" href=\"https:\/\/lapatriafutbolera.com.ar\/index.php\/2024\/09\/15\/argentina-goleo-a-ucrania-en-su-debut-en-uzbekistan\/\" \/>\n<meta property=\"og:locale\" content=\"es_ES\" \/>\n<meta property=\"og:type\" content=\"article\" \/>\n<meta property=\"og:title\" content=\"Argentina gole\u00f3 a Ucrania en su debut en Uzbekist\u00e1n - LA PATRIA FUTBOLERA\" \/>\n<meta property=\"og:description\" content=\"El combinado nacional, que viene de ser subcampe\u00f3n del mundo, abri\u00f3 su participaci\u00f3n en el...\" \/>\n<meta property=\"og:url\" content=\"https:\/\/lapatriafutbolera.com.ar\/index.php\/2024\/09\/15\/argentina-goleo-a-ucrania-en-su-debut-en-uzbekistan\/\" \/>\n<meta property=\"og:site_name\" content=\"LA PATRIA FUTBOLERA\" \/>\n<meta property=\"article:published_time\" content=\"2024-09-15T17:39:20+00:00\" \/>\n<meta property=\"article:modified_time\" content=\"2024-09-15T17:39:21+00:00\" \/>\n<meta property=\"og:image\" content=\"https:\/\/lapatriafutbolera.com.ar\/wp-content\/uploads\/2024\/09\/seleccion-argentina-gano-mundial-futsal-ucrania-2024-jpg.-1.webp\" \/>\n\t<meta property=\"og:image:width\" content=\"770\" \/>\n\t<meta property=\"og:image:height\" content=\"440\" \/>\n\t<meta property=\"og:image:type\" content=\"image\/webp\" \/>\n<meta name=\"author\" content=\"Redacci\u00f3n LPF\" \/>\n<meta name=\"twitter:card\" content=\"summary_large_image\" \/>\n<meta name=\"twitter:label1\" content=\"Escrito por\" \/>\n\t<meta name=\"twitter:data1\" content=\"Redacci\u00f3n LPF\" \/>\n\t<meta name=\"twitter:label2\" content=\"Tiempo de lectura\" \/>\n\t<meta name=\"twitter:data2\" content=\"3 minutos\" \/>\n<script type=\"application\/ld+json\" class=\"yoast-schema-graph\">{\"@context\":\"https:\/\/schema.org\",\"@graph\":[{\"@type\":\"Article\",\"@id\":\"https:\/\/lapatriafutbolera.com.ar\/index.php\/2024\/09\/15\/argentina-goleo-a-ucrania-en-su-debut-en-uzbekistan\/#article\",\"isPartOf\":{\"@id\":\"https:\/\/lapatriafutbolera.com.ar\/index.php\/2024\/09\/15\/argentina-goleo-a-ucrania-en-su-debut-en-uzbekistan\/\"},\"author\":{\"name\":\"Redacci\u00f3n LPF\",\"@id\":\"https:\/\/lapatriafutbolera.com.ar\/#\/schema\/person\/eb56fb3a7e76133611d5b2d9f706bd97\"},\"headline\":\"Argentina gole\u00f3 a Ucrania en su debut en Uzbekist\u00e1n\",\"datePublished\":\"2024-09-15T17:39:20+00:00\",\"dateModified\":\"2024-09-15T17:39:21+00:00\",\"mainEntityOfPage\":{\"@id\":\"https:\/\/lapatriafutbolera.com.ar\/index.php\/2024\/09\/15\/argentina-goleo-a-ucrania-en-su-debut-en-uzbekistan\/\"},\"wordCount\":451,\"commentCount\":0,\"publisher\":{\"@id\":\"https:\/\/lapatriafutbolera.com.ar\/#organization\"},\"articleSection\":[\"Futsal\"],\"inLanguage\":\"es-AR\",\"potentialAction\":[{\"@type\":\"CommentAction\",\"name\":\"Comment\",\"target\":[\"https:\/\/lapatriafutbolera.com.ar\/index.php\/2024\/09\/15\/argentina-goleo-a-ucrania-en-su-debut-en-uzbekistan\/#respond\"]}]},{\"@type\":\"WebPage\",\"@id\":\"https:\/\/lapatriafutbolera.com.ar\/index.php\/2024\/09\/15\/argentina-goleo-a-ucrania-en-su-debut-en-uzbekistan\/\",\"url\":\"https:\/\/lapatriafutbolera.com.ar\/index.php\/2024\/09\/15\/argentina-goleo-a-ucrania-en-su-debut-en-uzbekistan\/\",\"name\":\"Argentina gole\u00f3 a Ucrania en su debut en Uzbekist\u00e1n - LA PATRIA FUTBOLERA\",\"isPartOf\":{\"@id\":\"https:\/\/lapatriafutbolera.com.ar\/#website\"},\"datePublished\":\"2024-09-15T17:39:20+00:00\",\"dateModified\":\"2024-09-15T17:39:21+00:00\",\"breadcrumb\":{\"@id\":\"https:\/\/lapatriafutbolera.com.ar\/index.php\/2024\/09\/15\/argentina-goleo-a-ucrania-en-su-debut-en-uzbekistan\/#breadcrumb\"},\"inLanguage\":\"es-AR\",\"potentialAction\":[{\"@type\":\"ReadAction\",\"target\":[\"https:\/\/lapatriafutbolera.com.ar\/index.php\/2024\/09\/15\/argentina-goleo-a-ucrania-en-su-debut-en-uzbekistan\/\"]}]},{\"@type\":\"BreadcrumbList\",\"@id\":\"https:\/\/lapatriafutbolera.com.ar\/index.php\/2024\/09\/15\/argentina-goleo-a-ucrania-en-su-debut-en-uzbekistan\/#breadcrumb\",\"itemListElement\":[{\"@type\":\"ListItem\",\"position\":1,\"name\":\"Inicio\",\"item\":\"https:\/\/lapatriafutbolera.com.ar\/\"},{\"@type\":\"ListItem\",\"position\":2,\"name\":\"Argentina gole\u00f3 a Ucrania en su debut en Uzbekist\u00e1n\"}]},{\"@type\":\"WebSite\",\"@id\":\"https:\/\/lapatriafutbolera.com.ar\/#website\",\"url\":\"https:\/\/lapatriafutbolera.com.ar\/\",\"name\":\"LA PATRIA FUTBOLERA\",\"description\":\"\",\"publisher\":{\"@id\":\"https:\/\/lapatriafutbolera.com.ar\/#organization\"},\"potentialAction\":[{\"@type\":\"SearchAction\",\"target\":{\"@type\":\"EntryPoint\",\"urlTemplate\":\"https:\/\/lapatriafutbolera.com.ar\/?s={search_term_string}\"},\"query-input\":\"required name=search_term_string\"}],\"inLanguage\":\"es-AR\"},{\"@type\":\"Organization\",\"@id\":\"https:\/\/lapatriafutbolera.com.ar\/#organization\",\"name\":\"LA PATRIA FUTBOLERA\",\"url\":\"https:\/\/lapatriafutbolera.com.ar\/\",\"sameAs\":[],\"logo\":{\"@type\":\"ImageObject\",\"inLanguage\":\"es-AR\",\"@id\":\"https:\/\/lapatriafutbolera.com.ar\/#\/schema\/logo\/image\/\",\"url\":\"https:\/\/lapatriafutbolera.com.ar\/wp-content\/uploads\/2025\/03\/cropped-LA-PATRIA-14.jpg\",\"contentUrl\":\"https:\/\/lapatriafutbolera.com.ar\/wp-content\/uploads\/2025\/03\/cropped-LA-PATRIA-14.jpg\",\"width\":1308,\"height\":221,\"caption\":\"LA PATRIA FUTBOLERA\"},\"image\":{\"@id\":\"https:\/\/lapatriafutbolera.com.ar\/#\/schema\/logo\/image\/\"}},{\"@type\":\"Person\",\"@id\":\"https:\/\/lapatriafutbolera.com.ar\/#\/schema\/person\/eb56fb3a7e76133611d5b2d9f706bd97\",\"name\":\"Redacci\u00f3n LPF\",\"image\":{\"@type\":\"ImageObject\",\"inLanguage\":\"es-AR\",\"@id\":\"https:\/\/lapatriafutbolera.com.ar\/#\/schema\/person\/image\/\",\"url\":\"https:\/\/secure.gravatar.com\/avatar\/57dc12e3750972170624cd118ca21d4157841e9e7b211e6dfe7a00b61088d285?s=96&d=mm&r=g\",\"contentUrl\":\"https:\/\/secure.gravatar.com\/avatar\/57dc12e3750972170624cd118ca21d4157841e9e7b211e6dfe7a00b61088d285?s=96&d=mm&r=g\",\"caption\":\"Redacci\u00f3n LPF\"},\"sameAs\":[\"http:\/\/lapatriafutbolera.com.ar\"],\"url\":\"https:\/\/lapatriafutbolera.com.ar\/index.php\/author\/redaccion-lpf\/\"}]}<\/script>\n<!-- \/ Yoast SEO plugin. -->","yoast_head_json":{"title":"Argentina gole\u00f3 a Ucrania en su debut en Uzbekist\u00e1n - LA PATRIA FUTBOLERA","robots":{"index":"index","follow":"follow","max-snippet":"max-snippet:-1","max-image-preview":"max-image-preview:large","max-video-preview":"max-video-preview:-1"},"canonical":"https:\/\/lapatriafutbolera.com.ar\/index.php\/2024\/09\/15\/argentina-goleo-a-ucrania-en-su-debut-en-uzbekistan\/","og_locale":"es_ES","og_type":"article","og_title":"Argentina gole\u00f3 a Ucrania en su debut en Uzbekist\u00e1n - LA PATRIA FUTBOLERA","og_description":"El combinado nacional, que viene de ser subcampe\u00f3n del mundo, abri\u00f3 su participaci\u00f3n en el...","og_url":"https:\/\/lapatriafutbolera.com.ar\/index.php\/2024\/09\/15\/argentina-goleo-a-ucrania-en-su-debut-en-uzbekistan\/","og_site_name":"LA PATRIA FUTBOLERA","article_published_time":"2024-09-15T17:39:20+00:00","article_modified_time":"2024-09-15T17:39:21+00:00","og_image":[{"width":770,"height":440,"url":"https:\/\/lapatriafutbolera.com.ar\/wp-content\/uploads\/2024\/09\/seleccion-argentina-gano-mundial-futsal-ucrania-2024-jpg.-1.webp","type":"image\/webp"}],"author":"Redacci\u00f3n LPF","twitter_card":"summary_large_image","twitter_misc":{"Escrito por":"Redacci\u00f3n LPF","Tiempo de lectura":"3 minutos"},"schema":{"@context":"https:\/\/schema.org","@graph":[{"@type":"Article","@id":"https:\/\/lapatriafutbolera.com.ar\/index.php\/2024\/09\/15\/argentina-goleo-a-ucrania-en-su-debut-en-uzbekistan\/#article","isPartOf":{"@id":"https:\/\/lapatriafutbolera.com.ar\/index.php\/2024\/09\/15\/argentina-goleo-a-ucrania-en-su-debut-en-uzbekistan\/"},"author":{"name":"Redacci\u00f3n LPF","@id":"https:\/\/lapatriafutbolera.com.ar\/#\/schema\/person\/eb56fb3a7e76133611d5b2d9f706bd97"},"headline":"Argentina gole\u00f3 a Ucrania en su debut en Uzbekist\u00e1n","datePublished":"2024-09-15T17:39:20+00:00","dateModified":"2024-09-15T17:39:21+00:00","mainEntityOfPage":{"@id":"https:\/\/lapatriafutbolera.com.ar\/index.php\/2024\/09\/15\/argentina-goleo-a-ucrania-en-su-debut-en-uzbekistan\/"},"wordCount":451,"commentCount":0,"publisher":{"@id":"https:\/\/lapatriafutbolera.com.ar\/#organization"},"articleSection":["Futsal"],"inLanguage":"es-AR","potentialAction":[{"@type":"CommentAction","name":"Comment","target":["https:\/\/lapatriafutbolera.com.ar\/index.php\/2024\/09\/15\/argentina-goleo-a-ucrania-en-su-debut-en-uzbekistan\/#respond"]}]},{"@type":"WebPage","@id":"https:\/\/lapatriafutbolera.com.ar\/index.php\/2024\/09\/15\/argentina-goleo-a-ucrania-en-su-debut-en-uzbekistan\/","url":"https:\/\/lapatriafutbolera.com.ar\/index.php\/2024\/09\/15\/argentina-goleo-a-ucrania-en-su-debut-en-uzbekistan\/","name":"Argentina gole\u00f3 a Ucrania en su debut en Uzbekist\u00e1n - LA PATRIA FUTBOLERA","isPartOf":{"@id":"https:\/\/lapatriafutbolera.com.ar\/#website"},"datePublished":"2024-09-15T17:39:20+00:00","dateModified":"2024-09-15T17:39:21+00:00","breadcrumb":{"@id":"https:\/\/lapatriafutbolera.com.ar\/index.php\/2024\/09\/15\/argentina-goleo-a-ucrania-en-su-debut-en-uzbekistan\/#breadcrumb"},"inLanguage":"es-AR","potentialAction":[{"@type":"ReadAction","target":["https:\/\/lapatriafutbolera.com.ar\/index.php\/2024\/09\/15\/argentina-goleo-a-ucrania-en-su-debut-en-uzbekistan\/"]}]},{"@type":"BreadcrumbList","@id":"https:\/\/lapatriafutbolera.com.ar\/index.php\/2024\/09\/15\/argentina-goleo-a-ucrania-en-su-debut-en-uzbekistan\/#breadcrumb","itemListElement":[{"@type":"ListItem","position":1,"name":"Inicio","item":"https:\/\/lapatriafutbolera.com.ar\/"},{"@type":"ListItem","position":2,"name":"Argentina gole\u00f3 a Ucrania en su debut en Uzbekist\u00e1n"}]},{"@type":"WebSite","@id":"https:\/\/lapatriafutbolera.com.ar\/#website","url":"https:\/\/lapatriafutbolera.com.ar\/","name":"LA PATRIA FUTBOLERA","description":"","publisher":{"@id":"https:\/\/lapatriafutbolera.com.ar\/#organization"},"potentialAction":[{"@type":"SearchAction","target":{"@type":"EntryPoint","urlTemplate":"https:\/\/lapatriafutbolera.com.ar\/?s={search_term_string}"},"query-input":"required name=search_term_string"}],"inLanguage":"es-AR"},{"@type":"Organization","@id":"https:\/\/lapatriafutbolera.com.ar\/#organization","name":"LA PATRIA FUTBOLERA","url":"https:\/\/lapatriafutbolera.com.ar\/","sameAs":[],"logo":{"@type":"ImageObject","inLanguage":"es-AR","@id":"https:\/\/lapatriafutbolera.com.ar\/#\/schema\/logo\/image\/","url":"https:\/\/lapatriafutbolera.com.ar\/wp-content\/uploads\/2025\/03\/cropped-LA-PATRIA-14.jpg","contentUrl":"https:\/\/lapatriafutbolera.com.ar\/wp-content\/uploads\/2025\/03\/cropped-LA-PATRIA-14.jpg","width":1308,"height":221,"caption":"LA PATRIA FUTBOLERA"},"image":{"@id":"https:\/\/lapatriafutbolera.com.ar\/#\/schema\/logo\/image\/"}},{"@type":"Person","@id":"https:\/\/lapatriafutbolera.com.ar\/#\/schema\/person\/eb56fb3a7e76133611d5b2d9f706bd97","name":"Redacci\u00f3n LPF","image":{"@type":"ImageObject","inLanguage":"es-AR","@id":"https:\/\/lapatriafutbolera.com.ar\/#\/schema\/person\/image\/","url":"https:\/\/secure.gravatar.com\/avatar\/57dc12e3750972170624cd118ca21d4157841e9e7b211e6dfe7a00b61088d285?s=96&d=mm&r=g","contentUrl":"https:\/\/secure.gravatar.com\/avatar\/57dc12e3750972170624cd118ca21d4157841e9e7b211e6dfe7a00b61088d285?s=96&d=mm&r=g","caption":"Redacci\u00f3n LPF"},"sameAs":["http:\/\/lapatriafutbolera.com.ar"],"url":"https:\/\/lapatriafutbolera.com.ar\/index.php\/author\/redaccion-lpf\/"}]}},"_links":{"self":[{"href":"https:\/\/lapatriafutbolera.com.ar\/index.php\/wp-json\/wp\/v2\/posts\/2198","targetHints":{"allow":["GET"]}}],"collection":[{"href":"https:\/\/lapatriafutbolera.com.ar\/index.php\/wp-json\/wp\/v2\/posts"}],"about":[{"href":"https:\/\/lapatriafutbolera.com.ar\/index.php\/wp-json\/wp\/v2\/types\/post"}],"author":[{"embeddable":true,"href":"https:\/\/lapatriafutbolera.com.ar\/index.php\/wp-json\/wp\/v2\/users\/4"}],"replies":[{"embeddable":true,"href":"https:\/\/lapatriafutbolera.com.ar\/index.php\/wp-json\/wp\/v2\/comments?post=2198"}],"version-history":[{"count":1,"href":"https:\/\/lapatriafutbolera.com.ar\/index.php\/wp-json\/wp\/v2\/posts\/2198\/revisions"}],"predecessor-version":[{"id":2202,"href":"https:\/\/lapatriafutbolera.com.ar\/index.php\/wp-json\/wp\/v2\/posts\/2198\/revisions\/2202"}],"wp:featuredmedia":[{"embeddable":true,"href":"https:\/\/lapatriafutbolera.com.ar\/index.php\/wp-json\/wp\/v2\/media\/2199"}],"wp:attachment":[{"href":"https:\/\/lapatriafutbolera.com.ar\/index.php\/wp-json\/wp\/v2\/media?parent=2198"}],"wp:term":[{"taxonomy":"category","embeddable":true,"href":"https:\/\/lapatriafutbolera.com.ar\/index.php\/wp-json\/wp\/v2\/categories?post=2198"},{"taxonomy":"post_tag","embeddable":true,"href":"https:\/\/lapatriafutbolera.com.ar\/index.php\/wp-json\/wp\/v2\/tags?post=2198"}],"curies":[{"name":"wp","href":"https:\/\/api.w.org\/{rel}","templated":true}]}}