{"id":2218,"date":"2024-09-18T15:04:05","date_gmt":"2024-09-18T18:04:05","guid":{"rendered":"https:\/\/lapatriafutbolera.com.ar\/?p=2218"},"modified":"2024-09-18T15:10:49","modified_gmt":"2024-09-18T18:10:49","slug":"nuevo-triunfo-y-clasificacion","status":"publish","type":"post","link":"https:\/\/lapatriafutbolera.com.ar\/index.php\/2024\/09\/18\/nuevo-triunfo-y-clasificacion\/","title":{"rendered":"Nuevo triunfo y clasificaci\u00f3n"},"content":{"rendered":"\n<h4 class=\"wp-block-heading\">Tras la goleada sobre Ucrania en el debut, los dirigidos por Mat\u00edas Lucuix consiguieron otro triunfo para sellar el pase a la siguiente ronda: esta vez, fue 2 a 1 ante Afganist\u00e1n.<\/h4>\n\n\n\n<p>La&nbsp;<strong>selecci\u00f3n argentina de futsal<\/strong>&nbsp;dio un nuevo paso en el&nbsp;<strong>Mundial&nbsp;<\/strong>que se celebra en&nbsp;<strong>Uzbekist\u00e1n&nbsp;<\/strong>con un importante triunfo 2-1 ante&nbsp;<strong>Afganist\u00e1n&nbsp;<\/strong>en la segunda fecha del Grupo C tras&nbsp;<a href=\"https:\/\/www.minutouno.com\/deportes\/mundial-futsal-la-seleccion-argentina-debuto-un-triunfazo-ucrania-n6060065\" target=\"_blank\" rel=\"noreferrer noopener\">haber goleado a Ucrania<\/a>&nbsp;en el estreno.<\/p>\n\n\n\n<figure class=\"wp-block-image size-full is-resized\"><img loading=\"lazy\" decoding=\"async\" width=\"289\" height=\"174\" src=\"https:\/\/lapatriafutbolera.com.ar\/wp-content\/uploads\/2024\/09\/images-14.jpg\" alt=\"\" class=\"wp-image-2220\" style=\"width:829px;height:auto\"\/><\/figure>\n\n\n\n<p>La&nbsp;<strong>Albiceleste&nbsp;<\/strong>mostr\u00f3 un gran nivel desde lo colectivo y se impuso en el&nbsp;<strong>Humo Arena<\/strong>&nbsp;de la ciudad de&nbsp;<strong>Tashkent&nbsp;<\/strong>gracias al doblete de&nbsp;<strong>Mat\u00edas Rosa<\/strong>. Si bien todav\u00eda el conjunto dirigido por&nbsp;<strong>Mat\u00edas Lucuix<\/strong>&nbsp;debe afrontar el encuentro ante Angola, el equipo sum\u00f3 los seis puntos posible y ya se asegur\u00f3 estar en la pr\u00f3xima instancia.<\/p>\n\n\n\n<figure class=\"wp-block-image size-full\"><img loading=\"lazy\" decoding=\"async\" width=\"1000\" height=\"667\" src=\"https:\/\/lapatriafutbolera.com.ar\/wp-content\/uploads\/2024\/09\/WhatsApp-Image-2024-09-18-at-12.02.46.jpeg\" alt=\"\" class=\"wp-image-2221\" srcset=\"https:\/\/lapatriafutbolera.com.ar\/wp-content\/uploads\/2024\/09\/WhatsApp-Image-2024-09-18-at-12.02.46.jpeg 1000w, https:\/\/lapatriafutbolera.com.ar\/wp-content\/uploads\/2024\/09\/WhatsApp-Image-2024-09-18-at-12.02.46-300x200.jpeg 300w, https:\/\/lapatriafutbolera.com.ar\/wp-content\/uploads\/2024\/09\/WhatsApp-Image-2024-09-18-at-12.02.46-768x512.jpeg 768w\" sizes=\"auto, (max-width: 1000px) 100vw, 1000px\" \/><\/figure>\n\n\n\n<p>Por el momento lidera su zona con tranquilidad y le alcanzar\u00eda con un empate para asegurarse el primer puesto.&nbsp;<strong>&#8220;Fue un partido dificil y no estuvimos conectados. Tenemos que cambiar y mejorar porque lo m\u00e1s dificil es lo que se viene&#8221;<\/strong>, expres\u00f3 el entrenador una vez que finaliz\u00f3 el encuentro.<\/p>\n\n\n\n<h2 class=\"wp-block-heading\">Mat\u00edas Rosa abri\u00f3 el marcador<\/h2>\n\n\n\n<blockquote class=\"wp-block-quote is-layout-flow wp-block-quote-is-layout-flow\">\n<p><a href=\"https:\/\/twitter.com\/hashtag\/ARG?src=hash&amp;ref_src=twsrc%5Etfw\">#ARG<\/a>&nbsp;1-0&nbsp;<a href=\"https:\/\/twitter.com\/hashtag\/AFG?src=hash&amp;ref_src=twsrc%5Etfw\">#AFG<\/a>&nbsp;| 02\u2019 PT | \u00a1GOOOOOOOL! Mat\u00edas Rosa recibe en el \u00e1rea, engancha para afuera y remata fuerte para abrir el tanteador.<br><br>Mir\u00e1 los partidos de Argentina en el Mundial de Futsal de&nbsp;<a href=\"https:\/\/twitter.com\/hashtag\/Uzbekist%C3%A1n2024?src=hash&amp;ref_src=twsrc%5Etfw\">#Uzbekist\u00e1n2024<\/a>&nbsp;en&nbsp;<a href=\"https:\/\/t.co\/fnEKkuadQ9\">https:\/\/t.co\/fnEKkuadQ9<\/a>&nbsp;<a href=\"https:\/\/twitter.com\/hashtag\/FutsalWC?src=hash&amp;ref_src=twsrc%5Etfw\">#FutsalWC<\/a>&nbsp;<a href=\"https:\/\/t.co\/rt04kOh5uE\">pic.twitter.com\/rt04kOh5uE<\/a>\u2014 TVP (@TV_Publica)&nbsp;<a href=\"https:\/\/twitter.com\/TV_Publica\/status\/1836421891453575657?ref_src=twsrc%5Etfw\">September 18, 2024<\/a><\/p>\n<\/blockquote>\n\n\n\n<h2 class=\"wp-block-heading\">Hussain Mohammadi igual\u00f3 el encuentro<\/h2>\n\n\n\n<blockquote class=\"wp-block-quote is-layout-flow wp-block-quote-is-layout-flow\">\n<p><a href=\"https:\/\/twitter.com\/hashtag\/ARG?src=hash&amp;ref_src=twsrc%5Etfw\">#ARG<\/a>&nbsp;1-1&nbsp;<a href=\"https:\/\/twitter.com\/hashtag\/AFG?src=hash&amp;ref_src=twsrc%5Etfw\">#AFG<\/a>&nbsp;| 12\u2019 ST | Gol de Afganist\u00e1n. El combinado asi\u00e1tico insisti\u00f3 y logr\u00f3 su primer tanto convertido por Hussain Mohammadi \u00a1Esto no se termina, aguante!<br><br>Mir\u00e1 los partidos de Argentina en el Mundial de Futsal de&nbsp;<a href=\"https:\/\/twitter.com\/hashtag\/Uzbekist%C3%A1n2024?src=hash&amp;ref_src=twsrc%5Etfw\">#Uzbekist\u00e1n2024<\/a>&nbsp;en&nbsp;<a href=\"https:\/\/t.co\/fnEKkuadQ9\">https:\/\/t.co\/fnEKkuadQ9<\/a>&nbsp;<a href=\"https:\/\/twitter.com\/hashtag\/FutsalWC?src=hash&amp;ref_src=twsrc%5Etfw\">#FutsalWC<\/a>&nbsp;<a href=\"https:\/\/t.co\/cIFw7lSKV2\">pic.twitter.com\/cIFw7lSKV2<\/a>\u2014 TVP (@TV_Publica)&nbsp;<a href=\"https:\/\/twitter.com\/TV_Publica\/status\/1836440425256681534?ref_src=twsrc%5Etfw\">September 18, 2024<\/a><\/p>\n<\/blockquote>\n\n\n\n<h2 class=\"wp-block-heading\">Doblete de Rosa para darle el triunfo a la Albiceleste<\/h2>\n\n\n\n<blockquote class=\"wp-block-quote is-layout-flow wp-block-quote-is-layout-flow\">\n<p><a href=\"https:\/\/twitter.com\/hashtag\/ARG?src=hash&amp;ref_src=twsrc%5Etfw\">#ARG<\/a>&nbsp;2-1&nbsp;<a href=\"https:\/\/twitter.com\/hashtag\/AFG?src=hash&amp;ref_src=twsrc%5Etfw\">#AFG<\/a>&nbsp;| 13\u2019 ST | \u00a1Ay Rosa, Rosa! Golazo de Mati Rosa que gambete\u00f3, enganch\u00f3 y la mand\u00f3 al lado del palo.<br><br>Mir\u00e1 los partidos de Argentina en el Mundial de Futsal de&nbsp;<a href=\"https:\/\/twitter.com\/hashtag\/Uzbekist%C3%A1n2024?src=hash&amp;ref_src=twsrc%5Etfw\">#Uzbekist\u00e1n2024<\/a>&nbsp;en&nbsp;<a href=\"https:\/\/t.co\/fnEKkuadQ9\">https:\/\/t.co\/fnEKkuadQ9<\/a>&nbsp;<a href=\"https:\/\/twitter.com\/hashtag\/FutsalWC?src=hash&amp;ref_src=twsrc%5Etfw\">#FutsalWC<\/a>&nbsp;<a href=\"https:\/\/t.co\/yzlBNtVUnK\">pic.twitter.com\/yzlBNtVUnK<\/a>\u2014 TVP (@TV_Publica)&nbsp;<a href=\"https:\/\/twitter.com\/TV_Publica\/status\/1836441497194926422?ref_src=twsrc%5Etfw\">September 18, 2024<\/a><\/p>\n<\/blockquote>\n\n\n\n<h2 class=\"wp-block-heading\">Los datos del partido entre Argentina y&nbsp;<strong>Afganist\u00e1n<\/strong><\/h2>\n\n\n\n<ul class=\"wp-block-list\">\n<li>\u00a0<strong>Estadio<\/strong>:\u00a0<em>Humo Arena<\/em>\u00a0(Tashkent, Uzbekist\u00e1n)<\/li>\n\n\n\n<li><strong>Horario<\/strong>: 12.00<\/li>\n\n\n\n<li><strong>Televisaci\u00f3n<\/strong>:\u00a0<em>TV P\u00fablica<\/em>\u00a0y\u00a0<em>DSports<\/em><\/li>\n<\/ul>\n","protected":false},"excerpt":{"rendered":"<p>Tras la goleada sobre Ucrania en el debut, los dirigidos por Mat\u00edas Lucuix consiguieron otro&#8230;<\/p>\n","protected":false},"author":4,"featured_media":2219,"comment_status":"open","ping_status":"open","sticky":false,"template":"","format":"standard","meta":{"footnotes":""},"categories":[20],"tags":[],"class_list":["post-2218","post","type-post","status-publish","format-standard","has-post-thumbnail","hentry","category-futsal"],"yoast_head":"<!-- This site is optimized with the Yoast SEO plugin v19.5.1 - https:\/\/yoast.com\/wordpress\/plugins\/seo\/ -->\n<title>Nuevo triunfo y clasificaci\u00f3n - LA PATRIA FUTBOLERA<\/title>\n<meta name=\"robots\" content=\"index, follow, max-snippet:-1, max-image-preview:large, max-video-preview:-1\" \/>\n<link rel=\"canonical\" href=\"https:\/\/lapatriafutbolera.com.ar\/index.php\/2024\/09\/18\/nuevo-triunfo-y-clasificacion\/\" \/>\n<meta property=\"og:locale\" content=\"es_ES\" \/>\n<meta property=\"og:type\" content=\"article\" \/>\n<meta property=\"og:title\" content=\"Nuevo triunfo y clasificaci\u00f3n - LA PATRIA FUTBOLERA\" \/>\n<meta property=\"og:description\" content=\"Tras la goleada sobre Ucrania en el debut, los dirigidos por Mat\u00edas Lucuix consiguieron otro...\" \/>\n<meta property=\"og:url\" content=\"https:\/\/lapatriafutbolera.com.ar\/index.php\/2024\/09\/18\/nuevo-triunfo-y-clasificacion\/\" \/>\n<meta property=\"og:site_name\" content=\"LA PATRIA FUTBOLERA\" \/>\n<meta property=\"article:published_time\" content=\"2024-09-18T18:04:05+00:00\" \/>\n<meta property=\"article:modified_time\" content=\"2024-09-18T18:10:49+00:00\" \/>\n<meta property=\"og:image\" content=\"https:\/\/lapatriafutbolera.com.ar\/wp-content\/uploads\/2024\/09\/seleccion-argentina-mundial-futsal-2024-afganistan-jpg.webp\" \/>\n\t<meta property=\"og:image:width\" content=\"770\" \/>\n\t<meta property=\"og:image:height\" content=\"440\" \/>\n\t<meta property=\"og:image:type\" content=\"image\/webp\" \/>\n<meta name=\"author\" content=\"Redacci\u00f3n LPF\" \/>\n<meta name=\"twitter:card\" content=\"summary_large_image\" \/>\n<meta name=\"twitter:label1\" content=\"Escrito por\" \/>\n\t<meta name=\"twitter:data1\" content=\"Redacci\u00f3n LPF\" \/>\n\t<meta name=\"twitter:label2\" content=\"Tiempo de lectura\" \/>\n\t<meta name=\"twitter:data2\" content=\"3 minutos\" \/>\n<script type=\"application\/ld+json\" class=\"yoast-schema-graph\">{\"@context\":\"https:\/\/schema.org\",\"@graph\":[{\"@type\":\"Article\",\"@id\":\"https:\/\/lapatriafutbolera.com.ar\/index.php\/2024\/09\/18\/nuevo-triunfo-y-clasificacion\/#article\",\"isPartOf\":{\"@id\":\"https:\/\/lapatriafutbolera.com.ar\/index.php\/2024\/09\/18\/nuevo-triunfo-y-clasificacion\/\"},\"author\":{\"name\":\"Redacci\u00f3n LPF\",\"@id\":\"https:\/\/lapatriafutbolera.com.ar\/#\/schema\/person\/eb56fb3a7e76133611d5b2d9f706bd97\"},\"headline\":\"Nuevo triunfo y clasificaci\u00f3n\",\"datePublished\":\"2024-09-18T18:04:05+00:00\",\"dateModified\":\"2024-09-18T18:10:49+00:00\",\"mainEntityOfPage\":{\"@id\":\"https:\/\/lapatriafutbolera.com.ar\/index.php\/2024\/09\/18\/nuevo-triunfo-y-clasificacion\/\"},\"wordCount\":439,\"commentCount\":0,\"publisher\":{\"@id\":\"https:\/\/lapatriafutbolera.com.ar\/#organization\"},\"articleSection\":[\"Futsal\"],\"inLanguage\":\"es-AR\",\"potentialAction\":[{\"@type\":\"CommentAction\",\"name\":\"Comment\",\"target\":[\"https:\/\/lapatriafutbolera.com.ar\/index.php\/2024\/09\/18\/nuevo-triunfo-y-clasificacion\/#respond\"]}]},{\"@type\":\"WebPage\",\"@id\":\"https:\/\/lapatriafutbolera.com.ar\/index.php\/2024\/09\/18\/nuevo-triunfo-y-clasificacion\/\",\"url\":\"https:\/\/lapatriafutbolera.com.ar\/index.php\/2024\/09\/18\/nuevo-triunfo-y-clasificacion\/\",\"name\":\"Nuevo triunfo y clasificaci\u00f3n - LA PATRIA FUTBOLERA\",\"isPartOf\":{\"@id\":\"https:\/\/lapatriafutbolera.com.ar\/#website\"},\"datePublished\":\"2024-09-18T18:04:05+00:00\",\"dateModified\":\"2024-09-18T18:10:49+00:00\",\"breadcrumb\":{\"@id\":\"https:\/\/lapatriafutbolera.com.ar\/index.php\/2024\/09\/18\/nuevo-triunfo-y-clasificacion\/#breadcrumb\"},\"inLanguage\":\"es-AR\",\"potentialAction\":[{\"@type\":\"ReadAction\",\"target\":[\"https:\/\/lapatriafutbolera.com.ar\/index.php\/2024\/09\/18\/nuevo-triunfo-y-clasificacion\/\"]}]},{\"@type\":\"BreadcrumbList\",\"@id\":\"https:\/\/lapatriafutbolera.com.ar\/index.php\/2024\/09\/18\/nuevo-triunfo-y-clasificacion\/#breadcrumb\",\"itemListElement\":[{\"@type\":\"ListItem\",\"position\":1,\"name\":\"Inicio\",\"item\":\"https:\/\/lapatriafutbolera.com.ar\/\"},{\"@type\":\"ListItem\",\"position\":2,\"name\":\"Nuevo triunfo y clasificaci\u00f3n\"}]},{\"@type\":\"WebSite\",\"@id\":\"https:\/\/lapatriafutbolera.com.ar\/#website\",\"url\":\"https:\/\/lapatriafutbolera.com.ar\/\",\"name\":\"LA PATRIA FUTBOLERA\",\"description\":\"\",\"publisher\":{\"@id\":\"https:\/\/lapatriafutbolera.com.ar\/#organization\"},\"potentialAction\":[{\"@type\":\"SearchAction\",\"target\":{\"@type\":\"EntryPoint\",\"urlTemplate\":\"https:\/\/lapatriafutbolera.com.ar\/?s={search_term_string}\"},\"query-input\":\"required name=search_term_string\"}],\"inLanguage\":\"es-AR\"},{\"@type\":\"Organization\",\"@id\":\"https:\/\/lapatriafutbolera.com.ar\/#organization\",\"name\":\"LA PATRIA FUTBOLERA\",\"url\":\"https:\/\/lapatriafutbolera.com.ar\/\",\"sameAs\":[],\"logo\":{\"@type\":\"ImageObject\",\"inLanguage\":\"es-AR\",\"@id\":\"https:\/\/lapatriafutbolera.com.ar\/#\/schema\/logo\/image\/\",\"url\":\"https:\/\/lapatriafutbolera.com.ar\/wp-content\/uploads\/2025\/03\/cropped-LA-PATRIA-14.jpg\",\"contentUrl\":\"https:\/\/lapatriafutbolera.com.ar\/wp-content\/uploads\/2025\/03\/cropped-LA-PATRIA-14.jpg\",\"width\":1308,\"height\":221,\"caption\":\"LA PATRIA FUTBOLERA\"},\"image\":{\"@id\":\"https:\/\/lapatriafutbolera.com.ar\/#\/schema\/logo\/image\/\"}},{\"@type\":\"Person\",\"@id\":\"https:\/\/lapatriafutbolera.com.ar\/#\/schema\/person\/eb56fb3a7e76133611d5b2d9f706bd97\",\"name\":\"Redacci\u00f3n LPF\",\"image\":{\"@type\":\"ImageObject\",\"inLanguage\":\"es-AR\",\"@id\":\"https:\/\/lapatriafutbolera.com.ar\/#\/schema\/person\/image\/\",\"url\":\"https:\/\/secure.gravatar.com\/avatar\/57dc12e3750972170624cd118ca21d4157841e9e7b211e6dfe7a00b61088d285?s=96&d=mm&r=g\",\"contentUrl\":\"https:\/\/secure.gravatar.com\/avatar\/57dc12e3750972170624cd118ca21d4157841e9e7b211e6dfe7a00b61088d285?s=96&d=mm&r=g\",\"caption\":\"Redacci\u00f3n LPF\"},\"sameAs\":[\"http:\/\/lapatriafutbolera.com.ar\"],\"url\":\"https:\/\/lapatriafutbolera.com.ar\/index.php\/author\/redaccion-lpf\/\"}]}<\/script>\n<!-- \/ Yoast SEO plugin. -->","yoast_head_json":{"title":"Nuevo triunfo y clasificaci\u00f3n - LA PATRIA FUTBOLERA","robots":{"index":"index","follow":"follow","max-snippet":"max-snippet:-1","max-image-preview":"max-image-preview:large","max-video-preview":"max-video-preview:-1"},"canonical":"https:\/\/lapatriafutbolera.com.ar\/index.php\/2024\/09\/18\/nuevo-triunfo-y-clasificacion\/","og_locale":"es_ES","og_type":"article","og_title":"Nuevo triunfo y clasificaci\u00f3n - LA PATRIA FUTBOLERA","og_description":"Tras la goleada sobre Ucrania en el debut, los dirigidos por Mat\u00edas Lucuix consiguieron otro...","og_url":"https:\/\/lapatriafutbolera.com.ar\/index.php\/2024\/09\/18\/nuevo-triunfo-y-clasificacion\/","og_site_name":"LA PATRIA FUTBOLERA","article_published_time":"2024-09-18T18:04:05+00:00","article_modified_time":"2024-09-18T18:10:49+00:00","og_image":[{"width":770,"height":440,"url":"https:\/\/lapatriafutbolera.com.ar\/wp-content\/uploads\/2024\/09\/seleccion-argentina-mundial-futsal-2024-afganistan-jpg.webp","type":"image\/webp"}],"author":"Redacci\u00f3n LPF","twitter_card":"summary_large_image","twitter_misc":{"Escrito por":"Redacci\u00f3n LPF","Tiempo de lectura":"3 minutos"},"schema":{"@context":"https:\/\/schema.org","@graph":[{"@type":"Article","@id":"https:\/\/lapatriafutbolera.com.ar\/index.php\/2024\/09\/18\/nuevo-triunfo-y-clasificacion\/#article","isPartOf":{"@id":"https:\/\/lapatriafutbolera.com.ar\/index.php\/2024\/09\/18\/nuevo-triunfo-y-clasificacion\/"},"author":{"name":"Redacci\u00f3n LPF","@id":"https:\/\/lapatriafutbolera.com.ar\/#\/schema\/person\/eb56fb3a7e76133611d5b2d9f706bd97"},"headline":"Nuevo triunfo y clasificaci\u00f3n","datePublished":"2024-09-18T18:04:05+00:00","dateModified":"2024-09-18T18:10:49+00:00","mainEntityOfPage":{"@id":"https:\/\/lapatriafutbolera.com.ar\/index.php\/2024\/09\/18\/nuevo-triunfo-y-clasificacion\/"},"wordCount":439,"commentCount":0,"publisher":{"@id":"https:\/\/lapatriafutbolera.com.ar\/#organization"},"articleSection":["Futsal"],"inLanguage":"es-AR","potentialAction":[{"@type":"CommentAction","name":"Comment","target":["https:\/\/lapatriafutbolera.com.ar\/index.php\/2024\/09\/18\/nuevo-triunfo-y-clasificacion\/#respond"]}]},{"@type":"WebPage","@id":"https:\/\/lapatriafutbolera.com.ar\/index.php\/2024\/09\/18\/nuevo-triunfo-y-clasificacion\/","url":"https:\/\/lapatriafutbolera.com.ar\/index.php\/2024\/09\/18\/nuevo-triunfo-y-clasificacion\/","name":"Nuevo triunfo y clasificaci\u00f3n - LA PATRIA FUTBOLERA","isPartOf":{"@id":"https:\/\/lapatriafutbolera.com.ar\/#website"},"datePublished":"2024-09-18T18:04:05+00:00","dateModified":"2024-09-18T18:10:49+00:00","breadcrumb":{"@id":"https:\/\/lapatriafutbolera.com.ar\/index.php\/2024\/09\/18\/nuevo-triunfo-y-clasificacion\/#breadcrumb"},"inLanguage":"es-AR","potentialAction":[{"@type":"ReadAction","target":["https:\/\/lapatriafutbolera.com.ar\/index.php\/2024\/09\/18\/nuevo-triunfo-y-clasificacion\/"]}]},{"@type":"BreadcrumbList","@id":"https:\/\/lapatriafutbolera.com.ar\/index.php\/2024\/09\/18\/nuevo-triunfo-y-clasificacion\/#breadcrumb","itemListElement":[{"@type":"ListItem","position":1,"name":"Inicio","item":"https:\/\/lapatriafutbolera.com.ar\/"},{"@type":"ListItem","position":2,"name":"Nuevo triunfo y clasificaci\u00f3n"}]},{"@type":"WebSite","@id":"https:\/\/lapatriafutbolera.com.ar\/#website","url":"https:\/\/lapatriafutbolera.com.ar\/","name":"LA PATRIA FUTBOLERA","description":"","publisher":{"@id":"https:\/\/lapatriafutbolera.com.ar\/#organization"},"potentialAction":[{"@type":"SearchAction","target":{"@type":"EntryPoint","urlTemplate":"https:\/\/lapatriafutbolera.com.ar\/?s={search_term_string}"},"query-input":"required name=search_term_string"}],"inLanguage":"es-AR"},{"@type":"Organization","@id":"https:\/\/lapatriafutbolera.com.ar\/#organization","name":"LA PATRIA FUTBOLERA","url":"https:\/\/lapatriafutbolera.com.ar\/","sameAs":[],"logo":{"@type":"ImageObject","inLanguage":"es-AR","@id":"https:\/\/lapatriafutbolera.com.ar\/#\/schema\/logo\/image\/","url":"https:\/\/lapatriafutbolera.com.ar\/wp-content\/uploads\/2025\/03\/cropped-LA-PATRIA-14.jpg","contentUrl":"https:\/\/lapatriafutbolera.com.ar\/wp-content\/uploads\/2025\/03\/cropped-LA-PATRIA-14.jpg","width":1308,"height":221,"caption":"LA PATRIA FUTBOLERA"},"image":{"@id":"https:\/\/lapatriafutbolera.com.ar\/#\/schema\/logo\/image\/"}},{"@type":"Person","@id":"https:\/\/lapatriafutbolera.com.ar\/#\/schema\/person\/eb56fb3a7e76133611d5b2d9f706bd97","name":"Redacci\u00f3n LPF","image":{"@type":"ImageObject","inLanguage":"es-AR","@id":"https:\/\/lapatriafutbolera.com.ar\/#\/schema\/person\/image\/","url":"https:\/\/secure.gravatar.com\/avatar\/57dc12e3750972170624cd118ca21d4157841e9e7b211e6dfe7a00b61088d285?s=96&d=mm&r=g","contentUrl":"https:\/\/secure.gravatar.com\/avatar\/57dc12e3750972170624cd118ca21d4157841e9e7b211e6dfe7a00b61088d285?s=96&d=mm&r=g","caption":"Redacci\u00f3n LPF"},"sameAs":["http:\/\/lapatriafutbolera.com.ar"],"url":"https:\/\/lapatriafutbolera.com.ar\/index.php\/author\/redaccion-lpf\/"}]}},"_links":{"self":[{"href":"https:\/\/lapatriafutbolera.com.ar\/index.php\/wp-json\/wp\/v2\/posts\/2218","targetHints":{"allow":["GET"]}}],"collection":[{"href":"https:\/\/lapatriafutbolera.com.ar\/index.php\/wp-json\/wp\/v2\/posts"}],"about":[{"href":"https:\/\/lapatriafutbolera.com.ar\/index.php\/wp-json\/wp\/v2\/types\/post"}],"author":[{"embeddable":true,"href":"https:\/\/lapatriafutbolera.com.ar\/index.php\/wp-json\/wp\/v2\/users\/4"}],"replies":[{"embeddable":true,"href":"https:\/\/lapatriafutbolera.com.ar\/index.php\/wp-json\/wp\/v2\/comments?post=2218"}],"version-history":[{"count":1,"href":"https:\/\/lapatriafutbolera.com.ar\/index.php\/wp-json\/wp\/v2\/posts\/2218\/revisions"}],"predecessor-version":[{"id":2222,"href":"https:\/\/lapatriafutbolera.com.ar\/index.php\/wp-json\/wp\/v2\/posts\/2218\/revisions\/2222"}],"wp:featuredmedia":[{"embeddable":true,"href":"https:\/\/lapatriafutbolera.com.ar\/index.php\/wp-json\/wp\/v2\/media\/2219"}],"wp:attachment":[{"href":"https:\/\/lapatriafutbolera.com.ar\/index.php\/wp-json\/wp\/v2\/media?parent=2218"}],"wp:term":[{"taxonomy":"category","embeddable":true,"href":"https:\/\/lapatriafutbolera.com.ar\/index.php\/wp-json\/wp\/v2\/categories?post=2218"},{"taxonomy":"post_tag","embeddable":true,"href":"https:\/\/lapatriafutbolera.com.ar\/index.php\/wp-json\/wp\/v2\/tags?post=2218"}],"curies":[{"name":"wp","href":"https:\/\/api.w.org\/{rel}","templated":true}]}}