{"id":2249,"date":"2024-10-10T19:42:00","date_gmt":"2024-10-10T22:42:00","guid":{"rendered":"https:\/\/lapatriafutbolera.com.ar\/?p=2249"},"modified":"2024-10-15T16:29:21","modified_gmt":"2024-10-15T19:29:21","slug":"empate-en-un-partido-que-no-debio-jugarse","status":"publish","type":"post","link":"https:\/\/lapatriafutbolera.com.ar\/index.php\/2024\/10\/10\/empate-en-un-partido-que-no-debio-jugarse\/","title":{"rendered":"Empate en un partido que no debi\u00f3 jugarse"},"content":{"rendered":"\n<h4 class=\"wp-block-heading\" id=\"argentina-igualo-1-1-ante-venezuela-por-las-eliminatorias-en-un-duelo-marcado-por-el-mal-estado-del-campo-de-juego\">En un campo de juego inundado, la Albiceleste no se sac\u00f3 diferencias en Matur\u00edn con la Vinotinto, que atraviesa uno de los mejores momentos de su historia. Fue 1 a 1, por los goles de Otamendi &#8211; en la primera etapa &#8211; y de Rondon &#8211; que igual\u00f3 en el complemento -. El resultado fue justo. <\/h4>\n\n\n\n<p><strong>Argentina y Venezuela<\/strong>\u00a0empataron<strong>\u00a01-1,<\/strong>\u00a0en un encuentro marcado por el mal estado del campo de juego. La lluvia hizo estragos en el c\u00e9sped del\u00a0<em>Estadio Monumental de Matur\u00edn<\/em>\u00a0y el duelo comenz\u00f3 media hora m\u00e1s tarde. Los equipos jugaron como pudieron, pero pr\u00e1cticamente no hicieron pie. <\/p>\n\n\n\n<figure class=\"wp-block-image size-full is-resized\"><img loading=\"lazy\" decoding=\"async\" width=\"416\" height=\"234\" src=\"https:\/\/lapatriafutbolera.com.ar\/wp-content\/uploads\/2024\/10\/venezuela-vs-seleccion-argentina-gol-de-nicolas-otamendi-0-2_416x234.webp\" alt=\"\" class=\"wp-image-2251\" style=\"width:775px;height:auto\" srcset=\"https:\/\/lapatriafutbolera.com.ar\/wp-content\/uploads\/2024\/10\/venezuela-vs-seleccion-argentina-gol-de-nicolas-otamendi-0-2_416x234.webp 416w, https:\/\/lapatriafutbolera.com.ar\/wp-content\/uploads\/2024\/10\/venezuela-vs-seleccion-argentina-gol-de-nicolas-otamendi-0-2_416x234-300x169.webp 300w\" sizes=\"auto, (max-width: 416px) 100vw, 416px\" \/><figcaption class=\"wp-element-caption\">Otamendi celebra su gol, el que abrio el marcador. Lo Celso se suma al festejo.<\/figcaption><\/figure>\n\n\n\n<p>Pese a ello, la Albiceleste se puso en ventaja con gol de\u00a0<strong>Nicol\u00e1s Otamendi<\/strong>\u00a0a los 12 minutos, luego de un mal rechazo del arquero Romo. En el complemento, la Vinotinto logr\u00f3 el empate final a trav\u00e9s de un potente cabezazo de\u00a0<strong>Salom\u00f3n Rond\u00f3n<\/strong>. De esta manera,\u00a0<strong>el conjunto que comanda Lionel Scaloni sigue l\u00edder con 19 puntos en las Eliminatorias<\/strong>\u00a0Sudamericanas, tres puntos por encima de Colombia. <\/p>\n\n\n\n<figure class=\"wp-block-image size-full\"><img loading=\"lazy\" decoding=\"async\" width=\"880\" height=\"512\" src=\"https:\/\/lapatriafutbolera.com.ar\/wp-content\/uploads\/2024\/10\/20241010205320_messi.jpg\" alt=\"\" class=\"wp-image-2252\" srcset=\"https:\/\/lapatriafutbolera.com.ar\/wp-content\/uploads\/2024\/10\/20241010205320_messi.jpg 880w, https:\/\/lapatriafutbolera.com.ar\/wp-content\/uploads\/2024\/10\/20241010205320_messi-300x175.jpg 300w, https:\/\/lapatriafutbolera.com.ar\/wp-content\/uploads\/2024\/10\/20241010205320_messi-768x447.jpg 768w\" sizes=\"auto, (max-width: 880px) 100vw, 880px\" \/><figcaption class=\"wp-element-caption\">Messi maniobra ante la marca de Martinez. El Capitan argentino tuvo un buen desempe\u00f1o en su regreso.<\/figcaption><\/figure>\n\n\n\n<p>Venezuela, en tanto, se ubica en el s\u00e9ptimo lugar, en zona de Repechaje mundialista, con once unidades. La d\u00e9cima fecha se disputar\u00e1 el pr\u00f3ximo martes 15 de octubre:\u00a0<strong>Argentina recibir\u00e1 en el estadio Monumental de N\u00fa\u00f1ez a Bolivia<\/strong>, mientras que Venezuela visitar\u00e1 a Paraguay.<\/p>\n","protected":false},"excerpt":{"rendered":"<p>En un campo de juego inundado, la Albiceleste no se sac\u00f3 diferencias en Matur\u00edn con&#8230;<\/p>\n","protected":false},"author":3,"featured_media":2250,"comment_status":"open","ping_status":"open","sticky":false,"template":"","format":"standard","meta":{"footnotes":""},"categories":[18],"tags":[],"class_list":["post-2249","post","type-post","status-publish","format-standard","has-post-thumbnail","hentry","category-elimnatorias-2026"],"yoast_head":"<!-- This site is optimized with the Yoast SEO plugin v19.5.1 - https:\/\/yoast.com\/wordpress\/plugins\/seo\/ -->\n<title>Empate en un partido que no debi\u00f3 jugarse - LA PATRIA FUTBOLERA<\/title>\n<meta name=\"robots\" content=\"index, follow, max-snippet:-1, max-image-preview:large, max-video-preview:-1\" \/>\n<link rel=\"canonical\" href=\"https:\/\/lapatriafutbolera.com.ar\/index.php\/2024\/10\/10\/empate-en-un-partido-que-no-debio-jugarse\/\" \/>\n<meta property=\"og:locale\" content=\"es_ES\" \/>\n<meta property=\"og:type\" content=\"article\" \/>\n<meta property=\"og:title\" content=\"Empate en un partido que no debi\u00f3 jugarse - LA PATRIA FUTBOLERA\" \/>\n<meta property=\"og:description\" content=\"En un campo de juego inundado, la Albiceleste no se sac\u00f3 diferencias en Matur\u00edn con...\" \/>\n<meta property=\"og:url\" content=\"https:\/\/lapatriafutbolera.com.ar\/index.php\/2024\/10\/10\/empate-en-un-partido-que-no-debio-jugarse\/\" \/>\n<meta property=\"og:site_name\" content=\"LA PATRIA FUTBOLERA\" \/>\n<meta property=\"article:published_time\" content=\"2024-10-10T22:42:00+00:00\" \/>\n<meta property=\"article:modified_time\" content=\"2024-10-15T19:29:21+00:00\" \/>\n<meta property=\"og:image\" content=\"https:\/\/lapatriafutbolera.com.ar\/wp-content\/uploads\/2024\/10\/download.jpg\" \/>\n\t<meta property=\"og:image:width\" content=\"299\" \/>\n\t<meta property=\"og:image:height\" content=\"168\" \/>\n\t<meta property=\"og:image:type\" content=\"image\/jpeg\" \/>\n<meta name=\"author\" content=\"Mart\u00edn Ripari\" \/>\n<meta name=\"twitter:card\" content=\"summary_large_image\" \/>\n<meta name=\"twitter:label1\" content=\"Escrito por\" \/>\n\t<meta name=\"twitter:data1\" content=\"Mart\u00edn Ripari\" \/>\n\t<meta name=\"twitter:label2\" content=\"Tiempo de lectura\" \/>\n\t<meta name=\"twitter:data2\" content=\"2 minutos\" \/>\n<script type=\"application\/ld+json\" class=\"yoast-schema-graph\">{\"@context\":\"https:\/\/schema.org\",\"@graph\":[{\"@type\":\"Article\",\"@id\":\"https:\/\/lapatriafutbolera.com.ar\/index.php\/2024\/10\/10\/empate-en-un-partido-que-no-debio-jugarse\/#article\",\"isPartOf\":{\"@id\":\"https:\/\/lapatriafutbolera.com.ar\/index.php\/2024\/10\/10\/empate-en-un-partido-que-no-debio-jugarse\/\"},\"author\":{\"name\":\"Mart\u00edn Ripari\",\"@id\":\"https:\/\/lapatriafutbolera.com.ar\/#\/schema\/person\/dc3d1ee3d5b1b3798150a5bbc781935d\"},\"headline\":\"Empate en un partido que no debi\u00f3 jugarse\",\"datePublished\":\"2024-10-10T22:42:00+00:00\",\"dateModified\":\"2024-10-15T19:29:21+00:00\",\"mainEntityOfPage\":{\"@id\":\"https:\/\/lapatriafutbolera.com.ar\/index.php\/2024\/10\/10\/empate-en-un-partido-que-no-debio-jugarse\/\"},\"wordCount\":265,\"commentCount\":0,\"publisher\":{\"@id\":\"https:\/\/lapatriafutbolera.com.ar\/#organization\"},\"articleSection\":[\"Elimnatorias 2026\"],\"inLanguage\":\"es-AR\",\"potentialAction\":[{\"@type\":\"CommentAction\",\"name\":\"Comment\",\"target\":[\"https:\/\/lapatriafutbolera.com.ar\/index.php\/2024\/10\/10\/empate-en-un-partido-que-no-debio-jugarse\/#respond\"]}]},{\"@type\":\"WebPage\",\"@id\":\"https:\/\/lapatriafutbolera.com.ar\/index.php\/2024\/10\/10\/empate-en-un-partido-que-no-debio-jugarse\/\",\"url\":\"https:\/\/lapatriafutbolera.com.ar\/index.php\/2024\/10\/10\/empate-en-un-partido-que-no-debio-jugarse\/\",\"name\":\"Empate en un partido que no debi\u00f3 jugarse - LA PATRIA FUTBOLERA\",\"isPartOf\":{\"@id\":\"https:\/\/lapatriafutbolera.com.ar\/#website\"},\"datePublished\":\"2024-10-10T22:42:00+00:00\",\"dateModified\":\"2024-10-15T19:29:21+00:00\",\"breadcrumb\":{\"@id\":\"https:\/\/lapatriafutbolera.com.ar\/index.php\/2024\/10\/10\/empate-en-un-partido-que-no-debio-jugarse\/#breadcrumb\"},\"inLanguage\":\"es-AR\",\"potentialAction\":[{\"@type\":\"ReadAction\",\"target\":[\"https:\/\/lapatriafutbolera.com.ar\/index.php\/2024\/10\/10\/empate-en-un-partido-que-no-debio-jugarse\/\"]}]},{\"@type\":\"BreadcrumbList\",\"@id\":\"https:\/\/lapatriafutbolera.com.ar\/index.php\/2024\/10\/10\/empate-en-un-partido-que-no-debio-jugarse\/#breadcrumb\",\"itemListElement\":[{\"@type\":\"ListItem\",\"position\":1,\"name\":\"Inicio\",\"item\":\"https:\/\/lapatriafutbolera.com.ar\/\"},{\"@type\":\"ListItem\",\"position\":2,\"name\":\"Empate en un partido que no debi\u00f3 jugarse\"}]},{\"@type\":\"WebSite\",\"@id\":\"https:\/\/lapatriafutbolera.com.ar\/#website\",\"url\":\"https:\/\/lapatriafutbolera.com.ar\/\",\"name\":\"LA PATRIA FUTBOLERA\",\"description\":\"\",\"publisher\":{\"@id\":\"https:\/\/lapatriafutbolera.com.ar\/#organization\"},\"potentialAction\":[{\"@type\":\"SearchAction\",\"target\":{\"@type\":\"EntryPoint\",\"urlTemplate\":\"https:\/\/lapatriafutbolera.com.ar\/?s={search_term_string}\"},\"query-input\":\"required name=search_term_string\"}],\"inLanguage\":\"es-AR\"},{\"@type\":\"Organization\",\"@id\":\"https:\/\/lapatriafutbolera.com.ar\/#organization\",\"name\":\"LA PATRIA FUTBOLERA\",\"url\":\"https:\/\/lapatriafutbolera.com.ar\/\",\"sameAs\":[],\"logo\":{\"@type\":\"ImageObject\",\"inLanguage\":\"es-AR\",\"@id\":\"https:\/\/lapatriafutbolera.com.ar\/#\/schema\/logo\/image\/\",\"url\":\"https:\/\/lapatriafutbolera.com.ar\/wp-content\/uploads\/2025\/03\/cropped-LA-PATRIA-14.jpg\",\"contentUrl\":\"https:\/\/lapatriafutbolera.com.ar\/wp-content\/uploads\/2025\/03\/cropped-LA-PATRIA-14.jpg\",\"width\":1308,\"height\":221,\"caption\":\"LA PATRIA FUTBOLERA\"},\"image\":{\"@id\":\"https:\/\/lapatriafutbolera.com.ar\/#\/schema\/logo\/image\/\"}},{\"@type\":\"Person\",\"@id\":\"https:\/\/lapatriafutbolera.com.ar\/#\/schema\/person\/dc3d1ee3d5b1b3798150a5bbc781935d\",\"name\":\"Mart\u00edn Ripari\",\"image\":{\"@type\":\"ImageObject\",\"inLanguage\":\"es-AR\",\"@id\":\"https:\/\/lapatriafutbolera.com.ar\/#\/schema\/person\/image\/\",\"url\":\"https:\/\/secure.gravatar.com\/avatar\/0db7df26707fd8adc2b24ae87259322b0aea8d9eaf092366b1d208b0b180ee7e?s=96&d=mm&r=g\",\"contentUrl\":\"https:\/\/secure.gravatar.com\/avatar\/0db7df26707fd8adc2b24ae87259322b0aea8d9eaf092366b1d208b0b180ee7e?s=96&d=mm&r=g\",\"caption\":\"Mart\u00edn Ripari\"},\"url\":\"https:\/\/lapatriafutbolera.com.ar\/index.php\/author\/martin-ripari\/\"}]}<\/script>\n<!-- \/ Yoast SEO plugin. -->","yoast_head_json":{"title":"Empate en un partido que no debi\u00f3 jugarse - LA PATRIA FUTBOLERA","robots":{"index":"index","follow":"follow","max-snippet":"max-snippet:-1","max-image-preview":"max-image-preview:large","max-video-preview":"max-video-preview:-1"},"canonical":"https:\/\/lapatriafutbolera.com.ar\/index.php\/2024\/10\/10\/empate-en-un-partido-que-no-debio-jugarse\/","og_locale":"es_ES","og_type":"article","og_title":"Empate en un partido que no debi\u00f3 jugarse - LA PATRIA FUTBOLERA","og_description":"En un campo de juego inundado, la Albiceleste no se sac\u00f3 diferencias en Matur\u00edn con...","og_url":"https:\/\/lapatriafutbolera.com.ar\/index.php\/2024\/10\/10\/empate-en-un-partido-que-no-debio-jugarse\/","og_site_name":"LA PATRIA FUTBOLERA","article_published_time":"2024-10-10T22:42:00+00:00","article_modified_time":"2024-10-15T19:29:21+00:00","og_image":[{"width":299,"height":168,"url":"https:\/\/lapatriafutbolera.com.ar\/wp-content\/uploads\/2024\/10\/download.jpg","type":"image\/jpeg"}],"author":"Mart\u00edn Ripari","twitter_card":"summary_large_image","twitter_misc":{"Escrito por":"Mart\u00edn Ripari","Tiempo de lectura":"2 minutos"},"schema":{"@context":"https:\/\/schema.org","@graph":[{"@type":"Article","@id":"https:\/\/lapatriafutbolera.com.ar\/index.php\/2024\/10\/10\/empate-en-un-partido-que-no-debio-jugarse\/#article","isPartOf":{"@id":"https:\/\/lapatriafutbolera.com.ar\/index.php\/2024\/10\/10\/empate-en-un-partido-que-no-debio-jugarse\/"},"author":{"name":"Mart\u00edn Ripari","@id":"https:\/\/lapatriafutbolera.com.ar\/#\/schema\/person\/dc3d1ee3d5b1b3798150a5bbc781935d"},"headline":"Empate en un partido que no debi\u00f3 jugarse","datePublished":"2024-10-10T22:42:00+00:00","dateModified":"2024-10-15T19:29:21+00:00","mainEntityOfPage":{"@id":"https:\/\/lapatriafutbolera.com.ar\/index.php\/2024\/10\/10\/empate-en-un-partido-que-no-debio-jugarse\/"},"wordCount":265,"commentCount":0,"publisher":{"@id":"https:\/\/lapatriafutbolera.com.ar\/#organization"},"articleSection":["Elimnatorias 2026"],"inLanguage":"es-AR","potentialAction":[{"@type":"CommentAction","name":"Comment","target":["https:\/\/lapatriafutbolera.com.ar\/index.php\/2024\/10\/10\/empate-en-un-partido-que-no-debio-jugarse\/#respond"]}]},{"@type":"WebPage","@id":"https:\/\/lapatriafutbolera.com.ar\/index.php\/2024\/10\/10\/empate-en-un-partido-que-no-debio-jugarse\/","url":"https:\/\/lapatriafutbolera.com.ar\/index.php\/2024\/10\/10\/empate-en-un-partido-que-no-debio-jugarse\/","name":"Empate en un partido que no debi\u00f3 jugarse - LA PATRIA FUTBOLERA","isPartOf":{"@id":"https:\/\/lapatriafutbolera.com.ar\/#website"},"datePublished":"2024-10-10T22:42:00+00:00","dateModified":"2024-10-15T19:29:21+00:00","breadcrumb":{"@id":"https:\/\/lapatriafutbolera.com.ar\/index.php\/2024\/10\/10\/empate-en-un-partido-que-no-debio-jugarse\/#breadcrumb"},"inLanguage":"es-AR","potentialAction":[{"@type":"ReadAction","target":["https:\/\/lapatriafutbolera.com.ar\/index.php\/2024\/10\/10\/empate-en-un-partido-que-no-debio-jugarse\/"]}]},{"@type":"BreadcrumbList","@id":"https:\/\/lapatriafutbolera.com.ar\/index.php\/2024\/10\/10\/empate-en-un-partido-que-no-debio-jugarse\/#breadcrumb","itemListElement":[{"@type":"ListItem","position":1,"name":"Inicio","item":"https:\/\/lapatriafutbolera.com.ar\/"},{"@type":"ListItem","position":2,"name":"Empate en un partido que no debi\u00f3 jugarse"}]},{"@type":"WebSite","@id":"https:\/\/lapatriafutbolera.com.ar\/#website","url":"https:\/\/lapatriafutbolera.com.ar\/","name":"LA PATRIA FUTBOLERA","description":"","publisher":{"@id":"https:\/\/lapatriafutbolera.com.ar\/#organization"},"potentialAction":[{"@type":"SearchAction","target":{"@type":"EntryPoint","urlTemplate":"https:\/\/lapatriafutbolera.com.ar\/?s={search_term_string}"},"query-input":"required name=search_term_string"}],"inLanguage":"es-AR"},{"@type":"Organization","@id":"https:\/\/lapatriafutbolera.com.ar\/#organization","name":"LA PATRIA FUTBOLERA","url":"https:\/\/lapatriafutbolera.com.ar\/","sameAs":[],"logo":{"@type":"ImageObject","inLanguage":"es-AR","@id":"https:\/\/lapatriafutbolera.com.ar\/#\/schema\/logo\/image\/","url":"https:\/\/lapatriafutbolera.com.ar\/wp-content\/uploads\/2025\/03\/cropped-LA-PATRIA-14.jpg","contentUrl":"https:\/\/lapatriafutbolera.com.ar\/wp-content\/uploads\/2025\/03\/cropped-LA-PATRIA-14.jpg","width":1308,"height":221,"caption":"LA PATRIA FUTBOLERA"},"image":{"@id":"https:\/\/lapatriafutbolera.com.ar\/#\/schema\/logo\/image\/"}},{"@type":"Person","@id":"https:\/\/lapatriafutbolera.com.ar\/#\/schema\/person\/dc3d1ee3d5b1b3798150a5bbc781935d","name":"Mart\u00edn Ripari","image":{"@type":"ImageObject","inLanguage":"es-AR","@id":"https:\/\/lapatriafutbolera.com.ar\/#\/schema\/person\/image\/","url":"https:\/\/secure.gravatar.com\/avatar\/0db7df26707fd8adc2b24ae87259322b0aea8d9eaf092366b1d208b0b180ee7e?s=96&d=mm&r=g","contentUrl":"https:\/\/secure.gravatar.com\/avatar\/0db7df26707fd8adc2b24ae87259322b0aea8d9eaf092366b1d208b0b180ee7e?s=96&d=mm&r=g","caption":"Mart\u00edn Ripari"},"url":"https:\/\/lapatriafutbolera.com.ar\/index.php\/author\/martin-ripari\/"}]}},"_links":{"self":[{"href":"https:\/\/lapatriafutbolera.com.ar\/index.php\/wp-json\/wp\/v2\/posts\/2249","targetHints":{"allow":["GET"]}}],"collection":[{"href":"https:\/\/lapatriafutbolera.com.ar\/index.php\/wp-json\/wp\/v2\/posts"}],"about":[{"href":"https:\/\/lapatriafutbolera.com.ar\/index.php\/wp-json\/wp\/v2\/types\/post"}],"author":[{"embeddable":true,"href":"https:\/\/lapatriafutbolera.com.ar\/index.php\/wp-json\/wp\/v2\/users\/3"}],"replies":[{"embeddable":true,"href":"https:\/\/lapatriafutbolera.com.ar\/index.php\/wp-json\/wp\/v2\/comments?post=2249"}],"version-history":[{"count":2,"href":"https:\/\/lapatriafutbolera.com.ar\/index.php\/wp-json\/wp\/v2\/posts\/2249\/revisions"}],"predecessor-version":[{"id":2254,"href":"https:\/\/lapatriafutbolera.com.ar\/index.php\/wp-json\/wp\/v2\/posts\/2249\/revisions\/2254"}],"wp:featuredmedia":[{"embeddable":true,"href":"https:\/\/lapatriafutbolera.com.ar\/index.php\/wp-json\/wp\/v2\/media\/2250"}],"wp:attachment":[{"href":"https:\/\/lapatriafutbolera.com.ar\/index.php\/wp-json\/wp\/v2\/media?parent=2249"}],"wp:term":[{"taxonomy":"category","embeddable":true,"href":"https:\/\/lapatriafutbolera.com.ar\/index.php\/wp-json\/wp\/v2\/categories?post=2249"},{"taxonomy":"post_tag","embeddable":true,"href":"https:\/\/lapatriafutbolera.com.ar\/index.php\/wp-json\/wp\/v2\/tags?post=2249"}],"curies":[{"name":"wp","href":"https:\/\/api.w.org\/{rel}","templated":true}]}}