{"id":2277,"date":"2025-03-11T19:46:03","date_gmt":"2025-03-11T22:46:03","guid":{"rendered":"https:\/\/lapatriafutbolera.com.ar\/?p=2277"},"modified":"2025-03-11T19:46:04","modified_gmt":"2025-03-11T22:46:04","slug":"quienes-son-y-de-que-los-acusan","status":"publish","type":"post","link":"https:\/\/lapatriafutbolera.com.ar\/index.php\/2025\/03\/11\/quienes-son-y-de-que-los-acusan\/","title":{"rendered":"\u00bfQui\u00e9nes son y de qu\u00e9 los acusan?"},"content":{"rendered":"\n<h4 class=\"wp-block-heading\">Son siete los acusados por el presunto &#8220;homicidio simple con dolo eventual&#8221; en la muerte de Diego Armando Maradona.<\/h4>\n\n\n\n<p><strong>El juicio t\u00e9cnico contra el neurocirujano Leopoldo Luque y la psiquiatra Agustina Cosachov<\/strong>\u00a0por la muerte de\u00a0<a href=\"https:\/\/noticiasargentinas.com\/espectaculos\/-_a67cef957ffd8068d5b4e8937\">Diego Armando Maradona<\/a>\u00a0<strong>comenz\u00f3 hoy en el Tribunal Oral en lo Criminal (TOC) n\u00famero tres de San Isidro.<\/strong><\/p>\n\n\n\n<p>El debate oral inici\u00f3 a las 9.30, donde estar\u00e1n sentados en el banquillo de los acusados por presunto\u00a0<strong>&#8220;homicidio simple con dolo eventual&#8221;<\/strong>\u00a0Luque, Cosachov, el enfermero\u00a0<strong>Ricardo Almir\u00f3n<\/strong>, su jefe\u00a0<strong>Mariano Perroni<\/strong>, el m\u00e9dico cl\u00ednico\u00a0<strong>Pedro Pablo Di Spagna<\/strong>, la m\u00e9dica coordinadora de Swiss Medical,\u00a0<strong>Nancy Edith Forlini<\/strong>\u00a0y el psic\u00f3logo\u00a0<strong>Carlos D\u00edaz.<\/strong><\/p>\n\n\n\n<p>Por su parte, la enfermera Gisela Dahiana Madrid enfrentar\u00e1 un juicio por jurados populares durante el segundo semestre una vez que finalice el debate principal.<\/p>\n\n\n\n<p>El ex jugador de Boca y la Selecci\u00f3n argentina falleci\u00f3 a los 60 a\u00f1os el 25 de noviembre de 2020 en un country de Tigre como consecuencia de un &#8220;paro cardiorrespiratorio secundario a edema agudo de pulm\u00f3n producido por insuficiencia ventricular izquierda aguda&#8221;.<\/p>\n\n\n\n<p>La figura del homicidio con dolo eventual prev\u00e9 una pena que va de los ocho a los 25 a\u00f1os de c\u00e1rcel, seg\u00fan establece el C\u00f3digo Penal.<\/p>\n\n\n\n<h3 class=\"wp-block-heading\">De qu\u00e9 se acusa a cada uno de los imputados<\/h3>\n\n\n\n<h3 class=\"wp-block-heading\">Leopoldo Luque<\/h3>\n\n\n\n<p>El hombre de 43 a\u00f1os era el m\u00e9dico personal de Maradona y fue quien solicit\u00f3 la externaci\u00f3n del oriundo de Villa Fiorito tras la cirug\u00eda por el hematoma subdural. Seg\u00fan fuentes de la causa,&nbsp;<strong>hay audios que le habr\u00eda mandado a la v\u00edctima durante los d\u00edas previos al fallecimiento.<\/strong><\/p>\n\n\n\n<figure class=\"wp-block-image size-full\"><img loading=\"lazy\" decoding=\"async\" width=\"899\" height=\"720\" src=\"https:\/\/lapatriafutbolera.com.ar\/wp-content\/uploads\/2025\/03\/720.webp\" alt=\"\" class=\"wp-image-2278\" srcset=\"https:\/\/lapatriafutbolera.com.ar\/wp-content\/uploads\/2025\/03\/720.webp 899w, https:\/\/lapatriafutbolera.com.ar\/wp-content\/uploads\/2025\/03\/720-300x240.webp 300w, https:\/\/lapatriafutbolera.com.ar\/wp-content\/uploads\/2025\/03\/720-768x615.webp 768w\" sizes=\"auto, (max-width: 899px) 100vw, 899px\" \/><figcaption class=\"wp-element-caption\">Leopoldo Luque fue el m\u00e9dico de cabecera de Maradona. Fotograf\u00eda: Agencia Noticias Argentinas\/Dami\u00e1n Dopacio\/Archivo<\/figcaption><\/figure>\n\n\n\n<p>Los fiscales Cosme Iribarren, Laura Capra y Patricio Ferrari consideran que&nbsp;<strong>el neurocirujano omiti\u00f3 ofrecer informaci\u00f3n sobre la salud de Diego a Dalma, Gianinna y Jana<\/strong>, adem\u00e1s de que habr\u00eda falsificado una firma del ex entrenador en un pedido de historia cl\u00ednica tras la internaci\u00f3n en la cl\u00ednica de Olivos.<\/p>\n\n\n\n<p>En tanto,&nbsp;<strong>Luque est\u00e1 imputado de restarle importancia a los s\u00edntomas compatibles con una insuficiencia card\u00edaca, no seguir los controles ni convocar a especialistas.&nbsp;<\/strong><\/p>\n\n\n\n<h3 class=\"wp-block-heading\">Agustina Cosachov<\/h3>\n\n\n\n<p>Otra de las acusadas m\u00e1s complicadas, la psiquiatra est\u00e1 imputada por haber falsificado presuntamente un certificado m\u00e9dico de una visita que nunca realiz\u00f3. La profesional indicaba a los enfermeros qu\u00e9 dosis y qu\u00e9 medicamentos deb\u00edan proveerle al ex jugador de Sevilla.&nbsp;<\/p>\n\n\n\n<figure class=\"wp-block-image size-full\"><img loading=\"lazy\" decoding=\"async\" width=\"854\" height=\"720\" src=\"https:\/\/lapatriafutbolera.com.ar\/wp-content\/uploads\/2025\/03\/720-1.webp\" alt=\"\" class=\"wp-image-2279\" srcset=\"https:\/\/lapatriafutbolera.com.ar\/wp-content\/uploads\/2025\/03\/720-1.webp 854w, https:\/\/lapatriafutbolera.com.ar\/wp-content\/uploads\/2025\/03\/720-1-300x253.webp 300w, https:\/\/lapatriafutbolera.com.ar\/wp-content\/uploads\/2025\/03\/720-1-768x647.webp 768w\" sizes=\"auto, (max-width: 854px) 100vw, 854px\" \/><figcaption class=\"wp-element-caption\">La psiquiatra Agustina Cosachov. Fotograf\u00eda: Agencia Noticias Argentinas\/Juan Vargas\/Archivo<\/figcaption><\/figure>\n\n\n\n<p>La Fiscal\u00eda sostiene que Cosachov, de 40 a\u00f1os,&nbsp;<strong>no regul\u00f3 la ingesta de la medicaci\u00f3n de forma personal y asegur\u00f3 a los hijos de Maradona que lo que ocurr\u00eda era consecuencia de &#8220;la espont\u00e1nea decisi\u00f3n del paciente&#8221;.<\/strong><\/p>\n\n\n\n<h3 class=\"wp-block-heading\">Ricardo Almir\u00f3n<\/h3>\n\n\n\n<p>El enfermero, que en los \u00faltimos d\u00edas design\u00f3 a Rodolfo Baqu\u00e9 y Mart\u00edn Miguel de Vargas como sus dos nuevos defensores (ya era asesorado por Franco Chiarelli),&nbsp;<strong>se encuentra acusado de no cuidar a Maradona (al igual que Gisela Madrid).<\/strong><\/p>\n\n\n\n<figure class=\"wp-block-image size-full\"><img loading=\"lazy\" decoding=\"async\" width=\"951\" height=\"720\" src=\"https:\/\/lapatriafutbolera.com.ar\/wp-content\/uploads\/2025\/03\/720-2.webp\" alt=\"\" class=\"wp-image-2280\" srcset=\"https:\/\/lapatriafutbolera.com.ar\/wp-content\/uploads\/2025\/03\/720-2.webp 951w, https:\/\/lapatriafutbolera.com.ar\/wp-content\/uploads\/2025\/03\/720-2-300x227.webp 300w, https:\/\/lapatriafutbolera.com.ar\/wp-content\/uploads\/2025\/03\/720-2-768x581.webp 768w\" sizes=\"auto, (max-width: 951px) 100vw, 951px\" \/><figcaption class=\"wp-element-caption\">Ricardo Almir\u00f3n era uno de los enfermeros de Maradona.Fotograf\u00eda: Agencia Noticias Argentinas\/Daniel Vides\/Archivo<\/figcaption><\/figure>\n\n\n\n<p>El hombre de 41 a\u00f1os considera que &#8220;Pelusa&#8221;<strong>&nbsp;no quer\u00eda que ingresen a la habitaci\u00f3n y los rechazaba.<\/strong>&nbsp;Una orden que habr\u00edan recibido de los m\u00e9dicos era&nbsp;<strong>&#8220;no molestar al paciente\u201d.<\/strong><\/p>\n\n\n\n<h3 class=\"wp-block-heading\">Pedro Pablo Di Spagna<\/h3>\n\n\n\n<p>El m\u00e9dico de 52 a\u00f1os est\u00e1 sindicado de no controlar el estado de salud del astro argentino, al tiempo que, seg\u00fan la acusaci\u00f3n, solo habr\u00eda concurrido en dos ocasiones a la casa del country de Tigre.<\/p>\n\n\n\n<figure class=\"wp-block-image size-large\"><img loading=\"lazy\" decoding=\"async\" width=\"1024\" height=\"576\" src=\"https:\/\/lapatriafutbolera.com.ar\/wp-content\/uploads\/2025\/03\/720-3-1024x576.webp\" alt=\"\" class=\"wp-image-2281\" srcset=\"https:\/\/lapatriafutbolera.com.ar\/wp-content\/uploads\/2025\/03\/720-3-1024x576.webp 1024w, https:\/\/lapatriafutbolera.com.ar\/wp-content\/uploads\/2025\/03\/720-3-300x169.webp 300w, https:\/\/lapatriafutbolera.com.ar\/wp-content\/uploads\/2025\/03\/720-3-768x432.webp 768w, https:\/\/lapatriafutbolera.com.ar\/wp-content\/uploads\/2025\/03\/720-3.webp 1280w\" sizes=\"auto, (max-width: 1024px) 100vw, 1024px\" \/><figcaption class=\"wp-element-caption\">Pedro Pablo Di Spagna.Fotograf\u00eda: Agencia Noticias Argentinas\/redes sociales<\/figcaption><\/figure>\n\n\n\n<p>La primera vez fue el 12 de noviembre cuando control\u00f3 al ex entrenador de Gimnasia y Esgrima (LP) de forma personal y orden\u00f3 que se realice una serie de estudios, tales como laboratorio, placa de t\u00f3rax, electrocardiograma, eco doppler. El facultativo recomend\u00f3 que se integre al personal de salud un nutricionista porque ese d\u00eda Maradona estaba constipado tras comer br\u00f3coli con camarones a la provenzal.<\/p>\n\n\n\n<p>La segunda oportunidad tuvo lugar el 18 de noviembre, siete d\u00edas antes del deceso, donde afirm\u00f3 que no pudo chequear a Diego porque &#8220;no se dej\u00f3&#8221;.<\/p>\n\n\n\n<p>Los fiscales remarcan que Di Spagna nunca se asegur\u00f3 de que los an\u00e1lisis indicados se hayan llevado a cabo y por ende no control\u00f3 la situaci\u00f3n.&nbsp;<\/p>\n\n\n\n<h3 class=\"wp-block-heading\">Carlos D\u00edaz<\/h3>\n\n\n\n<p>El psic\u00f3logo atendi\u00f3 al campe\u00f3n del mundo en M\u00e9xico 1986&nbsp;<strong>por pedido del abogado Mart\u00edn Morla.<\/strong>&nbsp;<\/p>\n\n\n\n<p>Seg\u00fan figura en su cuenta de LinkedIn, D\u00edaz estudi\u00f3 en la Universidad del Salvador entre 2011 y 2016 y desde 2015 trabaja en la Asociaci\u00f3n Civil \u00cdntegra.<\/p>\n\n\n\n<figure class=\"wp-block-image size-full\"><img loading=\"lazy\" decoding=\"async\" width=\"883\" height=\"720\" src=\"https:\/\/lapatriafutbolera.com.ar\/wp-content\/uploads\/2025\/03\/720-4.webp\" alt=\"\" class=\"wp-image-2282\" srcset=\"https:\/\/lapatriafutbolera.com.ar\/wp-content\/uploads\/2025\/03\/720-4.webp 883w, https:\/\/lapatriafutbolera.com.ar\/wp-content\/uploads\/2025\/03\/720-4-300x245.webp 300w, https:\/\/lapatriafutbolera.com.ar\/wp-content\/uploads\/2025\/03\/720-4-768x626.webp 768w\" sizes=\"auto, (max-width: 883px) 100vw, 883px\" \/><figcaption class=\"wp-element-caption\">Carlos D\u00edaz fue psic\u00f3logo de Diego por pedido de Mat\u00edas Morla.Fotograf\u00eda: Agencia Noticias Argentinas\/Juan Vargas\/Archivo<\/figcaption><\/figure>\n\n\n\n<p>De acuerdo a su declaraci\u00f3n,&nbsp;<strong>&#8220;nunca pudo haber influido en la muerte&#8221; de Maradona<\/strong>: &#8220;Muchas cosas me llamaron la atenci\u00f3n de las que vi. En primer lugar, que un paciente viva con empleados y no con su familia es algo que a m\u00ed me llama la atenci\u00f3n. Es la primera vez que veo esto en la pr\u00e1ctica cl\u00ednica. Por otro lado, en la reuni\u00f3n en la Cl\u00ednica Olivos, donde estuvieron todos, algunos de sus familiares luego no participaron en ning\u00fan otro momento del tratamiento\u201d.<\/p>\n\n\n\n<h3 class=\"wp-block-heading\">Nancy Edith Forlini<\/h3>\n\n\n\n<p>La mujer de 56 a\u00f1os era la coordinadora de la gerencia de cuidados domiciliarios en la prepaga Swiss Medical. Tras la \u00faltima cirug\u00eda, la empresa de medicina prepaga le brind\u00f3 servicios de cuidado a Maradona en el country de Tigre.<\/p>\n\n\n\n<figure class=\"wp-block-image size-full\"><img loading=\"lazy\" decoding=\"async\" width=\"921\" height=\"720\" src=\"https:\/\/lapatriafutbolera.com.ar\/wp-content\/uploads\/2025\/03\/720-5.webp\" alt=\"\" class=\"wp-image-2283\" srcset=\"https:\/\/lapatriafutbolera.com.ar\/wp-content\/uploads\/2025\/03\/720-5.webp 921w, https:\/\/lapatriafutbolera.com.ar\/wp-content\/uploads\/2025\/03\/720-5-300x235.webp 300w, https:\/\/lapatriafutbolera.com.ar\/wp-content\/uploads\/2025\/03\/720-5-768x600.webp 768w\" sizes=\"auto, (max-width: 921px) 100vw, 921px\" \/><figcaption class=\"wp-element-caption\">Nancy Edith Forlini, otra de las acusadas por la muerte de Maradona. Fotograf\u00eda: Agencia Noticias Argentinas\/Dami\u00e1n Dopacio\/Archivo<\/figcaption><\/figure>\n\n\n\n<p>En un escrito, Forlini acus\u00f3 a Luque y Cosachov de ser quienes tomaban las decisiones sobre los tratamientos<\/p>\n\n\n\n<h3 class=\"wp-block-heading\">Mariano Perroni<\/h3>\n\n\n\n<p>El jefe de los enfermeros Almir\u00f3n y Madrid se encargaba de coordinar las tareas a los dos profesionales imputados. Para los fiscales,&nbsp;<strong>escribi\u00f3 planillas con informaci\u00f3n que no coincid\u00eda con &#8220;el real estado y atenci\u00f3n m\u00e9dica que Diego Armando Maradona recib\u00eda&#8221;.<\/strong><\/p>\n\n\n\n<figure class=\"wp-block-image size-large\"><img loading=\"lazy\" decoding=\"async\" width=\"1024\" height=\"576\" src=\"https:\/\/lapatriafutbolera.com.ar\/wp-content\/uploads\/2025\/03\/720-6-1024x576.webp\" alt=\"\" class=\"wp-image-2284\" srcset=\"https:\/\/lapatriafutbolera.com.ar\/wp-content\/uploads\/2025\/03\/720-6-1024x576.webp 1024w, https:\/\/lapatriafutbolera.com.ar\/wp-content\/uploads\/2025\/03\/720-6-300x169.webp 300w, https:\/\/lapatriafutbolera.com.ar\/wp-content\/uploads\/2025\/03\/720-6-768x432.webp 768w, https:\/\/lapatriafutbolera.com.ar\/wp-content\/uploads\/2025\/03\/720-6.webp 1280w\" sizes=\"auto, (max-width: 1024px) 100vw, 1024px\" \/><figcaption class=\"wp-element-caption\">Mariano Perroni era el jefe de Almir\u00f3n y Madrid. Fotograf\u00eda: Agencia Noticias Argentinas\/redes sociales<\/figcaption><\/figure>\n\n\n\n<p><\/p>\n","protected":false},"excerpt":{"rendered":"<p>Son siete los acusados por el presunto &#8220;homicidio simple con dolo eventual&#8221; en la muerte&#8230;<\/p>\n","protected":false},"author":4,"featured_media":2286,"comment_status":"open","ping_status":"open","sticky":false,"template":"","format":"standard","meta":{"footnotes":""},"categories":[167],"tags":[],"class_list":["post-2277","post","type-post","status-publish","format-standard","has-post-thumbnail","hentry","category-maradona-el-juicio"],"yoast_head":"<!-- This site is optimized with the Yoast SEO plugin v19.5.1 - https:\/\/yoast.com\/wordpress\/plugins\/seo\/ -->\n<title>\u00bfQui\u00e9nes son y de qu\u00e9 los acusan? - LA PATRIA FUTBOLERA<\/title>\n<meta name=\"robots\" content=\"index, follow, max-snippet:-1, max-image-preview:large, max-video-preview:-1\" \/>\n<link rel=\"canonical\" href=\"https:\/\/lapatriafutbolera.com.ar\/index.php\/2025\/03\/11\/quienes-son-y-de-que-los-acusan\/\" \/>\n<meta property=\"og:locale\" content=\"es_ES\" \/>\n<meta property=\"og:type\" content=\"article\" \/>\n<meta property=\"og:title\" content=\"\u00bfQui\u00e9nes son y de qu\u00e9 los acusan? - LA PATRIA FUTBOLERA\" \/>\n<meta property=\"og:description\" content=\"Son siete los acusados por el presunto &#8220;homicidio simple con dolo eventual&#8221; en la muerte...\" \/>\n<meta property=\"og:url\" content=\"https:\/\/lapatriafutbolera.com.ar\/index.php\/2025\/03\/11\/quienes-son-y-de-que-los-acusan\/\" \/>\n<meta property=\"og:site_name\" content=\"LA PATRIA FUTBOLERA\" \/>\n<meta property=\"article:published_time\" content=\"2025-03-11T22:46:03+00:00\" \/>\n<meta property=\"article:modified_time\" content=\"2025-03-11T22:46:04+00:00\" \/>\n<meta property=\"og:image\" content=\"https:\/\/lapatriafutbolera.com.ar\/wp-content\/uploads\/2025\/03\/juicio-por-la-muerte-de-diego-maradona-1982424-1.webp\" \/>\n\t<meta property=\"og:image:width\" content=\"900\" \/>\n\t<meta property=\"og:image:height\" content=\"505\" \/>\n\t<meta property=\"og:image:type\" content=\"image\/webp\" \/>\n<meta name=\"author\" content=\"Redacci\u00f3n LPF\" \/>\n<meta name=\"twitter:card\" content=\"summary_large_image\" \/>\n<meta name=\"twitter:label1\" content=\"Escrito por\" \/>\n\t<meta name=\"twitter:data1\" content=\"Redacci\u00f3n LPF\" \/>\n\t<meta name=\"twitter:label2\" content=\"Tiempo de lectura\" \/>\n\t<meta name=\"twitter:data2\" content=\"6 minutos\" \/>\n<script type=\"application\/ld+json\" class=\"yoast-schema-graph\">{\"@context\":\"https:\/\/schema.org\",\"@graph\":[{\"@type\":\"Article\",\"@id\":\"https:\/\/lapatriafutbolera.com.ar\/index.php\/2025\/03\/11\/quienes-son-y-de-que-los-acusan\/#article\",\"isPartOf\":{\"@id\":\"https:\/\/lapatriafutbolera.com.ar\/index.php\/2025\/03\/11\/quienes-son-y-de-que-los-acusan\/\"},\"author\":{\"name\":\"Redacci\u00f3n LPF\",\"@id\":\"https:\/\/lapatriafutbolera.com.ar\/#\/schema\/person\/eb56fb3a7e76133611d5b2d9f706bd97\"},\"headline\":\"\u00bfQui\u00e9nes son y de qu\u00e9 los acusan?\",\"datePublished\":\"2025-03-11T22:46:03+00:00\",\"dateModified\":\"2025-03-11T22:46:04+00:00\",\"mainEntityOfPage\":{\"@id\":\"https:\/\/lapatriafutbolera.com.ar\/index.php\/2025\/03\/11\/quienes-son-y-de-que-los-acusan\/\"},\"wordCount\":1091,\"commentCount\":0,\"publisher\":{\"@id\":\"https:\/\/lapatriafutbolera.com.ar\/#organization\"},\"articleSection\":[\"MARADONA: EL JUICIO\"],\"inLanguage\":\"es-AR\",\"potentialAction\":[{\"@type\":\"CommentAction\",\"name\":\"Comment\",\"target\":[\"https:\/\/lapatriafutbolera.com.ar\/index.php\/2025\/03\/11\/quienes-son-y-de-que-los-acusan\/#respond\"]}]},{\"@type\":\"WebPage\",\"@id\":\"https:\/\/lapatriafutbolera.com.ar\/index.php\/2025\/03\/11\/quienes-son-y-de-que-los-acusan\/\",\"url\":\"https:\/\/lapatriafutbolera.com.ar\/index.php\/2025\/03\/11\/quienes-son-y-de-que-los-acusan\/\",\"name\":\"\u00bfQui\u00e9nes son y de qu\u00e9 los acusan? - LA PATRIA FUTBOLERA\",\"isPartOf\":{\"@id\":\"https:\/\/lapatriafutbolera.com.ar\/#website\"},\"datePublished\":\"2025-03-11T22:46:03+00:00\",\"dateModified\":\"2025-03-11T22:46:04+00:00\",\"breadcrumb\":{\"@id\":\"https:\/\/lapatriafutbolera.com.ar\/index.php\/2025\/03\/11\/quienes-son-y-de-que-los-acusan\/#breadcrumb\"},\"inLanguage\":\"es-AR\",\"potentialAction\":[{\"@type\":\"ReadAction\",\"target\":[\"https:\/\/lapatriafutbolera.com.ar\/index.php\/2025\/03\/11\/quienes-son-y-de-que-los-acusan\/\"]}]},{\"@type\":\"BreadcrumbList\",\"@id\":\"https:\/\/lapatriafutbolera.com.ar\/index.php\/2025\/03\/11\/quienes-son-y-de-que-los-acusan\/#breadcrumb\",\"itemListElement\":[{\"@type\":\"ListItem\",\"position\":1,\"name\":\"Inicio\",\"item\":\"https:\/\/lapatriafutbolera.com.ar\/\"},{\"@type\":\"ListItem\",\"position\":2,\"name\":\"\u00bfQui\u00e9nes son y de qu\u00e9 los acusan?\"}]},{\"@type\":\"WebSite\",\"@id\":\"https:\/\/lapatriafutbolera.com.ar\/#website\",\"url\":\"https:\/\/lapatriafutbolera.com.ar\/\",\"name\":\"LA PATRIA FUTBOLERA\",\"description\":\"\",\"publisher\":{\"@id\":\"https:\/\/lapatriafutbolera.com.ar\/#organization\"},\"potentialAction\":[{\"@type\":\"SearchAction\",\"target\":{\"@type\":\"EntryPoint\",\"urlTemplate\":\"https:\/\/lapatriafutbolera.com.ar\/?s={search_term_string}\"},\"query-input\":\"required name=search_term_string\"}],\"inLanguage\":\"es-AR\"},{\"@type\":\"Organization\",\"@id\":\"https:\/\/lapatriafutbolera.com.ar\/#organization\",\"name\":\"LA PATRIA FUTBOLERA\",\"url\":\"https:\/\/lapatriafutbolera.com.ar\/\",\"sameAs\":[],\"logo\":{\"@type\":\"ImageObject\",\"inLanguage\":\"es-AR\",\"@id\":\"https:\/\/lapatriafutbolera.com.ar\/#\/schema\/logo\/image\/\",\"url\":\"https:\/\/lapatriafutbolera.com.ar\/wp-content\/uploads\/2025\/03\/cropped-LA-PATRIA-14.jpg\",\"contentUrl\":\"https:\/\/lapatriafutbolera.com.ar\/wp-content\/uploads\/2025\/03\/cropped-LA-PATRIA-14.jpg\",\"width\":1308,\"height\":221,\"caption\":\"LA PATRIA FUTBOLERA\"},\"image\":{\"@id\":\"https:\/\/lapatriafutbolera.com.ar\/#\/schema\/logo\/image\/\"}},{\"@type\":\"Person\",\"@id\":\"https:\/\/lapatriafutbolera.com.ar\/#\/schema\/person\/eb56fb3a7e76133611d5b2d9f706bd97\",\"name\":\"Redacci\u00f3n LPF\",\"image\":{\"@type\":\"ImageObject\",\"inLanguage\":\"es-AR\",\"@id\":\"https:\/\/lapatriafutbolera.com.ar\/#\/schema\/person\/image\/\",\"url\":\"https:\/\/secure.gravatar.com\/avatar\/57dc12e3750972170624cd118ca21d4157841e9e7b211e6dfe7a00b61088d285?s=96&d=mm&r=g\",\"contentUrl\":\"https:\/\/secure.gravatar.com\/avatar\/57dc12e3750972170624cd118ca21d4157841e9e7b211e6dfe7a00b61088d285?s=96&d=mm&r=g\",\"caption\":\"Redacci\u00f3n LPF\"},\"sameAs\":[\"http:\/\/lapatriafutbolera.com.ar\"],\"url\":\"https:\/\/lapatriafutbolera.com.ar\/index.php\/author\/redaccion-lpf\/\"}]}<\/script>\n<!-- \/ Yoast SEO plugin. -->","yoast_head_json":{"title":"\u00bfQui\u00e9nes son y de qu\u00e9 los acusan? - LA PATRIA FUTBOLERA","robots":{"index":"index","follow":"follow","max-snippet":"max-snippet:-1","max-image-preview":"max-image-preview:large","max-video-preview":"max-video-preview:-1"},"canonical":"https:\/\/lapatriafutbolera.com.ar\/index.php\/2025\/03\/11\/quienes-son-y-de-que-los-acusan\/","og_locale":"es_ES","og_type":"article","og_title":"\u00bfQui\u00e9nes son y de qu\u00e9 los acusan? - LA PATRIA FUTBOLERA","og_description":"Son siete los acusados por el presunto &#8220;homicidio simple con dolo eventual&#8221; en la muerte...","og_url":"https:\/\/lapatriafutbolera.com.ar\/index.php\/2025\/03\/11\/quienes-son-y-de-que-los-acusan\/","og_site_name":"LA PATRIA FUTBOLERA","article_published_time":"2025-03-11T22:46:03+00:00","article_modified_time":"2025-03-11T22:46:04+00:00","og_image":[{"width":900,"height":505,"url":"https:\/\/lapatriafutbolera.com.ar\/wp-content\/uploads\/2025\/03\/juicio-por-la-muerte-de-diego-maradona-1982424-1.webp","type":"image\/webp"}],"author":"Redacci\u00f3n LPF","twitter_card":"summary_large_image","twitter_misc":{"Escrito por":"Redacci\u00f3n LPF","Tiempo de lectura":"6 minutos"},"schema":{"@context":"https:\/\/schema.org","@graph":[{"@type":"Article","@id":"https:\/\/lapatriafutbolera.com.ar\/index.php\/2025\/03\/11\/quienes-son-y-de-que-los-acusan\/#article","isPartOf":{"@id":"https:\/\/lapatriafutbolera.com.ar\/index.php\/2025\/03\/11\/quienes-son-y-de-que-los-acusan\/"},"author":{"name":"Redacci\u00f3n LPF","@id":"https:\/\/lapatriafutbolera.com.ar\/#\/schema\/person\/eb56fb3a7e76133611d5b2d9f706bd97"},"headline":"\u00bfQui\u00e9nes son y de qu\u00e9 los acusan?","datePublished":"2025-03-11T22:46:03+00:00","dateModified":"2025-03-11T22:46:04+00:00","mainEntityOfPage":{"@id":"https:\/\/lapatriafutbolera.com.ar\/index.php\/2025\/03\/11\/quienes-son-y-de-que-los-acusan\/"},"wordCount":1091,"commentCount":0,"publisher":{"@id":"https:\/\/lapatriafutbolera.com.ar\/#organization"},"articleSection":["MARADONA: EL JUICIO"],"inLanguage":"es-AR","potentialAction":[{"@type":"CommentAction","name":"Comment","target":["https:\/\/lapatriafutbolera.com.ar\/index.php\/2025\/03\/11\/quienes-son-y-de-que-los-acusan\/#respond"]}]},{"@type":"WebPage","@id":"https:\/\/lapatriafutbolera.com.ar\/index.php\/2025\/03\/11\/quienes-son-y-de-que-los-acusan\/","url":"https:\/\/lapatriafutbolera.com.ar\/index.php\/2025\/03\/11\/quienes-son-y-de-que-los-acusan\/","name":"\u00bfQui\u00e9nes son y de qu\u00e9 los acusan? - LA PATRIA FUTBOLERA","isPartOf":{"@id":"https:\/\/lapatriafutbolera.com.ar\/#website"},"datePublished":"2025-03-11T22:46:03+00:00","dateModified":"2025-03-11T22:46:04+00:00","breadcrumb":{"@id":"https:\/\/lapatriafutbolera.com.ar\/index.php\/2025\/03\/11\/quienes-son-y-de-que-los-acusan\/#breadcrumb"},"inLanguage":"es-AR","potentialAction":[{"@type":"ReadAction","target":["https:\/\/lapatriafutbolera.com.ar\/index.php\/2025\/03\/11\/quienes-son-y-de-que-los-acusan\/"]}]},{"@type":"BreadcrumbList","@id":"https:\/\/lapatriafutbolera.com.ar\/index.php\/2025\/03\/11\/quienes-son-y-de-que-los-acusan\/#breadcrumb","itemListElement":[{"@type":"ListItem","position":1,"name":"Inicio","item":"https:\/\/lapatriafutbolera.com.ar\/"},{"@type":"ListItem","position":2,"name":"\u00bfQui\u00e9nes son y de qu\u00e9 los acusan?"}]},{"@type":"WebSite","@id":"https:\/\/lapatriafutbolera.com.ar\/#website","url":"https:\/\/lapatriafutbolera.com.ar\/","name":"LA PATRIA FUTBOLERA","description":"","publisher":{"@id":"https:\/\/lapatriafutbolera.com.ar\/#organization"},"potentialAction":[{"@type":"SearchAction","target":{"@type":"EntryPoint","urlTemplate":"https:\/\/lapatriafutbolera.com.ar\/?s={search_term_string}"},"query-input":"required name=search_term_string"}],"inLanguage":"es-AR"},{"@type":"Organization","@id":"https:\/\/lapatriafutbolera.com.ar\/#organization","name":"LA PATRIA FUTBOLERA","url":"https:\/\/lapatriafutbolera.com.ar\/","sameAs":[],"logo":{"@type":"ImageObject","inLanguage":"es-AR","@id":"https:\/\/lapatriafutbolera.com.ar\/#\/schema\/logo\/image\/","url":"https:\/\/lapatriafutbolera.com.ar\/wp-content\/uploads\/2025\/03\/cropped-LA-PATRIA-14.jpg","contentUrl":"https:\/\/lapatriafutbolera.com.ar\/wp-content\/uploads\/2025\/03\/cropped-LA-PATRIA-14.jpg","width":1308,"height":221,"caption":"LA PATRIA FUTBOLERA"},"image":{"@id":"https:\/\/lapatriafutbolera.com.ar\/#\/schema\/logo\/image\/"}},{"@type":"Person","@id":"https:\/\/lapatriafutbolera.com.ar\/#\/schema\/person\/eb56fb3a7e76133611d5b2d9f706bd97","name":"Redacci\u00f3n LPF","image":{"@type":"ImageObject","inLanguage":"es-AR","@id":"https:\/\/lapatriafutbolera.com.ar\/#\/schema\/person\/image\/","url":"https:\/\/secure.gravatar.com\/avatar\/57dc12e3750972170624cd118ca21d4157841e9e7b211e6dfe7a00b61088d285?s=96&d=mm&r=g","contentUrl":"https:\/\/secure.gravatar.com\/avatar\/57dc12e3750972170624cd118ca21d4157841e9e7b211e6dfe7a00b61088d285?s=96&d=mm&r=g","caption":"Redacci\u00f3n LPF"},"sameAs":["http:\/\/lapatriafutbolera.com.ar"],"url":"https:\/\/lapatriafutbolera.com.ar\/index.php\/author\/redaccion-lpf\/"}]}},"_links":{"self":[{"href":"https:\/\/lapatriafutbolera.com.ar\/index.php\/wp-json\/wp\/v2\/posts\/2277","targetHints":{"allow":["GET"]}}],"collection":[{"href":"https:\/\/lapatriafutbolera.com.ar\/index.php\/wp-json\/wp\/v2\/posts"}],"about":[{"href":"https:\/\/lapatriafutbolera.com.ar\/index.php\/wp-json\/wp\/v2\/types\/post"}],"author":[{"embeddable":true,"href":"https:\/\/lapatriafutbolera.com.ar\/index.php\/wp-json\/wp\/v2\/users\/4"}],"replies":[{"embeddable":true,"href":"https:\/\/lapatriafutbolera.com.ar\/index.php\/wp-json\/wp\/v2\/comments?post=2277"}],"version-history":[{"count":1,"href":"https:\/\/lapatriafutbolera.com.ar\/index.php\/wp-json\/wp\/v2\/posts\/2277\/revisions"}],"predecessor-version":[{"id":2287,"href":"https:\/\/lapatriafutbolera.com.ar\/index.php\/wp-json\/wp\/v2\/posts\/2277\/revisions\/2287"}],"wp:featuredmedia":[{"embeddable":true,"href":"https:\/\/lapatriafutbolera.com.ar\/index.php\/wp-json\/wp\/v2\/media\/2286"}],"wp:attachment":[{"href":"https:\/\/lapatriafutbolera.com.ar\/index.php\/wp-json\/wp\/v2\/media?parent=2277"}],"wp:term":[{"taxonomy":"category","embeddable":true,"href":"https:\/\/lapatriafutbolera.com.ar\/index.php\/wp-json\/wp\/v2\/categories?post=2277"},{"taxonomy":"post_tag","embeddable":true,"href":"https:\/\/lapatriafutbolera.com.ar\/index.php\/wp-json\/wp\/v2\/tags?post=2277"}],"curies":[{"name":"wp","href":"https:\/\/api.w.org\/{rel}","templated":true}]}}