{"id":2294,"date":"2025-03-11T21:06:02","date_gmt":"2025-03-12T00:06:02","guid":{"rendered":"https:\/\/lapatriafutbolera.com.ar\/?p=2294"},"modified":"2025-03-11T21:06:03","modified_gmt":"2025-03-12T00:06:03","slug":"minuto-a-minuto-lo-que-se-dijo-en-la-audiencia-inaugural","status":"publish","type":"post","link":"https:\/\/lapatriafutbolera.com.ar\/index.php\/2025\/03\/11\/minuto-a-minuto-lo-que-se-dijo-en-la-audiencia-inaugural\/","title":{"rendered":"Minuto a minuto, lo que se dijo en la audiencia inaugural"},"content":{"rendered":"\n<h4 class=\"wp-block-heading\">La sesi\u00f3n comenz\u00f3 a las 9.00 horas del martes 11 de marzo de 2025. Fueron citados y alojados todos los acusados por la Fiscal\u00eda, ante la presencia de familiares del ex jugador de Argentinos, Boca y la Selecci\u00f3n.<\/h4>\n\n\n\n<iframe loading=\"lazy\" width=\"560\" height=\"315\" src=\"https:\/\/www.youtube.com\/embed\/QdARuYRoqTY?si=cv9iYHDnVgv7luau\" title=\"YouTube video player\" frameborder=\"0\" allow=\"accelerometer; autoplay; clipboard-write; encrypted-media; gyroscope; picture-in-picture; web-share\" referrerpolicy=\"strict-origin-when-cross-origin\" allowfullscreen><\/iframe>\n\n\n\n<p>Este es el panorama consecuente de la primera audiencia del juicio por la muerte de Diego Armando Maradona:<\/p>\n\n\n\n<ul class=\"wp-block-list\">\n<li>Hay siete imputados: Leopoldo Luque (m\u00e9dico de cabecera de Diego Maradona), Agustina Cosachov (psiquiatra), Ricardo Almir\u00f3n (enfermero), Mariano Perroni, Pedro Pablo Di Spagna (m\u00e9dico), Nancy Forlini (coordinadora de la gerencia de cuidados domiciliarios en la prepaga Swiss Medical) y Carlos D\u00edaz (psic\u00f3logo).<\/li>\n\n\n\n<li>Los acusados enfrentan penas que van desde 8 a 25 a\u00f1os de prisi\u00f3n por\u00a0<strong>homicidio con dolo eventual<\/strong>.<\/li>\n\n\n\n<li>Hay 192 testigos que se presentar\u00e1n en el Tribunal Oral en lo Criminal N.\u00ba 3 de San Isidro.<\/li>\n\n\n\n<li><strong>Maradona falleci\u00f3 el 25 de noviembre de 2020, a los 60 a\u00f1os, en su casa del country San Andr\u00e9s de Tigre, producto de un paro cardiorrespiratorio secundario a edema agudo de pulm\u00f3n<\/strong>. La investigaci\u00f3n apunta a que los profesionales imputados no brindaron la atenci\u00f3n m\u00e9dica adecuada, lo que habr\u00eda derivado en su fallecimiento.<strong>\u00a0Seg\u00fan la Fiscal\u00eda, el equipo m\u00e9dico a cargo del exfutbolista actu\u00f3 con negligencia y desidia<\/strong>.<\/li>\n<\/ul>\n\n\n\n<p>Aqu\u00ed, el detalle de todo lo acontecido en recinto del Tribunal Oral Criminal Nro 3 de San Isidro:<\/p>\n\n\n\n<h2 class=\"wp-block-heading\">09:45 | Llegaron Mario Baudry y Ver\u00f3nica Ojeda<\/h2>\n\n\n\n<p>Antes de ingresar al Tribunal, el abogado habl\u00f3 con la prensa y sostuvo que Diego \u201csufri\u00f3 en sus \u00faltimos d\u00edas\u201d y que \u201cest\u00e1 acreditada en el expediente la responsabilidad de cada uno\u201d.<\/p>\n\n\n\n<p>Ojeda, madre de Diego Fernando, el m\u00e1s chico de los hijos del astro, lleg\u00f3 acompa\u00f1ada por su pareja, el abogado Baudry. Ten\u00eda puesta una remera con la imagen del rostro de Maradona. Apenas ingres\u00f3 en los tribunales rompi\u00f3\u0301 en llanto. En la puerta de la sala de audiencias, Ojeda se cruz\u00f3 con Cosachov y le grit\u00f3: \u201c<strong>Perra malparida<\/strong>\u201d.<\/p>\n\n\n\n<h2 class=\"wp-block-heading\">09:55 | Arribaron Dalma y Gianinna Maradona, como as\u00ed tambi\u00e9n Jana<\/h2>\n\n\n\n<p>Las tres hermanas est\u00e1n presentes en el primer d\u00eda del juicio por la muerte de su padre.<\/p>\n\n\n\n<figure class=\"wp-block-image\"><img decoding=\"async\" src=\"https:\/\/resizer.glanacion.com\/resizer\/v2\/veronica-ojeda-y-las-tres-hijas-de-maradona-dalma-KHPGFPXIZZBMFDLCDETPICEEUE.jpg?auth=34c49429eae7129c1be660e2d4a1c452d5f4b1c5b18204da6138cf3f75b154d9&amp;width=420&amp;height=170&amp;quality=70&amp;smart=true\" alt=\"Ver\u00f3nica Ojeda y las tres hijas de Maradona, Dalma, Yanina y Jana est\u00e1n presentes en la primera audiencia oral en la que se juzga a siete imputados por la muerte del exfutbolista\"\/><figcaption class=\"wp-element-caption\">Ver\u00f3nica Ojeda y las tres hijas de Maradona, Dalma, Yanina y Jana est\u00e1n presentes en la primera audiencia oral en la que se juzga a siete imputados por la muerte del exfutbolistaYoutube Suprema Corte<\/figcaption><\/figure>\n\n\n\n<h2 class=\"wp-block-heading\">10.40 | Comenz\u00f3 el debate oral<\/h2>\n\n\n\n<p>Despu\u00e9s de una hora y diez minutos de retraso, ingresaron los&nbsp;<strong>jueces Ver\u00f3nica Di Tommaso, Maximiliano Savarino&nbsp;<\/strong>y<strong>&nbsp;Julieta Makintach<\/strong>&nbsp;para dar comienzo al debate.<\/p>\n\n\n\n<h2 class=\"wp-block-heading\">11.35: \u201cDiego Maradona fue asesinado\u201d<\/h2>\n\n\n\n<p>Al presentar los lineamientos de su acusaci\u00f3n, el abogado Fernando Burlando, quien representa a Dalma y a Giannina Maradona, sostuvo:<strong>\u201dDiego Maradona fue asesinado. Lo mataron de una forma silenciosa y cruel. Un plan inhumano de resultado eficaz\u201d<\/strong>.<\/p>\n\n\n\n<p>El letrado tambi\u00e9n afirm\u00f3: \u201cFue asesinado. Y para esa tarea, alguien que a\u00fan todav\u00eda se oculta en las sombras, convoc\u00f3 a\u00fan equipo de profesionales de la salud par matarlo de una manera silenciosa pero igualmente cruel\u201d.<\/p>\n\n\n\n<h2 class=\"wp-block-heading\">11.47: \u201cAs\u00ed muri\u00f3 Maradona\u201d<\/h2>\n\n\n\n<p>En medio de su presentaci\u00f3n,&nbsp;<strong>el fiscal general adjunto de San Isidro<\/strong>,&nbsp;<strong>Patricio Ferrari<\/strong>, le exhibi\u00f3 a los jueces una foto con la imagen del astro mundial de f\u00fatbol en una cama, muerto, boca arriba.&nbsp;<strong>\u201cAs\u00ed muri\u00f3 Maradona\u201d<\/strong>, dijo lac\u00f3nicamente.&nbsp;<strong>El silencio de la sala de audiencias fue estremecedor<\/strong>.<\/p>\n\n\n\n<p>Ese momento conmocionante, inesperado para el p\u00fablico presente en el debate, hizo llorar a las tres hijas de Maradona, Jana, Dalma y Gianinna, sentadas en la primera fila del grupo de familiares de la v\u00edctima junto con Ver\u00f3nica Ojeda, madre de Diego Fernando, el menor de los hermanos.<\/p>\n\n\n\n<p>En su exposici\u00f3n, el fiscal acus\u00f3 a los m\u00e9dicos de haber abandonado al \u00eddolo del f\u00fatbol en sus \u00faltimos d\u00edas, asegurando que el equipo tratante no tom\u00f3 medidas adecuadas para asistirlo. La imagen que mostr\u00f3 el funcionario del Ministerio P\u00fablico Fiscal expone a\u00a0<strong>Maradona en su cama al momento de su muerte<\/strong>, visiblemente\u00a0<strong>hinchado y desmejorado<\/strong>, con signos de un deterioro f\u00edsico. La escena caus\u00f3\u00a0<strong>conmoci\u00f3n en la sala<\/strong>, donde familiares del Diez y seguidores de su causa observaban con atenci\u00f3n el avance del juicio.<\/p>\n\n\n\n<h2 class=\"wp-block-heading\">12.17 | Tras los lineamientos de los fiscales, hablaron los abogados de la parte acusatoria<\/h2>\n\n\n\n<p><strong>Fernando Burlando<\/strong>, abogado de las hijas de Maradona, fue quien m\u00e1s se explay\u00f3 para acusar a los imputados de abandono de persona contra la figura del 10.&nbsp;<strong>\u201cHubo desidia profesional\u201d<\/strong>&nbsp;y<strong>&nbsp;\u201cMaradona fue asesinado\u201d<\/strong>, fueron algunas de las frases que dijo y destac\u00f3, en cambio, la labor de los fiscales. Lo que sucedi\u00f3&nbsp;<strong>\u201ces la cr\u00f3nica de un crimen que pretend\u00eda quedar impune y que a\u00fan hoy pretende ser disfrazado de negligencia. Todos estaban al tanto y ninguno hizo nada. No hay disfraz, no hay careta, no hay lugar donde ocultar tantas conductas criminales de los acusados\u201d<\/strong>, cerr\u00f3 en su alocuci\u00f3n.<\/p>\n\n\n\n<h2 class=\"wp-block-heading\">12.55 | Las hip\u00f3tesis de las defensas de los imputados<\/h2>\n\n\n\n<p><strong>\u201cTienen que probar con certeza de lo que se le acusa a Agustina Cosachov\u201d<\/strong>, dijo, con \u00e9nfasis, el abogado de la psiquiatra que atendi\u00f3 a Maradona en sus \u00faltimos d\u00edas, Vadim Mischanchuk. \u201c<mark>No hay relaci\u00f3n de causalidad probada entre la conducta de mi cliente, que es psiquiatra, y el deceso, producto de una cardiopat\u00eda que a cuatro a\u00f1os no se pudo probar qu\u00e9 provoc\u00f3 la arritmia ventricular<\/mark>\u201d.<\/p>\n\n\n\n<p>Previamente, se manifest\u00f3 la defensa de&nbsp;<strong>Leopoldo Luque<\/strong>, el m\u00e9dico cabecera del exfutbolista. \u201cEl lamentable deceso que se investiga en este juicio fue producto de un evento cardiol\u00f3gico agudo, inesperado e impredecible en el contexto de una internaci\u00f3n domiciliaria. Nuestra teor\u00eda del caso que no existi\u00f3 hecho il\u00edcito y, por supuesto, participaci\u00f3n de mi defendido en ninguna de las circunstancias que se le imputan\u201d, sostuvo Mara Digiuni, codefensora con Julio Rivas.<\/p>\n\n\n\n<p>En el caso de la defensa del psic\u00f3logo&nbsp;<strong>Carlos D\u00edaz<\/strong>, el abogado Diego Olmedo argument\u00f3 que&nbsp;<strong>el imputado no podr\u00eda haber formado parte de un plan criminal porque no conoc\u00eda al resto de los colegas que atend\u00eda a Maradona&nbsp;<\/strong>mientras estaba con su internaci\u00f3n domiciliaria en Benav\u00eddez.<\/p>\n\n\n\n<p>\u201c<strong>A D\u00edaz le est\u00e1n imputando un homicidio por tres comentarios de WhatsApp; no hay un solo elemento que indique que D\u00edaz tenga que ver con la muerte de Maradona. Podr\u00e1n ser m\u00e1s o menos antip\u00e1ticos los WhatsApp, pero ninguno tiene relaci\u00f3n con el resultado de la muerte de Maradona, al que todos lloramos<\/strong>\u201c, dijo el defensor, que agreg\u00f3 que el psic\u00f3logo logr\u00f3 que Maradona no tuviera, al momento de su muerte, ni drogas ni alcohol en sangre, a pesar de que semanas antes, la primera vez que fue a verlo a su casa para atenderlo por sus problemas de adicci\u00f3n al alcohol, \u201cMaradona lo recibi\u00f3\u0301 con un vaso de vino en la mano&#8221;.<\/p>\n\n\n\n<p>Rodolfo Bacqu\u00e9, abogado del enfermero Ricardo Almir\u00f3n, afirm\u00f3 que su cliente no fue contratado para \u201cmatar\u201d a Maradona, sino para cuidarlo. \u201c<strong>Hizo lo que hac\u00eda siempre, aquello para lo cual era contratado<\/strong>\u201d, sostuvo, luego de haber pedido que se declare nulo el alegato del fiscal Ferrari por haber mostrado la foto posterior al deceso de Diego, acto que consider\u00f3 una omisi\u00f3n de presentaci\u00f3n previa de prueba a las defensas.<\/p>\n\n\n\n<h2 class=\"wp-block-heading\">13.30 | Las primeras divergencias entre las defensas<\/h2>\n\n\n\n<p>El abogado defensor de Nancy Forlini, coordinadora m\u00e9dica de la empresa de medicina privada Swiss Medical, reafirm\u00f3 la hip\u00f3tesis que hab\u00eda esbozado antes el abogado Rodolfo Bacqu\u00e9, que asiste al enfermero Ricardo Almir\u00f3n: que&nbsp;<mark>si hay responsabilidad penal en la muerte de Diego Maradona, en todo caso deber\u00e1n responder por ella el neurocirujano Leopoldo Luque y la psiquiatra Agustina Cosachov, y no quienes realizaban tareas administrativas o de gestor\u00eda en las empresas involucradas, ni los enfermeros<\/mark>.<\/p>\n\n\n\n<p>Nicol\u00e1s Dalbora afirm\u00f3 que la externaci\u00f3n de Maradona tras su operaci\u00f3n por un hematoma subdural se acord\u00f3 en una modalidad de \u201ccuidados domiciliarios a cargo del equipo m\u00e9dico tratante\u201d, encabezado por Luque y Cosachov.<\/p>\n\n\n\n<h2 class=\"wp-block-heading\">13.45 | Cuarto intermedio y deliberaci\u00f3n del tribunal<\/h2>\n\n\n\n<p>Los jueces Ver\u00f3nica Di Tommaso, Maximiliano Savarino y Julieta Makintach dispusieron un cuarto intermedio de cinco minutos para deliberar y tomar una decisi\u00f3n con respecto a los planteos de nulidad y cuestiones impulsadas por las defensas y, por una parte, de las querellas.<\/p>\n\n\n\n<h2 class=\"wp-block-heading\">14.21 | Se reanuda la audiencia<\/h2>\n\n\n\n<p>Luego de m\u00e1s de media hora, los jueces Ver\u00f3nica Di Tommaso, Maximiliano Savarino y Julieta Makintach retomaron la audiencia tras deliberar respecto a los planteos de nulidad y cuestiones impulsadas por las defensas y, por una parte, de las querellas.<\/p>\n\n\n\n<p>Al volver, tom\u00f3 la palabra el fiscal Ferrari que rechaz\u00f3 lo expuesto por el defensor Rodolfo Bacqu\u00e9.<\/p>\n\n\n\n<p><strong>En la misma l\u00ednea se expresaron las querellas de todos familiares de Diego Maradona.<\/strong><\/p>\n\n\n\n<h2 class=\"wp-block-heading\">14.37 | Nuevo cuarto intermedio<\/h2>\n\n\n\n<p>Tras escuchar a los fiscales, defensas y querellas, los jueces Ver\u00f3nica Di Tommaso, Maximiliano Savarino y Julieta Makintach convocaron a un nuevo cuarto intermedio. Esta vez, ser\u00e1 de una hora, adelantaron.<\/p>\n\n\n\n<p>En los mismos, van a deliberar y tomar una decisi\u00f3n con respecto a los planteos de nulidad y cuestiones impulsadas por las defensas y, por una parte, de las querellas.<\/p>\n\n\n\n<p>Adem\u00e1s, adelantaron que la audiencia de hoy se podr\u00eda extender hasta las 19 y, tras el pedido de uno de los familiares de Maradona de abandonar la sala y no participar del resto de la jornada, respondieron que deber\u00eda permanecer hasta que termina esta primera etapa.<\/p>\n\n\n\n<h2 class=\"wp-block-heading\">15.03 | Los insultos de Ojeda<\/h2>\n\n\n\n<p>\u201cForro hijo de puta, sorete\u201d, fue el grito de Ver\u00f3nica Ojeda a Leopoldo Luque cuando se retiraba del edificio de los tribunales durante el cuarto intermedio.<\/p>\n\n\n\n<p>De esta manera, la madre del hijo menor de Maradona increp\u00f3 a otro de los acusados.<\/p>\n\n\n\n<p>M\u00e1s temprano, ya hab\u00eda insultado a la psiquiatra Agustina Cosachov a quien cruz\u00f3 en la puerta de la sala de audiencias y le grit\u00f3: \u201c<strong>Perra malparida<\/strong>\u201d.<\/p>\n\n\n\n<h2 class=\"wp-block-heading\">16.10 | Se reanud\u00f3 el debate<\/h2>\n\n\n\n<p>Los jueces rechazaron todos los planteos de las defensas.<\/p>\n","protected":false},"excerpt":{"rendered":"<p>La sesi\u00f3n comenz\u00f3 a las 9.00 horas del martes 11 de marzo de 2025. Fueron&#8230;<\/p>\n","protected":false},"author":4,"featured_media":2295,"comment_status":"open","ping_status":"open","sticky":false,"template":"","format":"standard","meta":{"footnotes":""},"categories":[167],"tags":[],"class_list":["post-2294","post","type-post","status-publish","format-standard","has-post-thumbnail","hentry","category-maradona-el-juicio"],"yoast_head":"<!-- This site is optimized with the Yoast SEO plugin v19.5.1 - https:\/\/yoast.com\/wordpress\/plugins\/seo\/ -->\n<title>Minuto a minuto, lo que se dijo en la audiencia inaugural - LA PATRIA FUTBOLERA<\/title>\n<meta name=\"robots\" content=\"index, follow, max-snippet:-1, max-image-preview:large, max-video-preview:-1\" \/>\n<link rel=\"canonical\" href=\"https:\/\/lapatriafutbolera.com.ar\/index.php\/2025\/03\/11\/minuto-a-minuto-lo-que-se-dijo-en-la-audiencia-inaugural\/\" \/>\n<meta property=\"og:locale\" content=\"es_ES\" \/>\n<meta property=\"og:type\" content=\"article\" \/>\n<meta property=\"og:title\" content=\"Minuto a minuto, lo que se dijo en la audiencia inaugural - LA PATRIA FUTBOLERA\" \/>\n<meta property=\"og:description\" content=\"La sesi\u00f3n comenz\u00f3 a las 9.00 horas del martes 11 de marzo de 2025. Fueron...\" \/>\n<meta property=\"og:url\" content=\"https:\/\/lapatriafutbolera.com.ar\/index.php\/2025\/03\/11\/minuto-a-minuto-lo-que-se-dijo-en-la-audiencia-inaugural\/\" \/>\n<meta property=\"og:site_name\" content=\"LA PATRIA FUTBOLERA\" \/>\n<meta property=\"article:published_time\" content=\"2025-03-12T00:06:02+00:00\" \/>\n<meta property=\"article:modified_time\" content=\"2025-03-12T00:06:03+00:00\" \/>\n<meta name=\"author\" content=\"Redacci\u00f3n LPF\" \/>\n<meta name=\"twitter:card\" content=\"summary_large_image\" \/>\n<meta name=\"twitter:image\" content=\"https:\/\/lapatriafutbolera.com.ar\/wp-content\/uploads\/2025\/03\/veronica-ojeda-antes-de-ingresar-a-la-primera-QGCHM5SE6ZHV3OZLZJSXZJ7TEA.avif\" \/>\n<meta name=\"twitter:label1\" content=\"Escrito por\" \/>\n\t<meta name=\"twitter:data1\" content=\"Redacci\u00f3n LPF\" \/>\n\t<meta name=\"twitter:label2\" content=\"Tiempo de lectura\" \/>\n\t<meta name=\"twitter:data2\" content=\"8 minutos\" \/>\n<script type=\"application\/ld+json\" class=\"yoast-schema-graph\">{\"@context\":\"https:\/\/schema.org\",\"@graph\":[{\"@type\":\"Article\",\"@id\":\"https:\/\/lapatriafutbolera.com.ar\/index.php\/2025\/03\/11\/minuto-a-minuto-lo-que-se-dijo-en-la-audiencia-inaugural\/#article\",\"isPartOf\":{\"@id\":\"https:\/\/lapatriafutbolera.com.ar\/index.php\/2025\/03\/11\/minuto-a-minuto-lo-que-se-dijo-en-la-audiencia-inaugural\/\"},\"author\":{\"name\":\"Redacci\u00f3n LPF\",\"@id\":\"https:\/\/lapatriafutbolera.com.ar\/#\/schema\/person\/eb56fb3a7e76133611d5b2d9f706bd97\"},\"headline\":\"Minuto a minuto, lo que se dijo en la audiencia inaugural\",\"datePublished\":\"2025-03-12T00:06:02+00:00\",\"dateModified\":\"2025-03-12T00:06:03+00:00\",\"mainEntityOfPage\":{\"@id\":\"https:\/\/lapatriafutbolera.com.ar\/index.php\/2025\/03\/11\/minuto-a-minuto-lo-que-se-dijo-en-la-audiencia-inaugural\/\"},\"wordCount\":1719,\"commentCount\":0,\"publisher\":{\"@id\":\"https:\/\/lapatriafutbolera.com.ar\/#organization\"},\"articleSection\":[\"MARADONA: EL JUICIO\"],\"inLanguage\":\"es-AR\",\"potentialAction\":[{\"@type\":\"CommentAction\",\"name\":\"Comment\",\"target\":[\"https:\/\/lapatriafutbolera.com.ar\/index.php\/2025\/03\/11\/minuto-a-minuto-lo-que-se-dijo-en-la-audiencia-inaugural\/#respond\"]}]},{\"@type\":\"WebPage\",\"@id\":\"https:\/\/lapatriafutbolera.com.ar\/index.php\/2025\/03\/11\/minuto-a-minuto-lo-que-se-dijo-en-la-audiencia-inaugural\/\",\"url\":\"https:\/\/lapatriafutbolera.com.ar\/index.php\/2025\/03\/11\/minuto-a-minuto-lo-que-se-dijo-en-la-audiencia-inaugural\/\",\"name\":\"Minuto a minuto, lo que se dijo en la audiencia inaugural - LA PATRIA FUTBOLERA\",\"isPartOf\":{\"@id\":\"https:\/\/lapatriafutbolera.com.ar\/#website\"},\"datePublished\":\"2025-03-12T00:06:02+00:00\",\"dateModified\":\"2025-03-12T00:06:03+00:00\",\"breadcrumb\":{\"@id\":\"https:\/\/lapatriafutbolera.com.ar\/index.php\/2025\/03\/11\/minuto-a-minuto-lo-que-se-dijo-en-la-audiencia-inaugural\/#breadcrumb\"},\"inLanguage\":\"es-AR\",\"potentialAction\":[{\"@type\":\"ReadAction\",\"target\":[\"https:\/\/lapatriafutbolera.com.ar\/index.php\/2025\/03\/11\/minuto-a-minuto-lo-que-se-dijo-en-la-audiencia-inaugural\/\"]}]},{\"@type\":\"BreadcrumbList\",\"@id\":\"https:\/\/lapatriafutbolera.com.ar\/index.php\/2025\/03\/11\/minuto-a-minuto-lo-que-se-dijo-en-la-audiencia-inaugural\/#breadcrumb\",\"itemListElement\":[{\"@type\":\"ListItem\",\"position\":1,\"name\":\"Inicio\",\"item\":\"https:\/\/lapatriafutbolera.com.ar\/\"},{\"@type\":\"ListItem\",\"position\":2,\"name\":\"Minuto a minuto, lo que se dijo en la audiencia inaugural\"}]},{\"@type\":\"WebSite\",\"@id\":\"https:\/\/lapatriafutbolera.com.ar\/#website\",\"url\":\"https:\/\/lapatriafutbolera.com.ar\/\",\"name\":\"LA PATRIA FUTBOLERA\",\"description\":\"\",\"publisher\":{\"@id\":\"https:\/\/lapatriafutbolera.com.ar\/#organization\"},\"potentialAction\":[{\"@type\":\"SearchAction\",\"target\":{\"@type\":\"EntryPoint\",\"urlTemplate\":\"https:\/\/lapatriafutbolera.com.ar\/?s={search_term_string}\"},\"query-input\":\"required name=search_term_string\"}],\"inLanguage\":\"es-AR\"},{\"@type\":\"Organization\",\"@id\":\"https:\/\/lapatriafutbolera.com.ar\/#organization\",\"name\":\"LA PATRIA FUTBOLERA\",\"url\":\"https:\/\/lapatriafutbolera.com.ar\/\",\"sameAs\":[],\"logo\":{\"@type\":\"ImageObject\",\"inLanguage\":\"es-AR\",\"@id\":\"https:\/\/lapatriafutbolera.com.ar\/#\/schema\/logo\/image\/\",\"url\":\"https:\/\/lapatriafutbolera.com.ar\/wp-content\/uploads\/2025\/03\/cropped-LA-PATRIA-14.jpg\",\"contentUrl\":\"https:\/\/lapatriafutbolera.com.ar\/wp-content\/uploads\/2025\/03\/cropped-LA-PATRIA-14.jpg\",\"width\":1308,\"height\":221,\"caption\":\"LA PATRIA FUTBOLERA\"},\"image\":{\"@id\":\"https:\/\/lapatriafutbolera.com.ar\/#\/schema\/logo\/image\/\"}},{\"@type\":\"Person\",\"@id\":\"https:\/\/lapatriafutbolera.com.ar\/#\/schema\/person\/eb56fb3a7e76133611d5b2d9f706bd97\",\"name\":\"Redacci\u00f3n LPF\",\"image\":{\"@type\":\"ImageObject\",\"inLanguage\":\"es-AR\",\"@id\":\"https:\/\/lapatriafutbolera.com.ar\/#\/schema\/person\/image\/\",\"url\":\"https:\/\/secure.gravatar.com\/avatar\/57dc12e3750972170624cd118ca21d4157841e9e7b211e6dfe7a00b61088d285?s=96&d=mm&r=g\",\"contentUrl\":\"https:\/\/secure.gravatar.com\/avatar\/57dc12e3750972170624cd118ca21d4157841e9e7b211e6dfe7a00b61088d285?s=96&d=mm&r=g\",\"caption\":\"Redacci\u00f3n LPF\"},\"sameAs\":[\"http:\/\/lapatriafutbolera.com.ar\"],\"url\":\"https:\/\/lapatriafutbolera.com.ar\/index.php\/author\/redaccion-lpf\/\"}]}<\/script>\n<!-- \/ Yoast SEO plugin. -->","yoast_head_json":{"title":"Minuto a minuto, lo que se dijo en la audiencia inaugural - LA PATRIA FUTBOLERA","robots":{"index":"index","follow":"follow","max-snippet":"max-snippet:-1","max-image-preview":"max-image-preview:large","max-video-preview":"max-video-preview:-1"},"canonical":"https:\/\/lapatriafutbolera.com.ar\/index.php\/2025\/03\/11\/minuto-a-minuto-lo-que-se-dijo-en-la-audiencia-inaugural\/","og_locale":"es_ES","og_type":"article","og_title":"Minuto a minuto, lo que se dijo en la audiencia inaugural - LA PATRIA FUTBOLERA","og_description":"La sesi\u00f3n comenz\u00f3 a las 9.00 horas del martes 11 de marzo de 2025. Fueron...","og_url":"https:\/\/lapatriafutbolera.com.ar\/index.php\/2025\/03\/11\/minuto-a-minuto-lo-que-se-dijo-en-la-audiencia-inaugural\/","og_site_name":"LA PATRIA FUTBOLERA","article_published_time":"2025-03-12T00:06:02+00:00","article_modified_time":"2025-03-12T00:06:03+00:00","author":"Redacci\u00f3n LPF","twitter_card":"summary_large_image","twitter_image":"https:\/\/lapatriafutbolera.com.ar\/wp-content\/uploads\/2025\/03\/veronica-ojeda-antes-de-ingresar-a-la-primera-QGCHM5SE6ZHV3OZLZJSXZJ7TEA.avif","twitter_misc":{"Escrito por":"Redacci\u00f3n LPF","Tiempo de lectura":"8 minutos"},"schema":{"@context":"https:\/\/schema.org","@graph":[{"@type":"Article","@id":"https:\/\/lapatriafutbolera.com.ar\/index.php\/2025\/03\/11\/minuto-a-minuto-lo-que-se-dijo-en-la-audiencia-inaugural\/#article","isPartOf":{"@id":"https:\/\/lapatriafutbolera.com.ar\/index.php\/2025\/03\/11\/minuto-a-minuto-lo-que-se-dijo-en-la-audiencia-inaugural\/"},"author":{"name":"Redacci\u00f3n LPF","@id":"https:\/\/lapatriafutbolera.com.ar\/#\/schema\/person\/eb56fb3a7e76133611d5b2d9f706bd97"},"headline":"Minuto a minuto, lo que se dijo en la audiencia inaugural","datePublished":"2025-03-12T00:06:02+00:00","dateModified":"2025-03-12T00:06:03+00:00","mainEntityOfPage":{"@id":"https:\/\/lapatriafutbolera.com.ar\/index.php\/2025\/03\/11\/minuto-a-minuto-lo-que-se-dijo-en-la-audiencia-inaugural\/"},"wordCount":1719,"commentCount":0,"publisher":{"@id":"https:\/\/lapatriafutbolera.com.ar\/#organization"},"articleSection":["MARADONA: EL JUICIO"],"inLanguage":"es-AR","potentialAction":[{"@type":"CommentAction","name":"Comment","target":["https:\/\/lapatriafutbolera.com.ar\/index.php\/2025\/03\/11\/minuto-a-minuto-lo-que-se-dijo-en-la-audiencia-inaugural\/#respond"]}]},{"@type":"WebPage","@id":"https:\/\/lapatriafutbolera.com.ar\/index.php\/2025\/03\/11\/minuto-a-minuto-lo-que-se-dijo-en-la-audiencia-inaugural\/","url":"https:\/\/lapatriafutbolera.com.ar\/index.php\/2025\/03\/11\/minuto-a-minuto-lo-que-se-dijo-en-la-audiencia-inaugural\/","name":"Minuto a minuto, lo que se dijo en la audiencia inaugural - LA PATRIA FUTBOLERA","isPartOf":{"@id":"https:\/\/lapatriafutbolera.com.ar\/#website"},"datePublished":"2025-03-12T00:06:02+00:00","dateModified":"2025-03-12T00:06:03+00:00","breadcrumb":{"@id":"https:\/\/lapatriafutbolera.com.ar\/index.php\/2025\/03\/11\/minuto-a-minuto-lo-que-se-dijo-en-la-audiencia-inaugural\/#breadcrumb"},"inLanguage":"es-AR","potentialAction":[{"@type":"ReadAction","target":["https:\/\/lapatriafutbolera.com.ar\/index.php\/2025\/03\/11\/minuto-a-minuto-lo-que-se-dijo-en-la-audiencia-inaugural\/"]}]},{"@type":"BreadcrumbList","@id":"https:\/\/lapatriafutbolera.com.ar\/index.php\/2025\/03\/11\/minuto-a-minuto-lo-que-se-dijo-en-la-audiencia-inaugural\/#breadcrumb","itemListElement":[{"@type":"ListItem","position":1,"name":"Inicio","item":"https:\/\/lapatriafutbolera.com.ar\/"},{"@type":"ListItem","position":2,"name":"Minuto a minuto, lo que se dijo en la audiencia inaugural"}]},{"@type":"WebSite","@id":"https:\/\/lapatriafutbolera.com.ar\/#website","url":"https:\/\/lapatriafutbolera.com.ar\/","name":"LA PATRIA FUTBOLERA","description":"","publisher":{"@id":"https:\/\/lapatriafutbolera.com.ar\/#organization"},"potentialAction":[{"@type":"SearchAction","target":{"@type":"EntryPoint","urlTemplate":"https:\/\/lapatriafutbolera.com.ar\/?s={search_term_string}"},"query-input":"required name=search_term_string"}],"inLanguage":"es-AR"},{"@type":"Organization","@id":"https:\/\/lapatriafutbolera.com.ar\/#organization","name":"LA PATRIA FUTBOLERA","url":"https:\/\/lapatriafutbolera.com.ar\/","sameAs":[],"logo":{"@type":"ImageObject","inLanguage":"es-AR","@id":"https:\/\/lapatriafutbolera.com.ar\/#\/schema\/logo\/image\/","url":"https:\/\/lapatriafutbolera.com.ar\/wp-content\/uploads\/2025\/03\/cropped-LA-PATRIA-14.jpg","contentUrl":"https:\/\/lapatriafutbolera.com.ar\/wp-content\/uploads\/2025\/03\/cropped-LA-PATRIA-14.jpg","width":1308,"height":221,"caption":"LA PATRIA FUTBOLERA"},"image":{"@id":"https:\/\/lapatriafutbolera.com.ar\/#\/schema\/logo\/image\/"}},{"@type":"Person","@id":"https:\/\/lapatriafutbolera.com.ar\/#\/schema\/person\/eb56fb3a7e76133611d5b2d9f706bd97","name":"Redacci\u00f3n LPF","image":{"@type":"ImageObject","inLanguage":"es-AR","@id":"https:\/\/lapatriafutbolera.com.ar\/#\/schema\/person\/image\/","url":"https:\/\/secure.gravatar.com\/avatar\/57dc12e3750972170624cd118ca21d4157841e9e7b211e6dfe7a00b61088d285?s=96&d=mm&r=g","contentUrl":"https:\/\/secure.gravatar.com\/avatar\/57dc12e3750972170624cd118ca21d4157841e9e7b211e6dfe7a00b61088d285?s=96&d=mm&r=g","caption":"Redacci\u00f3n LPF"},"sameAs":["http:\/\/lapatriafutbolera.com.ar"],"url":"https:\/\/lapatriafutbolera.com.ar\/index.php\/author\/redaccion-lpf\/"}]}},"_links":{"self":[{"href":"https:\/\/lapatriafutbolera.com.ar\/index.php\/wp-json\/wp\/v2\/posts\/2294","targetHints":{"allow":["GET"]}}],"collection":[{"href":"https:\/\/lapatriafutbolera.com.ar\/index.php\/wp-json\/wp\/v2\/posts"}],"about":[{"href":"https:\/\/lapatriafutbolera.com.ar\/index.php\/wp-json\/wp\/v2\/types\/post"}],"author":[{"embeddable":true,"href":"https:\/\/lapatriafutbolera.com.ar\/index.php\/wp-json\/wp\/v2\/users\/4"}],"replies":[{"embeddable":true,"href":"https:\/\/lapatriafutbolera.com.ar\/index.php\/wp-json\/wp\/v2\/comments?post=2294"}],"version-history":[{"count":1,"href":"https:\/\/lapatriafutbolera.com.ar\/index.php\/wp-json\/wp\/v2\/posts\/2294\/revisions"}],"predecessor-version":[{"id":2296,"href":"https:\/\/lapatriafutbolera.com.ar\/index.php\/wp-json\/wp\/v2\/posts\/2294\/revisions\/2296"}],"wp:featuredmedia":[{"embeddable":true,"href":"https:\/\/lapatriafutbolera.com.ar\/index.php\/wp-json\/wp\/v2\/media\/2295"}],"wp:attachment":[{"href":"https:\/\/lapatriafutbolera.com.ar\/index.php\/wp-json\/wp\/v2\/media?parent=2294"}],"wp:term":[{"taxonomy":"category","embeddable":true,"href":"https:\/\/lapatriafutbolera.com.ar\/index.php\/wp-json\/wp\/v2\/categories?post=2294"},{"taxonomy":"post_tag","embeddable":true,"href":"https:\/\/lapatriafutbolera.com.ar\/index.php\/wp-json\/wp\/v2\/tags?post=2294"}],"curies":[{"name":"wp","href":"https:\/\/api.w.org\/{rel}","templated":true}]}}