{"id":2309,"date":"2025-03-12T16:54:47","date_gmt":"2025-03-12T19:54:47","guid":{"rendered":"https:\/\/lapatriafutbolera.com.ar\/?p=2309"},"modified":"2025-03-12T16:55:02","modified_gmt":"2025-03-12T19:55:02","slug":"dos-audiencias-semanales-hasta-julio-cuando-se-leera-el-veredicto","status":"publish","type":"post","link":"https:\/\/lapatriafutbolera.com.ar\/index.php\/2025\/03\/12\/dos-audiencias-semanales-hasta-julio-cuando-se-leera-el-veredicto\/","title":{"rendered":"Dos audiencias semanales hasta julio, cuando se leer\u00e1 el veredicto"},"content":{"rendered":"\n<h4 class=\"wp-block-heading\"><strong>El juicio contra varios profesionales de la salud, investigados por la muerte del astro del f\u00fatbol argentino, Diego Armando Maradona, continuar\u00e1 el jueves 13 de marzo. Las autoridades confirmaron que el proceso judicial podr\u00eda extenderse hasta el pr\u00f3ximo julio, con dos audiencias cada semana. Se espera la declaraci\u00f3n de al menos 100 testigos.<\/strong><\/h4>\n\n\n\n<p>Por: EFE<\/p>\n\n\n\n<figure class=\"wp-block-image\"><img decoding=\"async\" src=\"https:\/\/s.france24.com\/media\/display\/8b5b53ea-ff58-11ef-aad4-005056bf30b7\/w:1280\/p:16x9\/e4d0f1723cd8c8749c39b8c5f5179c94ea62bd50w.jpg\" alt=\"Dalma (c) y Giannina Maradona (3-d), hijas de Diego Armando Maradona junto a otros familiares asisten este martes, a los tribunales de San Isidro en Buenos Aires, (Aregentina). Las hijas de Maradona llegaron al Tribunal de lo Criminal N\u00b03 de San Isidro, provincia de Buenos Aires, para asistir a la primera audiencia del juicio por la muerte de su padre.\"\/><figcaption class=\"wp-element-caption\">Dalma (c) y Giannina Maradona (3-d), hijas de Diego Armando Maradona junto a otros familiares asisten este martes, a los tribunales de San Isidro en Buenos Aires, (Aregentina). Las hijas de Maradona llegaron al Tribunal de lo Criminal N\u00b03 de San Isidro, provincia de Buenos Aires, para asistir a la primera audiencia del juicio por la muerte de su padre.&nbsp;\u00a9 EFE\/Juan Ignacio Roncoroni<\/figcaption><\/figure>\n\n\n\n<p><strong>Ocho personas, todas profesionales de la salud, est\u00e1n siendo investigadas por presunto homicidio simple con dolo eventual tras la muerte de Diego Armando Maradona,<\/strong>&nbsp;ocurrida en noviembre de 2020.<\/p>\n\n\n\n<p>Ese delito tiene una&nbsp;<strong>pena m\u00e1xima en Argentina de 25 a\u00f1os de c\u00e1rcel.<\/strong><\/p>\n\n\n\n<p>El juicio, que inici\u00f3 el martes 11 de marzo, ser\u00e1 retomado este jueves 13 de marzo, indicaron las autoridades y la jornada estar\u00e1 enfocada&nbsp; en cuestiones t\u00e9cnicas antes de dar paso a las primeras declaraciones testimoniales.<\/p>\n\n\n\n<p>Adem\u00e1s, este mi\u00e9rcoles 12 de marzo se conoci\u00f3 que<strong>&nbsp;el proceso judicial podr\u00eda extenderse hasta el pr\u00f3ximo julio, con dos audiencias por semana. Y se esperan las declaraciones de al menos 100 testigos.<\/strong><\/p>\n\n\n\n<p>El Tribunal en lo Criminal N\u00b03 de San Isidro, en la provincia de Buenos Aires, compuesto por los jueces Maximiliano Savarino, Ver\u00f3nica Di Tommaso y Julieta Makintach deber\u00e1n determinar si siete de los ocho acusados son culpables o no.<\/p>\n\n\n\n<figure class=\"wp-block-image\"><img decoding=\"async\" src=\"https:\/\/s.france24.com\/media\/display\/44d3c244-ff59-11ef-9729-005056bfb2b6\/w:980\/000_36ZR297.jpg\" alt=\"El doctor Leopoldo Luque (centro) observa durante el juicio por la muerte de la leyenda del f\u00fatbol argentino Diego Maradona en el juzgado de San Isidro, provincia de Buenos Aires, Argentina, el 11 de marzo de 2025. Cuatro a\u00f1os despu\u00e9s de la muerte de Diego Maradona, este martes comienza en Argentina el juicio contra siete profesionales de la salud para determinar sus responsabilidades en la muerte de la leyenda del f\u00fatbol.\"\/><figcaption class=\"wp-element-caption\">El doctor Leopoldo Luque (centro) observa durante el juicio por la muerte de la leyenda del f\u00fatbol argentino Diego Maradona en el juzgado de San Isidro, provincia de Buenos Aires, Argentina, el 11 de marzo de 2025. Cuatro a\u00f1os despu\u00e9s de la muerte de Diego Maradona, este martes comienza en Argentina el juicio contra siete profesionales de la salud para determinar sus responsabilidades en la muerte de la leyenda del f\u00fatbol.&nbsp;\u00a9 AFP\/Luis Robayo<\/figcaption><\/figure>\n\n\n\n<p>Durante la primera audiencia, el fiscal Patricio Ferrari y el abogado querellante Fernando Burlando aseguraron que hubo &#8220;desamparo&#8221; y un &#8220;plan para asesinar&#8221; al astro del f\u00fatbol, mientras las defensas dividieron sus estrategias y apuntaron contra los principales imputados. Las siguientes audiencias se realizar\u00e1n los martes y jueves.<\/p>\n\n\n\n<p>En la etapa final del juicio, el tribunal escuchar\u00e1 los alegatos de la fiscal\u00eda y las defensas antes de fijar una fecha para el veredicto, en caso de haber condenas, la sentencia no implicar\u00e1 necesariamente una detenci\u00f3n inmediata, ya que deber\u00e1 quedar firme en instancias superiores.<\/p>\n","protected":false},"excerpt":{"rendered":"<p>El juicio contra varios profesionales de la salud, investigados por la muerte del astro del&#8230;<\/p>\n","protected":false},"author":4,"featured_media":2310,"comment_status":"open","ping_status":"open","sticky":false,"template":"","format":"standard","meta":{"footnotes":""},"categories":[167],"tags":[],"class_list":["post-2309","post","type-post","status-publish","format-standard","has-post-thumbnail","hentry","category-maradona-el-juicio"],"yoast_head":"<!-- This site is optimized with the Yoast SEO plugin v19.5.1 - https:\/\/yoast.com\/wordpress\/plugins\/seo\/ -->\n<title>Dos audiencias semanales hasta julio, cuando se leer\u00e1 el veredicto - LA PATRIA FUTBOLERA<\/title>\n<meta name=\"robots\" content=\"index, follow, max-snippet:-1, max-image-preview:large, max-video-preview:-1\" \/>\n<link rel=\"canonical\" href=\"https:\/\/lapatriafutbolera.com.ar\/index.php\/2025\/03\/12\/dos-audiencias-semanales-hasta-julio-cuando-se-leera-el-veredicto\/\" \/>\n<meta property=\"og:locale\" content=\"es_ES\" \/>\n<meta property=\"og:type\" content=\"article\" \/>\n<meta property=\"og:title\" content=\"Dos audiencias semanales hasta julio, cuando se leer\u00e1 el veredicto - LA PATRIA FUTBOLERA\" \/>\n<meta property=\"og:description\" content=\"El juicio contra varios profesionales de la salud, investigados por la muerte del astro del...\" \/>\n<meta property=\"og:url\" content=\"https:\/\/lapatriafutbolera.com.ar\/index.php\/2025\/03\/12\/dos-audiencias-semanales-hasta-julio-cuando-se-leera-el-veredicto\/\" \/>\n<meta property=\"og:site_name\" content=\"LA PATRIA FUTBOLERA\" \/>\n<meta property=\"article:published_time\" content=\"2025-03-12T19:54:47+00:00\" \/>\n<meta property=\"article:modified_time\" content=\"2025-03-12T19:55:02+00:00\" \/>\n<meta property=\"og:image\" content=\"https:\/\/lapatriafutbolera.com.ar\/wp-content\/uploads\/2025\/03\/images-5.jpg\" \/>\n\t<meta property=\"og:image:width\" content=\"299\" \/>\n\t<meta property=\"og:image:height\" content=\"168\" \/>\n\t<meta property=\"og:image:type\" content=\"image\/jpeg\" \/>\n<meta name=\"author\" content=\"Redacci\u00f3n LPF\" \/>\n<meta name=\"twitter:card\" content=\"summary_large_image\" \/>\n<meta name=\"twitter:label1\" content=\"Escrito por\" \/>\n\t<meta name=\"twitter:data1\" content=\"Redacci\u00f3n LPF\" \/>\n\t<meta name=\"twitter:label2\" content=\"Tiempo de lectura\" \/>\n\t<meta name=\"twitter:data2\" content=\"3 minutos\" \/>\n<script type=\"application\/ld+json\" class=\"yoast-schema-graph\">{\"@context\":\"https:\/\/schema.org\",\"@graph\":[{\"@type\":\"Article\",\"@id\":\"https:\/\/lapatriafutbolera.com.ar\/index.php\/2025\/03\/12\/dos-audiencias-semanales-hasta-julio-cuando-se-leera-el-veredicto\/#article\",\"isPartOf\":{\"@id\":\"https:\/\/lapatriafutbolera.com.ar\/index.php\/2025\/03\/12\/dos-audiencias-semanales-hasta-julio-cuando-se-leera-el-veredicto\/\"},\"author\":{\"name\":\"Redacci\u00f3n LPF\",\"@id\":\"https:\/\/lapatriafutbolera.com.ar\/#\/schema\/person\/eb56fb3a7e76133611d5b2d9f706bd97\"},\"headline\":\"Dos audiencias semanales hasta julio, cuando se leer\u00e1 el veredicto\",\"datePublished\":\"2025-03-12T19:54:47+00:00\",\"dateModified\":\"2025-03-12T19:55:02+00:00\",\"mainEntityOfPage\":{\"@id\":\"https:\/\/lapatriafutbolera.com.ar\/index.php\/2025\/03\/12\/dos-audiencias-semanales-hasta-julio-cuando-se-leera-el-veredicto\/\"},\"wordCount\":466,\"commentCount\":0,\"publisher\":{\"@id\":\"https:\/\/lapatriafutbolera.com.ar\/#organization\"},\"articleSection\":[\"MARADONA: EL JUICIO\"],\"inLanguage\":\"es-AR\",\"potentialAction\":[{\"@type\":\"CommentAction\",\"name\":\"Comment\",\"target\":[\"https:\/\/lapatriafutbolera.com.ar\/index.php\/2025\/03\/12\/dos-audiencias-semanales-hasta-julio-cuando-se-leera-el-veredicto\/#respond\"]}]},{\"@type\":\"WebPage\",\"@id\":\"https:\/\/lapatriafutbolera.com.ar\/index.php\/2025\/03\/12\/dos-audiencias-semanales-hasta-julio-cuando-se-leera-el-veredicto\/\",\"url\":\"https:\/\/lapatriafutbolera.com.ar\/index.php\/2025\/03\/12\/dos-audiencias-semanales-hasta-julio-cuando-se-leera-el-veredicto\/\",\"name\":\"Dos audiencias semanales hasta julio, cuando se leer\u00e1 el veredicto - LA PATRIA FUTBOLERA\",\"isPartOf\":{\"@id\":\"https:\/\/lapatriafutbolera.com.ar\/#website\"},\"datePublished\":\"2025-03-12T19:54:47+00:00\",\"dateModified\":\"2025-03-12T19:55:02+00:00\",\"breadcrumb\":{\"@id\":\"https:\/\/lapatriafutbolera.com.ar\/index.php\/2025\/03\/12\/dos-audiencias-semanales-hasta-julio-cuando-se-leera-el-veredicto\/#breadcrumb\"},\"inLanguage\":\"es-AR\",\"potentialAction\":[{\"@type\":\"ReadAction\",\"target\":[\"https:\/\/lapatriafutbolera.com.ar\/index.php\/2025\/03\/12\/dos-audiencias-semanales-hasta-julio-cuando-se-leera-el-veredicto\/\"]}]},{\"@type\":\"BreadcrumbList\",\"@id\":\"https:\/\/lapatriafutbolera.com.ar\/index.php\/2025\/03\/12\/dos-audiencias-semanales-hasta-julio-cuando-se-leera-el-veredicto\/#breadcrumb\",\"itemListElement\":[{\"@type\":\"ListItem\",\"position\":1,\"name\":\"Inicio\",\"item\":\"https:\/\/lapatriafutbolera.com.ar\/\"},{\"@type\":\"ListItem\",\"position\":2,\"name\":\"Dos audiencias semanales hasta julio, cuando se leer\u00e1 el veredicto\"}]},{\"@type\":\"WebSite\",\"@id\":\"https:\/\/lapatriafutbolera.com.ar\/#website\",\"url\":\"https:\/\/lapatriafutbolera.com.ar\/\",\"name\":\"LA PATRIA FUTBOLERA\",\"description\":\"\",\"publisher\":{\"@id\":\"https:\/\/lapatriafutbolera.com.ar\/#organization\"},\"potentialAction\":[{\"@type\":\"SearchAction\",\"target\":{\"@type\":\"EntryPoint\",\"urlTemplate\":\"https:\/\/lapatriafutbolera.com.ar\/?s={search_term_string}\"},\"query-input\":\"required name=search_term_string\"}],\"inLanguage\":\"es-AR\"},{\"@type\":\"Organization\",\"@id\":\"https:\/\/lapatriafutbolera.com.ar\/#organization\",\"name\":\"LA PATRIA FUTBOLERA\",\"url\":\"https:\/\/lapatriafutbolera.com.ar\/\",\"sameAs\":[],\"logo\":{\"@type\":\"ImageObject\",\"inLanguage\":\"es-AR\",\"@id\":\"https:\/\/lapatriafutbolera.com.ar\/#\/schema\/logo\/image\/\",\"url\":\"https:\/\/lapatriafutbolera.com.ar\/wp-content\/uploads\/2025\/03\/cropped-LA-PATRIA-14.jpg\",\"contentUrl\":\"https:\/\/lapatriafutbolera.com.ar\/wp-content\/uploads\/2025\/03\/cropped-LA-PATRIA-14.jpg\",\"width\":1308,\"height\":221,\"caption\":\"LA PATRIA FUTBOLERA\"},\"image\":{\"@id\":\"https:\/\/lapatriafutbolera.com.ar\/#\/schema\/logo\/image\/\"}},{\"@type\":\"Person\",\"@id\":\"https:\/\/lapatriafutbolera.com.ar\/#\/schema\/person\/eb56fb3a7e76133611d5b2d9f706bd97\",\"name\":\"Redacci\u00f3n LPF\",\"image\":{\"@type\":\"ImageObject\",\"inLanguage\":\"es-AR\",\"@id\":\"https:\/\/lapatriafutbolera.com.ar\/#\/schema\/person\/image\/\",\"url\":\"https:\/\/secure.gravatar.com\/avatar\/57dc12e3750972170624cd118ca21d4157841e9e7b211e6dfe7a00b61088d285?s=96&d=mm&r=g\",\"contentUrl\":\"https:\/\/secure.gravatar.com\/avatar\/57dc12e3750972170624cd118ca21d4157841e9e7b211e6dfe7a00b61088d285?s=96&d=mm&r=g\",\"caption\":\"Redacci\u00f3n LPF\"},\"sameAs\":[\"http:\/\/lapatriafutbolera.com.ar\"],\"url\":\"https:\/\/lapatriafutbolera.com.ar\/index.php\/author\/redaccion-lpf\/\"}]}<\/script>\n<!-- \/ Yoast SEO plugin. -->","yoast_head_json":{"title":"Dos audiencias semanales hasta julio, cuando se leer\u00e1 el veredicto - LA PATRIA FUTBOLERA","robots":{"index":"index","follow":"follow","max-snippet":"max-snippet:-1","max-image-preview":"max-image-preview:large","max-video-preview":"max-video-preview:-1"},"canonical":"https:\/\/lapatriafutbolera.com.ar\/index.php\/2025\/03\/12\/dos-audiencias-semanales-hasta-julio-cuando-se-leera-el-veredicto\/","og_locale":"es_ES","og_type":"article","og_title":"Dos audiencias semanales hasta julio, cuando se leer\u00e1 el veredicto - LA PATRIA FUTBOLERA","og_description":"El juicio contra varios profesionales de la salud, investigados por la muerte del astro del...","og_url":"https:\/\/lapatriafutbolera.com.ar\/index.php\/2025\/03\/12\/dos-audiencias-semanales-hasta-julio-cuando-se-leera-el-veredicto\/","og_site_name":"LA PATRIA FUTBOLERA","article_published_time":"2025-03-12T19:54:47+00:00","article_modified_time":"2025-03-12T19:55:02+00:00","og_image":[{"width":299,"height":168,"url":"https:\/\/lapatriafutbolera.com.ar\/wp-content\/uploads\/2025\/03\/images-5.jpg","type":"image\/jpeg"}],"author":"Redacci\u00f3n LPF","twitter_card":"summary_large_image","twitter_misc":{"Escrito por":"Redacci\u00f3n LPF","Tiempo de lectura":"3 minutos"},"schema":{"@context":"https:\/\/schema.org","@graph":[{"@type":"Article","@id":"https:\/\/lapatriafutbolera.com.ar\/index.php\/2025\/03\/12\/dos-audiencias-semanales-hasta-julio-cuando-se-leera-el-veredicto\/#article","isPartOf":{"@id":"https:\/\/lapatriafutbolera.com.ar\/index.php\/2025\/03\/12\/dos-audiencias-semanales-hasta-julio-cuando-se-leera-el-veredicto\/"},"author":{"name":"Redacci\u00f3n LPF","@id":"https:\/\/lapatriafutbolera.com.ar\/#\/schema\/person\/eb56fb3a7e76133611d5b2d9f706bd97"},"headline":"Dos audiencias semanales hasta julio, cuando se leer\u00e1 el veredicto","datePublished":"2025-03-12T19:54:47+00:00","dateModified":"2025-03-12T19:55:02+00:00","mainEntityOfPage":{"@id":"https:\/\/lapatriafutbolera.com.ar\/index.php\/2025\/03\/12\/dos-audiencias-semanales-hasta-julio-cuando-se-leera-el-veredicto\/"},"wordCount":466,"commentCount":0,"publisher":{"@id":"https:\/\/lapatriafutbolera.com.ar\/#organization"},"articleSection":["MARADONA: EL JUICIO"],"inLanguage":"es-AR","potentialAction":[{"@type":"CommentAction","name":"Comment","target":["https:\/\/lapatriafutbolera.com.ar\/index.php\/2025\/03\/12\/dos-audiencias-semanales-hasta-julio-cuando-se-leera-el-veredicto\/#respond"]}]},{"@type":"WebPage","@id":"https:\/\/lapatriafutbolera.com.ar\/index.php\/2025\/03\/12\/dos-audiencias-semanales-hasta-julio-cuando-se-leera-el-veredicto\/","url":"https:\/\/lapatriafutbolera.com.ar\/index.php\/2025\/03\/12\/dos-audiencias-semanales-hasta-julio-cuando-se-leera-el-veredicto\/","name":"Dos audiencias semanales hasta julio, cuando se leer\u00e1 el veredicto - LA PATRIA FUTBOLERA","isPartOf":{"@id":"https:\/\/lapatriafutbolera.com.ar\/#website"},"datePublished":"2025-03-12T19:54:47+00:00","dateModified":"2025-03-12T19:55:02+00:00","breadcrumb":{"@id":"https:\/\/lapatriafutbolera.com.ar\/index.php\/2025\/03\/12\/dos-audiencias-semanales-hasta-julio-cuando-se-leera-el-veredicto\/#breadcrumb"},"inLanguage":"es-AR","potentialAction":[{"@type":"ReadAction","target":["https:\/\/lapatriafutbolera.com.ar\/index.php\/2025\/03\/12\/dos-audiencias-semanales-hasta-julio-cuando-se-leera-el-veredicto\/"]}]},{"@type":"BreadcrumbList","@id":"https:\/\/lapatriafutbolera.com.ar\/index.php\/2025\/03\/12\/dos-audiencias-semanales-hasta-julio-cuando-se-leera-el-veredicto\/#breadcrumb","itemListElement":[{"@type":"ListItem","position":1,"name":"Inicio","item":"https:\/\/lapatriafutbolera.com.ar\/"},{"@type":"ListItem","position":2,"name":"Dos audiencias semanales hasta julio, cuando se leer\u00e1 el veredicto"}]},{"@type":"WebSite","@id":"https:\/\/lapatriafutbolera.com.ar\/#website","url":"https:\/\/lapatriafutbolera.com.ar\/","name":"LA PATRIA FUTBOLERA","description":"","publisher":{"@id":"https:\/\/lapatriafutbolera.com.ar\/#organization"},"potentialAction":[{"@type":"SearchAction","target":{"@type":"EntryPoint","urlTemplate":"https:\/\/lapatriafutbolera.com.ar\/?s={search_term_string}"},"query-input":"required name=search_term_string"}],"inLanguage":"es-AR"},{"@type":"Organization","@id":"https:\/\/lapatriafutbolera.com.ar\/#organization","name":"LA PATRIA FUTBOLERA","url":"https:\/\/lapatriafutbolera.com.ar\/","sameAs":[],"logo":{"@type":"ImageObject","inLanguage":"es-AR","@id":"https:\/\/lapatriafutbolera.com.ar\/#\/schema\/logo\/image\/","url":"https:\/\/lapatriafutbolera.com.ar\/wp-content\/uploads\/2025\/03\/cropped-LA-PATRIA-14.jpg","contentUrl":"https:\/\/lapatriafutbolera.com.ar\/wp-content\/uploads\/2025\/03\/cropped-LA-PATRIA-14.jpg","width":1308,"height":221,"caption":"LA PATRIA FUTBOLERA"},"image":{"@id":"https:\/\/lapatriafutbolera.com.ar\/#\/schema\/logo\/image\/"}},{"@type":"Person","@id":"https:\/\/lapatriafutbolera.com.ar\/#\/schema\/person\/eb56fb3a7e76133611d5b2d9f706bd97","name":"Redacci\u00f3n LPF","image":{"@type":"ImageObject","inLanguage":"es-AR","@id":"https:\/\/lapatriafutbolera.com.ar\/#\/schema\/person\/image\/","url":"https:\/\/secure.gravatar.com\/avatar\/57dc12e3750972170624cd118ca21d4157841e9e7b211e6dfe7a00b61088d285?s=96&d=mm&r=g","contentUrl":"https:\/\/secure.gravatar.com\/avatar\/57dc12e3750972170624cd118ca21d4157841e9e7b211e6dfe7a00b61088d285?s=96&d=mm&r=g","caption":"Redacci\u00f3n LPF"},"sameAs":["http:\/\/lapatriafutbolera.com.ar"],"url":"https:\/\/lapatriafutbolera.com.ar\/index.php\/author\/redaccion-lpf\/"}]}},"_links":{"self":[{"href":"https:\/\/lapatriafutbolera.com.ar\/index.php\/wp-json\/wp\/v2\/posts\/2309","targetHints":{"allow":["GET"]}}],"collection":[{"href":"https:\/\/lapatriafutbolera.com.ar\/index.php\/wp-json\/wp\/v2\/posts"}],"about":[{"href":"https:\/\/lapatriafutbolera.com.ar\/index.php\/wp-json\/wp\/v2\/types\/post"}],"author":[{"embeddable":true,"href":"https:\/\/lapatriafutbolera.com.ar\/index.php\/wp-json\/wp\/v2\/users\/4"}],"replies":[{"embeddable":true,"href":"https:\/\/lapatriafutbolera.com.ar\/index.php\/wp-json\/wp\/v2\/comments?post=2309"}],"version-history":[{"count":2,"href":"https:\/\/lapatriafutbolera.com.ar\/index.php\/wp-json\/wp\/v2\/posts\/2309\/revisions"}],"predecessor-version":[{"id":2312,"href":"https:\/\/lapatriafutbolera.com.ar\/index.php\/wp-json\/wp\/v2\/posts\/2309\/revisions\/2312"}],"wp:featuredmedia":[{"embeddable":true,"href":"https:\/\/lapatriafutbolera.com.ar\/index.php\/wp-json\/wp\/v2\/media\/2310"}],"wp:attachment":[{"href":"https:\/\/lapatriafutbolera.com.ar\/index.php\/wp-json\/wp\/v2\/media?parent=2309"}],"wp:term":[{"taxonomy":"category","embeddable":true,"href":"https:\/\/lapatriafutbolera.com.ar\/index.php\/wp-json\/wp\/v2\/categories?post=2309"},{"taxonomy":"post_tag","embeddable":true,"href":"https:\/\/lapatriafutbolera.com.ar\/index.php\/wp-json\/wp\/v2\/tags?post=2309"}],"curies":[{"name":"wp","href":"https:\/\/api.w.org\/{rel}","templated":true}]}}