{"id":2313,"date":"2025-03-12T19:22:07","date_gmt":"2025-03-12T22:22:07","guid":{"rendered":"https:\/\/lapatriafutbolera.com.ar\/?p=2313"},"modified":"2025-03-12T19:22:09","modified_gmt":"2025-03-12T22:22:09","slug":"el-pais-de-los-70","status":"publish","type":"post","link":"https:\/\/lapatriafutbolera.com.ar\/index.php\/2025\/03\/12\/el-pais-de-los-70\/","title":{"rendered":"El pa\u00eds de los &#8217;70"},"content":{"rendered":"<div class=\"wp-block-image\">\n<figure class=\"aligncenter size-large\"><img loading=\"lazy\" decoding=\"async\" width=\"768\" height=\"1024\" src=\"https:\/\/lapatriafutbolera.com.ar\/wp-content\/uploads\/2025\/03\/Marcha-1-768x1024.jpg\" alt=\"\" class=\"wp-image-2320\" srcset=\"https:\/\/lapatriafutbolera.com.ar\/wp-content\/uploads\/2025\/03\/Marcha-1-768x1024.jpg 768w, https:\/\/lapatriafutbolera.com.ar\/wp-content\/uploads\/2025\/03\/Marcha-1-225x300.jpg 225w, https:\/\/lapatriafutbolera.com.ar\/wp-content\/uploads\/2025\/03\/Marcha-1-1152x1536.jpg 1152w, https:\/\/lapatriafutbolera.com.ar\/wp-content\/uploads\/2025\/03\/Marcha-1-1024x1365.jpg 1024w, https:\/\/lapatriafutbolera.com.ar\/wp-content\/uploads\/2025\/03\/Marcha-1.jpg 1200w\" sizes=\"auto, (max-width: 768px) 100vw, 768px\" \/><\/figure>\n<\/div>\n\n\n<p>Las fuerzas armadas y el poder desmesurado vuelven a ser parte de la historia de la Argentina. Las voluntades impuestas por el poder real para lograr sus objetivos y a su vez para acallar los gritos de los m\u00e1s necesitados se hacen moneda corriente en esta dictadura blanda del neoliberalismo.<\/p>\n\n\n<div class=\"wp-block-image\">\n<figure class=\"aligncenter size-large\"><img loading=\"lazy\" decoding=\"async\" width=\"460\" height=\"1024\" src=\"https:\/\/lapatriafutbolera.com.ar\/wp-content\/uploads\/2025\/03\/Marcha-6-460x1024.jpeg\" alt=\"\" class=\"wp-image-2315\" srcset=\"https:\/\/lapatriafutbolera.com.ar\/wp-content\/uploads\/2025\/03\/Marcha-6-460x1024.jpeg 460w, https:\/\/lapatriafutbolera.com.ar\/wp-content\/uploads\/2025\/03\/Marcha-6-135x300.jpeg 135w, https:\/\/lapatriafutbolera.com.ar\/wp-content\/uploads\/2025\/03\/Marcha-6.jpeg 575w\" sizes=\"auto, (max-width: 460px) 100vw, 460px\" \/><\/figure>\n<\/div>\n\n\n<p><br>La marcha de las hinchadas del futbol argentino en apoyo a los jubilados que vienen siendo apaleados y gaseados semana tras semana no fue la excepci\u00f3n. La convocatoria fue para este mi\u00e9rcoles a las 17 hs en la plaza de los dos congresos y los gases lacrim\u00f3genos, las balas de goma y los hidrantes con pintura no faltaron a la &#8220;fiesta&#8221; de los represores.<\/p>\n\n\n\n<p><br>La batalla cultural que quieren ganar para invisibilizar los desfalcos econ\u00f3micos, la entrega del pa\u00eds, la destrucci\u00f3n del Estado para que ning\u00fan argentino que no sean los millonarios que manejan la vida de todos reciba ni una migaja. Dicho esto, est\u00e1 claro que quisieron instalar que los que iban a respaldar a los jubilados eran barras bravas.<\/p>\n\n\n\n<figure class=\"wp-block-image size-large\"><img loading=\"lazy\" decoding=\"async\" width=\"1024\" height=\"460\" src=\"https:\/\/lapatriafutbolera.com.ar\/wp-content\/uploads\/2025\/03\/Marcha-4-1024x460.jpeg\" alt=\"\" class=\"wp-image-2317\" srcset=\"https:\/\/lapatriafutbolera.com.ar\/wp-content\/uploads\/2025\/03\/Marcha-4-1024x460.jpeg 1024w, https:\/\/lapatriafutbolera.com.ar\/wp-content\/uploads\/2025\/03\/Marcha-4-300x135.jpeg 300w, https:\/\/lapatriafutbolera.com.ar\/wp-content\/uploads\/2025\/03\/Marcha-4-768x345.jpeg 768w, https:\/\/lapatriafutbolera.com.ar\/wp-content\/uploads\/2025\/03\/Marcha-4.jpeg 1280w\" sizes=\"auto, (max-width: 1024px) 100vw, 1024px\" \/><\/figure>\n\n\n\n<p><br>Antes de la hora pautada para la marcha los carros hidrantes comenzaron con la agresi\u00f3n a los simpatizantes que comenzaron a colmar la plaza y las calles Rivadavia e Yrigoyen. Mientras el twitero Milei busca la manera de robar miles de millones de d\u00f3lares en otro pr\u00e9stamo del FMI, a las 17 en punto como los ingleses de su \u00eddola Margaret Thatcher las balas y los gases hicieron su entrada triunfal.<br>La distancia que dispusieron en esta oportunidad no les dio margen de error ya que las piedras que intentaban detener el accionar de estos animales con sed de sangre, hablamos de los polic\u00edas claramente, no llegaban a destino.<\/p>\n\n\n\n<figure class=\"wp-block-image size-large\"><img loading=\"lazy\" decoding=\"async\" width=\"1024\" height=\"460\" src=\"https:\/\/lapatriafutbolera.com.ar\/wp-content\/uploads\/2025\/03\/marcha-2-1024x460.jpeg\" alt=\"\" class=\"wp-image-2319\" srcset=\"https:\/\/lapatriafutbolera.com.ar\/wp-content\/uploads\/2025\/03\/marcha-2-1024x460.jpeg 1024w, https:\/\/lapatriafutbolera.com.ar\/wp-content\/uploads\/2025\/03\/marcha-2-300x135.jpeg 300w, https:\/\/lapatriafutbolera.com.ar\/wp-content\/uploads\/2025\/03\/marcha-2-768x345.jpeg 768w, https:\/\/lapatriafutbolera.com.ar\/wp-content\/uploads\/2025\/03\/marcha-2.jpeg 1280w\" sizes=\"auto, (max-width: 1024px) 100vw, 1024px\" \/><\/figure>\n\n\n\n<p><br>El intento de lograr un cuerpo a cuerpo con los uniformados nunca tuvo \u00e9xito. Como en los &#8217;70 otra vez se volvi\u00f3 a escuchar un grito que vociferaron todos quienes hab\u00edan perdido su futuro con el corralito. En esta oportunidad tambien se grit\u00f3 &#8220;que se vayan todos, que no quede ni uno solo&#8221; pero no es solo por los ahorros, es por la dignidad de vida, es por el derecho a la protesta, es por los puestos de trabajo que se perdieron, es por Bah\u00eda Blanca, es por los incendios de la Patagonia, es por la salud y la educaci\u00f3n p\u00fablica, es por todos nosotros.<\/p>\n\n\n<div class=\"wp-block-image\">\n<figure class=\"aligncenter size-large\"><img loading=\"lazy\" decoding=\"async\" width=\"576\" height=\"1024\" src=\"https:\/\/lapatriafutbolera.com.ar\/wp-content\/uploads\/2025\/03\/Marcha-5-576x1024.jpeg\" alt=\"\" class=\"wp-image-2316\" srcset=\"https:\/\/lapatriafutbolera.com.ar\/wp-content\/uploads\/2025\/03\/Marcha-5-576x1024.jpeg 576w, https:\/\/lapatriafutbolera.com.ar\/wp-content\/uploads\/2025\/03\/Marcha-5-169x300.jpeg 169w, https:\/\/lapatriafutbolera.com.ar\/wp-content\/uploads\/2025\/03\/Marcha-5.jpeg 720w\" sizes=\"auto, (max-width: 576px) 100vw, 576px\" \/><\/figure>\n<\/div>","protected":false},"excerpt":{"rendered":"<p>Las fuerzas armadas y el poder desmesurado vuelven a ser parte de la historia de&#8230;<\/p>\n","protected":false},"author":19,"featured_media":2314,"comment_status":"open","ping_status":"open","sticky":false,"template":"","format":"standard","meta":{"footnotes":""},"categories":[7],"tags":[],"class_list":["post-2313","post","type-post","status-publish","format-standard","has-post-thumbnail","hentry","category-editorial"],"yoast_head":"<!-- This site is optimized with the Yoast SEO plugin v19.5.1 - https:\/\/yoast.com\/wordpress\/plugins\/seo\/ -->\n<title>El pa\u00eds de los &#039;70 - LA PATRIA FUTBOLERA<\/title>\n<meta name=\"robots\" content=\"index, follow, max-snippet:-1, max-image-preview:large, max-video-preview:-1\" \/>\n<link rel=\"canonical\" href=\"https:\/\/lapatriafutbolera.com.ar\/index.php\/2025\/03\/12\/el-pais-de-los-70\/\" \/>\n<meta property=\"og:locale\" content=\"es_ES\" \/>\n<meta property=\"og:type\" content=\"article\" \/>\n<meta property=\"og:title\" content=\"El pa\u00eds de los &#039;70 - LA PATRIA FUTBOLERA\" \/>\n<meta property=\"og:description\" content=\"Las fuerzas armadas y el poder desmesurado vuelven a ser parte de la historia de...\" \/>\n<meta property=\"og:url\" content=\"https:\/\/lapatriafutbolera.com.ar\/index.php\/2025\/03\/12\/el-pais-de-los-70\/\" \/>\n<meta property=\"og:site_name\" content=\"LA PATRIA FUTBOLERA\" \/>\n<meta property=\"article:published_time\" content=\"2025-03-12T22:22:07+00:00\" \/>\n<meta property=\"article:modified_time\" content=\"2025-03-12T22:22:09+00:00\" \/>\n<meta property=\"og:image\" content=\"https:\/\/lapatriafutbolera.com.ar\/wp-content\/uploads\/2025\/03\/Marcha-7.jpeg\" \/>\n\t<meta property=\"og:image:width\" content=\"1600\" \/>\n\t<meta property=\"og:image:height\" content=\"1200\" \/>\n\t<meta property=\"og:image:type\" content=\"image\/jpeg\" \/>\n<meta name=\"author\" content=\"Gustavo Ernesto Modroff\" \/>\n<meta name=\"twitter:card\" content=\"summary_large_image\" \/>\n<meta name=\"twitter:label1\" content=\"Escrito por\" \/>\n\t<meta name=\"twitter:data1\" content=\"Gustavo Ernesto Modroff\" \/>\n\t<meta name=\"twitter:label2\" content=\"Tiempo de lectura\" \/>\n\t<meta name=\"twitter:data2\" content=\"3 minutos\" \/>\n<script type=\"application\/ld+json\" class=\"yoast-schema-graph\">{\"@context\":\"https:\/\/schema.org\",\"@graph\":[{\"@type\":\"Article\",\"@id\":\"https:\/\/lapatriafutbolera.com.ar\/index.php\/2025\/03\/12\/el-pais-de-los-70\/#article\",\"isPartOf\":{\"@id\":\"https:\/\/lapatriafutbolera.com.ar\/index.php\/2025\/03\/12\/el-pais-de-los-70\/\"},\"author\":{\"name\":\"Gustavo Ernesto Modroff\",\"@id\":\"https:\/\/lapatriafutbolera.com.ar\/#\/schema\/person\/45f52d875e65dd5fb3d15dfccf425739\"},\"headline\":\"El pa\u00eds de los &#8217;70\",\"datePublished\":\"2025-03-12T22:22:07+00:00\",\"dateModified\":\"2025-03-12T22:22:09+00:00\",\"mainEntityOfPage\":{\"@id\":\"https:\/\/lapatriafutbolera.com.ar\/index.php\/2025\/03\/12\/el-pais-de-los-70\/\"},\"wordCount\":405,\"commentCount\":0,\"publisher\":{\"@id\":\"https:\/\/lapatriafutbolera.com.ar\/#organization\"},\"articleSection\":[\"Editorial\"],\"inLanguage\":\"es-AR\",\"potentialAction\":[{\"@type\":\"CommentAction\",\"name\":\"Comment\",\"target\":[\"https:\/\/lapatriafutbolera.com.ar\/index.php\/2025\/03\/12\/el-pais-de-los-70\/#respond\"]}]},{\"@type\":\"WebPage\",\"@id\":\"https:\/\/lapatriafutbolera.com.ar\/index.php\/2025\/03\/12\/el-pais-de-los-70\/\",\"url\":\"https:\/\/lapatriafutbolera.com.ar\/index.php\/2025\/03\/12\/el-pais-de-los-70\/\",\"name\":\"El pa\u00eds de los '70 - LA PATRIA FUTBOLERA\",\"isPartOf\":{\"@id\":\"https:\/\/lapatriafutbolera.com.ar\/#website\"},\"datePublished\":\"2025-03-12T22:22:07+00:00\",\"dateModified\":\"2025-03-12T22:22:09+00:00\",\"breadcrumb\":{\"@id\":\"https:\/\/lapatriafutbolera.com.ar\/index.php\/2025\/03\/12\/el-pais-de-los-70\/#breadcrumb\"},\"inLanguage\":\"es-AR\",\"potentialAction\":[{\"@type\":\"ReadAction\",\"target\":[\"https:\/\/lapatriafutbolera.com.ar\/index.php\/2025\/03\/12\/el-pais-de-los-70\/\"]}]},{\"@type\":\"BreadcrumbList\",\"@id\":\"https:\/\/lapatriafutbolera.com.ar\/index.php\/2025\/03\/12\/el-pais-de-los-70\/#breadcrumb\",\"itemListElement\":[{\"@type\":\"ListItem\",\"position\":1,\"name\":\"Inicio\",\"item\":\"https:\/\/lapatriafutbolera.com.ar\/\"},{\"@type\":\"ListItem\",\"position\":2,\"name\":\"El pa\u00eds de los &#8217;70\"}]},{\"@type\":\"WebSite\",\"@id\":\"https:\/\/lapatriafutbolera.com.ar\/#website\",\"url\":\"https:\/\/lapatriafutbolera.com.ar\/\",\"name\":\"LA PATRIA FUTBOLERA\",\"description\":\"\",\"publisher\":{\"@id\":\"https:\/\/lapatriafutbolera.com.ar\/#organization\"},\"potentialAction\":[{\"@type\":\"SearchAction\",\"target\":{\"@type\":\"EntryPoint\",\"urlTemplate\":\"https:\/\/lapatriafutbolera.com.ar\/?s={search_term_string}\"},\"query-input\":\"required name=search_term_string\"}],\"inLanguage\":\"es-AR\"},{\"@type\":\"Organization\",\"@id\":\"https:\/\/lapatriafutbolera.com.ar\/#organization\",\"name\":\"LA PATRIA FUTBOLERA\",\"url\":\"https:\/\/lapatriafutbolera.com.ar\/\",\"sameAs\":[],\"logo\":{\"@type\":\"ImageObject\",\"inLanguage\":\"es-AR\",\"@id\":\"https:\/\/lapatriafutbolera.com.ar\/#\/schema\/logo\/image\/\",\"url\":\"https:\/\/lapatriafutbolera.com.ar\/wp-content\/uploads\/2025\/03\/cropped-LA-PATRIA-14.jpg\",\"contentUrl\":\"https:\/\/lapatriafutbolera.com.ar\/wp-content\/uploads\/2025\/03\/cropped-LA-PATRIA-14.jpg\",\"width\":1308,\"height\":221,\"caption\":\"LA PATRIA FUTBOLERA\"},\"image\":{\"@id\":\"https:\/\/lapatriafutbolera.com.ar\/#\/schema\/logo\/image\/\"}},{\"@type\":\"Person\",\"@id\":\"https:\/\/lapatriafutbolera.com.ar\/#\/schema\/person\/45f52d875e65dd5fb3d15dfccf425739\",\"name\":\"Gustavo Ernesto Modroff\",\"image\":{\"@type\":\"ImageObject\",\"inLanguage\":\"es-AR\",\"@id\":\"https:\/\/lapatriafutbolera.com.ar\/#\/schema\/person\/image\/\",\"url\":\"https:\/\/secure.gravatar.com\/avatar\/46069a12ebf45457aba2589ec2f3e95c6410c3ea062f8cb21e153ef474df7f5e?s=96&d=mm&r=g\",\"contentUrl\":\"https:\/\/secure.gravatar.com\/avatar\/46069a12ebf45457aba2589ec2f3e95c6410c3ea062f8cb21e153ef474df7f5e?s=96&d=mm&r=g\",\"caption\":\"Gustavo Ernesto Modroff\"},\"url\":\"https:\/\/lapatriafutbolera.com.ar\/index.php\/author\/gustavo-modroff\/\"}]}<\/script>\n<!-- \/ Yoast SEO plugin. -->","yoast_head_json":{"title":"El pa\u00eds de los '70 - LA PATRIA FUTBOLERA","robots":{"index":"index","follow":"follow","max-snippet":"max-snippet:-1","max-image-preview":"max-image-preview:large","max-video-preview":"max-video-preview:-1"},"canonical":"https:\/\/lapatriafutbolera.com.ar\/index.php\/2025\/03\/12\/el-pais-de-los-70\/","og_locale":"es_ES","og_type":"article","og_title":"El pa\u00eds de los '70 - LA PATRIA FUTBOLERA","og_description":"Las fuerzas armadas y el poder desmesurado vuelven a ser parte de la historia de...","og_url":"https:\/\/lapatriafutbolera.com.ar\/index.php\/2025\/03\/12\/el-pais-de-los-70\/","og_site_name":"LA PATRIA FUTBOLERA","article_published_time":"2025-03-12T22:22:07+00:00","article_modified_time":"2025-03-12T22:22:09+00:00","og_image":[{"width":1600,"height":1200,"url":"https:\/\/lapatriafutbolera.com.ar\/wp-content\/uploads\/2025\/03\/Marcha-7.jpeg","type":"image\/jpeg"}],"author":"Gustavo Ernesto Modroff","twitter_card":"summary_large_image","twitter_misc":{"Escrito por":"Gustavo Ernesto Modroff","Tiempo de lectura":"3 minutos"},"schema":{"@context":"https:\/\/schema.org","@graph":[{"@type":"Article","@id":"https:\/\/lapatriafutbolera.com.ar\/index.php\/2025\/03\/12\/el-pais-de-los-70\/#article","isPartOf":{"@id":"https:\/\/lapatriafutbolera.com.ar\/index.php\/2025\/03\/12\/el-pais-de-los-70\/"},"author":{"name":"Gustavo Ernesto Modroff","@id":"https:\/\/lapatriafutbolera.com.ar\/#\/schema\/person\/45f52d875e65dd5fb3d15dfccf425739"},"headline":"El pa\u00eds de los &#8217;70","datePublished":"2025-03-12T22:22:07+00:00","dateModified":"2025-03-12T22:22:09+00:00","mainEntityOfPage":{"@id":"https:\/\/lapatriafutbolera.com.ar\/index.php\/2025\/03\/12\/el-pais-de-los-70\/"},"wordCount":405,"commentCount":0,"publisher":{"@id":"https:\/\/lapatriafutbolera.com.ar\/#organization"},"articleSection":["Editorial"],"inLanguage":"es-AR","potentialAction":[{"@type":"CommentAction","name":"Comment","target":["https:\/\/lapatriafutbolera.com.ar\/index.php\/2025\/03\/12\/el-pais-de-los-70\/#respond"]}]},{"@type":"WebPage","@id":"https:\/\/lapatriafutbolera.com.ar\/index.php\/2025\/03\/12\/el-pais-de-los-70\/","url":"https:\/\/lapatriafutbolera.com.ar\/index.php\/2025\/03\/12\/el-pais-de-los-70\/","name":"El pa\u00eds de los '70 - LA PATRIA FUTBOLERA","isPartOf":{"@id":"https:\/\/lapatriafutbolera.com.ar\/#website"},"datePublished":"2025-03-12T22:22:07+00:00","dateModified":"2025-03-12T22:22:09+00:00","breadcrumb":{"@id":"https:\/\/lapatriafutbolera.com.ar\/index.php\/2025\/03\/12\/el-pais-de-los-70\/#breadcrumb"},"inLanguage":"es-AR","potentialAction":[{"@type":"ReadAction","target":["https:\/\/lapatriafutbolera.com.ar\/index.php\/2025\/03\/12\/el-pais-de-los-70\/"]}]},{"@type":"BreadcrumbList","@id":"https:\/\/lapatriafutbolera.com.ar\/index.php\/2025\/03\/12\/el-pais-de-los-70\/#breadcrumb","itemListElement":[{"@type":"ListItem","position":1,"name":"Inicio","item":"https:\/\/lapatriafutbolera.com.ar\/"},{"@type":"ListItem","position":2,"name":"El pa\u00eds de los &#8217;70"}]},{"@type":"WebSite","@id":"https:\/\/lapatriafutbolera.com.ar\/#website","url":"https:\/\/lapatriafutbolera.com.ar\/","name":"LA PATRIA FUTBOLERA","description":"","publisher":{"@id":"https:\/\/lapatriafutbolera.com.ar\/#organization"},"potentialAction":[{"@type":"SearchAction","target":{"@type":"EntryPoint","urlTemplate":"https:\/\/lapatriafutbolera.com.ar\/?s={search_term_string}"},"query-input":"required name=search_term_string"}],"inLanguage":"es-AR"},{"@type":"Organization","@id":"https:\/\/lapatriafutbolera.com.ar\/#organization","name":"LA PATRIA FUTBOLERA","url":"https:\/\/lapatriafutbolera.com.ar\/","sameAs":[],"logo":{"@type":"ImageObject","inLanguage":"es-AR","@id":"https:\/\/lapatriafutbolera.com.ar\/#\/schema\/logo\/image\/","url":"https:\/\/lapatriafutbolera.com.ar\/wp-content\/uploads\/2025\/03\/cropped-LA-PATRIA-14.jpg","contentUrl":"https:\/\/lapatriafutbolera.com.ar\/wp-content\/uploads\/2025\/03\/cropped-LA-PATRIA-14.jpg","width":1308,"height":221,"caption":"LA PATRIA FUTBOLERA"},"image":{"@id":"https:\/\/lapatriafutbolera.com.ar\/#\/schema\/logo\/image\/"}},{"@type":"Person","@id":"https:\/\/lapatriafutbolera.com.ar\/#\/schema\/person\/45f52d875e65dd5fb3d15dfccf425739","name":"Gustavo Ernesto Modroff","image":{"@type":"ImageObject","inLanguage":"es-AR","@id":"https:\/\/lapatriafutbolera.com.ar\/#\/schema\/person\/image\/","url":"https:\/\/secure.gravatar.com\/avatar\/46069a12ebf45457aba2589ec2f3e95c6410c3ea062f8cb21e153ef474df7f5e?s=96&d=mm&r=g","contentUrl":"https:\/\/secure.gravatar.com\/avatar\/46069a12ebf45457aba2589ec2f3e95c6410c3ea062f8cb21e153ef474df7f5e?s=96&d=mm&r=g","caption":"Gustavo Ernesto Modroff"},"url":"https:\/\/lapatriafutbolera.com.ar\/index.php\/author\/gustavo-modroff\/"}]}},"_links":{"self":[{"href":"https:\/\/lapatriafutbolera.com.ar\/index.php\/wp-json\/wp\/v2\/posts\/2313","targetHints":{"allow":["GET"]}}],"collection":[{"href":"https:\/\/lapatriafutbolera.com.ar\/index.php\/wp-json\/wp\/v2\/posts"}],"about":[{"href":"https:\/\/lapatriafutbolera.com.ar\/index.php\/wp-json\/wp\/v2\/types\/post"}],"author":[{"embeddable":true,"href":"https:\/\/lapatriafutbolera.com.ar\/index.php\/wp-json\/wp\/v2\/users\/19"}],"replies":[{"embeddable":true,"href":"https:\/\/lapatriafutbolera.com.ar\/index.php\/wp-json\/wp\/v2\/comments?post=2313"}],"version-history":[{"count":1,"href":"https:\/\/lapatriafutbolera.com.ar\/index.php\/wp-json\/wp\/v2\/posts\/2313\/revisions"}],"predecessor-version":[{"id":2321,"href":"https:\/\/lapatriafutbolera.com.ar\/index.php\/wp-json\/wp\/v2\/posts\/2313\/revisions\/2321"}],"wp:featuredmedia":[{"embeddable":true,"href":"https:\/\/lapatriafutbolera.com.ar\/index.php\/wp-json\/wp\/v2\/media\/2314"}],"wp:attachment":[{"href":"https:\/\/lapatriafutbolera.com.ar\/index.php\/wp-json\/wp\/v2\/media?parent=2313"}],"wp:term":[{"taxonomy":"category","embeddable":true,"href":"https:\/\/lapatriafutbolera.com.ar\/index.php\/wp-json\/wp\/v2\/categories?post=2313"},{"taxonomy":"post_tag","embeddable":true,"href":"https:\/\/lapatriafutbolera.com.ar\/index.php\/wp-json\/wp\/v2\/tags?post=2313"}],"curies":[{"name":"wp","href":"https:\/\/api.w.org\/{rel}","templated":true}]}}