{"id":232,"date":"2022-08-29T16:48:59","date_gmt":"2022-08-29T19:48:59","guid":{"rendered":"https:\/\/lapatriafutbolera.com.ar\/?p=232"},"modified":"2022-08-29T16:49:00","modified_gmt":"2022-08-29T19:49:00","slug":"se-sortearon-los-grupos-para-la-copa-libertadores-de-futsal","status":"publish","type":"post","link":"https:\/\/lapatriafutbolera.com.ar\/index.php\/2022\/08\/29\/se-sortearon-los-grupos-para-la-copa-libertadores-de-futsal\/","title":{"rendered":"Se sortearon los Grupos para la Copa Libertadores de Futsal"},"content":{"rendered":"\n<p><strong><em>El sorteo se realiz\u00f3 esta ma\u00f1ana en la sede de CONMEBOL en Asunci\u00f3n. El torneo se realizar\u00e1 en nuestro pa\u00eds del 24 de septiembre al 2 de octubre.<\/em><\/strong><\/p>\n\n\n\n<p>Se realiz\u00f3, esta ma\u00f1ana, en la sede de Conmebol en Paraguay, el sorteo de Grupos para la Copa Libertadores que se llevar\u00e1 a cabo en la ciudad de Buenos Aires, del 24 de septiembre al 2 de octubre.\u00a0<\/p>\n\n\n\n<p>San Lorenzo, actual campe\u00f3n, es cabeza de serie del Grupo A, grupo que integran adem\u00e1s Cerro Porte\u00f1o (Paraguay), Universidad de Chile y SS Bocca (Ecuador). El Grupo B lo conforman Cascavel Futsal (Brasil), Panta Walon (Per\u00fa), Pe\u00f1arol (Uruguay) y Boca Juniors. En tanto, por el Grupo C estar\u00e1n Barracas Central, Bucaneros (Venezuela), Deportivo Meta (Colombia) y San Mart\u00edn de Porres (Bolivia).<\/p>\n\n\n\n<figure class=\"wp-block-image size-full\"><img loading=\"lazy\" decoding=\"async\" width=\"544\" height=\"680\" src=\"https:\/\/lapatriafutbolera.com.ar\/wp-content\/uploads\/2022\/08\/FTh7ilkWYAE57Rs.png\" alt=\"\" class=\"wp-image-235\" srcset=\"https:\/\/lapatriafutbolera.com.ar\/wp-content\/uploads\/2022\/08\/FTh7ilkWYAE57Rs.png 544w, https:\/\/lapatriafutbolera.com.ar\/wp-content\/uploads\/2022\/08\/FTh7ilkWYAE57Rs-240x300.png 240w\" sizes=\"auto, (max-width: 544px) 100vw, 544px\" \/><\/figure>\n\n\n\n<p>El torneo se jugar\u00e1 en dos fases: Fase Preliminar (Fase de Grupos) y Fase Final (Cuartos de Final, Semifinales, Final y la disputa del 5\u00ba al 12\u00ba puesto). Todas las Fases se jugar\u00e1n a una sola rueda de partidos.<\/p>\n\n\n\n<p>Clasificar\u00e1n para los Cuartos de Final los equipos que ocupen las dos primeras posiciones en cada grupo, m\u00e1s los dos mejores terceros colocados, teniendo en cuenta los tres grupos.<\/p>\n\n\n\n<p>Fuente:&nbsp;<strong><em>CONMEBOL.com<\/em><\/strong><\/p>\n","protected":false},"excerpt":{"rendered":"<p>El sorteo se realiz\u00f3 esta ma\u00f1ana en la sede de CONMEBOL en Asunci\u00f3n. El torneo&#8230;<\/p>\n","protected":false},"author":4,"featured_media":233,"comment_status":"open","ping_status":"open","sticky":false,"template":"","format":"standard","meta":{"footnotes":""},"categories":[20],"tags":[],"class_list":["post-232","post","type-post","status-publish","format-standard","has-post-thumbnail","hentry","category-futsal"],"yoast_head":"<!-- This site is optimized with the Yoast SEO plugin v19.5.1 - https:\/\/yoast.com\/wordpress\/plugins\/seo\/ -->\n<title>Se sortearon los Grupos para la Copa Libertadores de Futsal - LA PATRIA FUTBOLERA<\/title>\n<meta name=\"robots\" content=\"index, follow, max-snippet:-1, max-image-preview:large, max-video-preview:-1\" \/>\n<link rel=\"canonical\" href=\"https:\/\/lapatriafutbolera.com.ar\/index.php\/2022\/08\/29\/se-sortearon-los-grupos-para-la-copa-libertadores-de-futsal\/\" \/>\n<meta property=\"og:locale\" content=\"es_ES\" \/>\n<meta property=\"og:type\" content=\"article\" \/>\n<meta property=\"og:title\" content=\"Se sortearon los Grupos para la Copa Libertadores de Futsal - LA PATRIA FUTBOLERA\" \/>\n<meta property=\"og:description\" content=\"El sorteo se realiz\u00f3 esta ma\u00f1ana en la sede de CONMEBOL en Asunci\u00f3n. El torneo...\" \/>\n<meta property=\"og:url\" content=\"https:\/\/lapatriafutbolera.com.ar\/index.php\/2022\/08\/29\/se-sortearon-los-grupos-para-la-copa-libertadores-de-futsal\/\" \/>\n<meta property=\"og:site_name\" content=\"LA PATRIA FUTBOLERA\" \/>\n<meta property=\"article:published_time\" content=\"2022-08-29T19:48:59+00:00\" \/>\n<meta property=\"article:modified_time\" content=\"2022-08-29T19:49:00+00:00\" \/>\n<meta property=\"og:image\" content=\"https:\/\/lapatriafutbolera.com.ar\/wp-content\/uploads\/2022\/08\/IMG-20220221-WA0014.jpg\" \/>\n\t<meta property=\"og:image:width\" content=\"769\" \/>\n\t<meta property=\"og:image:height\" content=\"720\" \/>\n\t<meta property=\"og:image:type\" content=\"image\/jpeg\" \/>\n<meta name=\"author\" content=\"Redacci\u00f3n LPF\" \/>\n<meta name=\"twitter:card\" content=\"summary_large_image\" \/>\n<meta name=\"twitter:label1\" content=\"Escrito por\" \/>\n\t<meta name=\"twitter:data1\" content=\"Redacci\u00f3n LPF\" \/>\n\t<meta name=\"twitter:label2\" content=\"Tiempo de lectura\" \/>\n\t<meta name=\"twitter:data2\" content=\"2 minutos\" \/>\n<script type=\"application\/ld+json\" class=\"yoast-schema-graph\">{\"@context\":\"https:\/\/schema.org\",\"@graph\":[{\"@type\":\"Article\",\"@id\":\"https:\/\/lapatriafutbolera.com.ar\/index.php\/2022\/08\/29\/se-sortearon-los-grupos-para-la-copa-libertadores-de-futsal\/#article\",\"isPartOf\":{\"@id\":\"https:\/\/lapatriafutbolera.com.ar\/index.php\/2022\/08\/29\/se-sortearon-los-grupos-para-la-copa-libertadores-de-futsal\/\"},\"author\":{\"name\":\"Redacci\u00f3n LPF\",\"@id\":\"https:\/\/lapatriafutbolera.com.ar\/#\/schema\/person\/eb56fb3a7e76133611d5b2d9f706bd97\"},\"headline\":\"Se sortearon los Grupos para la Copa Libertadores de Futsal\",\"datePublished\":\"2022-08-29T19:48:59+00:00\",\"dateModified\":\"2022-08-29T19:49:00+00:00\",\"mainEntityOfPage\":{\"@id\":\"https:\/\/lapatriafutbolera.com.ar\/index.php\/2022\/08\/29\/se-sortearon-los-grupos-para-la-copa-libertadores-de-futsal\/\"},\"wordCount\":216,\"commentCount\":0,\"publisher\":{\"@id\":\"https:\/\/lapatriafutbolera.com.ar\/#organization\"},\"articleSection\":[\"Futsal\"],\"inLanguage\":\"es-AR\",\"potentialAction\":[{\"@type\":\"CommentAction\",\"name\":\"Comment\",\"target\":[\"https:\/\/lapatriafutbolera.com.ar\/index.php\/2022\/08\/29\/se-sortearon-los-grupos-para-la-copa-libertadores-de-futsal\/#respond\"]}]},{\"@type\":\"WebPage\",\"@id\":\"https:\/\/lapatriafutbolera.com.ar\/index.php\/2022\/08\/29\/se-sortearon-los-grupos-para-la-copa-libertadores-de-futsal\/\",\"url\":\"https:\/\/lapatriafutbolera.com.ar\/index.php\/2022\/08\/29\/se-sortearon-los-grupos-para-la-copa-libertadores-de-futsal\/\",\"name\":\"Se sortearon los Grupos para la Copa Libertadores de Futsal - LA PATRIA FUTBOLERA\",\"isPartOf\":{\"@id\":\"https:\/\/lapatriafutbolera.com.ar\/#website\"},\"datePublished\":\"2022-08-29T19:48:59+00:00\",\"dateModified\":\"2022-08-29T19:49:00+00:00\",\"breadcrumb\":{\"@id\":\"https:\/\/lapatriafutbolera.com.ar\/index.php\/2022\/08\/29\/se-sortearon-los-grupos-para-la-copa-libertadores-de-futsal\/#breadcrumb\"},\"inLanguage\":\"es-AR\",\"potentialAction\":[{\"@type\":\"ReadAction\",\"target\":[\"https:\/\/lapatriafutbolera.com.ar\/index.php\/2022\/08\/29\/se-sortearon-los-grupos-para-la-copa-libertadores-de-futsal\/\"]}]},{\"@type\":\"BreadcrumbList\",\"@id\":\"https:\/\/lapatriafutbolera.com.ar\/index.php\/2022\/08\/29\/se-sortearon-los-grupos-para-la-copa-libertadores-de-futsal\/#breadcrumb\",\"itemListElement\":[{\"@type\":\"ListItem\",\"position\":1,\"name\":\"Inicio\",\"item\":\"https:\/\/lapatriafutbolera.com.ar\/\"},{\"@type\":\"ListItem\",\"position\":2,\"name\":\"Se sortearon los Grupos para la Copa Libertadores de Futsal\"}]},{\"@type\":\"WebSite\",\"@id\":\"https:\/\/lapatriafutbolera.com.ar\/#website\",\"url\":\"https:\/\/lapatriafutbolera.com.ar\/\",\"name\":\"LA PATRIA FUTBOLERA\",\"description\":\"\",\"publisher\":{\"@id\":\"https:\/\/lapatriafutbolera.com.ar\/#organization\"},\"potentialAction\":[{\"@type\":\"SearchAction\",\"target\":{\"@type\":\"EntryPoint\",\"urlTemplate\":\"https:\/\/lapatriafutbolera.com.ar\/?s={search_term_string}\"},\"query-input\":\"required name=search_term_string\"}],\"inLanguage\":\"es-AR\"},{\"@type\":\"Organization\",\"@id\":\"https:\/\/lapatriafutbolera.com.ar\/#organization\",\"name\":\"LA PATRIA FUTBOLERA\",\"url\":\"https:\/\/lapatriafutbolera.com.ar\/\",\"sameAs\":[],\"logo\":{\"@type\":\"ImageObject\",\"inLanguage\":\"es-AR\",\"@id\":\"https:\/\/lapatriafutbolera.com.ar\/#\/schema\/logo\/image\/\",\"url\":\"https:\/\/lapatriafutbolera.com.ar\/wp-content\/uploads\/2025\/03\/cropped-LA-PATRIA-14.jpg\",\"contentUrl\":\"https:\/\/lapatriafutbolera.com.ar\/wp-content\/uploads\/2025\/03\/cropped-LA-PATRIA-14.jpg\",\"width\":1308,\"height\":221,\"caption\":\"LA PATRIA FUTBOLERA\"},\"image\":{\"@id\":\"https:\/\/lapatriafutbolera.com.ar\/#\/schema\/logo\/image\/\"}},{\"@type\":\"Person\",\"@id\":\"https:\/\/lapatriafutbolera.com.ar\/#\/schema\/person\/eb56fb3a7e76133611d5b2d9f706bd97\",\"name\":\"Redacci\u00f3n LPF\",\"image\":{\"@type\":\"ImageObject\",\"inLanguage\":\"es-AR\",\"@id\":\"https:\/\/lapatriafutbolera.com.ar\/#\/schema\/person\/image\/\",\"url\":\"https:\/\/secure.gravatar.com\/avatar\/57dc12e3750972170624cd118ca21d4157841e9e7b211e6dfe7a00b61088d285?s=96&d=mm&r=g\",\"contentUrl\":\"https:\/\/secure.gravatar.com\/avatar\/57dc12e3750972170624cd118ca21d4157841e9e7b211e6dfe7a00b61088d285?s=96&d=mm&r=g\",\"caption\":\"Redacci\u00f3n LPF\"},\"sameAs\":[\"http:\/\/lapatriafutbolera.com.ar\"],\"url\":\"https:\/\/lapatriafutbolera.com.ar\/index.php\/author\/redaccion-lpf\/\"}]}<\/script>\n<!-- \/ Yoast SEO plugin. -->","yoast_head_json":{"title":"Se sortearon los Grupos para la Copa Libertadores de Futsal - LA PATRIA FUTBOLERA","robots":{"index":"index","follow":"follow","max-snippet":"max-snippet:-1","max-image-preview":"max-image-preview:large","max-video-preview":"max-video-preview:-1"},"canonical":"https:\/\/lapatriafutbolera.com.ar\/index.php\/2022\/08\/29\/se-sortearon-los-grupos-para-la-copa-libertadores-de-futsal\/","og_locale":"es_ES","og_type":"article","og_title":"Se sortearon los Grupos para la Copa Libertadores de Futsal - LA PATRIA FUTBOLERA","og_description":"El sorteo se realiz\u00f3 esta ma\u00f1ana en la sede de CONMEBOL en Asunci\u00f3n. El torneo...","og_url":"https:\/\/lapatriafutbolera.com.ar\/index.php\/2022\/08\/29\/se-sortearon-los-grupos-para-la-copa-libertadores-de-futsal\/","og_site_name":"LA PATRIA FUTBOLERA","article_published_time":"2022-08-29T19:48:59+00:00","article_modified_time":"2022-08-29T19:49:00+00:00","og_image":[{"width":769,"height":720,"url":"https:\/\/lapatriafutbolera.com.ar\/wp-content\/uploads\/2022\/08\/IMG-20220221-WA0014.jpg","type":"image\/jpeg"}],"author":"Redacci\u00f3n LPF","twitter_card":"summary_large_image","twitter_misc":{"Escrito por":"Redacci\u00f3n LPF","Tiempo de lectura":"2 minutos"},"schema":{"@context":"https:\/\/schema.org","@graph":[{"@type":"Article","@id":"https:\/\/lapatriafutbolera.com.ar\/index.php\/2022\/08\/29\/se-sortearon-los-grupos-para-la-copa-libertadores-de-futsal\/#article","isPartOf":{"@id":"https:\/\/lapatriafutbolera.com.ar\/index.php\/2022\/08\/29\/se-sortearon-los-grupos-para-la-copa-libertadores-de-futsal\/"},"author":{"name":"Redacci\u00f3n LPF","@id":"https:\/\/lapatriafutbolera.com.ar\/#\/schema\/person\/eb56fb3a7e76133611d5b2d9f706bd97"},"headline":"Se sortearon los Grupos para la Copa Libertadores de Futsal","datePublished":"2022-08-29T19:48:59+00:00","dateModified":"2022-08-29T19:49:00+00:00","mainEntityOfPage":{"@id":"https:\/\/lapatriafutbolera.com.ar\/index.php\/2022\/08\/29\/se-sortearon-los-grupos-para-la-copa-libertadores-de-futsal\/"},"wordCount":216,"commentCount":0,"publisher":{"@id":"https:\/\/lapatriafutbolera.com.ar\/#organization"},"articleSection":["Futsal"],"inLanguage":"es-AR","potentialAction":[{"@type":"CommentAction","name":"Comment","target":["https:\/\/lapatriafutbolera.com.ar\/index.php\/2022\/08\/29\/se-sortearon-los-grupos-para-la-copa-libertadores-de-futsal\/#respond"]}]},{"@type":"WebPage","@id":"https:\/\/lapatriafutbolera.com.ar\/index.php\/2022\/08\/29\/se-sortearon-los-grupos-para-la-copa-libertadores-de-futsal\/","url":"https:\/\/lapatriafutbolera.com.ar\/index.php\/2022\/08\/29\/se-sortearon-los-grupos-para-la-copa-libertadores-de-futsal\/","name":"Se sortearon los Grupos para la Copa Libertadores de Futsal - LA PATRIA FUTBOLERA","isPartOf":{"@id":"https:\/\/lapatriafutbolera.com.ar\/#website"},"datePublished":"2022-08-29T19:48:59+00:00","dateModified":"2022-08-29T19:49:00+00:00","breadcrumb":{"@id":"https:\/\/lapatriafutbolera.com.ar\/index.php\/2022\/08\/29\/se-sortearon-los-grupos-para-la-copa-libertadores-de-futsal\/#breadcrumb"},"inLanguage":"es-AR","potentialAction":[{"@type":"ReadAction","target":["https:\/\/lapatriafutbolera.com.ar\/index.php\/2022\/08\/29\/se-sortearon-los-grupos-para-la-copa-libertadores-de-futsal\/"]}]},{"@type":"BreadcrumbList","@id":"https:\/\/lapatriafutbolera.com.ar\/index.php\/2022\/08\/29\/se-sortearon-los-grupos-para-la-copa-libertadores-de-futsal\/#breadcrumb","itemListElement":[{"@type":"ListItem","position":1,"name":"Inicio","item":"https:\/\/lapatriafutbolera.com.ar\/"},{"@type":"ListItem","position":2,"name":"Se sortearon los Grupos para la Copa Libertadores de Futsal"}]},{"@type":"WebSite","@id":"https:\/\/lapatriafutbolera.com.ar\/#website","url":"https:\/\/lapatriafutbolera.com.ar\/","name":"LA PATRIA FUTBOLERA","description":"","publisher":{"@id":"https:\/\/lapatriafutbolera.com.ar\/#organization"},"potentialAction":[{"@type":"SearchAction","target":{"@type":"EntryPoint","urlTemplate":"https:\/\/lapatriafutbolera.com.ar\/?s={search_term_string}"},"query-input":"required name=search_term_string"}],"inLanguage":"es-AR"},{"@type":"Organization","@id":"https:\/\/lapatriafutbolera.com.ar\/#organization","name":"LA PATRIA FUTBOLERA","url":"https:\/\/lapatriafutbolera.com.ar\/","sameAs":[],"logo":{"@type":"ImageObject","inLanguage":"es-AR","@id":"https:\/\/lapatriafutbolera.com.ar\/#\/schema\/logo\/image\/","url":"https:\/\/lapatriafutbolera.com.ar\/wp-content\/uploads\/2025\/03\/cropped-LA-PATRIA-14.jpg","contentUrl":"https:\/\/lapatriafutbolera.com.ar\/wp-content\/uploads\/2025\/03\/cropped-LA-PATRIA-14.jpg","width":1308,"height":221,"caption":"LA PATRIA FUTBOLERA"},"image":{"@id":"https:\/\/lapatriafutbolera.com.ar\/#\/schema\/logo\/image\/"}},{"@type":"Person","@id":"https:\/\/lapatriafutbolera.com.ar\/#\/schema\/person\/eb56fb3a7e76133611d5b2d9f706bd97","name":"Redacci\u00f3n LPF","image":{"@type":"ImageObject","inLanguage":"es-AR","@id":"https:\/\/lapatriafutbolera.com.ar\/#\/schema\/person\/image\/","url":"https:\/\/secure.gravatar.com\/avatar\/57dc12e3750972170624cd118ca21d4157841e9e7b211e6dfe7a00b61088d285?s=96&d=mm&r=g","contentUrl":"https:\/\/secure.gravatar.com\/avatar\/57dc12e3750972170624cd118ca21d4157841e9e7b211e6dfe7a00b61088d285?s=96&d=mm&r=g","caption":"Redacci\u00f3n LPF"},"sameAs":["http:\/\/lapatriafutbolera.com.ar"],"url":"https:\/\/lapatriafutbolera.com.ar\/index.php\/author\/redaccion-lpf\/"}]}},"_links":{"self":[{"href":"https:\/\/lapatriafutbolera.com.ar\/index.php\/wp-json\/wp\/v2\/posts\/232","targetHints":{"allow":["GET"]}}],"collection":[{"href":"https:\/\/lapatriafutbolera.com.ar\/index.php\/wp-json\/wp\/v2\/posts"}],"about":[{"href":"https:\/\/lapatriafutbolera.com.ar\/index.php\/wp-json\/wp\/v2\/types\/post"}],"author":[{"embeddable":true,"href":"https:\/\/lapatriafutbolera.com.ar\/index.php\/wp-json\/wp\/v2\/users\/4"}],"replies":[{"embeddable":true,"href":"https:\/\/lapatriafutbolera.com.ar\/index.php\/wp-json\/wp\/v2\/comments?post=232"}],"version-history":[{"count":1,"href":"https:\/\/lapatriafutbolera.com.ar\/index.php\/wp-json\/wp\/v2\/posts\/232\/revisions"}],"predecessor-version":[{"id":236,"href":"https:\/\/lapatriafutbolera.com.ar\/index.php\/wp-json\/wp\/v2\/posts\/232\/revisions\/236"}],"wp:featuredmedia":[{"embeddable":true,"href":"https:\/\/lapatriafutbolera.com.ar\/index.php\/wp-json\/wp\/v2\/media\/233"}],"wp:attachment":[{"href":"https:\/\/lapatriafutbolera.com.ar\/index.php\/wp-json\/wp\/v2\/media?parent=232"}],"wp:term":[{"taxonomy":"category","embeddable":true,"href":"https:\/\/lapatriafutbolera.com.ar\/index.php\/wp-json\/wp\/v2\/categories?post=232"},{"taxonomy":"post_tag","embeddable":true,"href":"https:\/\/lapatriafutbolera.com.ar\/index.php\/wp-json\/wp\/v2\/tags?post=232"}],"curies":[{"name":"wp","href":"https:\/\/api.w.org\/{rel}","templated":true}]}}