{"id":2331,"date":"2025-03-24T23:22:41","date_gmt":"2025-03-25T02:22:41","guid":{"rendered":"https:\/\/lapatriafutbolera.com.ar\/?p=2331"},"modified":"2025-03-24T23:23:35","modified_gmt":"2025-03-25T02:23:35","slug":"por-que-murio-maradona","status":"publish","type":"post","link":"https:\/\/lapatriafutbolera.com.ar\/index.php\/2025\/03\/24\/por-que-murio-maradona\/","title":{"rendered":"\u00bfPor qu\u00e9 muri\u00f3 Maradona?"},"content":{"rendered":"\n<h4 class=\"wp-block-heading\">La pregunta a\u00fan sin respuesta que el juicio debe dar respuesta: culpables, motivos y negligencia.<\/h4>\n\n\n\n<p id=\"paragraph_1\">A casi cinco a\u00f1os de su fallecimiento, la figura de&nbsp;<a href=\"https:\/\/www.elespanol.com\/personajes\/diego_armando_maradona\/?utm_cmp_rs=linksinline\"><strong>Diego Armando Maradona<\/strong><\/a>&nbsp;vuelve a ocupar el centro de la escena en Argentina.<\/p>\n\n\n\n<p id=\"paragraph_2\">No por un gol memorable ni por una nueva historia de su vida, sino por el inicio de un juicio que promete remover los cimientos de la medicina, la justicia y la sociedad misma.&nbsp;<a href=\"https:\/\/www.elespanol.com\/deportes\/futbol\/20250311\/comienza-juicio-muerte-maradona-acusados-claves-ultimas-semanas-diego\/930157315_0.html?utm_cmp_rs=linksinline\"><strong>Siete profesionales de la salud est\u00e1n acusados de &#8220;homicidio simple con dolo eventual&#8221;<\/strong><\/a>&nbsp;por su presunta responsabilidad en la muerte del astro del f\u00fatbol.<\/p>\n\n\n\n<p>El juicio, que comenz\u00f3 el pasado\u00a0<strong>11 de marzo<\/strong>\u00a0en el Tribunal Oral en lo Criminal N\u00b03 de San Isidro, busca determinar si hubo\u00a0<strong>negligencia, desinter\u00e9s o incluso abandono<\/strong>\u00a0en los \u00faltimos d\u00edas del \u201910\u2019.<\/p>\n\n\n\n<p id=\"paragraph_4\">La acusaci\u00f3n no es menor.&nbsp;<strong>El dolo eventual implica que los imputados no habr\u00edan tenido intenci\u00f3n directa de matar<\/strong>, pero s\u00ed habr\u00edan sabido que su falta de acci\u00f3n pod\u00eda derivar en un desenlace fatal, y aun as\u00ed, continuaron con su conducta.<\/p>\n\n\n\n<p id=\"paragraph_5\">Para la Fiscal\u00eda, encabezada por&nbsp;<strong>Patricio Ferrari, Cosme Iribarren y Laura Capra<\/strong>, Maradona fue &#8220;librado a su suerte&#8221; en una situaci\u00f3n de total desamparo. La familia, representada por el abogado&nbsp;<strong>Fernando Burlando<\/strong>, ha sido a\u00fan m\u00e1s contundente:&nbsp;<strong>&#8220;Fue asesinado&#8221;<\/strong>.<\/p>\n\n\n\n<p><img loading=\"lazy\" decoding=\"async\" alt=\"Fan\u00e1ticos de Diego Armando Maradona sostienen una pancarta que dice Justicia para Dios a las puertas del juzgado\" height=\"180\" src=\"https:\/\/s1.elespanol.com\/2025\/03\/22\/actualidad\/933166970_254118340_1024x576.jpg\" srcset=\"https:\/\/s1.elespanol.com\/2025\/03\/22\/actualidad\/933166970_254118343_320x180.jpg 320w, https:\/\/s1.elespanol.com\/2025\/03\/22\/actualidad\/933166970_254118342_640x360.jpg 640w, https:\/\/s1.elespanol.com\/2025\/03\/22\/actualidad\/933166970_254118341_864x486.jpg 864w, https:\/\/s1.elespanol.com\/2025\/03\/22\/actualidad\/933166970_254118340_1024x576.jpg 1024w, https:\/\/s1.elespanol.com\/2025\/03\/22\/actualidad\/933166970_254118339_1706x960.jpg 1706w\" width=\"320\"><\/p>\n\n\n\n<p>Fan\u00e1ticos de Diego Armando Maradona sostienen una pancarta que dice &#8220;Justicia para Dios&#8221; a las puertas del juzgado&nbsp;Reuters<\/p>\n\n\n\n<h3 class=\"wp-block-heading\">Catorce d\u00edas de deterioro<\/h3>\n\n\n\n<p id=\"paragraph_6\">Todo comienza con la salida de Maradona de la&nbsp;<strong>Cl\u00ednica Olivos el 11 de noviembre de 2020<\/strong>, luego de ser operado de un hematoma subdural.<\/p>\n\n\n\n<p id=\"paragraph_7\">Contra las recomendaciones cl\u00ednicas habituales, el exfutbolista fue trasladado a una casa alquilada en el&nbsp;<strong>barrio San Andr\u00e9s<\/strong>, en Tigre, para continuar su recuperaci\u00f3n bajo una supuesta internaci\u00f3n domiciliaria.<\/p>\n\n\n\n<p id=\"paragraph_8\">Sin embargo, lo que deb\u00eda ser una etapa de&nbsp;<strong>cuidados intensivos se convirti\u00f3 en un calvario<\/strong>.<\/p>\n\n\n\n<p id=\"paragraph_9\"><strong>La vivienda no estaba preparada<\/strong>. No hab\u00eda desfibrilador, ni tubo de ox\u00edgeno, ni personal m\u00e9dico en forma permanente.<\/p>\n\n\n\n<p id=\"paragraph_10\">La medicaci\u00f3n era administrada por enfermeros que&nbsp;<strong>no pod\u00edan ingresar libremente a la habitaci\u00f3n<\/strong>&nbsp;y que depend\u00edan del permiso de personas del entorno \u00edntimo de Maradona, como su sobrino&nbsp;<strong>Jonathan Esp\u00f3sito<\/strong>&nbsp;y el asistente&nbsp;<strong>Maximiliano Pomargo<\/strong>.<\/p>\n\n\n\n<p id=\"paragraph_11\"><strong>Las indicaciones m\u00e9dicas se compart\u00edan por WhatsApp<\/strong>. Los f\u00e1rmacos se guardaban en un tupper que se escond\u00eda para evitar que el paciente los consumiera sin control.<\/p>\n\n\n\n<p id=\"paragraph_12\">El&nbsp;<strong>25 de noviembre<\/strong>, el mito muri\u00f3. Ten\u00eda el abdomen inflamado, el rostro hinchado, el brazo ca\u00eddo a un lado de la cama.<\/p>\n\n\n\n<p id=\"paragraph_13\">La imagen, exhibida por el fiscal Ferrari en una de las primeras audiencias, estremeci\u00f3 incluso a sus hijas&nbsp;<strong>Dalma y Gianinna<\/strong>, presentes en la sala.<\/p>\n\n\n\n<p id=\"paragraph_14\">La autopsia confirm\u00f3 que la causa del fallecimiento fue un&nbsp;<strong>edema agudo de pulm\u00f3n secundario a una insuficiencia card\u00edaca cr\u00f3nica<\/strong>. Pero lo que se intenta determinar es si&nbsp;<strong>su muerte fue evitable<\/strong>.<\/p>\n\n\n\n<p><img loading=\"lazy\" decoding=\"async\" alt=\"Un mural que representa a la leyenda Diego Armando Maradona en Buenos Aires\" height=\"180\" src=\"https:\/\/s1.elespanol.com\/2025\/03\/22\/actualidad\/933166971_254118357_1024x576.jpg\" srcset=\"https:\/\/s1.elespanol.com\/2025\/03\/22\/actualidad\/933166971_254118360_320x180.jpg 320w, https:\/\/s1.elespanol.com\/2025\/03\/22\/actualidad\/933166971_254118359_640x360.jpg 640w, https:\/\/s1.elespanol.com\/2025\/03\/22\/actualidad\/933166971_254118358_864x486.jpg 864w, https:\/\/s1.elespanol.com\/2025\/03\/22\/actualidad\/933166971_254118357_1024x576.jpg 1024w, https:\/\/s1.elespanol.com\/2025\/03\/22\/actualidad\/933166971_254118356_1706x960.jpg 1706w\" width=\"320\"><\/p>\n\n\n\n<p>Un mural que representa a la leyenda Diego Armando Maradona en Buenos Aires&nbsp;Reuters<\/p>\n\n\n\n<h3 class=\"wp-block-heading\">Siete se\u00f1alados<\/h3>\n\n\n\n<p id=\"paragraph_15\">Los acusados son siete. Cada uno con un rol espec\u00edfico en la internaci\u00f3n domiciliaria:<\/p>\n\n\n\n<ul class=\"wp-block-list\">\n<li><strong>Leopoldo Luque<\/strong>, neurocirujano y m\u00e9dico de cabecera, promovi\u00f3 la salida del hospital y habr\u00eda ignorado signos de alarma. Est\u00e1 acusado tambi\u00e9n de\u00a0<strong>falsificar la firma de Maradona<\/strong>.<\/li>\n\n\n\n<li><strong>Agustina Cosachov<\/strong>, psiquiatra, habr\u00eda dictado dosis de psicof\u00e1rmacos sin visitas presenciales y\u00a0<strong>falsificado un certificado m\u00e9dico<\/strong>.<\/li>\n\n\n\n<li><strong>Carlos D\u00edaz<\/strong>, psic\u00f3logo, no habr\u00eda gestionado una internaci\u00f3n especializada para tratar las adicciones del paciente.<\/li>\n\n\n\n<li><strong>Nancy Forlini<\/strong>, m\u00e9dica de Swiss Medical, ten\u00eda a su cargo la coordinaci\u00f3n del cuidado domiciliario pero habr\u00eda actuado con\u00a0<strong>desconexi\u00f3n total del caso<\/strong>.<\/li>\n\n\n\n<li><strong>Mariano Perroni<\/strong>, coordinador de enfermeros, habr\u00eda\u00a0<strong>manipulado registros<\/strong>\u00a0e ignorado las se\u00f1ales de deterioro.<\/li>\n\n\n\n<li><strong>Pedro Di Spagna<\/strong>, m\u00e9dico cl\u00ednico, apenas realiz\u00f3\u00a0<strong>dos visitas en 14 d\u00edas<\/strong>.<\/li>\n\n\n\n<li><strong>Ricardo Almir\u00f3n<\/strong>, enfermero, administraba medicaci\u00f3n sin constatar su ingesta y sin tener contacto directo con el paciente.<\/li>\n<\/ul>\n\n\n\n<p id=\"paragraph_16\">Adem\u00e1s,&nbsp;<strong>Dahiana Madrid<\/strong>, otra enfermera involucrada, ser\u00e1 juzgada en un proceso aparte, luego de haber solicitado un juicio por jurado.<\/p>\n\n\n\n<p><\/p>\n\n\n\n<p>La foto in\u00e9dita de Maradona en su lecho de muerte mostrada en el juicio<\/p>\n\n\n\n<h3 class=\"wp-block-heading\">El coraz\u00f3n de Maradona<\/h3>\n\n\n\n<p id=\"paragraph_17\">Uno de los elementos m\u00e1s impactantes del juicio ha sido la aparici\u00f3n del&nbsp;<strong>coraz\u00f3n del \u201910\u2019 como pieza clave<\/strong>.<\/p>\n\n\n\n<p id=\"paragraph_18\">Conservado desde su fallecimiento por orden judicial en un frasco de formol, el \u00f3rgano fue objeto de an\u00e1lisis forenses que revelaron un&nbsp;<strong>peso de 503 gramos<\/strong>, el doble del habitual, evidencia de una&nbsp;<strong>cardiopat\u00eda cr\u00f3nica grave<\/strong>.<\/p>\n\n\n\n<p id=\"paragraph_19\">El coraz\u00f3n se ha transformado no solo en un s\u00edmbolo emocional sino tambi\u00e9n en el eje m\u00e9dico del caso. Seg\u00fan el forense&nbsp;<strong>Federico Corasatini<\/strong>, este dato confirma que&nbsp;<strong>el deterioro de Maradona no era desconocido para quienes lo trataban<\/strong>.<\/p>\n\n\n\n<p id=\"paragraph_20\">La Fiscal\u00eda utiliza esta informaci\u00f3n como base para sostener que&nbsp;<strong>su muerte pudo haberse evitado<\/strong>. Con&nbsp;<strong>controles adecuados<\/strong>,&nbsp;<strong>monitoreo profesional<\/strong>&nbsp;y un entorno m\u00e9dico apropiado, las complicaciones card\u00edacas podr\u00edan haberse detectado y tratado a tiempo.<\/p>\n\n\n\n<figure class=\"wp-block-image\"><img decoding=\"async\" src=\"https:\/\/s1.elespanol.com\/2025\/03\/12\/deportes\/futbol\/930666990_253826480_1024x576.jpg\" alt=\"\"\/><\/figure>\n\n\n\n<p><a href=\"https:\/\/www.elespanol.com\/deportes\/futbol\/20250312\/murio-maradona-muestran-impactante-foto-lecho-muerte-primer-dia-juicio\/930656954_0.html?utm_cmp_rs=relatednewsinline\">&#8220;As\u00ed muri\u00f3 Maradona&#8221;: muestran una impactante foto en su lecho de muerte durante el primer d\u00eda del juicio<\/a><\/p>\n\n\n\n<h3 class=\"wp-block-heading\">Las pruebas<\/h3>\n\n\n\n<p id=\"paragraph_21\">Durante las primeras jornadas del juicio, han desfilado&nbsp;<strong>testigos claves<\/strong>&nbsp;como el m\u00e9dico&nbsp;<strong>Colin Campbell<\/strong>, quien intent\u00f3 reanimar al astro, y el oficial&nbsp;<strong>Lucas Far\u00edas<\/strong>, primer polic\u00eda en ingresar al domicilio tras el deceso.<\/p>\n\n\n\n<p id=\"paragraph_22\">Ambos coincidieron en un detalle alarmante:&nbsp;<strong>la total ausencia de equipamiento m\u00e9dico en la habitaci\u00f3n<\/strong>. Nada que permita hablar de una internaci\u00f3n. Solo un somier, algunos s\u00e1ndwiches sobre una mesa, y una&nbsp;<strong>escena desoladora<\/strong>.<\/p>\n\n\n\n<p id=\"paragraph_23\">Tambi\u00e9n han comenzado a escucharse los&nbsp;<strong>audios y mensajes<\/strong>&nbsp;de los profesionales implicados, donde se refleja un preocupante nivel de desidia.&nbsp;<strong>&#8220;Lo est\u00e1n dejando morir&#8221;<\/strong>, fue una de las frases destacadas por los fiscales.<\/p>\n\n\n\n<p><a href=\"https:\/\/www.elespanol.com\/deportes\/futbol\/20250318\/dieta-mato-maradona-cerveza-tranquilizantes-sandwiches-desayunar\/932157147_0.html?utm_cmp_rs=relatednewsinline\">La dieta que mat\u00f3 a Maradona: cerveza con tranquilizantes y s\u00e1ndwiches para desayunar<\/a><\/p>\n\n\n\n<h3 class=\"wp-block-heading\">El entorno, bajo sospecha<\/h3>\n\n\n\n<p id=\"paragraph_24\">M\u00e1s all\u00e1 del personal m\u00e9dico, la investigaci\u00f3n apunta tambi\u00e9n a figuras del entorno de Maradona.<\/p>\n\n\n\n<p id=\"paragraph_25\">El testimonio de&nbsp;<strong>Mario Baudry<\/strong>, abogado y pareja de Ver\u00f3nica Ojeda, revel\u00f3 que el exfutbolista&nbsp;<strong>desayunaba cerveza mezclada con ansiol\u00edticos<\/strong>.<\/p>\n\n\n\n<p id=\"paragraph_26\">Se estima que en sus \u00faltimos d\u00edas lleg\u00f3 a consumir&nbsp;<strong>hasta 30 comprimidos diarios de Alplax<\/strong>, sin ning\u00fan tipo de control profesional.<\/p>\n\n\n\n<p id=\"paragraph_27\">El&nbsp;<strong>hermetismo<\/strong>&nbsp;con el que se manejaba su c\u00edrculo m\u00e1s cercano, dificultando el acceso de sus hijas y allegados, ha generado fuertes sospechas.&nbsp;<strong>\u00bfPor qu\u00e9 se ocultaba su estado real? \u00bfQui\u00e9n se beneficiaba de tenerlo aislado y sedado?<\/strong><\/p>\n\n\n\n<figure class=\"wp-block-image\"><img decoding=\"async\" src=\"https:\/\/s1.elespanol.com\/2021\/02\/03\/deportes\/futbol\/556205662_171946490_1024x576.jpg\" alt=\"\"\/><\/figure>\n\n\n\n<p><a href=\"https:\/\/www.elespanol.com\/deportes\/futbol\/20250315\/corazon-diego-armando-maradona-vivo-leyenda-doble-normal-juicio-muerte\/931157385_0.html?utm_cmp_rs=relatednewsinline\">El coraz\u00f3n de Maradona: un misterio revelado y clave en el juicio por su muerte<\/a><\/p>\n\n\n\n<h3 class=\"wp-block-heading\">Una fortuna pendiente<\/h3>\n\n\n\n<p id=\"paragraph_28\">El contraste entre la figura de Maradona y el abandono que padeci\u00f3 es uno de los elementos que m\u00e1s ha indignado a la opini\u00f3n p\u00fablica.<\/p>\n\n\n\n<p id=\"paragraph_29\">El astro habr\u00eda acumulado una fortuna cercana a los&nbsp;<strong>100 millones de d\u00f3lares<\/strong>, seg\u00fan allegados. Sin embargo,&nbsp;<strong>muri\u00f3 sin un ba\u00f1o adaptado, sin asistencia m\u00e9dica profesional y sin dignidad<\/strong>.<\/p>\n\n\n\n<p id=\"paragraph_30\"><em>&#8220;Si hubiera estado en la casa m\u00e1s humilde, pero con cari\u00f1o, estar\u00eda vivo&#8221;<\/em>, declar\u00f3 uno de los testigos.<\/p>\n\n\n\n<h3 class=\"wp-block-heading\">Implicancias hist\u00f3ricas<\/h3>\n\n\n\n<p id=\"paragraph_31\">El juicio por la muerte de Diego Armando Maradona es mucho m\u00e1s que un proceso judicial. Representa una&nbsp;<strong>b\u00fasqueda de justicia que atraviesa a todo un pa\u00eds<\/strong>. Se han citado a&nbsp;<strong>m\u00e1s de 200 testigos<\/strong>. Las audiencias se extender\u00e1n durante varios meses.<\/p>\n\n\n\n<p id=\"paragraph_32\">Se esperan testimonios de sus hijas, sus ex parejas, personal m\u00e9dico, familiares y amigos \u00edntimos. Todos ellos contribuir\u00e1n a construir el rompecabezas de sus \u00faltimos d\u00edas.<\/p>\n\n\n\n<p id=\"paragraph_33\">La estrategia de la Fiscal\u00eda ha sido cuestionada por la defensa, que denuncia&nbsp;<strong>falta de transparencia en la presentaci\u00f3n de testigos<\/strong>. Sin embargo, los jueces han validado el proceder del equipo acusador.<\/p>\n\n\n\n<p id=\"paragraph_34\">El tribunal busca, m\u00e1s all\u00e1 de las emociones, respuestas precisas.&nbsp;<strong>\u00bfMuri\u00f3 Maradona por decisi\u00f3n propia? \u00bfFue v\u00edctima de su entorno? \u00bfO de una cadena de negligencias m\u00e9dicas inaceptables?<\/strong><\/p>\n\n\n\n<h3 class=\"wp-block-heading\">El juicio contin\u00faa<\/h3>\n\n\n\n<p id=\"paragraph_35\">A medida que avanzan las audiencias, nuevos detalles van emergiendo, algunos desgarradores, otros escandalosos. Lo que est\u00e1 en juego no es solo la reputaci\u00f3n de los acusados, sino tambi\u00e9n el&nbsp;<strong>honor de un pa\u00eds que elev\u00f3 a Maradona a la categor\u00eda de dios<\/strong>.<\/p>\n\n\n\n<p id=\"paragraph_36\">La justicia argentina tiene ahora la responsabilidad de esclarecer una de las muertes m\u00e1s impactantes de la historia reciente. Y aunque nadie podr\u00e1 devolverle la vida al Diez, a\u00fan hay una pregunta que clama por una respuesta:&nbsp;<strong>\u00bfPor qu\u00e9 muri\u00f3 Diego Armando Maradona?<\/strong><\/p>\n","protected":false},"excerpt":{"rendered":"<p>La pregunta a\u00fan sin respuesta que el juicio debe dar respuesta: culpables, motivos y negligencia&#8230;.<\/p>\n","protected":false},"author":4,"featured_media":2332,"comment_status":"open","ping_status":"open","sticky":false,"template":"","format":"standard","meta":{"footnotes":""},"categories":[167],"tags":[],"class_list":["post-2331","post","type-post","status-publish","format-standard","has-post-thumbnail","hentry","category-maradona-el-juicio"],"yoast_head":"<!-- This site is optimized with the Yoast SEO plugin v19.5.1 - https:\/\/yoast.com\/wordpress\/plugins\/seo\/ -->\n<title>\u00bfPor qu\u00e9 muri\u00f3 Maradona? - LA PATRIA FUTBOLERA<\/title>\n<meta name=\"robots\" content=\"index, follow, max-snippet:-1, max-image-preview:large, max-video-preview:-1\" \/>\n<link rel=\"canonical\" href=\"https:\/\/lapatriafutbolera.com.ar\/index.php\/2025\/03\/24\/por-que-murio-maradona\/\" \/>\n<meta property=\"og:locale\" content=\"es_ES\" \/>\n<meta property=\"og:type\" content=\"article\" \/>\n<meta property=\"og:title\" content=\"\u00bfPor qu\u00e9 muri\u00f3 Maradona? - LA PATRIA FUTBOLERA\" \/>\n<meta property=\"og:description\" content=\"La pregunta a\u00fan sin respuesta que el juicio debe dar respuesta: culpables, motivos y negligencia....\" \/>\n<meta property=\"og:url\" content=\"https:\/\/lapatriafutbolera.com.ar\/index.php\/2025\/03\/24\/por-que-murio-maradona\/\" \/>\n<meta property=\"og:site_name\" content=\"LA PATRIA FUTBOLERA\" \/>\n<meta property=\"article:published_time\" content=\"2025-03-25T02:22:41+00:00\" \/>\n<meta property=\"article:modified_time\" content=\"2025-03-25T02:23:35+00:00\" \/>\n<meta property=\"og:image\" content=\"https:\/\/lapatriafutbolera.com.ar\/wp-content\/uploads\/2025\/03\/castilla_la_mancha_538959204_188556011_1024x576.webp\" \/>\n\t<meta property=\"og:image:width\" content=\"1024\" \/>\n\t<meta property=\"og:image:height\" content=\"576\" \/>\n\t<meta property=\"og:image:type\" content=\"image\/webp\" \/>\n<meta name=\"author\" content=\"Redacci\u00f3n LPF\" \/>\n<meta name=\"twitter:card\" content=\"summary_large_image\" \/>\n<meta name=\"twitter:label1\" content=\"Escrito por\" \/>\n\t<meta name=\"twitter:data1\" content=\"Redacci\u00f3n LPF\" \/>\n\t<meta name=\"twitter:label2\" content=\"Tiempo de lectura\" \/>\n\t<meta name=\"twitter:data2\" content=\"7 minutos\" \/>\n<script type=\"application\/ld+json\" class=\"yoast-schema-graph\">{\"@context\":\"https:\/\/schema.org\",\"@graph\":[{\"@type\":\"Article\",\"@id\":\"https:\/\/lapatriafutbolera.com.ar\/index.php\/2025\/03\/24\/por-que-murio-maradona\/#article\",\"isPartOf\":{\"@id\":\"https:\/\/lapatriafutbolera.com.ar\/index.php\/2025\/03\/24\/por-que-murio-maradona\/\"},\"author\":{\"name\":\"Redacci\u00f3n LPF\",\"@id\":\"https:\/\/lapatriafutbolera.com.ar\/#\/schema\/person\/eb56fb3a7e76133611d5b2d9f706bd97\"},\"headline\":\"\u00bfPor qu\u00e9 muri\u00f3 Maradona?\",\"datePublished\":\"2025-03-25T02:22:41+00:00\",\"dateModified\":\"2025-03-25T02:23:35+00:00\",\"mainEntityOfPage\":{\"@id\":\"https:\/\/lapatriafutbolera.com.ar\/index.php\/2025\/03\/24\/por-que-murio-maradona\/\"},\"wordCount\":1517,\"commentCount\":0,\"publisher\":{\"@id\":\"https:\/\/lapatriafutbolera.com.ar\/#organization\"},\"articleSection\":[\"MARADONA: EL JUICIO\"],\"inLanguage\":\"es-AR\",\"potentialAction\":[{\"@type\":\"CommentAction\",\"name\":\"Comment\",\"target\":[\"https:\/\/lapatriafutbolera.com.ar\/index.php\/2025\/03\/24\/por-que-murio-maradona\/#respond\"]}]},{\"@type\":\"WebPage\",\"@id\":\"https:\/\/lapatriafutbolera.com.ar\/index.php\/2025\/03\/24\/por-que-murio-maradona\/\",\"url\":\"https:\/\/lapatriafutbolera.com.ar\/index.php\/2025\/03\/24\/por-que-murio-maradona\/\",\"name\":\"\u00bfPor qu\u00e9 muri\u00f3 Maradona? - LA PATRIA FUTBOLERA\",\"isPartOf\":{\"@id\":\"https:\/\/lapatriafutbolera.com.ar\/#website\"},\"datePublished\":\"2025-03-25T02:22:41+00:00\",\"dateModified\":\"2025-03-25T02:23:35+00:00\",\"breadcrumb\":{\"@id\":\"https:\/\/lapatriafutbolera.com.ar\/index.php\/2025\/03\/24\/por-que-murio-maradona\/#breadcrumb\"},\"inLanguage\":\"es-AR\",\"potentialAction\":[{\"@type\":\"ReadAction\",\"target\":[\"https:\/\/lapatriafutbolera.com.ar\/index.php\/2025\/03\/24\/por-que-murio-maradona\/\"]}]},{\"@type\":\"BreadcrumbList\",\"@id\":\"https:\/\/lapatriafutbolera.com.ar\/index.php\/2025\/03\/24\/por-que-murio-maradona\/#breadcrumb\",\"itemListElement\":[{\"@type\":\"ListItem\",\"position\":1,\"name\":\"Inicio\",\"item\":\"https:\/\/lapatriafutbolera.com.ar\/\"},{\"@type\":\"ListItem\",\"position\":2,\"name\":\"\u00bfPor qu\u00e9 muri\u00f3 Maradona?\"}]},{\"@type\":\"WebSite\",\"@id\":\"https:\/\/lapatriafutbolera.com.ar\/#website\",\"url\":\"https:\/\/lapatriafutbolera.com.ar\/\",\"name\":\"LA PATRIA FUTBOLERA\",\"description\":\"\",\"publisher\":{\"@id\":\"https:\/\/lapatriafutbolera.com.ar\/#organization\"},\"potentialAction\":[{\"@type\":\"SearchAction\",\"target\":{\"@type\":\"EntryPoint\",\"urlTemplate\":\"https:\/\/lapatriafutbolera.com.ar\/?s={search_term_string}\"},\"query-input\":\"required name=search_term_string\"}],\"inLanguage\":\"es-AR\"},{\"@type\":\"Organization\",\"@id\":\"https:\/\/lapatriafutbolera.com.ar\/#organization\",\"name\":\"LA PATRIA FUTBOLERA\",\"url\":\"https:\/\/lapatriafutbolera.com.ar\/\",\"sameAs\":[],\"logo\":{\"@type\":\"ImageObject\",\"inLanguage\":\"es-AR\",\"@id\":\"https:\/\/lapatriafutbolera.com.ar\/#\/schema\/logo\/image\/\",\"url\":\"https:\/\/lapatriafutbolera.com.ar\/wp-content\/uploads\/2025\/03\/cropped-LA-PATRIA-14.jpg\",\"contentUrl\":\"https:\/\/lapatriafutbolera.com.ar\/wp-content\/uploads\/2025\/03\/cropped-LA-PATRIA-14.jpg\",\"width\":1308,\"height\":221,\"caption\":\"LA PATRIA FUTBOLERA\"},\"image\":{\"@id\":\"https:\/\/lapatriafutbolera.com.ar\/#\/schema\/logo\/image\/\"}},{\"@type\":\"Person\",\"@id\":\"https:\/\/lapatriafutbolera.com.ar\/#\/schema\/person\/eb56fb3a7e76133611d5b2d9f706bd97\",\"name\":\"Redacci\u00f3n LPF\",\"image\":{\"@type\":\"ImageObject\",\"inLanguage\":\"es-AR\",\"@id\":\"https:\/\/lapatriafutbolera.com.ar\/#\/schema\/person\/image\/\",\"url\":\"https:\/\/secure.gravatar.com\/avatar\/57dc12e3750972170624cd118ca21d4157841e9e7b211e6dfe7a00b61088d285?s=96&d=mm&r=g\",\"contentUrl\":\"https:\/\/secure.gravatar.com\/avatar\/57dc12e3750972170624cd118ca21d4157841e9e7b211e6dfe7a00b61088d285?s=96&d=mm&r=g\",\"caption\":\"Redacci\u00f3n LPF\"},\"sameAs\":[\"http:\/\/lapatriafutbolera.com.ar\"],\"url\":\"https:\/\/lapatriafutbolera.com.ar\/index.php\/author\/redaccion-lpf\/\"}]}<\/script>\n<!-- \/ Yoast SEO plugin. -->","yoast_head_json":{"title":"\u00bfPor qu\u00e9 muri\u00f3 Maradona? - LA PATRIA FUTBOLERA","robots":{"index":"index","follow":"follow","max-snippet":"max-snippet:-1","max-image-preview":"max-image-preview:large","max-video-preview":"max-video-preview:-1"},"canonical":"https:\/\/lapatriafutbolera.com.ar\/index.php\/2025\/03\/24\/por-que-murio-maradona\/","og_locale":"es_ES","og_type":"article","og_title":"\u00bfPor qu\u00e9 muri\u00f3 Maradona? - LA PATRIA FUTBOLERA","og_description":"La pregunta a\u00fan sin respuesta que el juicio debe dar respuesta: culpables, motivos y negligencia....","og_url":"https:\/\/lapatriafutbolera.com.ar\/index.php\/2025\/03\/24\/por-que-murio-maradona\/","og_site_name":"LA PATRIA FUTBOLERA","article_published_time":"2025-03-25T02:22:41+00:00","article_modified_time":"2025-03-25T02:23:35+00:00","og_image":[{"width":1024,"height":576,"url":"https:\/\/lapatriafutbolera.com.ar\/wp-content\/uploads\/2025\/03\/castilla_la_mancha_538959204_188556011_1024x576.webp","type":"image\/webp"}],"author":"Redacci\u00f3n LPF","twitter_card":"summary_large_image","twitter_misc":{"Escrito por":"Redacci\u00f3n LPF","Tiempo de lectura":"7 minutos"},"schema":{"@context":"https:\/\/schema.org","@graph":[{"@type":"Article","@id":"https:\/\/lapatriafutbolera.com.ar\/index.php\/2025\/03\/24\/por-que-murio-maradona\/#article","isPartOf":{"@id":"https:\/\/lapatriafutbolera.com.ar\/index.php\/2025\/03\/24\/por-que-murio-maradona\/"},"author":{"name":"Redacci\u00f3n LPF","@id":"https:\/\/lapatriafutbolera.com.ar\/#\/schema\/person\/eb56fb3a7e76133611d5b2d9f706bd97"},"headline":"\u00bfPor qu\u00e9 muri\u00f3 Maradona?","datePublished":"2025-03-25T02:22:41+00:00","dateModified":"2025-03-25T02:23:35+00:00","mainEntityOfPage":{"@id":"https:\/\/lapatriafutbolera.com.ar\/index.php\/2025\/03\/24\/por-que-murio-maradona\/"},"wordCount":1517,"commentCount":0,"publisher":{"@id":"https:\/\/lapatriafutbolera.com.ar\/#organization"},"articleSection":["MARADONA: EL JUICIO"],"inLanguage":"es-AR","potentialAction":[{"@type":"CommentAction","name":"Comment","target":["https:\/\/lapatriafutbolera.com.ar\/index.php\/2025\/03\/24\/por-que-murio-maradona\/#respond"]}]},{"@type":"WebPage","@id":"https:\/\/lapatriafutbolera.com.ar\/index.php\/2025\/03\/24\/por-que-murio-maradona\/","url":"https:\/\/lapatriafutbolera.com.ar\/index.php\/2025\/03\/24\/por-que-murio-maradona\/","name":"\u00bfPor qu\u00e9 muri\u00f3 Maradona? - LA PATRIA FUTBOLERA","isPartOf":{"@id":"https:\/\/lapatriafutbolera.com.ar\/#website"},"datePublished":"2025-03-25T02:22:41+00:00","dateModified":"2025-03-25T02:23:35+00:00","breadcrumb":{"@id":"https:\/\/lapatriafutbolera.com.ar\/index.php\/2025\/03\/24\/por-que-murio-maradona\/#breadcrumb"},"inLanguage":"es-AR","potentialAction":[{"@type":"ReadAction","target":["https:\/\/lapatriafutbolera.com.ar\/index.php\/2025\/03\/24\/por-que-murio-maradona\/"]}]},{"@type":"BreadcrumbList","@id":"https:\/\/lapatriafutbolera.com.ar\/index.php\/2025\/03\/24\/por-que-murio-maradona\/#breadcrumb","itemListElement":[{"@type":"ListItem","position":1,"name":"Inicio","item":"https:\/\/lapatriafutbolera.com.ar\/"},{"@type":"ListItem","position":2,"name":"\u00bfPor qu\u00e9 muri\u00f3 Maradona?"}]},{"@type":"WebSite","@id":"https:\/\/lapatriafutbolera.com.ar\/#website","url":"https:\/\/lapatriafutbolera.com.ar\/","name":"LA PATRIA FUTBOLERA","description":"","publisher":{"@id":"https:\/\/lapatriafutbolera.com.ar\/#organization"},"potentialAction":[{"@type":"SearchAction","target":{"@type":"EntryPoint","urlTemplate":"https:\/\/lapatriafutbolera.com.ar\/?s={search_term_string}"},"query-input":"required name=search_term_string"}],"inLanguage":"es-AR"},{"@type":"Organization","@id":"https:\/\/lapatriafutbolera.com.ar\/#organization","name":"LA PATRIA FUTBOLERA","url":"https:\/\/lapatriafutbolera.com.ar\/","sameAs":[],"logo":{"@type":"ImageObject","inLanguage":"es-AR","@id":"https:\/\/lapatriafutbolera.com.ar\/#\/schema\/logo\/image\/","url":"https:\/\/lapatriafutbolera.com.ar\/wp-content\/uploads\/2025\/03\/cropped-LA-PATRIA-14.jpg","contentUrl":"https:\/\/lapatriafutbolera.com.ar\/wp-content\/uploads\/2025\/03\/cropped-LA-PATRIA-14.jpg","width":1308,"height":221,"caption":"LA PATRIA FUTBOLERA"},"image":{"@id":"https:\/\/lapatriafutbolera.com.ar\/#\/schema\/logo\/image\/"}},{"@type":"Person","@id":"https:\/\/lapatriafutbolera.com.ar\/#\/schema\/person\/eb56fb3a7e76133611d5b2d9f706bd97","name":"Redacci\u00f3n LPF","image":{"@type":"ImageObject","inLanguage":"es-AR","@id":"https:\/\/lapatriafutbolera.com.ar\/#\/schema\/person\/image\/","url":"https:\/\/secure.gravatar.com\/avatar\/57dc12e3750972170624cd118ca21d4157841e9e7b211e6dfe7a00b61088d285?s=96&d=mm&r=g","contentUrl":"https:\/\/secure.gravatar.com\/avatar\/57dc12e3750972170624cd118ca21d4157841e9e7b211e6dfe7a00b61088d285?s=96&d=mm&r=g","caption":"Redacci\u00f3n LPF"},"sameAs":["http:\/\/lapatriafutbolera.com.ar"],"url":"https:\/\/lapatriafutbolera.com.ar\/index.php\/author\/redaccion-lpf\/"}]}},"_links":{"self":[{"href":"https:\/\/lapatriafutbolera.com.ar\/index.php\/wp-json\/wp\/v2\/posts\/2331","targetHints":{"allow":["GET"]}}],"collection":[{"href":"https:\/\/lapatriafutbolera.com.ar\/index.php\/wp-json\/wp\/v2\/posts"}],"about":[{"href":"https:\/\/lapatriafutbolera.com.ar\/index.php\/wp-json\/wp\/v2\/types\/post"}],"author":[{"embeddable":true,"href":"https:\/\/lapatriafutbolera.com.ar\/index.php\/wp-json\/wp\/v2\/users\/4"}],"replies":[{"embeddable":true,"href":"https:\/\/lapatriafutbolera.com.ar\/index.php\/wp-json\/wp\/v2\/comments?post=2331"}],"version-history":[{"count":1,"href":"https:\/\/lapatriafutbolera.com.ar\/index.php\/wp-json\/wp\/v2\/posts\/2331\/revisions"}],"predecessor-version":[{"id":2333,"href":"https:\/\/lapatriafutbolera.com.ar\/index.php\/wp-json\/wp\/v2\/posts\/2331\/revisions\/2333"}],"wp:featuredmedia":[{"embeddable":true,"href":"https:\/\/lapatriafutbolera.com.ar\/index.php\/wp-json\/wp\/v2\/media\/2332"}],"wp:attachment":[{"href":"https:\/\/lapatriafutbolera.com.ar\/index.php\/wp-json\/wp\/v2\/media?parent=2331"}],"wp:term":[{"taxonomy":"category","embeddable":true,"href":"https:\/\/lapatriafutbolera.com.ar\/index.php\/wp-json\/wp\/v2\/categories?post=2331"},{"taxonomy":"post_tag","embeddable":true,"href":"https:\/\/lapatriafutbolera.com.ar\/index.php\/wp-json\/wp\/v2\/tags?post=2331"}],"curies":[{"name":"wp","href":"https:\/\/api.w.org\/{rel}","templated":true}]}}